{"id":133,"date":"2009-02-06T02:00:00","date_gmt":"2009-02-06T04:00:00","guid":{"rendered":"https:\/\/www.pmpf.rs.gov.br\/turismo\/2009\/02\/06\/rodeio-e-investimento-na-cultura-popular-4492\/"},"modified":"2009-02-06T02:00:00","modified_gmt":"2009-02-06T04:00:00","slug":"rodeio-e-investimento-na-cultura-popular-4492","status":"publish","type":"post","link":"https:\/\/www.pmpf.rs.gov.br\/turismo\/2009\/02\/06\/rodeio-e-investimento-na-cultura-popular-4492\/","title":{"rendered":"Rodeio \u00e9 investimento na cultura popular"},"content":{"rendered":"<div style=\"text-align: justify; \">O coordenador das\u00a0 apresenta\u00e7\u00f5es art\u00edsticas\u00a0 do Rodeio Internacional de Passo Fundo, Paulo Dutra,\u00a0 diretor da Secretaria de Desporto e Cultura do munic\u00edpio, diz que a qualidade das apresenta\u00e7\u00f5es \u00e9 objetivo inserido nas metas deste evento. Manifesta preocupa\u00e7\u00e3o na qualifica\u00e7\u00e3o dos espet\u00e1culos, e que tem levado o assunto \u00e0 coordena\u00e7\u00e3o geral dos rodeios. V\u00ea a necessidade de certa ousadia, \u201ccomo fizemos na abertura, onde pela primeira vez um espet\u00e1culo com o Coral da Universidade de Passo Fundo\u201d.\u00a0 O coral da UPF interpretou os hinos oficiais e cria\u00e7\u00f5es dos cancioneiros de nossa\u00a0 tradi\u00e7\u00e3o. Destaca que alguns aplaudiram, mas outros se mostraram perplexos. Concorda, no\u00a0 entanto, Paulo Dutra, que a qualifica\u00e7\u00e3o do grupo foi o que mais surpreendeu, gerando aplausos e prendendo aten\u00e7\u00e3o. Considera, no entanto, que \u00e9 preciso ter cuidado, apreciando sempre os artistas galponeiros, e principalmente locais, que sempre\u00a0 fazem parte dos espet\u00e1culos.<\/p>\n<p>Observa\u00a0 que quando se salienta a qualidade, percebida num grupo praticamente desconhecido do grande p\u00fablico da m\u00eddia e rodeios, Buenas em Espalho, que canta a hist\u00f3ria do Rio Grande com qualidade vocal trabalhada. \u201cQuando\u00a0 come\u00e7aram a cantar, com toda aquela harmonia de vozes, as pessoas\u00a0 se aproximaram, atra\u00eddos pela qualidade\u201d,\u00a0 sinalizou Paulo Dutra. Nisso tudo h\u00e1 uma procura para que o Rodeio cres\u00e7a tamb\u00e9m como refer\u00eancia cultural, e citou v\u00e1rios espet\u00e1culos que re\u00fanem esta qualidade, como o cantor Mano Lima. <br \/>\u00a0 <br \/>Para preservar continuidade neste sentido, sugere a cria\u00e7\u00e3o de um paradigma, esp\u00e9cie de comiss\u00e3o permanente, encarregada de pensar a preserva\u00e7\u00e3o cultural, assegurando esta mem\u00f3ria, mesmo que mudem as administra\u00e7\u00f5es nas \u00e1reas art\u00edsticas. Paulo Dutra frisou que s\u00e3o importantes os investimentos feitos nesta\u00a0 temporada, no Parque da\u00a0 Rosel\u00e2ndia, gra\u00e7as \u00e0 participa\u00e7\u00e3o dos\u00a0 tradicionalistas, dos empres\u00e1rios, al\u00e9m da prefeitura. A preserva\u00e7\u00e3o do meio ambiente deve ser incorporada com plena vigil\u00e2ncia, para preservar a \u00e1rea, uma\u00a0 raridade para a cultura e educa\u00e7\u00e3o ambiental. <\/p>\n<p>Ao final, Paulo Dutra falou de sua motiva\u00e7\u00e3o\u00a0 para trazer o jovem ao conv\u00edvio cultural, atrav\u00e9s\u00a0 da qualifica\u00e7\u00e3o art\u00edstica.<\/p>\n<p>Preserva\u00e7\u00e3o com a crian\u00e7a<\/p>\n<p>O diretor Paulo Dutra acredita num fator multiplicados, ao considerar efeitos altamente positivos, quando se investe na cultura e na arte infantil. \u201cNa cultura ga\u00facha isso se processa bem.\u201d\u00a0 Neste sentido defende a volta\u00a0 da lei municipal do projeto Tradi\u00e7\u00e3o e Folclore nas Escolas. Fala das\u00a0 experi\u00eancia que foram significativas na gest\u00e3o passada, quando o munic\u00edpio j\u00e1 teve mais de trinta grupos organizados, na\u00a0 rede municipal. Isso funcionou como base de sustenta\u00e7\u00e3o das entidades, opinou. O celeiro do CTG \u00e9 a escola, no trabalho infantil que envolveu mais de 700 crian\u00e7as. Felizmente\u00a0 temos a promessa do prefeito Airton Dipp de que o projeto ser\u00e1 logo retomado, o que n\u00e3o \u00e9 dif\u00edcil, porque temos o roteiro j\u00e1 elaborado, acrescentou Paulo Dutra. <\/div>\n","protected":false},"excerpt":{"rendered":"<p>Rodeio \u00e9 investimento na cultura popular<\/p>\n","protected":false},"author":1,"featured_media":134,"comment_status":"open","ping_status":"open","sticky":false,"template":"","format":"standard","meta":{"footnotes":""},"categories":[],"tags":[],"class_list":["post-133","post","type-post","status-publish","format-standard","has-post-thumbnail","hentry"],"yoast_head":"<!-- This site is optimized with the Yoast SEO plugin v23.8 - https:\/\/yoast.com\/wordpress\/plugins\/seo\/ -->\n<title>Rodeio \u00e9 investimento na cultura popular - Turismo<\/title>\n<meta name=\"robots\" content=\"index, follow, max-snippet:-1, max-image-preview:large, max-video-preview:-1\" \/>\n<link rel=\"canonical\" href=\"https:\/\/www.pmpf.rs.gov.br\/turismo\/2009\/02\/06\/rodeio-e-investimento-na-cultura-popular-4492\/\" \/>\n<meta property=\"og:locale\" content=\"pt_BR\" \/>\n<meta property=\"og:type\" content=\"article\" \/>\n<meta property=\"og:title\" content=\"Rodeio \u00e9 investimento na cultura popular - Turismo\" \/>\n<meta property=\"og:description\" content=\"Rodeio \u00e9 investimento na cultura popular\" \/>\n<meta property=\"og:url\" content=\"https:\/\/www.pmpf.rs.gov.br\/turismo\/2009\/02\/06\/rodeio-e-investimento-na-cultura-popular-4492\/\" \/>\n<meta property=\"og:site_name\" content=\"Turismo\" \/>\n<meta property=\"article:published_time\" content=\"2009-02-06T04:00:00+00:00\" \/>\n<meta property=\"og:image\" content=\"https:\/\/www.pmpf.rs.gov.br\/turismo\/wp-content\/uploads\/sites\/51\/2021\/12\/I2013-05-07_062733_c5969.jpg\" \/>\n\t<meta property=\"og:image:width\" content=\"400\" \/>\n\t<meta property=\"og:image:height\" content=\"300\" \/>\n\t<meta property=\"og:image:type\" content=\"image\/jpeg\" \/>\n<meta name=\"author\" content=\"mosite\" \/>\n<meta name=\"twitter:card\" content=\"summary_large_image\" \/>\n<meta name=\"twitter:label1\" content=\"Escrito por\" \/>\n\t<meta name=\"twitter:data1\" content=\"mosite\" \/>\n\t<meta name=\"twitter:label2\" content=\"Est. tempo de leitura\" \/>\n\t<meta name=\"twitter:data2\" content=\"2 minutos\" \/>\n<script type=\"application\/ld+json\" class=\"yoast-schema-graph\">{\"@context\":\"https:\/\/schema.org\",\"@graph\":[{\"@type\":\"WebPage\",\"@id\":\"https:\/\/www.pmpf.rs.gov.br\/turismo\/2009\/02\/06\/rodeio-e-investimento-na-cultura-popular-4492\/\",\"url\":\"https:\/\/www.pmpf.rs.gov.br\/turismo\/2009\/02\/06\/rodeio-e-investimento-na-cultura-popular-4492\/\",\"name\":\"Rodeio \u00e9 investimento na cultura popular - Turismo\",\"isPartOf\":{\"@id\":\"https:\/\/www.pmpf.rs.gov.br\/turismo\/#website\"},\"primaryImageOfPage\":{\"@id\":\"https:\/\/www.pmpf.rs.gov.br\/turismo\/2009\/02\/06\/rodeio-e-investimento-na-cultura-popular-4492\/#primaryimage\"},\"image\":{\"@id\":\"https:\/\/www.pmpf.rs.gov.br\/turismo\/2009\/02\/06\/rodeio-e-investimento-na-cultura-popular-4492\/#primaryimage\"},\"thumbnailUrl\":\"https:\/\/www.pmpf.rs.gov.br\/turismo\/wp-content\/uploads\/sites\/51\/2021\/12\/I2013-05-07_062733_c5969.jpg\",\"datePublished\":\"2009-02-06T04:00:00+00:00\",\"dateModified\":\"2009-02-06T04:00:00+00:00\",\"author\":{\"@id\":\"https:\/\/www.pmpf.rs.gov.br\/turismo\/#\/schema\/person\/0c355b0fa68a7aa986c8594f7a60a2d7\"},\"breadcrumb\":{\"@id\":\"https:\/\/www.pmpf.rs.gov.br\/turismo\/2009\/02\/06\/rodeio-e-investimento-na-cultura-popular-4492\/#breadcrumb\"},\"inLanguage\":\"pt-BR\",\"potentialAction\":[{\"@type\":\"ReadAction\",\"target\":[\"https:\/\/www.pmpf.rs.gov.br\/turismo\/2009\/02\/06\/rodeio-e-investimento-na-cultura-popular-4492\/\"]}]},{\"@type\":\"ImageObject\",\"inLanguage\":\"pt-BR\",\"@id\":\"https:\/\/www.pmpf.rs.gov.br\/turismo\/2009\/02\/06\/rodeio-e-investimento-na-cultura-popular-4492\/#primaryimage\",\"url\":\"https:\/\/www.pmpf.rs.gov.br\/turismo\/wp-content\/uploads\/sites\/51\/2021\/12\/I2013-05-07_062733_c5969.jpg\",\"contentUrl\":\"https:\/\/www.pmpf.rs.gov.br\/turismo\/wp-content\/uploads\/sites\/51\/2021\/12\/I2013-05-07_062733_c5969.jpg\",\"width\":400,\"height\":300},{\"@type\":\"BreadcrumbList\",\"@id\":\"https:\/\/www.pmpf.rs.gov.br\/turismo\/2009\/02\/06\/rodeio-e-investimento-na-cultura-popular-4492\/#breadcrumb\",\"itemListElement\":[{\"@type\":\"ListItem\",\"position\":1,\"name\":\"In\u00edcio\",\"item\":\"https:\/\/www.pmpf.rs.gov.br\/turismo\/\"},{\"@type\":\"ListItem\",\"position\":2,\"name\":\"Rodeio \u00e9 investimento na cultura popular\"}]},{\"@type\":\"WebSite\",\"@id\":\"https:\/\/www.pmpf.rs.gov.br\/turismo\/#website\",\"url\":\"https:\/\/www.pmpf.rs.gov.br\/turismo\/\",\"name\":\"Turismo\",\"description\":\"Descubra Passo Fundo\",\"potentialAction\":[{\"@type\":\"SearchAction\",\"target\":{\"@type\":\"EntryPoint\",\"urlTemplate\":\"https:\/\/www.pmpf.rs.gov.br\/turismo\/?s={search_term_string}\"},\"query-input\":{\"@type\":\"PropertyValueSpecification\",\"valueRequired\":true,\"valueName\":\"search_term_string\"}}],\"inLanguage\":\"pt-BR\"},{\"@type\":\"Person\",\"@id\":\"https:\/\/www.pmpf.rs.gov.br\/turismo\/#\/schema\/person\/0c355b0fa68a7aa986c8594f7a60a2d7\",\"name\":\"mosite\",\"image\":{\"@type\":\"ImageObject\",\"inLanguage\":\"pt-BR\",\"@id\":\"https:\/\/www.pmpf.rs.gov.br\/turismo\/#\/schema\/person\/image\/\",\"url\":\"https:\/\/secure.gravatar.com\/avatar\/63d72595d6cecfe12bd8a94829d5a26c?s=96&d=mm&r=g\",\"contentUrl\":\"https:\/\/secure.gravatar.com\/avatar\/63d72595d6cecfe12bd8a94829d5a26c?s=96&d=mm&r=g\",\"caption\":\"mosite\"},\"sameAs\":[\"http:\/\/example.com\"],\"url\":\"https:\/\/www.pmpf.rs.gov.br\/turismo\/author\/mosite\/\"}]}<\/script>\n<!-- \/ Yoast SEO plugin. -->","yoast_head_json":{"title":"Rodeio \u00e9 investimento na cultura popular - Turismo","robots":{"index":"index","follow":"follow","max-snippet":"max-snippet:-1","max-image-preview":"max-image-preview:large","max-video-preview":"max-video-preview:-1"},"canonical":"https:\/\/www.pmpf.rs.gov.br\/turismo\/2009\/02\/06\/rodeio-e-investimento-na-cultura-popular-4492\/","og_locale":"pt_BR","og_type":"article","og_title":"Rodeio \u00e9 investimento na cultura popular - Turismo","og_description":"Rodeio \u00e9 investimento na cultura popular","og_url":"https:\/\/www.pmpf.rs.gov.br\/turismo\/2009\/02\/06\/rodeio-e-investimento-na-cultura-popular-4492\/","og_site_name":"Turismo","article_published_time":"2009-02-06T04:00:00+00:00","og_image":[{"width":400,"height":300,"url":"https:\/\/www.pmpf.rs.gov.br\/turismo\/wp-content\/uploads\/sites\/51\/2021\/12\/I2013-05-07_062733_c5969.jpg","type":"image\/jpeg"}],"author":"mosite","twitter_card":"summary_large_image","twitter_misc":{"Escrito por":"mosite","Est. tempo de leitura":"2 minutos"},"schema":{"@context":"https:\/\/schema.org","@graph":[{"@type":"WebPage","@id":"https:\/\/www.pmpf.rs.gov.br\/turismo\/2009\/02\/06\/rodeio-e-investimento-na-cultura-popular-4492\/","url":"https:\/\/www.pmpf.rs.gov.br\/turismo\/2009\/02\/06\/rodeio-e-investimento-na-cultura-popular-4492\/","name":"Rodeio \u00e9 investimento na cultura popular - Turismo","isPartOf":{"@id":"https:\/\/www.pmpf.rs.gov.br\/turismo\/#website"},"primaryImageOfPage":{"@id":"https:\/\/www.pmpf.rs.gov.br\/turismo\/2009\/02\/06\/rodeio-e-investimento-na-cultura-popular-4492\/#primaryimage"},"image":{"@id":"https:\/\/www.pmpf.rs.gov.br\/turismo\/2009\/02\/06\/rodeio-e-investimento-na-cultura-popular-4492\/#primaryimage"},"thumbnailUrl":"https:\/\/www.pmpf.rs.gov.br\/turismo\/wp-content\/uploads\/sites\/51\/2021\/12\/I2013-05-07_062733_c5969.jpg","datePublished":"2009-02-06T04:00:00+00:00","dateModified":"2009-02-06T04:00:00+00:00","author":{"@id":"https:\/\/www.pmpf.rs.gov.br\/turismo\/#\/schema\/person\/0c355b0fa68a7aa986c8594f7a60a2d7"},"breadcrumb":{"@id":"https:\/\/www.pmpf.rs.gov.br\/turismo\/2009\/02\/06\/rodeio-e-investimento-na-cultura-popular-4492\/#breadcrumb"},"inLanguage":"pt-BR","potentialAction":[{"@type":"ReadAction","target":["https:\/\/www.pmpf.rs.gov.br\/turismo\/2009\/02\/06\/rodeio-e-investimento-na-cultura-popular-4492\/"]}]},{"@type":"ImageObject","inLanguage":"pt-BR","@id":"https:\/\/www.pmpf.rs.gov.br\/turismo\/2009\/02\/06\/rodeio-e-investimento-na-cultura-popular-4492\/#primaryimage","url":"https:\/\/www.pmpf.rs.gov.br\/turismo\/wp-content\/uploads\/sites\/51\/2021\/12\/I2013-05-07_062733_c5969.jpg","contentUrl":"https:\/\/www.pmpf.rs.gov.br\/turismo\/wp-content\/uploads\/sites\/51\/2021\/12\/I2013-05-07_062733_c5969.jpg","width":400,"height":300},{"@type":"BreadcrumbList","@id":"https:\/\/www.pmpf.rs.gov.br\/turismo\/2009\/02\/06\/rodeio-e-investimento-na-cultura-popular-4492\/#breadcrumb","itemListElement":[{"@type":"ListItem","position":1,"name":"In\u00edcio","item":"https:\/\/www.pmpf.rs.gov.br\/turismo\/"},{"@type":"ListItem","position":2,"name":"Rodeio \u00e9 investimento na cultura popular"}]},{"@type":"WebSite","@id":"https:\/\/www.pmpf.rs.gov.br\/turismo\/#website","url":"https:\/\/www.pmpf.rs.gov.br\/turismo\/","name":"Turismo","description":"Descubra Passo Fundo","potentialAction":[{"@type":"SearchAction","target":{"@type":"EntryPoint","urlTemplate":"https:\/\/www.pmpf.rs.gov.br\/turismo\/?s={search_term_string}"},"query-input":{"@type":"PropertyValueSpecification","valueRequired":true,"valueName":"search_term_string"}}],"inLanguage":"pt-BR"},{"@type":"Person","@id":"https:\/\/www.pmpf.rs.gov.br\/turismo\/#\/schema\/person\/0c355b0fa68a7aa986c8594f7a60a2d7","name":"mosite","image":{"@type":"ImageObject","inLanguage":"pt-BR","@id":"https:\/\/www.pmpf.rs.gov.br\/turismo\/#\/schema\/person\/image\/","url":"https:\/\/secure.gravatar.com\/avatar\/63d72595d6cecfe12bd8a94829d5a26c?s=96&d=mm&r=g","contentUrl":"https:\/\/secure.gravatar.com\/avatar\/63d72595d6cecfe12bd8a94829d5a26c?s=96&d=mm&r=g","caption":"mosite"},"sameAs":["http:\/\/example.com"],"url":"https:\/\/www.pmpf.rs.gov.br\/turismo\/author\/mosite\/"}]}},"_links":{"self":[{"href":"https:\/\/www.pmpf.rs.gov.br\/turismo\/wp-json\/wp\/v2\/posts\/133"}],"collection":[{"href":"https:\/\/www.pmpf.rs.gov.br\/turismo\/wp-json\/wp\/v2\/posts"}],"about":[{"href":"https:\/\/www.pmpf.rs.gov.br\/turismo\/wp-json\/wp\/v2\/types\/post"}],"author":[{"embeddable":true,"href":"https:\/\/www.pmpf.rs.gov.br\/turismo\/wp-json\/wp\/v2\/users\/1"}],"replies":[{"embeddable":true,"href":"https:\/\/www.pmpf.rs.gov.br\/turismo\/wp-json\/wp\/v2\/comments?post=133"}],"version-history":[{"count":0,"href":"https:\/\/www.pmpf.rs.gov.br\/turismo\/wp-json\/wp\/v2\/posts\/133\/revisions"}],"wp:featuredmedia":[{"embeddable":true,"href":"https:\/\/www.pmpf.rs.gov.br\/turismo\/wp-json\/wp\/v2\/media\/134"}],"wp:attachment":[{"href":"https:\/\/www.pmpf.rs.gov.br\/turismo\/wp-json\/wp\/v2\/media?parent=133"}],"wp:term":[{"taxonomy":"category","embeddable":true,"href":"https:\/\/www.pmpf.rs.gov.br\/turismo\/wp-json\/wp\/v2\/categories?post=133"},{"taxonomy":"post_tag","embeddable":true,"href":"https:\/\/www.pmpf.rs.gov.br\/turismo\/wp-json\/wp\/v2\/tags?post=133"}],"curies":[{"name":"wp","href":"https:\/\/api.w.org\/{rel}","templated":true}]}}