{"id":129,"date":"2009-03-26T03:00:00","date_gmt":"2009-03-26T06:00:00","guid":{"rendered":"https:\/\/www.pmpf.rs.gov.br\/turismo\/2009\/03\/26\/14o-rodeio-internacional-de-passo-fundofunzoctur-apresenta-balanco-do-evento-4525\/"},"modified":"2009-03-26T03:00:00","modified_gmt":"2009-03-26T06:00:00","slug":"14o-rodeio-internacional-de-passo-fundofunzoctur-apresenta-balanco-do-evento-4525","status":"publish","type":"post","link":"https:\/\/www.pmpf.rs.gov.br\/turismo\/2009\/03\/26\/14o-rodeio-internacional-de-passo-fundofunzoctur-apresenta-balanco-do-evento-4525\/","title":{"rendered":"14\u00ba Rodeio Internacional de Passo Fundo:Funzoctur apresenta balan\u00e7o do evento"},"content":{"rendered":"<div style=\"text-align: justify; \">Promovido pela Prefeitura Municipal de Passo Fundo e pela 7\u00aa Regi\u00e3o Tradicionalista, com realiza\u00e7\u00e3o da Funzoctur (Funda\u00e7\u00e3o Zoobot\u00e2nica Cultural e de Turismo da Rosel\u00e2ndia) e CTG Lalau Miranda, o 14\u00ba Rodeio Internacional de Passo Fundo contou com a participa\u00e7\u00e3o de sete estados e 40 munic\u00edpios, totalizando 122 entidades tradicionalistas. O p\u00fablico\u00a0 pagante\u00a0 chegou a 33 mil pessoas. O diretor presidente da Funzoctur , Alexandre Rodrigues, agradeceu o trabalho de todas as secretarias da Prefeitura Municipal, que segundo ele, n\u00e3o mediram esfor\u00e7os para a realiza\u00e7\u00e3o do evento. \u201cUm evento s\u00f3 se consolida quando se consegue envolver quem est\u00e1 trabalhando nele com a comunidade\u201d, disse. Rodrigues tamb\u00e9m destacou a qualidade do trabalho oferecido ao p\u00fablico: limpeza, \u00f3tima sonoriza\u00e7\u00e3o, provas campeiras e art\u00edsticas, al\u00e9m de muita seguran\u00e7a. \u201c O saldo foi positivo. Tivemos um excelente evento\u201d, comemorou.<\/p>\n<p>Rodrigues detalhou ainda todos os passos realizados no evento, desde o investimento da Funzoctur, de R$ 35 mil e o da Prefeitura, de R$ 85 mil, at\u00e9 o valor investido por cada patrocinador. Os \u00f3rg\u00e3os de imprensa receberam um relat\u00f3rio completo de todos os gastos feitos no evento.\u00a0 Trabalharam para a realiza\u00e7\u00e3o do rodeio 38 volunt\u00e1rios, 33 jurados para os concursos e 1587 pessoas concorreram nas provas art\u00edsticas. As provas campeiras envolveram 311 duplas, que concorreram ao pr\u00eamio principal,\u00a0 um carro o km, al\u00e9m de 77 inscritos nas provas de gineteada. A receita total do evento chegou a R$ 401.821,90.<\/p>\n<p>Na oportunidade, o coordenador geral do rodeio e patr\u00e3o do CTG Lalau Miranda, Elcelli Linn, definiu o rodeio como fant\u00e1stico: \u201cIsso deve-se ao apoio das entidades e da comunidade, que entenderam o esp\u00edrito do evento\u201d, disse ele. O coordenador da 7\u00aa Regi\u00e3o Tradicionalista, Sebasti\u00e3o Cavalheiro, tamb\u00e9m agradeceu o trabalho dos envolvidos e disse que o MTG reconheceu todas a\u00e7\u00f5es realizadas.<\/p>\n<p>Para o secret\u00e1rio de Planejamento, Ren\u00e9 Cecconello, destacou a ousadia desse rodeio no que diz respeito a organiza\u00e7\u00e3o, frisando os \u201cp\u00e9s no ch\u00e3o\u201d, da Prefeitura na quest\u00e3o das verbas aplicadas. \u201cIsso fortalece nosso tradicionalismo. Tivemos atitude, n\u00e3o foi um rodeio da farra e inconsequ\u00eancia, foi um evento das fam\u00edlias\u201d, exaltou Cecconello.\u00a0 <\/p><\/div>\n","protected":false},"excerpt":{"rendered":"<p>14\u00ba Rodeio Internacional de Passo Fundo:Funzoctur apresenta balan\u00e7o do evento<\/p>\n","protected":false},"author":1,"featured_media":130,"comment_status":"open","ping_status":"open","sticky":false,"template":"","format":"standard","meta":{"footnotes":""},"categories":[],"tags":[],"class_list":["post-129","post","type-post","status-publish","format-standard","has-post-thumbnail","hentry"],"yoast_head":"<!-- This site is optimized with the Yoast SEO plugin v23.8 - https:\/\/yoast.com\/wordpress\/plugins\/seo\/ -->\n<title>14\u00ba Rodeio Internacional de Passo Fundo:Funzoctur apresenta balan\u00e7o do evento - Turismo<\/title>\n<meta name=\"robots\" content=\"index, follow, max-snippet:-1, max-image-preview:large, max-video-preview:-1\" \/>\n<link rel=\"canonical\" href=\"https:\/\/www.pmpf.rs.gov.br\/turismo\/2009\/03\/26\/14o-rodeio-internacional-de-passo-fundofunzoctur-apresenta-balanco-do-evento-4525\/\" \/>\n<meta property=\"og:locale\" content=\"pt_BR\" \/>\n<meta property=\"og:type\" content=\"article\" \/>\n<meta property=\"og:title\" content=\"14\u00ba Rodeio Internacional de Passo Fundo:Funzoctur apresenta balan\u00e7o do evento - Turismo\" \/>\n<meta property=\"og:description\" content=\"14\u00ba Rodeio Internacional de Passo Fundo:Funzoctur apresenta balan\u00e7o do evento\" \/>\n<meta property=\"og:url\" content=\"https:\/\/www.pmpf.rs.gov.br\/turismo\/2009\/03\/26\/14o-rodeio-internacional-de-passo-fundofunzoctur-apresenta-balanco-do-evento-4525\/\" \/>\n<meta property=\"og:site_name\" content=\"Turismo\" \/>\n<meta property=\"article:published_time\" content=\"2009-03-26T06:00:00+00:00\" \/>\n<meta property=\"og:image\" content=\"https:\/\/www.pmpf.rs.gov.br\/turismo\/wp-content\/uploads\/sites\/51\/2021\/12\/I2013-05-07_062734_c6065.jpg\" \/>\n\t<meta property=\"og:image:width\" content=\"400\" \/>\n\t<meta property=\"og:image:height\" content=\"300\" \/>\n\t<meta property=\"og:image:type\" content=\"image\/jpeg\" \/>\n<meta name=\"author\" content=\"mosite\" \/>\n<meta name=\"twitter:card\" content=\"summary_large_image\" \/>\n<meta name=\"twitter:label1\" content=\"Escrito por\" \/>\n\t<meta name=\"twitter:data1\" content=\"mosite\" \/>\n\t<meta name=\"twitter:label2\" content=\"Est. tempo de leitura\" \/>\n\t<meta name=\"twitter:data2\" content=\"2 minutos\" \/>\n<script type=\"application\/ld+json\" class=\"yoast-schema-graph\">{\"@context\":\"https:\/\/schema.org\",\"@graph\":[{\"@type\":\"WebPage\",\"@id\":\"https:\/\/www.pmpf.rs.gov.br\/turismo\/2009\/03\/26\/14o-rodeio-internacional-de-passo-fundofunzoctur-apresenta-balanco-do-evento-4525\/\",\"url\":\"https:\/\/www.pmpf.rs.gov.br\/turismo\/2009\/03\/26\/14o-rodeio-internacional-de-passo-fundofunzoctur-apresenta-balanco-do-evento-4525\/\",\"name\":\"14\u00ba Rodeio Internacional de Passo Fundo:Funzoctur apresenta balan\u00e7o do evento - Turismo\",\"isPartOf\":{\"@id\":\"https:\/\/www.pmpf.rs.gov.br\/turismo\/#website\"},\"primaryImageOfPage\":{\"@id\":\"https:\/\/www.pmpf.rs.gov.br\/turismo\/2009\/03\/26\/14o-rodeio-internacional-de-passo-fundofunzoctur-apresenta-balanco-do-evento-4525\/#primaryimage\"},\"image\":{\"@id\":\"https:\/\/www.pmpf.rs.gov.br\/turismo\/2009\/03\/26\/14o-rodeio-internacional-de-passo-fundofunzoctur-apresenta-balanco-do-evento-4525\/#primaryimage\"},\"thumbnailUrl\":\"https:\/\/www.pmpf.rs.gov.br\/turismo\/wp-content\/uploads\/sites\/51\/2021\/12\/I2013-05-07_062734_c6065.jpg\",\"datePublished\":\"2009-03-26T06:00:00+00:00\",\"dateModified\":\"2009-03-26T06:00:00+00:00\",\"author\":{\"@id\":\"https:\/\/www.pmpf.rs.gov.br\/turismo\/#\/schema\/person\/0c355b0fa68a7aa986c8594f7a60a2d7\"},\"breadcrumb\":{\"@id\":\"https:\/\/www.pmpf.rs.gov.br\/turismo\/2009\/03\/26\/14o-rodeio-internacional-de-passo-fundofunzoctur-apresenta-balanco-do-evento-4525\/#breadcrumb\"},\"inLanguage\":\"pt-BR\",\"potentialAction\":[{\"@type\":\"ReadAction\",\"target\":[\"https:\/\/www.pmpf.rs.gov.br\/turismo\/2009\/03\/26\/14o-rodeio-internacional-de-passo-fundofunzoctur-apresenta-balanco-do-evento-4525\/\"]}]},{\"@type\":\"ImageObject\",\"inLanguage\":\"pt-BR\",\"@id\":\"https:\/\/www.pmpf.rs.gov.br\/turismo\/2009\/03\/26\/14o-rodeio-internacional-de-passo-fundofunzoctur-apresenta-balanco-do-evento-4525\/#primaryimage\",\"url\":\"https:\/\/www.pmpf.rs.gov.br\/turismo\/wp-content\/uploads\/sites\/51\/2021\/12\/I2013-05-07_062734_c6065.jpg\",\"contentUrl\":\"https:\/\/www.pmpf.rs.gov.br\/turismo\/wp-content\/uploads\/sites\/51\/2021\/12\/I2013-05-07_062734_c6065.jpg\",\"width\":400,\"height\":300},{\"@type\":\"BreadcrumbList\",\"@id\":\"https:\/\/www.pmpf.rs.gov.br\/turismo\/2009\/03\/26\/14o-rodeio-internacional-de-passo-fundofunzoctur-apresenta-balanco-do-evento-4525\/#breadcrumb\",\"itemListElement\":[{\"@type\":\"ListItem\",\"position\":1,\"name\":\"In\u00edcio\",\"item\":\"https:\/\/www.pmpf.rs.gov.br\/turismo\/\"},{\"@type\":\"ListItem\",\"position\":2,\"name\":\"14\u00ba Rodeio Internacional de Passo Fundo:Funzoctur apresenta balan\u00e7o do evento\"}]},{\"@type\":\"WebSite\",\"@id\":\"https:\/\/www.pmpf.rs.gov.br\/turismo\/#website\",\"url\":\"https:\/\/www.pmpf.rs.gov.br\/turismo\/\",\"name\":\"Turismo\",\"description\":\"Descubra Passo Fundo\",\"potentialAction\":[{\"@type\":\"SearchAction\",\"target\":{\"@type\":\"EntryPoint\",\"urlTemplate\":\"https:\/\/www.pmpf.rs.gov.br\/turismo\/?s={search_term_string}\"},\"query-input\":{\"@type\":\"PropertyValueSpecification\",\"valueRequired\":true,\"valueName\":\"search_term_string\"}}],\"inLanguage\":\"pt-BR\"},{\"@type\":\"Person\",\"@id\":\"https:\/\/www.pmpf.rs.gov.br\/turismo\/#\/schema\/person\/0c355b0fa68a7aa986c8594f7a60a2d7\",\"name\":\"mosite\",\"image\":{\"@type\":\"ImageObject\",\"inLanguage\":\"pt-BR\",\"@id\":\"https:\/\/www.pmpf.rs.gov.br\/turismo\/#\/schema\/person\/image\/\",\"url\":\"https:\/\/secure.gravatar.com\/avatar\/63d72595d6cecfe12bd8a94829d5a26c?s=96&d=mm&r=g\",\"contentUrl\":\"https:\/\/secure.gravatar.com\/avatar\/63d72595d6cecfe12bd8a94829d5a26c?s=96&d=mm&r=g\",\"caption\":\"mosite\"},\"sameAs\":[\"http:\/\/example.com\"],\"url\":\"https:\/\/www.pmpf.rs.gov.br\/turismo\/author\/mosite\/\"}]}<\/script>\n<!-- \/ Yoast SEO plugin. -->","yoast_head_json":{"title":"14\u00ba Rodeio Internacional de Passo Fundo:Funzoctur apresenta balan\u00e7o do evento - Turismo","robots":{"index":"index","follow":"follow","max-snippet":"max-snippet:-1","max-image-preview":"max-image-preview:large","max-video-preview":"max-video-preview:-1"},"canonical":"https:\/\/www.pmpf.rs.gov.br\/turismo\/2009\/03\/26\/14o-rodeio-internacional-de-passo-fundofunzoctur-apresenta-balanco-do-evento-4525\/","og_locale":"pt_BR","og_type":"article","og_title":"14\u00ba Rodeio Internacional de Passo Fundo:Funzoctur apresenta balan\u00e7o do evento - Turismo","og_description":"14\u00ba Rodeio Internacional de Passo Fundo:Funzoctur apresenta balan\u00e7o do evento","og_url":"https:\/\/www.pmpf.rs.gov.br\/turismo\/2009\/03\/26\/14o-rodeio-internacional-de-passo-fundofunzoctur-apresenta-balanco-do-evento-4525\/","og_site_name":"Turismo","article_published_time":"2009-03-26T06:00:00+00:00","og_image":[{"width":400,"height":300,"url":"https:\/\/www.pmpf.rs.gov.br\/turismo\/wp-content\/uploads\/sites\/51\/2021\/12\/I2013-05-07_062734_c6065.jpg","type":"image\/jpeg"}],"author":"mosite","twitter_card":"summary_large_image","twitter_misc":{"Escrito por":"mosite","Est. tempo de leitura":"2 minutos"},"schema":{"@context":"https:\/\/schema.org","@graph":[{"@type":"WebPage","@id":"https:\/\/www.pmpf.rs.gov.br\/turismo\/2009\/03\/26\/14o-rodeio-internacional-de-passo-fundofunzoctur-apresenta-balanco-do-evento-4525\/","url":"https:\/\/www.pmpf.rs.gov.br\/turismo\/2009\/03\/26\/14o-rodeio-internacional-de-passo-fundofunzoctur-apresenta-balanco-do-evento-4525\/","name":"14\u00ba Rodeio Internacional de Passo Fundo:Funzoctur apresenta balan\u00e7o do evento - Turismo","isPartOf":{"@id":"https:\/\/www.pmpf.rs.gov.br\/turismo\/#website"},"primaryImageOfPage":{"@id":"https:\/\/www.pmpf.rs.gov.br\/turismo\/2009\/03\/26\/14o-rodeio-internacional-de-passo-fundofunzoctur-apresenta-balanco-do-evento-4525\/#primaryimage"},"image":{"@id":"https:\/\/www.pmpf.rs.gov.br\/turismo\/2009\/03\/26\/14o-rodeio-internacional-de-passo-fundofunzoctur-apresenta-balanco-do-evento-4525\/#primaryimage"},"thumbnailUrl":"https:\/\/www.pmpf.rs.gov.br\/turismo\/wp-content\/uploads\/sites\/51\/2021\/12\/I2013-05-07_062734_c6065.jpg","datePublished":"2009-03-26T06:00:00+00:00","dateModified":"2009-03-26T06:00:00+00:00","author":{"@id":"https:\/\/www.pmpf.rs.gov.br\/turismo\/#\/schema\/person\/0c355b0fa68a7aa986c8594f7a60a2d7"},"breadcrumb":{"@id":"https:\/\/www.pmpf.rs.gov.br\/turismo\/2009\/03\/26\/14o-rodeio-internacional-de-passo-fundofunzoctur-apresenta-balanco-do-evento-4525\/#breadcrumb"},"inLanguage":"pt-BR","potentialAction":[{"@type":"ReadAction","target":["https:\/\/www.pmpf.rs.gov.br\/turismo\/2009\/03\/26\/14o-rodeio-internacional-de-passo-fundofunzoctur-apresenta-balanco-do-evento-4525\/"]}]},{"@type":"ImageObject","inLanguage":"pt-BR","@id":"https:\/\/www.pmpf.rs.gov.br\/turismo\/2009\/03\/26\/14o-rodeio-internacional-de-passo-fundofunzoctur-apresenta-balanco-do-evento-4525\/#primaryimage","url":"https:\/\/www.pmpf.rs.gov.br\/turismo\/wp-content\/uploads\/sites\/51\/2021\/12\/I2013-05-07_062734_c6065.jpg","contentUrl":"https:\/\/www.pmpf.rs.gov.br\/turismo\/wp-content\/uploads\/sites\/51\/2021\/12\/I2013-05-07_062734_c6065.jpg","width":400,"height":300},{"@type":"BreadcrumbList","@id":"https:\/\/www.pmpf.rs.gov.br\/turismo\/2009\/03\/26\/14o-rodeio-internacional-de-passo-fundofunzoctur-apresenta-balanco-do-evento-4525\/#breadcrumb","itemListElement":[{"@type":"ListItem","position":1,"name":"In\u00edcio","item":"https:\/\/www.pmpf.rs.gov.br\/turismo\/"},{"@type":"ListItem","position":2,"name":"14\u00ba Rodeio Internacional de Passo Fundo:Funzoctur apresenta balan\u00e7o do evento"}]},{"@type":"WebSite","@id":"https:\/\/www.pmpf.rs.gov.br\/turismo\/#website","url":"https:\/\/www.pmpf.rs.gov.br\/turismo\/","name":"Turismo","description":"Descubra Passo Fundo","potentialAction":[{"@type":"SearchAction","target":{"@type":"EntryPoint","urlTemplate":"https:\/\/www.pmpf.rs.gov.br\/turismo\/?s={search_term_string}"},"query-input":{"@type":"PropertyValueSpecification","valueRequired":true,"valueName":"search_term_string"}}],"inLanguage":"pt-BR"},{"@type":"Person","@id":"https:\/\/www.pmpf.rs.gov.br\/turismo\/#\/schema\/person\/0c355b0fa68a7aa986c8594f7a60a2d7","name":"mosite","image":{"@type":"ImageObject","inLanguage":"pt-BR","@id":"https:\/\/www.pmpf.rs.gov.br\/turismo\/#\/schema\/person\/image\/","url":"https:\/\/secure.gravatar.com\/avatar\/63d72595d6cecfe12bd8a94829d5a26c?s=96&d=mm&r=g","contentUrl":"https:\/\/secure.gravatar.com\/avatar\/63d72595d6cecfe12bd8a94829d5a26c?s=96&d=mm&r=g","caption":"mosite"},"sameAs":["http:\/\/example.com"],"url":"https:\/\/www.pmpf.rs.gov.br\/turismo\/author\/mosite\/"}]}},"_links":{"self":[{"href":"https:\/\/www.pmpf.rs.gov.br\/turismo\/wp-json\/wp\/v2\/posts\/129"}],"collection":[{"href":"https:\/\/www.pmpf.rs.gov.br\/turismo\/wp-json\/wp\/v2\/posts"}],"about":[{"href":"https:\/\/www.pmpf.rs.gov.br\/turismo\/wp-json\/wp\/v2\/types\/post"}],"author":[{"embeddable":true,"href":"https:\/\/www.pmpf.rs.gov.br\/turismo\/wp-json\/wp\/v2\/users\/1"}],"replies":[{"embeddable":true,"href":"https:\/\/www.pmpf.rs.gov.br\/turismo\/wp-json\/wp\/v2\/comments?post=129"}],"version-history":[{"count":0,"href":"https:\/\/www.pmpf.rs.gov.br\/turismo\/wp-json\/wp\/v2\/posts\/129\/revisions"}],"wp:featuredmedia":[{"embeddable":true,"href":"https:\/\/www.pmpf.rs.gov.br\/turismo\/wp-json\/wp\/v2\/media\/130"}],"wp:attachment":[{"href":"https:\/\/www.pmpf.rs.gov.br\/turismo\/wp-json\/wp\/v2\/media?parent=129"}],"wp:term":[{"taxonomy":"category","embeddable":true,"href":"https:\/\/www.pmpf.rs.gov.br\/turismo\/wp-json\/wp\/v2\/categories?post=129"},{"taxonomy":"post_tag","embeddable":true,"href":"https:\/\/www.pmpf.rs.gov.br\/turismo\/wp-json\/wp\/v2\/tags?post=129"}],"curies":[{"name":"wp","href":"https:\/\/api.w.org\/{rel}","templated":true}]}}