{"id":123,"date":"2009-02-09T02:00:00","date_gmt":"2009-02-09T04:00:00","guid":{"rendered":"https:\/\/www.pmpf.rs.gov.br\/turismo\/2009\/02\/09\/rodeio-internacional-de-passo-fundo-um-dos-melhores-dos-ultimos-tempos-4682\/"},"modified":"2009-02-09T02:00:00","modified_gmt":"2009-02-09T04:00:00","slug":"rodeio-internacional-de-passo-fundo-um-dos-melhores-dos-ultimos-tempos-4682","status":"publish","type":"post","link":"https:\/\/www.pmpf.rs.gov.br\/turismo\/2009\/02\/09\/rodeio-internacional-de-passo-fundo-um-dos-melhores-dos-ultimos-tempos-4682\/","title":{"rendered":"Rodeio Internacional de Passo Fundo: um dos melhores dos \u00faltimos tempos"},"content":{"rendered":"<div style=\"text-align: justify; \">Cinco dias de festa, confraterniza\u00e7\u00e3o, provas campeiras e art\u00edsticas reuniram um p\u00fablico de mais de 45 mil pessoas no Parque do Rodeio em Passo Fundo. A participa\u00e7\u00e3o de concorrentes nas diversas categorias superou expectativas. \u201cEste foi um dos melhores rodeios que Passo Fundo j\u00e1 teve\u201d, disse o prefeito Airton Dipp, ao circular pelo parque neste domingo. Os pr\u00eamios mais cobi\u00e7ados, um carro zero KM e uma moto, foram entregues pelo prefeito Dipp aos vencedores da prova tiro de la\u00e7o duplas, Taian de \u00c1vila e Aquiles Pereira, do CTG Paulo Serrano, de S\u00e3o Leopoldo e crioula\u00e7o, Gustavo Rivarola e Rudah dos Passos, CTG Neco Gularte, de Cir\u00edaco. <\/p>\n<p>A possibilidade de ganhar um carro motivou 313 inscri\u00e7\u00f5es no la\u00e7o duplas e em busca da moto, 90 duplas disputaram a prova de la\u00e7o com cavalos crioulos. Os participantes do Rodeio vieram de cidades como Santa Maria, Caxias do Sul, S\u00e3o Borja, Canoas, Gravata\u00ed, entre tantos outros munic\u00edpios que enviaram seus representantes para confraternizar em Passo Fundo. Nas provas art\u00edsticas a que recebeu o maior n\u00famero de inscri\u00e7\u00f5es foi solista vocal masculino adulto, com 33 concorrentes. <\/p>\n<p>Uma das provas mais esperadas pelo p\u00fablico e pelas entidades tradicionalistas, as dan\u00e7as tradicionais categoria adulto, teve como grande vencedora a invernada do CTG Lalau Miranda, de Passo Fundo. O pr\u00eamio foi R$ 4 mil em dinheiro e um trof\u00e9u. A entidade tamb\u00e9m levou o primeiro lugar em dan\u00e7as tradicionais Xir\u00fa, segundo lugar em dan\u00e7as tradicionais Mirim e quarto lugar em dan\u00e7as tradicionais Juvenil, al\u00e9m de premia\u00e7\u00f5es em outras categorias art\u00edsticas. Os representantes das entidades tradicionalistas de Passo Fundo levaram 30% dos pr\u00eamios art\u00edsticos do Rodeio. <br \/>\u00a0\u00a0 \u00a0<br \/>Conforme o Presidente da Funzoctur, Alexandre Rodrigues, as provas art\u00edsticas superaram expectativas em rela\u00e7\u00e3o ao n\u00famero de participantes e qualidade dos trabalhos apresentados. Para Paulo Dutra, coordenador art\u00edstico do evento, a ajuda dos volunt\u00e1rios do CIOFF e\u00a0 do MTG, al\u00e9m da qualidade dos jurados que avaliaram os participantes, foi determinante para o sucesso do Rodeio.<\/p>\n<p>Nos pr\u00f3ximos dias a comiss\u00e3o organizadora do Rodeio deve concluir o relat\u00f3rio completo do evento. Segundo Rodrigues, assim que o prefeito Dipp retornar da viagem a Bras\u00edlia, ser\u00e1 feita uma presta\u00e7\u00e3o de contas para toda a comunidade, por interm\u00e9dio da imprensa. Ele destacou tamb\u00e9m o importante papel desempenhado pela imprensa de Passo Fundo e da regi\u00e3o na cobertura da festa.\u201d Tivemos um rodeio bem organizado, onde foi poss\u00edvel promover a integra\u00e7\u00e3o de quem \u00e9 apaixonado pela tradicionalismo com a comunidade de toda a regi\u00e3o e do estado. Nossa avalia\u00e7\u00e3o desta 14\u00aa edi\u00e7\u00e3o \u00e9 muito positiva\u201d, comemorou. <\/div>\n<figure id=\"attachment_1914\" aria-describedby=\"caption-attachment-1914\" style=\"width: 360px\" class=\"wp-caption alignleft\"><img decoding=\"async\" class=\"wp-image-1914 size-medium\" src=\"https:\/\/www.pmpf.rs.gov.br\/turismo\/wp-content\/uploads\/sites\/51\/2021\/12\/I2013-05-07_062736_c5972.jpg\" alt=\"Dipp entrega pr\u00eamios aos vencedores das provas campeiras\" width=\"360\" \/><figcaption id=\"caption-attachment-1914\" class=\"wp-caption-text\">Foto: ASSESSORIA DE IMPRENSA<\/figcaption><\/figure>\n","protected":false},"excerpt":{"rendered":"<p>Rodeio Internacional de Passo Fundo: um dos melhores dos \u00faltimos tempos<\/p>\n","protected":false},"author":1,"featured_media":125,"comment_status":"open","ping_status":"open","sticky":false,"template":"","format":"standard","meta":{"footnotes":""},"categories":[],"tags":[],"class_list":["post-123","post","type-post","status-publish","format-standard","has-post-thumbnail","hentry"],"yoast_head":"<!-- This site is optimized with the Yoast SEO plugin v23.8 - https:\/\/yoast.com\/wordpress\/plugins\/seo\/ -->\n<title>Rodeio Internacional de Passo Fundo: um dos melhores dos \u00faltimos tempos - Turismo<\/title>\n<meta name=\"robots\" content=\"index, follow, max-snippet:-1, max-image-preview:large, max-video-preview:-1\" \/>\n<link rel=\"canonical\" href=\"https:\/\/www.pmpf.rs.gov.br\/turismo\/2009\/02\/09\/rodeio-internacional-de-passo-fundo-um-dos-melhores-dos-ultimos-tempos-4682\/\" \/>\n<meta property=\"og:locale\" content=\"pt_BR\" \/>\n<meta property=\"og:type\" content=\"article\" \/>\n<meta property=\"og:title\" content=\"Rodeio Internacional de Passo Fundo: um dos melhores dos \u00faltimos tempos - Turismo\" \/>\n<meta property=\"og:description\" content=\"Rodeio Internacional de Passo Fundo: um dos melhores dos \u00faltimos tempos\" \/>\n<meta property=\"og:url\" content=\"https:\/\/www.pmpf.rs.gov.br\/turismo\/2009\/02\/09\/rodeio-internacional-de-passo-fundo-um-dos-melhores-dos-ultimos-tempos-4682\/\" \/>\n<meta property=\"og:site_name\" content=\"Turismo\" \/>\n<meta property=\"article:published_time\" content=\"2009-02-09T04:00:00+00:00\" \/>\n<meta property=\"og:image\" content=\"https:\/\/www.pmpf.rs.gov.br\/turismo\/wp-content\/uploads\/sites\/51\/2021\/12\/I2013-05-07_062736_c5971.jpg\" \/>\n\t<meta property=\"og:image:width\" content=\"400\" \/>\n\t<meta property=\"og:image:height\" content=\"300\" \/>\n\t<meta property=\"og:image:type\" content=\"image\/jpeg\" \/>\n<meta name=\"author\" content=\"mosite\" \/>\n<meta name=\"twitter:card\" content=\"summary_large_image\" \/>\n<meta name=\"twitter:label1\" content=\"Escrito por\" \/>\n\t<meta name=\"twitter:data1\" content=\"mosite\" \/>\n\t<meta name=\"twitter:label2\" content=\"Est. tempo de leitura\" \/>\n\t<meta name=\"twitter:data2\" content=\"2 minutos\" \/>\n<script type=\"application\/ld+json\" class=\"yoast-schema-graph\">{\"@context\":\"https:\/\/schema.org\",\"@graph\":[{\"@type\":\"WebPage\",\"@id\":\"https:\/\/www.pmpf.rs.gov.br\/turismo\/2009\/02\/09\/rodeio-internacional-de-passo-fundo-um-dos-melhores-dos-ultimos-tempos-4682\/\",\"url\":\"https:\/\/www.pmpf.rs.gov.br\/turismo\/2009\/02\/09\/rodeio-internacional-de-passo-fundo-um-dos-melhores-dos-ultimos-tempos-4682\/\",\"name\":\"Rodeio Internacional de Passo Fundo: um dos melhores dos \u00faltimos tempos - Turismo\",\"isPartOf\":{\"@id\":\"https:\/\/www.pmpf.rs.gov.br\/turismo\/#website\"},\"primaryImageOfPage\":{\"@id\":\"https:\/\/www.pmpf.rs.gov.br\/turismo\/2009\/02\/09\/rodeio-internacional-de-passo-fundo-um-dos-melhores-dos-ultimos-tempos-4682\/#primaryimage\"},\"image\":{\"@id\":\"https:\/\/www.pmpf.rs.gov.br\/turismo\/2009\/02\/09\/rodeio-internacional-de-passo-fundo-um-dos-melhores-dos-ultimos-tempos-4682\/#primaryimage\"},\"thumbnailUrl\":\"https:\/\/www.pmpf.rs.gov.br\/turismo\/wp-content\/uploads\/sites\/51\/2021\/12\/I2013-05-07_062736_c5971.jpg\",\"datePublished\":\"2009-02-09T04:00:00+00:00\",\"dateModified\":\"2009-02-09T04:00:00+00:00\",\"author\":{\"@id\":\"https:\/\/www.pmpf.rs.gov.br\/turismo\/#\/schema\/person\/0c355b0fa68a7aa986c8594f7a60a2d7\"},\"breadcrumb\":{\"@id\":\"https:\/\/www.pmpf.rs.gov.br\/turismo\/2009\/02\/09\/rodeio-internacional-de-passo-fundo-um-dos-melhores-dos-ultimos-tempos-4682\/#breadcrumb\"},\"inLanguage\":\"pt-BR\",\"potentialAction\":[{\"@type\":\"ReadAction\",\"target\":[\"https:\/\/www.pmpf.rs.gov.br\/turismo\/2009\/02\/09\/rodeio-internacional-de-passo-fundo-um-dos-melhores-dos-ultimos-tempos-4682\/\"]}]},{\"@type\":\"ImageObject\",\"inLanguage\":\"pt-BR\",\"@id\":\"https:\/\/www.pmpf.rs.gov.br\/turismo\/2009\/02\/09\/rodeio-internacional-de-passo-fundo-um-dos-melhores-dos-ultimos-tempos-4682\/#primaryimage\",\"url\":\"https:\/\/www.pmpf.rs.gov.br\/turismo\/wp-content\/uploads\/sites\/51\/2021\/12\/I2013-05-07_062736_c5971.jpg\",\"contentUrl\":\"https:\/\/www.pmpf.rs.gov.br\/turismo\/wp-content\/uploads\/sites\/51\/2021\/12\/I2013-05-07_062736_c5971.jpg\",\"width\":400,\"height\":300},{\"@type\":\"BreadcrumbList\",\"@id\":\"https:\/\/www.pmpf.rs.gov.br\/turismo\/2009\/02\/09\/rodeio-internacional-de-passo-fundo-um-dos-melhores-dos-ultimos-tempos-4682\/#breadcrumb\",\"itemListElement\":[{\"@type\":\"ListItem\",\"position\":1,\"name\":\"In\u00edcio\",\"item\":\"https:\/\/www.pmpf.rs.gov.br\/turismo\/\"},{\"@type\":\"ListItem\",\"position\":2,\"name\":\"Rodeio Internacional de Passo Fundo: um dos melhores dos \u00faltimos tempos\"}]},{\"@type\":\"WebSite\",\"@id\":\"https:\/\/www.pmpf.rs.gov.br\/turismo\/#website\",\"url\":\"https:\/\/www.pmpf.rs.gov.br\/turismo\/\",\"name\":\"Turismo\",\"description\":\"Descubra Passo Fundo\",\"potentialAction\":[{\"@type\":\"SearchAction\",\"target\":{\"@type\":\"EntryPoint\",\"urlTemplate\":\"https:\/\/www.pmpf.rs.gov.br\/turismo\/?s={search_term_string}\"},\"query-input\":{\"@type\":\"PropertyValueSpecification\",\"valueRequired\":true,\"valueName\":\"search_term_string\"}}],\"inLanguage\":\"pt-BR\"},{\"@type\":\"Person\",\"@id\":\"https:\/\/www.pmpf.rs.gov.br\/turismo\/#\/schema\/person\/0c355b0fa68a7aa986c8594f7a60a2d7\",\"name\":\"mosite\",\"image\":{\"@type\":\"ImageObject\",\"inLanguage\":\"pt-BR\",\"@id\":\"https:\/\/www.pmpf.rs.gov.br\/turismo\/#\/schema\/person\/image\/\",\"url\":\"https:\/\/secure.gravatar.com\/avatar\/63d72595d6cecfe12bd8a94829d5a26c?s=96&d=mm&r=g\",\"contentUrl\":\"https:\/\/secure.gravatar.com\/avatar\/63d72595d6cecfe12bd8a94829d5a26c?s=96&d=mm&r=g\",\"caption\":\"mosite\"},\"sameAs\":[\"http:\/\/example.com\"],\"url\":\"https:\/\/www.pmpf.rs.gov.br\/turismo\/author\/mosite\/\"}]}<\/script>\n<!-- \/ Yoast SEO plugin. -->","yoast_head_json":{"title":"Rodeio Internacional de Passo Fundo: um dos melhores dos \u00faltimos tempos - Turismo","robots":{"index":"index","follow":"follow","max-snippet":"max-snippet:-1","max-image-preview":"max-image-preview:large","max-video-preview":"max-video-preview:-1"},"canonical":"https:\/\/www.pmpf.rs.gov.br\/turismo\/2009\/02\/09\/rodeio-internacional-de-passo-fundo-um-dos-melhores-dos-ultimos-tempos-4682\/","og_locale":"pt_BR","og_type":"article","og_title":"Rodeio Internacional de Passo Fundo: um dos melhores dos \u00faltimos tempos - Turismo","og_description":"Rodeio Internacional de Passo Fundo: um dos melhores dos \u00faltimos tempos","og_url":"https:\/\/www.pmpf.rs.gov.br\/turismo\/2009\/02\/09\/rodeio-internacional-de-passo-fundo-um-dos-melhores-dos-ultimos-tempos-4682\/","og_site_name":"Turismo","article_published_time":"2009-02-09T04:00:00+00:00","og_image":[{"width":400,"height":300,"url":"https:\/\/www.pmpf.rs.gov.br\/turismo\/wp-content\/uploads\/sites\/51\/2021\/12\/I2013-05-07_062736_c5971.jpg","type":"image\/jpeg"}],"author":"mosite","twitter_card":"summary_large_image","twitter_misc":{"Escrito por":"mosite","Est. tempo de leitura":"2 minutos"},"schema":{"@context":"https:\/\/schema.org","@graph":[{"@type":"WebPage","@id":"https:\/\/www.pmpf.rs.gov.br\/turismo\/2009\/02\/09\/rodeio-internacional-de-passo-fundo-um-dos-melhores-dos-ultimos-tempos-4682\/","url":"https:\/\/www.pmpf.rs.gov.br\/turismo\/2009\/02\/09\/rodeio-internacional-de-passo-fundo-um-dos-melhores-dos-ultimos-tempos-4682\/","name":"Rodeio Internacional de Passo Fundo: um dos melhores dos \u00faltimos tempos - Turismo","isPartOf":{"@id":"https:\/\/www.pmpf.rs.gov.br\/turismo\/#website"},"primaryImageOfPage":{"@id":"https:\/\/www.pmpf.rs.gov.br\/turismo\/2009\/02\/09\/rodeio-internacional-de-passo-fundo-um-dos-melhores-dos-ultimos-tempos-4682\/#primaryimage"},"image":{"@id":"https:\/\/www.pmpf.rs.gov.br\/turismo\/2009\/02\/09\/rodeio-internacional-de-passo-fundo-um-dos-melhores-dos-ultimos-tempos-4682\/#primaryimage"},"thumbnailUrl":"https:\/\/www.pmpf.rs.gov.br\/turismo\/wp-content\/uploads\/sites\/51\/2021\/12\/I2013-05-07_062736_c5971.jpg","datePublished":"2009-02-09T04:00:00+00:00","dateModified":"2009-02-09T04:00:00+00:00","author":{"@id":"https:\/\/www.pmpf.rs.gov.br\/turismo\/#\/schema\/person\/0c355b0fa68a7aa986c8594f7a60a2d7"},"breadcrumb":{"@id":"https:\/\/www.pmpf.rs.gov.br\/turismo\/2009\/02\/09\/rodeio-internacional-de-passo-fundo-um-dos-melhores-dos-ultimos-tempos-4682\/#breadcrumb"},"inLanguage":"pt-BR","potentialAction":[{"@type":"ReadAction","target":["https:\/\/www.pmpf.rs.gov.br\/turismo\/2009\/02\/09\/rodeio-internacional-de-passo-fundo-um-dos-melhores-dos-ultimos-tempos-4682\/"]}]},{"@type":"ImageObject","inLanguage":"pt-BR","@id":"https:\/\/www.pmpf.rs.gov.br\/turismo\/2009\/02\/09\/rodeio-internacional-de-passo-fundo-um-dos-melhores-dos-ultimos-tempos-4682\/#primaryimage","url":"https:\/\/www.pmpf.rs.gov.br\/turismo\/wp-content\/uploads\/sites\/51\/2021\/12\/I2013-05-07_062736_c5971.jpg","contentUrl":"https:\/\/www.pmpf.rs.gov.br\/turismo\/wp-content\/uploads\/sites\/51\/2021\/12\/I2013-05-07_062736_c5971.jpg","width":400,"height":300},{"@type":"BreadcrumbList","@id":"https:\/\/www.pmpf.rs.gov.br\/turismo\/2009\/02\/09\/rodeio-internacional-de-passo-fundo-um-dos-melhores-dos-ultimos-tempos-4682\/#breadcrumb","itemListElement":[{"@type":"ListItem","position":1,"name":"In\u00edcio","item":"https:\/\/www.pmpf.rs.gov.br\/turismo\/"},{"@type":"ListItem","position":2,"name":"Rodeio Internacional de Passo Fundo: um dos melhores dos \u00faltimos tempos"}]},{"@type":"WebSite","@id":"https:\/\/www.pmpf.rs.gov.br\/turismo\/#website","url":"https:\/\/www.pmpf.rs.gov.br\/turismo\/","name":"Turismo","description":"Descubra Passo Fundo","potentialAction":[{"@type":"SearchAction","target":{"@type":"EntryPoint","urlTemplate":"https:\/\/www.pmpf.rs.gov.br\/turismo\/?s={search_term_string}"},"query-input":{"@type":"PropertyValueSpecification","valueRequired":true,"valueName":"search_term_string"}}],"inLanguage":"pt-BR"},{"@type":"Person","@id":"https:\/\/www.pmpf.rs.gov.br\/turismo\/#\/schema\/person\/0c355b0fa68a7aa986c8594f7a60a2d7","name":"mosite","image":{"@type":"ImageObject","inLanguage":"pt-BR","@id":"https:\/\/www.pmpf.rs.gov.br\/turismo\/#\/schema\/person\/image\/","url":"https:\/\/secure.gravatar.com\/avatar\/63d72595d6cecfe12bd8a94829d5a26c?s=96&d=mm&r=g","contentUrl":"https:\/\/secure.gravatar.com\/avatar\/63d72595d6cecfe12bd8a94829d5a26c?s=96&d=mm&r=g","caption":"mosite"},"sameAs":["http:\/\/example.com"],"url":"https:\/\/www.pmpf.rs.gov.br\/turismo\/author\/mosite\/"}]}},"_links":{"self":[{"href":"https:\/\/www.pmpf.rs.gov.br\/turismo\/wp-json\/wp\/v2\/posts\/123"}],"collection":[{"href":"https:\/\/www.pmpf.rs.gov.br\/turismo\/wp-json\/wp\/v2\/posts"}],"about":[{"href":"https:\/\/www.pmpf.rs.gov.br\/turismo\/wp-json\/wp\/v2\/types\/post"}],"author":[{"embeddable":true,"href":"https:\/\/www.pmpf.rs.gov.br\/turismo\/wp-json\/wp\/v2\/users\/1"}],"replies":[{"embeddable":true,"href":"https:\/\/www.pmpf.rs.gov.br\/turismo\/wp-json\/wp\/v2\/comments?post=123"}],"version-history":[{"count":0,"href":"https:\/\/www.pmpf.rs.gov.br\/turismo\/wp-json\/wp\/v2\/posts\/123\/revisions"}],"wp:featuredmedia":[{"embeddable":true,"href":"https:\/\/www.pmpf.rs.gov.br\/turismo\/wp-json\/wp\/v2\/media\/125"}],"wp:attachment":[{"href":"https:\/\/www.pmpf.rs.gov.br\/turismo\/wp-json\/wp\/v2\/media?parent=123"}],"wp:term":[{"taxonomy":"category","embeddable":true,"href":"https:\/\/www.pmpf.rs.gov.br\/turismo\/wp-json\/wp\/v2\/categories?post=123"},{"taxonomy":"post_tag","embeddable":true,"href":"https:\/\/www.pmpf.rs.gov.br\/turismo\/wp-json\/wp\/v2\/tags?post=123"}],"curies":[{"name":"wp","href":"https:\/\/api.w.org\/{rel}","templated":true}]}}