{"id":116,"date":"2010-08-20T03:00:00","date_gmt":"2010-08-20T06:00:00","guid":{"rendered":"https:\/\/www.pmpf.rs.gov.br\/turismo\/2010\/08\/20\/funzoctur-protocola-projeto-do-xv-rodeio-internacional-no-governo-do-estado-4910\/"},"modified":"2010-08-20T03:00:00","modified_gmt":"2010-08-20T06:00:00","slug":"funzoctur-protocola-projeto-do-xv-rodeio-internacional-no-governo-do-estado-4910","status":"publish","type":"post","link":"https:\/\/www.pmpf.rs.gov.br\/turismo\/2010\/08\/20\/funzoctur-protocola-projeto-do-xv-rodeio-internacional-no-governo-do-estado-4910\/","title":{"rendered":"Funzoctur protocola projeto do XV Rodeio Internacional no Governo do Estado"},"content":{"rendered":"<div style=\"text-align: justify; \">\n<p>Nesta sexta-feira, servidores da\u00a0 Funzoctur (Funda\u00e7\u00e3o Zoobot\u00e2nica,Cultural e de Turismo da Rosel\u00e2ndia), protocolaram em Porto Alegre, na Secretaria Estadual de Cultura, atrav\u00e9s da LIC (Lei de Incentivo \u00e0 Cultura), o projeto para capta\u00e7\u00e3o de verbas para o XV Rodeio Internacional de Passo Fundo. O diretor da Funda\u00e7\u00e3o, Ant\u00f4nio Augusto Reveilleau, destacou que a Prefeitura Municipal vai aguardar uma resposta, que dever\u00e1 vir nos pr\u00f3ximos 15 dias, segundo ele existe uma boa expectativa desse projeto ser aprovado.<br \/>Uma das novidades \u00e9 que o XV Rodeio internacional de Passo Fundo ter\u00e1 dez dias de dura\u00e7\u00e3o, e n\u00e3o cinco como anteriormente. O evento acontece entre os dias 4 e 13 de janeiro de 2011, e contar\u00e1 com 30 shows culturais, tr\u00eas por noite. <\/div>\n<p><\/p>\n","protected":false},"excerpt":{"rendered":"<p>Funzoctur protocola projeto do XV Rodeio Internacional no Governo do Estado<\/p>\n","protected":false},"author":1,"featured_media":0,"comment_status":"open","ping_status":"open","sticky":false,"template":"","format":"standard","meta":{"footnotes":""},"categories":[],"tags":[],"class_list":["post-116","post","type-post","status-publish","format-standard","hentry"],"yoast_head":"<!-- This site is optimized with the Yoast SEO plugin v23.8 - https:\/\/yoast.com\/wordpress\/plugins\/seo\/ -->\n<title>Funzoctur protocola projeto do XV Rodeio Internacional no Governo do Estado - Turismo<\/title>\n<meta name=\"robots\" content=\"index, follow, max-snippet:-1, max-image-preview:large, max-video-preview:-1\" \/>\n<link rel=\"canonical\" href=\"https:\/\/www.pmpf.rs.gov.br\/turismo\/2010\/08\/20\/funzoctur-protocola-projeto-do-xv-rodeio-internacional-no-governo-do-estado-4910\/\" \/>\n<meta property=\"og:locale\" content=\"pt_BR\" \/>\n<meta property=\"og:type\" content=\"article\" \/>\n<meta property=\"og:title\" content=\"Funzoctur protocola projeto do XV Rodeio Internacional no Governo do Estado - Turismo\" \/>\n<meta property=\"og:description\" content=\"Funzoctur protocola projeto do XV Rodeio Internacional no Governo do Estado\" \/>\n<meta property=\"og:url\" content=\"https:\/\/www.pmpf.rs.gov.br\/turismo\/2010\/08\/20\/funzoctur-protocola-projeto-do-xv-rodeio-internacional-no-governo-do-estado-4910\/\" \/>\n<meta property=\"og:site_name\" content=\"Turismo\" \/>\n<meta property=\"article:published_time\" content=\"2010-08-20T06:00:00+00:00\" \/>\n<meta name=\"author\" content=\"mosite\" \/>\n<meta name=\"twitter:card\" content=\"summary_large_image\" \/>\n<meta name=\"twitter:label1\" content=\"Escrito por\" \/>\n\t<meta name=\"twitter:data1\" content=\"mosite\" \/>\n\t<meta name=\"twitter:label2\" content=\"Est. tempo de leitura\" \/>\n\t<meta name=\"twitter:data2\" content=\"1 minuto\" \/>\n<script type=\"application\/ld+json\" class=\"yoast-schema-graph\">{\"@context\":\"https:\/\/schema.org\",\"@graph\":[{\"@type\":\"WebPage\",\"@id\":\"https:\/\/www.pmpf.rs.gov.br\/turismo\/2010\/08\/20\/funzoctur-protocola-projeto-do-xv-rodeio-internacional-no-governo-do-estado-4910\/\",\"url\":\"https:\/\/www.pmpf.rs.gov.br\/turismo\/2010\/08\/20\/funzoctur-protocola-projeto-do-xv-rodeio-internacional-no-governo-do-estado-4910\/\",\"name\":\"Funzoctur protocola projeto do XV Rodeio Internacional no Governo do Estado - Turismo\",\"isPartOf\":{\"@id\":\"https:\/\/www.pmpf.rs.gov.br\/turismo\/#website\"},\"datePublished\":\"2010-08-20T06:00:00+00:00\",\"dateModified\":\"2010-08-20T06:00:00+00:00\",\"author\":{\"@id\":\"https:\/\/www.pmpf.rs.gov.br\/turismo\/#\/schema\/person\/0c355b0fa68a7aa986c8594f7a60a2d7\"},\"breadcrumb\":{\"@id\":\"https:\/\/www.pmpf.rs.gov.br\/turismo\/2010\/08\/20\/funzoctur-protocola-projeto-do-xv-rodeio-internacional-no-governo-do-estado-4910\/#breadcrumb\"},\"inLanguage\":\"pt-BR\",\"potentialAction\":[{\"@type\":\"ReadAction\",\"target\":[\"https:\/\/www.pmpf.rs.gov.br\/turismo\/2010\/08\/20\/funzoctur-protocola-projeto-do-xv-rodeio-internacional-no-governo-do-estado-4910\/\"]}]},{\"@type\":\"BreadcrumbList\",\"@id\":\"https:\/\/www.pmpf.rs.gov.br\/turismo\/2010\/08\/20\/funzoctur-protocola-projeto-do-xv-rodeio-internacional-no-governo-do-estado-4910\/#breadcrumb\",\"itemListElement\":[{\"@type\":\"ListItem\",\"position\":1,\"name\":\"In\u00edcio\",\"item\":\"https:\/\/www.pmpf.rs.gov.br\/turismo\/\"},{\"@type\":\"ListItem\",\"position\":2,\"name\":\"Funzoctur protocola projeto do XV Rodeio Internacional no Governo do Estado\"}]},{\"@type\":\"WebSite\",\"@id\":\"https:\/\/www.pmpf.rs.gov.br\/turismo\/#website\",\"url\":\"https:\/\/www.pmpf.rs.gov.br\/turismo\/\",\"name\":\"Turismo\",\"description\":\"Descubra Passo Fundo\",\"potentialAction\":[{\"@type\":\"SearchAction\",\"target\":{\"@type\":\"EntryPoint\",\"urlTemplate\":\"https:\/\/www.pmpf.rs.gov.br\/turismo\/?s={search_term_string}\"},\"query-input\":{\"@type\":\"PropertyValueSpecification\",\"valueRequired\":true,\"valueName\":\"search_term_string\"}}],\"inLanguage\":\"pt-BR\"},{\"@type\":\"Person\",\"@id\":\"https:\/\/www.pmpf.rs.gov.br\/turismo\/#\/schema\/person\/0c355b0fa68a7aa986c8594f7a60a2d7\",\"name\":\"mosite\",\"image\":{\"@type\":\"ImageObject\",\"inLanguage\":\"pt-BR\",\"@id\":\"https:\/\/www.pmpf.rs.gov.br\/turismo\/#\/schema\/person\/image\/\",\"url\":\"https:\/\/secure.gravatar.com\/avatar\/63d72595d6cecfe12bd8a94829d5a26c?s=96&d=mm&r=g\",\"contentUrl\":\"https:\/\/secure.gravatar.com\/avatar\/63d72595d6cecfe12bd8a94829d5a26c?s=96&d=mm&r=g\",\"caption\":\"mosite\"},\"sameAs\":[\"http:\/\/example.com\"],\"url\":\"https:\/\/www.pmpf.rs.gov.br\/turismo\/author\/mosite\/\"}]}<\/script>\n<!-- \/ Yoast SEO plugin. -->","yoast_head_json":{"title":"Funzoctur protocola projeto do XV Rodeio Internacional no Governo do Estado - Turismo","robots":{"index":"index","follow":"follow","max-snippet":"max-snippet:-1","max-image-preview":"max-image-preview:large","max-video-preview":"max-video-preview:-1"},"canonical":"https:\/\/www.pmpf.rs.gov.br\/turismo\/2010\/08\/20\/funzoctur-protocola-projeto-do-xv-rodeio-internacional-no-governo-do-estado-4910\/","og_locale":"pt_BR","og_type":"article","og_title":"Funzoctur protocola projeto do XV Rodeio Internacional no Governo do Estado - Turismo","og_description":"Funzoctur protocola projeto do XV Rodeio Internacional no Governo do Estado","og_url":"https:\/\/www.pmpf.rs.gov.br\/turismo\/2010\/08\/20\/funzoctur-protocola-projeto-do-xv-rodeio-internacional-no-governo-do-estado-4910\/","og_site_name":"Turismo","article_published_time":"2010-08-20T06:00:00+00:00","author":"mosite","twitter_card":"summary_large_image","twitter_misc":{"Escrito por":"mosite","Est. tempo de leitura":"1 minuto"},"schema":{"@context":"https:\/\/schema.org","@graph":[{"@type":"WebPage","@id":"https:\/\/www.pmpf.rs.gov.br\/turismo\/2010\/08\/20\/funzoctur-protocola-projeto-do-xv-rodeio-internacional-no-governo-do-estado-4910\/","url":"https:\/\/www.pmpf.rs.gov.br\/turismo\/2010\/08\/20\/funzoctur-protocola-projeto-do-xv-rodeio-internacional-no-governo-do-estado-4910\/","name":"Funzoctur protocola projeto do XV Rodeio Internacional no Governo do Estado - Turismo","isPartOf":{"@id":"https:\/\/www.pmpf.rs.gov.br\/turismo\/#website"},"datePublished":"2010-08-20T06:00:00+00:00","dateModified":"2010-08-20T06:00:00+00:00","author":{"@id":"https:\/\/www.pmpf.rs.gov.br\/turismo\/#\/schema\/person\/0c355b0fa68a7aa986c8594f7a60a2d7"},"breadcrumb":{"@id":"https:\/\/www.pmpf.rs.gov.br\/turismo\/2010\/08\/20\/funzoctur-protocola-projeto-do-xv-rodeio-internacional-no-governo-do-estado-4910\/#breadcrumb"},"inLanguage":"pt-BR","potentialAction":[{"@type":"ReadAction","target":["https:\/\/www.pmpf.rs.gov.br\/turismo\/2010\/08\/20\/funzoctur-protocola-projeto-do-xv-rodeio-internacional-no-governo-do-estado-4910\/"]}]},{"@type":"BreadcrumbList","@id":"https:\/\/www.pmpf.rs.gov.br\/turismo\/2010\/08\/20\/funzoctur-protocola-projeto-do-xv-rodeio-internacional-no-governo-do-estado-4910\/#breadcrumb","itemListElement":[{"@type":"ListItem","position":1,"name":"In\u00edcio","item":"https:\/\/www.pmpf.rs.gov.br\/turismo\/"},{"@type":"ListItem","position":2,"name":"Funzoctur protocola projeto do XV Rodeio Internacional no Governo do Estado"}]},{"@type":"WebSite","@id":"https:\/\/www.pmpf.rs.gov.br\/turismo\/#website","url":"https:\/\/www.pmpf.rs.gov.br\/turismo\/","name":"Turismo","description":"Descubra Passo Fundo","potentialAction":[{"@type":"SearchAction","target":{"@type":"EntryPoint","urlTemplate":"https:\/\/www.pmpf.rs.gov.br\/turismo\/?s={search_term_string}"},"query-input":{"@type":"PropertyValueSpecification","valueRequired":true,"valueName":"search_term_string"}}],"inLanguage":"pt-BR"},{"@type":"Person","@id":"https:\/\/www.pmpf.rs.gov.br\/turismo\/#\/schema\/person\/0c355b0fa68a7aa986c8594f7a60a2d7","name":"mosite","image":{"@type":"ImageObject","inLanguage":"pt-BR","@id":"https:\/\/www.pmpf.rs.gov.br\/turismo\/#\/schema\/person\/image\/","url":"https:\/\/secure.gravatar.com\/avatar\/63d72595d6cecfe12bd8a94829d5a26c?s=96&d=mm&r=g","contentUrl":"https:\/\/secure.gravatar.com\/avatar\/63d72595d6cecfe12bd8a94829d5a26c?s=96&d=mm&r=g","caption":"mosite"},"sameAs":["http:\/\/example.com"],"url":"https:\/\/www.pmpf.rs.gov.br\/turismo\/author\/mosite\/"}]}},"_links":{"self":[{"href":"https:\/\/www.pmpf.rs.gov.br\/turismo\/wp-json\/wp\/v2\/posts\/116"}],"collection":[{"href":"https:\/\/www.pmpf.rs.gov.br\/turismo\/wp-json\/wp\/v2\/posts"}],"about":[{"href":"https:\/\/www.pmpf.rs.gov.br\/turismo\/wp-json\/wp\/v2\/types\/post"}],"author":[{"embeddable":true,"href":"https:\/\/www.pmpf.rs.gov.br\/turismo\/wp-json\/wp\/v2\/users\/1"}],"replies":[{"embeddable":true,"href":"https:\/\/www.pmpf.rs.gov.br\/turismo\/wp-json\/wp\/v2\/comments?post=116"}],"version-history":[{"count":0,"href":"https:\/\/www.pmpf.rs.gov.br\/turismo\/wp-json\/wp\/v2\/posts\/116\/revisions"}],"wp:attachment":[{"href":"https:\/\/www.pmpf.rs.gov.br\/turismo\/wp-json\/wp\/v2\/media?parent=116"}],"wp:term":[{"taxonomy":"category","embeddable":true,"href":"https:\/\/www.pmpf.rs.gov.br\/turismo\/wp-json\/wp\/v2\/categories?post=116"},{"taxonomy":"post_tag","embeddable":true,"href":"https:\/\/www.pmpf.rs.gov.br\/turismo\/wp-json\/wp\/v2\/tags?post=116"}],"curies":[{"name":"wp","href":"https:\/\/api.w.org\/{rel}","templated":true}]}}