{"id":115,"date":"2011-02-07T02:00:00","date_gmt":"2011-02-07T04:00:00","guid":{"rendered":"https:\/\/www.pmpf.rs.gov.br\/turismo\/2011\/02\/07\/20-mil-pessoas-no-primeiro-fim-de-semana-do-rodeio-4906\/"},"modified":"2011-02-07T02:00:00","modified_gmt":"2011-02-07T04:00:00","slug":"20-mil-pessoas-no-primeiro-fim-de-semana-do-rodeio-4906","status":"publish","type":"post","link":"https:\/\/www.pmpf.rs.gov.br\/turismo\/2011\/02\/07\/20-mil-pessoas-no-primeiro-fim-de-semana-do-rodeio-4906\/","title":{"rendered":"20 mil pessoas no primeiro fim de semana do Rodeio"},"content":{"rendered":"<div style=\"text-align: justify;\">\n<p>Ao encontro do tema \u201cTraga a Fam\u00edlia que a Festa \u00e9 Boa\u201d, 20 mil pessoas passaram pelo XV Rodeio Internacional de Passo Fundo neste final de semana. Os visitantes acompanharam o in\u00edcio das provas art\u00edsticas e campeiras, al\u00e9m de grandes apresenta\u00e7\u00f5es de Pedro Orta\u00e7a, Teixeirinha Filho e da dupla C\u00e9sar Oliveira e Rog\u00e9rio Melo.<br \/>Respons\u00e1vel pela organiza\u00e7\u00e3o do evento, o diretor da Funzoctur &#8211; Funda\u00e7\u00e3o Zoobot\u00e2nica, Cultural e de Turismo da Rosel\u00e2ndia, Ant\u00f4nio Augusto Reveilleau, al\u00e9m de salientar o in\u00edcio das provas e dos shows, destacou a limpeza e seguran\u00e7a do parque, o que est\u00e1 afirmando que este rodeio \u00e9 destinado \u00e0s fam\u00edlias. \u201cAt\u00e9 agora n\u00e3o tivemos problemas nenhum, os visitantes est\u00e3o vindo para se divertir. Queremos fazer um \u00f3timo rodeio\u201d, disse. Ele contou ainda que a comunidade est\u00e1 ressaltando, do ponto de vista estrutural, a pra\u00e7a de alimenta\u00e7\u00e3o e principalmente, a cobertura instalada pela primeira vez em frente ao palco principal de shows. \u201cRealmente o p\u00fablico est\u00e1 com muito conforto para assistir os shows\u201d, disse o diretor.<br \/>O coordenador art\u00edstico do evento, Paulo Dutra, informou que o concurso de trova, j\u00e1 encerrado neste final de semana, foi marcado pela qualidade das apresenta\u00e7\u00f5es. Momento que tamb\u00e9m iniciou o Concurso de Dan\u00e7as Ga\u00fachas de Sal\u00e3o, com 24 pares. Houve ainda a Tert\u00falia das Escolas e a Tert\u00falia Livre. <br \/>J\u00e1 um dos coordenadores da Campeira, Joel Fran\u00e7a, contou que o primeiro final de semana mostrou o alto n\u00edvel e a habilidade dos la\u00e7adores, reunindo 44 equipes de tiro de la\u00e7o e 54 duplas. Al\u00e9m disso, foram disputadas provas na modalidade La\u00e7o Pai e Filho, Irm\u00e3os, Prenda, Pi\u00e1 e Guri, Veteranos, Patr\u00e3o, Capataz, e Vaca Parada. Ele ressaltou ainda, que as inscri\u00e7\u00f5es para as provas desta ter\u00e7a-feira podem ser feitas at\u00e9 \u00e0s 18 horas, em fun\u00e7\u00e3o de ser dia de semana.<br \/>O XV rodeio, que \u00e9 uma promo\u00e7\u00e3o da Prefeitura Municipal e da 7\u00aa Regi\u00e3o Tradicionalista, sendo realizado atrav\u00e9s da Funzoctur, juntamente com o grupo Cultural e Art\u00edstico Cavaleiros do Planalto M\u00e9dio, acontece at\u00e9 o dia 13 fevereiro de 2011. Esta \u00e9 a maior edi\u00e7\u00e3o do rodeio j\u00e1 realizada, al\u00e9m de distribuir R$ 129 mil em pr\u00eamios, est\u00e1 homenageando o \u00eddolo passo-fundense Teixeirinha.<\/p>\n<p>Resultados Trova<\/p>\n<p>Trova Mi Maior de Gavet\u00e3o<br \/>1\u00ba Le\u00f4ncio Amaral (Porto Alegre)<br \/>2\u00ba Jadir\u00a0 Oliveira (Port\u00e3o)<br \/>3\u00ba Jos\u00e9 Macedo (S\u00e3o Gabriel)<\/p>\n<p>Trova de Martelo<br \/>1\u00ba Jadir Oliveira (Port\u00e3o)<br \/>2\u00ba Jadir Oliveira Filho (port\u00e3o)<br \/>3\u00ba Alaor Merckel (Caxias do Sul)<\/p>\n<p>Trova Estilo Gildo de Freitas<br \/>1\u00ba Jadir oliveira (Port\u00e3o)<br \/>2\u00ba Ad\u00e3o Bernardes (Est\u00e2ncia Velha)<br \/>3\u00ba Le\u00f4ncio Amaral (Porto Alegre)<\/p>\n<p>Programa\u00e7\u00e3o ter\u00e7a-feira (08\/02\/11)<\/p>\n<p>Art\u00edstica<br \/>18h Dan\u00e7as Ga\u00fachas de Sal\u00e3o<br \/>19h Tert\u00falia Livre<br \/>21h show S\u00e9rgio Oliveira<br \/>22h show Grupo O Campo que Trago<br \/>23h show Mano lima<\/p>\n<p>Campeira<br \/>La\u00e7o equipe (cinco homens) \u2013 Ta\u00e7a Teixeirinha \u201cLa\u00e7o integra\u00e7\u00e3o\u201d<br \/>La\u00e7o dupla (Raspadinhas)<\/div>\n<p><\/p>\n","protected":false},"excerpt":{"rendered":"<p>20 mil pessoas no primeiro fim de semana do Rodeio<\/p>\n","protected":false},"author":1,"featured_media":0,"comment_status":"open","ping_status":"open","sticky":false,"template":"","format":"standard","meta":{"footnotes":""},"categories":[],"tags":[],"class_list":["post-115","post","type-post","status-publish","format-standard","hentry"],"yoast_head":"<!-- This site is optimized with the Yoast SEO plugin v23.8 - https:\/\/yoast.com\/wordpress\/plugins\/seo\/ -->\n<title>20 mil pessoas no primeiro fim de semana do Rodeio - Turismo<\/title>\n<meta name=\"robots\" content=\"index, follow, max-snippet:-1, max-image-preview:large, max-video-preview:-1\" \/>\n<link rel=\"canonical\" href=\"https:\/\/www.pmpf.rs.gov.br\/turismo\/2011\/02\/07\/20-mil-pessoas-no-primeiro-fim-de-semana-do-rodeio-4906\/\" \/>\n<meta property=\"og:locale\" content=\"pt_BR\" \/>\n<meta property=\"og:type\" content=\"article\" \/>\n<meta property=\"og:title\" content=\"20 mil pessoas no primeiro fim de semana do Rodeio - Turismo\" \/>\n<meta property=\"og:description\" content=\"20 mil pessoas no primeiro fim de semana do Rodeio\" \/>\n<meta property=\"og:url\" content=\"https:\/\/www.pmpf.rs.gov.br\/turismo\/2011\/02\/07\/20-mil-pessoas-no-primeiro-fim-de-semana-do-rodeio-4906\/\" \/>\n<meta property=\"og:site_name\" content=\"Turismo\" \/>\n<meta property=\"article:published_time\" content=\"2011-02-07T04:00:00+00:00\" \/>\n<meta name=\"author\" content=\"mosite\" \/>\n<meta name=\"twitter:card\" content=\"summary_large_image\" \/>\n<meta name=\"twitter:label1\" content=\"Escrito por\" \/>\n\t<meta name=\"twitter:data1\" content=\"mosite\" \/>\n\t<meta name=\"twitter:label2\" content=\"Est. tempo de leitura\" \/>\n\t<meta name=\"twitter:data2\" content=\"3 minutos\" \/>\n<script type=\"application\/ld+json\" class=\"yoast-schema-graph\">{\"@context\":\"https:\/\/schema.org\",\"@graph\":[{\"@type\":\"WebPage\",\"@id\":\"https:\/\/www.pmpf.rs.gov.br\/turismo\/2011\/02\/07\/20-mil-pessoas-no-primeiro-fim-de-semana-do-rodeio-4906\/\",\"url\":\"https:\/\/www.pmpf.rs.gov.br\/turismo\/2011\/02\/07\/20-mil-pessoas-no-primeiro-fim-de-semana-do-rodeio-4906\/\",\"name\":\"20 mil pessoas no primeiro fim de semana do Rodeio - Turismo\",\"isPartOf\":{\"@id\":\"https:\/\/www.pmpf.rs.gov.br\/turismo\/#website\"},\"datePublished\":\"2011-02-07T04:00:00+00:00\",\"dateModified\":\"2011-02-07T04:00:00+00:00\",\"author\":{\"@id\":\"https:\/\/www.pmpf.rs.gov.br\/turismo\/#\/schema\/person\/0c355b0fa68a7aa986c8594f7a60a2d7\"},\"breadcrumb\":{\"@id\":\"https:\/\/www.pmpf.rs.gov.br\/turismo\/2011\/02\/07\/20-mil-pessoas-no-primeiro-fim-de-semana-do-rodeio-4906\/#breadcrumb\"},\"inLanguage\":\"pt-BR\",\"potentialAction\":[{\"@type\":\"ReadAction\",\"target\":[\"https:\/\/www.pmpf.rs.gov.br\/turismo\/2011\/02\/07\/20-mil-pessoas-no-primeiro-fim-de-semana-do-rodeio-4906\/\"]}]},{\"@type\":\"BreadcrumbList\",\"@id\":\"https:\/\/www.pmpf.rs.gov.br\/turismo\/2011\/02\/07\/20-mil-pessoas-no-primeiro-fim-de-semana-do-rodeio-4906\/#breadcrumb\",\"itemListElement\":[{\"@type\":\"ListItem\",\"position\":1,\"name\":\"In\u00edcio\",\"item\":\"https:\/\/www.pmpf.rs.gov.br\/turismo\/\"},{\"@type\":\"ListItem\",\"position\":2,\"name\":\"20 mil pessoas no primeiro fim de semana do Rodeio\"}]},{\"@type\":\"WebSite\",\"@id\":\"https:\/\/www.pmpf.rs.gov.br\/turismo\/#website\",\"url\":\"https:\/\/www.pmpf.rs.gov.br\/turismo\/\",\"name\":\"Turismo\",\"description\":\"Descubra Passo Fundo\",\"potentialAction\":[{\"@type\":\"SearchAction\",\"target\":{\"@type\":\"EntryPoint\",\"urlTemplate\":\"https:\/\/www.pmpf.rs.gov.br\/turismo\/?s={search_term_string}\"},\"query-input\":{\"@type\":\"PropertyValueSpecification\",\"valueRequired\":true,\"valueName\":\"search_term_string\"}}],\"inLanguage\":\"pt-BR\"},{\"@type\":\"Person\",\"@id\":\"https:\/\/www.pmpf.rs.gov.br\/turismo\/#\/schema\/person\/0c355b0fa68a7aa986c8594f7a60a2d7\",\"name\":\"mosite\",\"image\":{\"@type\":\"ImageObject\",\"inLanguage\":\"pt-BR\",\"@id\":\"https:\/\/www.pmpf.rs.gov.br\/turismo\/#\/schema\/person\/image\/\",\"url\":\"https:\/\/secure.gravatar.com\/avatar\/63d72595d6cecfe12bd8a94829d5a26c?s=96&d=mm&r=g\",\"contentUrl\":\"https:\/\/secure.gravatar.com\/avatar\/63d72595d6cecfe12bd8a94829d5a26c?s=96&d=mm&r=g\",\"caption\":\"mosite\"},\"sameAs\":[\"http:\/\/example.com\"],\"url\":\"https:\/\/www.pmpf.rs.gov.br\/turismo\/author\/mosite\/\"}]}<\/script>\n<!-- \/ Yoast SEO plugin. -->","yoast_head_json":{"title":"20 mil pessoas no primeiro fim de semana do Rodeio - Turismo","robots":{"index":"index","follow":"follow","max-snippet":"max-snippet:-1","max-image-preview":"max-image-preview:large","max-video-preview":"max-video-preview:-1"},"canonical":"https:\/\/www.pmpf.rs.gov.br\/turismo\/2011\/02\/07\/20-mil-pessoas-no-primeiro-fim-de-semana-do-rodeio-4906\/","og_locale":"pt_BR","og_type":"article","og_title":"20 mil pessoas no primeiro fim de semana do Rodeio - Turismo","og_description":"20 mil pessoas no primeiro fim de semana do Rodeio","og_url":"https:\/\/www.pmpf.rs.gov.br\/turismo\/2011\/02\/07\/20-mil-pessoas-no-primeiro-fim-de-semana-do-rodeio-4906\/","og_site_name":"Turismo","article_published_time":"2011-02-07T04:00:00+00:00","author":"mosite","twitter_card":"summary_large_image","twitter_misc":{"Escrito por":"mosite","Est. tempo de leitura":"3 minutos"},"schema":{"@context":"https:\/\/schema.org","@graph":[{"@type":"WebPage","@id":"https:\/\/www.pmpf.rs.gov.br\/turismo\/2011\/02\/07\/20-mil-pessoas-no-primeiro-fim-de-semana-do-rodeio-4906\/","url":"https:\/\/www.pmpf.rs.gov.br\/turismo\/2011\/02\/07\/20-mil-pessoas-no-primeiro-fim-de-semana-do-rodeio-4906\/","name":"20 mil pessoas no primeiro fim de semana do Rodeio - Turismo","isPartOf":{"@id":"https:\/\/www.pmpf.rs.gov.br\/turismo\/#website"},"datePublished":"2011-02-07T04:00:00+00:00","dateModified":"2011-02-07T04:00:00+00:00","author":{"@id":"https:\/\/www.pmpf.rs.gov.br\/turismo\/#\/schema\/person\/0c355b0fa68a7aa986c8594f7a60a2d7"},"breadcrumb":{"@id":"https:\/\/www.pmpf.rs.gov.br\/turismo\/2011\/02\/07\/20-mil-pessoas-no-primeiro-fim-de-semana-do-rodeio-4906\/#breadcrumb"},"inLanguage":"pt-BR","potentialAction":[{"@type":"ReadAction","target":["https:\/\/www.pmpf.rs.gov.br\/turismo\/2011\/02\/07\/20-mil-pessoas-no-primeiro-fim-de-semana-do-rodeio-4906\/"]}]},{"@type":"BreadcrumbList","@id":"https:\/\/www.pmpf.rs.gov.br\/turismo\/2011\/02\/07\/20-mil-pessoas-no-primeiro-fim-de-semana-do-rodeio-4906\/#breadcrumb","itemListElement":[{"@type":"ListItem","position":1,"name":"In\u00edcio","item":"https:\/\/www.pmpf.rs.gov.br\/turismo\/"},{"@type":"ListItem","position":2,"name":"20 mil pessoas no primeiro fim de semana do Rodeio"}]},{"@type":"WebSite","@id":"https:\/\/www.pmpf.rs.gov.br\/turismo\/#website","url":"https:\/\/www.pmpf.rs.gov.br\/turismo\/","name":"Turismo","description":"Descubra Passo Fundo","potentialAction":[{"@type":"SearchAction","target":{"@type":"EntryPoint","urlTemplate":"https:\/\/www.pmpf.rs.gov.br\/turismo\/?s={search_term_string}"},"query-input":{"@type":"PropertyValueSpecification","valueRequired":true,"valueName":"search_term_string"}}],"inLanguage":"pt-BR"},{"@type":"Person","@id":"https:\/\/www.pmpf.rs.gov.br\/turismo\/#\/schema\/person\/0c355b0fa68a7aa986c8594f7a60a2d7","name":"mosite","image":{"@type":"ImageObject","inLanguage":"pt-BR","@id":"https:\/\/www.pmpf.rs.gov.br\/turismo\/#\/schema\/person\/image\/","url":"https:\/\/secure.gravatar.com\/avatar\/63d72595d6cecfe12bd8a94829d5a26c?s=96&d=mm&r=g","contentUrl":"https:\/\/secure.gravatar.com\/avatar\/63d72595d6cecfe12bd8a94829d5a26c?s=96&d=mm&r=g","caption":"mosite"},"sameAs":["http:\/\/example.com"],"url":"https:\/\/www.pmpf.rs.gov.br\/turismo\/author\/mosite\/"}]}},"_links":{"self":[{"href":"https:\/\/www.pmpf.rs.gov.br\/turismo\/wp-json\/wp\/v2\/posts\/115"}],"collection":[{"href":"https:\/\/www.pmpf.rs.gov.br\/turismo\/wp-json\/wp\/v2\/posts"}],"about":[{"href":"https:\/\/www.pmpf.rs.gov.br\/turismo\/wp-json\/wp\/v2\/types\/post"}],"author":[{"embeddable":true,"href":"https:\/\/www.pmpf.rs.gov.br\/turismo\/wp-json\/wp\/v2\/users\/1"}],"replies":[{"embeddable":true,"href":"https:\/\/www.pmpf.rs.gov.br\/turismo\/wp-json\/wp\/v2\/comments?post=115"}],"version-history":[{"count":0,"href":"https:\/\/www.pmpf.rs.gov.br\/turismo\/wp-json\/wp\/v2\/posts\/115\/revisions"}],"wp:attachment":[{"href":"https:\/\/www.pmpf.rs.gov.br\/turismo\/wp-json\/wp\/v2\/media?parent=115"}],"wp:term":[{"taxonomy":"category","embeddable":true,"href":"https:\/\/www.pmpf.rs.gov.br\/turismo\/wp-json\/wp\/v2\/categories?post=115"},{"taxonomy":"post_tag","embeddable":true,"href":"https:\/\/www.pmpf.rs.gov.br\/turismo\/wp-json\/wp\/v2\/tags?post=115"}],"curies":[{"name":"wp","href":"https:\/\/api.w.org\/{rel}","templated":true}]}}