{"id":111,"date":"2011-11-27T02:00:00","date_gmt":"2011-11-27T04:00:00","guid":{"rendered":"https:\/\/www.pmpf.rs.gov.br\/turismo\/2011\/11\/27\/missa-reune-fieis-de-maria-elizabeth-5169\/"},"modified":"2011-11-27T02:00:00","modified_gmt":"2011-11-27T04:00:00","slug":"missa-reune-fieis-de-maria-elizabeth-5169","status":"publish","type":"post","link":"https:\/\/www.pmpf.rs.gov.br\/turismo\/2011\/11\/27\/missa-reune-fieis-de-maria-elizabeth-5169\/","title":{"rendered":"Missa re\u00fane fi\u00e9is de Maria Elizabeth"},"content":{"rendered":"<p>Cerca de 3 mil devotos da santa popular Maria Elizabeth passaram pelo cemit\u00e9rio da Vera Cruz nesse domingo, oportunidade que marcou os 46 anos de sua morte com uma missa em sua homenagem. O culto foi promovido pela Prefeitura Municipal via Funda\u00e7\u00e3o Zoobot\u00e2nica Cultural e de Turismo da Rosel\u00e2ndia (Funzoctur), e realizado pelo padre Jos\u00e9 Squinor.<br \/>\u00a0\u00a0\u00a0 Tamb\u00e9m participando da missa, o prefeito municipal, Airton Dipp, destacou que por solicita\u00e7\u00e3o da comunidade, j\u00e1 determinou que o Executivo encaminhe a ced\u00eancia de uma \u00e1rea para concess\u00e3o de uso ali no cemit\u00e9rio, para que a Mitra Diocesana construa futuramente uma Capela.<br \/>Maria Elizabeth,\u00a0 foi atropelada no ano de 1965 aos 14 anos, sendo que antes da trag\u00e9dia ela j\u00e1 havia comentado detalhes de sua morte, al\u00e9m de tamb\u00e9m ter escolhido a roupa que vestiria em seu vel\u00f3rio e o caix\u00e3o onde seria sepultada. Inclusive a menina teria dito aos pais, j\u00e1 falecidos, que passaria sua festa de 15 anos no c\u00e9u, e que seria uma rainha. Ela se tornou conhecida por atender os pedidos dos seus fieis. <br \/>\u00a0\u00a0\u00a0 O diretor da funda\u00e7\u00e3o,\u00a0 Ant\u00f4nio Augusto Reveilleau, destacou que a comunidade passo-fundense se envolveu mais uma vez com a missa, ressaltando que o munic\u00edpio vem se afirmando cada vez mais como um p\u00f3lo de turismo religioso. Vieram para Passo Fundo neste domingo devotos vindo de v\u00e1rias cidades, como Pelotas, Ros\u00e1rio do Sul, Quarai, S\u00e3o Gabriel, Caxias, Santana do Livramento, Vacaria, Get\u00falio Vargas, Santa Maria, Marau, entre outras.<br \/>A Prefeitura preparou uma estrutura que recebeu os fi\u00e9is durante todo o dia. Muitos foram somente \u00e0 tarde para visitar\u00a0 a capela em que Maria est\u00e1 sepultada.<\/p>\n","protected":false},"excerpt":{"rendered":"<p>Cerca de 3 mil devotos da santa popular Maria Elizabeth passaram pelo cemit\u00e9rio da Vera Cruz nesse domingo<\/p>\n","protected":false},"author":1,"featured_media":112,"comment_status":"open","ping_status":"open","sticky":false,"template":"","format":"standard","meta":{"footnotes":""},"categories":[],"tags":[],"class_list":["post-111","post","type-post","status-publish","format-standard","has-post-thumbnail","hentry"],"yoast_head":"<!-- This site is optimized with the Yoast SEO plugin v23.8 - https:\/\/yoast.com\/wordpress\/plugins\/seo\/ -->\n<title>Missa re\u00fane fi\u00e9is de Maria Elizabeth - Turismo<\/title>\n<meta name=\"robots\" content=\"index, follow, max-snippet:-1, max-image-preview:large, max-video-preview:-1\" \/>\n<link rel=\"canonical\" href=\"https:\/\/www.pmpf.rs.gov.br\/turismo\/2011\/11\/27\/missa-reune-fieis-de-maria-elizabeth-5169\/\" \/>\n<meta property=\"og:locale\" content=\"pt_BR\" \/>\n<meta property=\"og:type\" content=\"article\" \/>\n<meta property=\"og:title\" content=\"Missa re\u00fane fi\u00e9is de Maria Elizabeth - Turismo\" \/>\n<meta property=\"og:description\" content=\"Cerca de 3 mil devotos da santa popular Maria Elizabeth passaram pelo cemit\u00e9rio da Vera Cruz nesse domingo\" \/>\n<meta property=\"og:url\" content=\"https:\/\/www.pmpf.rs.gov.br\/turismo\/2011\/11\/27\/missa-reune-fieis-de-maria-elizabeth-5169\/\" \/>\n<meta property=\"og:site_name\" content=\"Turismo\" \/>\n<meta property=\"article:published_time\" content=\"2011-11-27T04:00:00+00:00\" \/>\n<meta property=\"og:image\" content=\"https:\/\/www.pmpf.rs.gov.br\/turismo\/wp-content\/uploads\/sites\/51\/2021\/12\/I2013-05-07_062743_c8439.jpg\" \/>\n\t<meta property=\"og:image:width\" content=\"640\" \/>\n\t<meta property=\"og:image:height\" content=\"480\" \/>\n\t<meta property=\"og:image:type\" content=\"image\/jpeg\" \/>\n<meta name=\"author\" content=\"mosite\" \/>\n<meta name=\"twitter:card\" content=\"summary_large_image\" \/>\n<meta name=\"twitter:label1\" content=\"Escrito por\" \/>\n\t<meta name=\"twitter:data1\" content=\"mosite\" \/>\n\t<meta name=\"twitter:label2\" content=\"Est. tempo de leitura\" \/>\n\t<meta name=\"twitter:data2\" content=\"1 minuto\" \/>\n<script type=\"application\/ld+json\" class=\"yoast-schema-graph\">{\"@context\":\"https:\/\/schema.org\",\"@graph\":[{\"@type\":\"WebPage\",\"@id\":\"https:\/\/www.pmpf.rs.gov.br\/turismo\/2011\/11\/27\/missa-reune-fieis-de-maria-elizabeth-5169\/\",\"url\":\"https:\/\/www.pmpf.rs.gov.br\/turismo\/2011\/11\/27\/missa-reune-fieis-de-maria-elizabeth-5169\/\",\"name\":\"Missa re\u00fane fi\u00e9is de Maria Elizabeth - Turismo\",\"isPartOf\":{\"@id\":\"https:\/\/www.pmpf.rs.gov.br\/turismo\/#website\"},\"primaryImageOfPage\":{\"@id\":\"https:\/\/www.pmpf.rs.gov.br\/turismo\/2011\/11\/27\/missa-reune-fieis-de-maria-elizabeth-5169\/#primaryimage\"},\"image\":{\"@id\":\"https:\/\/www.pmpf.rs.gov.br\/turismo\/2011\/11\/27\/missa-reune-fieis-de-maria-elizabeth-5169\/#primaryimage\"},\"thumbnailUrl\":\"https:\/\/www.pmpf.rs.gov.br\/turismo\/wp-content\/uploads\/sites\/51\/2021\/12\/I2013-05-07_062743_c8439.jpg\",\"datePublished\":\"2011-11-27T04:00:00+00:00\",\"dateModified\":\"2011-11-27T04:00:00+00:00\",\"author\":{\"@id\":\"https:\/\/www.pmpf.rs.gov.br\/turismo\/#\/schema\/person\/0c355b0fa68a7aa986c8594f7a60a2d7\"},\"breadcrumb\":{\"@id\":\"https:\/\/www.pmpf.rs.gov.br\/turismo\/2011\/11\/27\/missa-reune-fieis-de-maria-elizabeth-5169\/#breadcrumb\"},\"inLanguage\":\"pt-BR\",\"potentialAction\":[{\"@type\":\"ReadAction\",\"target\":[\"https:\/\/www.pmpf.rs.gov.br\/turismo\/2011\/11\/27\/missa-reune-fieis-de-maria-elizabeth-5169\/\"]}]},{\"@type\":\"ImageObject\",\"inLanguage\":\"pt-BR\",\"@id\":\"https:\/\/www.pmpf.rs.gov.br\/turismo\/2011\/11\/27\/missa-reune-fieis-de-maria-elizabeth-5169\/#primaryimage\",\"url\":\"https:\/\/www.pmpf.rs.gov.br\/turismo\/wp-content\/uploads\/sites\/51\/2021\/12\/I2013-05-07_062743_c8439.jpg\",\"contentUrl\":\"https:\/\/www.pmpf.rs.gov.br\/turismo\/wp-content\/uploads\/sites\/51\/2021\/12\/I2013-05-07_062743_c8439.jpg\",\"width\":640,\"height\":480},{\"@type\":\"BreadcrumbList\",\"@id\":\"https:\/\/www.pmpf.rs.gov.br\/turismo\/2011\/11\/27\/missa-reune-fieis-de-maria-elizabeth-5169\/#breadcrumb\",\"itemListElement\":[{\"@type\":\"ListItem\",\"position\":1,\"name\":\"In\u00edcio\",\"item\":\"https:\/\/www.pmpf.rs.gov.br\/turismo\/\"},{\"@type\":\"ListItem\",\"position\":2,\"name\":\"Missa re\u00fane fi\u00e9is de Maria Elizabeth\"}]},{\"@type\":\"WebSite\",\"@id\":\"https:\/\/www.pmpf.rs.gov.br\/turismo\/#website\",\"url\":\"https:\/\/www.pmpf.rs.gov.br\/turismo\/\",\"name\":\"Turismo\",\"description\":\"Descubra Passo Fundo\",\"potentialAction\":[{\"@type\":\"SearchAction\",\"target\":{\"@type\":\"EntryPoint\",\"urlTemplate\":\"https:\/\/www.pmpf.rs.gov.br\/turismo\/?s={search_term_string}\"},\"query-input\":{\"@type\":\"PropertyValueSpecification\",\"valueRequired\":true,\"valueName\":\"search_term_string\"}}],\"inLanguage\":\"pt-BR\"},{\"@type\":\"Person\",\"@id\":\"https:\/\/www.pmpf.rs.gov.br\/turismo\/#\/schema\/person\/0c355b0fa68a7aa986c8594f7a60a2d7\",\"name\":\"mosite\",\"image\":{\"@type\":\"ImageObject\",\"inLanguage\":\"pt-BR\",\"@id\":\"https:\/\/www.pmpf.rs.gov.br\/turismo\/#\/schema\/person\/image\/\",\"url\":\"https:\/\/secure.gravatar.com\/avatar\/63d72595d6cecfe12bd8a94829d5a26c?s=96&d=mm&r=g\",\"contentUrl\":\"https:\/\/secure.gravatar.com\/avatar\/63d72595d6cecfe12bd8a94829d5a26c?s=96&d=mm&r=g\",\"caption\":\"mosite\"},\"sameAs\":[\"http:\/\/example.com\"],\"url\":\"https:\/\/www.pmpf.rs.gov.br\/turismo\/author\/mosite\/\"}]}<\/script>\n<!-- \/ Yoast SEO plugin. -->","yoast_head_json":{"title":"Missa re\u00fane fi\u00e9is de Maria Elizabeth - Turismo","robots":{"index":"index","follow":"follow","max-snippet":"max-snippet:-1","max-image-preview":"max-image-preview:large","max-video-preview":"max-video-preview:-1"},"canonical":"https:\/\/www.pmpf.rs.gov.br\/turismo\/2011\/11\/27\/missa-reune-fieis-de-maria-elizabeth-5169\/","og_locale":"pt_BR","og_type":"article","og_title":"Missa re\u00fane fi\u00e9is de Maria Elizabeth - Turismo","og_description":"Cerca de 3 mil devotos da santa popular Maria Elizabeth passaram pelo cemit\u00e9rio da Vera Cruz nesse domingo","og_url":"https:\/\/www.pmpf.rs.gov.br\/turismo\/2011\/11\/27\/missa-reune-fieis-de-maria-elizabeth-5169\/","og_site_name":"Turismo","article_published_time":"2011-11-27T04:00:00+00:00","og_image":[{"width":640,"height":480,"url":"https:\/\/www.pmpf.rs.gov.br\/turismo\/wp-content\/uploads\/sites\/51\/2021\/12\/I2013-05-07_062743_c8439.jpg","type":"image\/jpeg"}],"author":"mosite","twitter_card":"summary_large_image","twitter_misc":{"Escrito por":"mosite","Est. tempo de leitura":"1 minuto"},"schema":{"@context":"https:\/\/schema.org","@graph":[{"@type":"WebPage","@id":"https:\/\/www.pmpf.rs.gov.br\/turismo\/2011\/11\/27\/missa-reune-fieis-de-maria-elizabeth-5169\/","url":"https:\/\/www.pmpf.rs.gov.br\/turismo\/2011\/11\/27\/missa-reune-fieis-de-maria-elizabeth-5169\/","name":"Missa re\u00fane fi\u00e9is de Maria Elizabeth - Turismo","isPartOf":{"@id":"https:\/\/www.pmpf.rs.gov.br\/turismo\/#website"},"primaryImageOfPage":{"@id":"https:\/\/www.pmpf.rs.gov.br\/turismo\/2011\/11\/27\/missa-reune-fieis-de-maria-elizabeth-5169\/#primaryimage"},"image":{"@id":"https:\/\/www.pmpf.rs.gov.br\/turismo\/2011\/11\/27\/missa-reune-fieis-de-maria-elizabeth-5169\/#primaryimage"},"thumbnailUrl":"https:\/\/www.pmpf.rs.gov.br\/turismo\/wp-content\/uploads\/sites\/51\/2021\/12\/I2013-05-07_062743_c8439.jpg","datePublished":"2011-11-27T04:00:00+00:00","dateModified":"2011-11-27T04:00:00+00:00","author":{"@id":"https:\/\/www.pmpf.rs.gov.br\/turismo\/#\/schema\/person\/0c355b0fa68a7aa986c8594f7a60a2d7"},"breadcrumb":{"@id":"https:\/\/www.pmpf.rs.gov.br\/turismo\/2011\/11\/27\/missa-reune-fieis-de-maria-elizabeth-5169\/#breadcrumb"},"inLanguage":"pt-BR","potentialAction":[{"@type":"ReadAction","target":["https:\/\/www.pmpf.rs.gov.br\/turismo\/2011\/11\/27\/missa-reune-fieis-de-maria-elizabeth-5169\/"]}]},{"@type":"ImageObject","inLanguage":"pt-BR","@id":"https:\/\/www.pmpf.rs.gov.br\/turismo\/2011\/11\/27\/missa-reune-fieis-de-maria-elizabeth-5169\/#primaryimage","url":"https:\/\/www.pmpf.rs.gov.br\/turismo\/wp-content\/uploads\/sites\/51\/2021\/12\/I2013-05-07_062743_c8439.jpg","contentUrl":"https:\/\/www.pmpf.rs.gov.br\/turismo\/wp-content\/uploads\/sites\/51\/2021\/12\/I2013-05-07_062743_c8439.jpg","width":640,"height":480},{"@type":"BreadcrumbList","@id":"https:\/\/www.pmpf.rs.gov.br\/turismo\/2011\/11\/27\/missa-reune-fieis-de-maria-elizabeth-5169\/#breadcrumb","itemListElement":[{"@type":"ListItem","position":1,"name":"In\u00edcio","item":"https:\/\/www.pmpf.rs.gov.br\/turismo\/"},{"@type":"ListItem","position":2,"name":"Missa re\u00fane fi\u00e9is de Maria Elizabeth"}]},{"@type":"WebSite","@id":"https:\/\/www.pmpf.rs.gov.br\/turismo\/#website","url":"https:\/\/www.pmpf.rs.gov.br\/turismo\/","name":"Turismo","description":"Descubra Passo Fundo","potentialAction":[{"@type":"SearchAction","target":{"@type":"EntryPoint","urlTemplate":"https:\/\/www.pmpf.rs.gov.br\/turismo\/?s={search_term_string}"},"query-input":{"@type":"PropertyValueSpecification","valueRequired":true,"valueName":"search_term_string"}}],"inLanguage":"pt-BR"},{"@type":"Person","@id":"https:\/\/www.pmpf.rs.gov.br\/turismo\/#\/schema\/person\/0c355b0fa68a7aa986c8594f7a60a2d7","name":"mosite","image":{"@type":"ImageObject","inLanguage":"pt-BR","@id":"https:\/\/www.pmpf.rs.gov.br\/turismo\/#\/schema\/person\/image\/","url":"https:\/\/secure.gravatar.com\/avatar\/63d72595d6cecfe12bd8a94829d5a26c?s=96&d=mm&r=g","contentUrl":"https:\/\/secure.gravatar.com\/avatar\/63d72595d6cecfe12bd8a94829d5a26c?s=96&d=mm&r=g","caption":"mosite"},"sameAs":["http:\/\/example.com"],"url":"https:\/\/www.pmpf.rs.gov.br\/turismo\/author\/mosite\/"}]}},"_links":{"self":[{"href":"https:\/\/www.pmpf.rs.gov.br\/turismo\/wp-json\/wp\/v2\/posts\/111"}],"collection":[{"href":"https:\/\/www.pmpf.rs.gov.br\/turismo\/wp-json\/wp\/v2\/posts"}],"about":[{"href":"https:\/\/www.pmpf.rs.gov.br\/turismo\/wp-json\/wp\/v2\/types\/post"}],"author":[{"embeddable":true,"href":"https:\/\/www.pmpf.rs.gov.br\/turismo\/wp-json\/wp\/v2\/users\/1"}],"replies":[{"embeddable":true,"href":"https:\/\/www.pmpf.rs.gov.br\/turismo\/wp-json\/wp\/v2\/comments?post=111"}],"version-history":[{"count":0,"href":"https:\/\/www.pmpf.rs.gov.br\/turismo\/wp-json\/wp\/v2\/posts\/111\/revisions"}],"wp:featuredmedia":[{"embeddable":true,"href":"https:\/\/www.pmpf.rs.gov.br\/turismo\/wp-json\/wp\/v2\/media\/112"}],"wp:attachment":[{"href":"https:\/\/www.pmpf.rs.gov.br\/turismo\/wp-json\/wp\/v2\/media?parent=111"}],"wp:term":[{"taxonomy":"category","embeddable":true,"href":"https:\/\/www.pmpf.rs.gov.br\/turismo\/wp-json\/wp\/v2\/categories?post=111"},{"taxonomy":"post_tag","embeddable":true,"href":"https:\/\/www.pmpf.rs.gov.br\/turismo\/wp-json\/wp\/v2\/tags?post=111"}],"curies":[{"name":"wp","href":"https:\/\/api.w.org\/{rel}","templated":true}]}}