{"id":110,"date":"2011-11-23T02:00:00","date_gmt":"2011-11-23T04:00:00","guid":{"rendered":"https:\/\/www.pmpf.rs.gov.br\/turismo\/2011\/11\/23\/funzoctur-promove-missa-para-maria-elizabeth-neste-domingo-5179\/"},"modified":"2011-11-23T02:00:00","modified_gmt":"2011-11-23T04:00:00","slug":"funzoctur-promove-missa-para-maria-elizabeth-neste-domingo-5179","status":"publish","type":"post","link":"https:\/\/www.pmpf.rs.gov.br\/turismo\/2011\/11\/23\/funzoctur-promove-missa-para-maria-elizabeth-neste-domingo-5179\/","title":{"rendered":"Funzoctur promove missa para Maria Elizabeth neste domingo"},"content":{"rendered":"<div style=\"text-align: justify;\">\n<p>\u00a0\u00a0 \u00a0Milhares de devotos da santa popular Maria Elizabeth estar\u00e3o presentes neste domingo em frente ao cemit\u00e9rio da Vera Cruz em uma missa em sua homenagem. A atividade ser\u00e1 promovida pela Prefeitura Municipal via Funda\u00e7\u00e3o Zoobot\u00e2nica Cultural e de Turismo da Rosel\u00e2ndia (Funzoctur), \u00e0s 10 horas, e ser\u00e1 rezada pelo padre Jos\u00e9 Squinor.<br \/>\u00a0\u00a0 \u00a0A tradicional missa, que ano passado reuniu mais de 2 mil devotos, marcar\u00e1 os 46 anos da morte de Maria Elizabeth,\u00a0 atropelada no ano de 1965, aos 14 anos, sendo que antes da trag\u00e9dia ela j\u00e1 havia comentado detalhes de sua morte, al\u00e9m de tamb\u00e9m ter escolhido a roupa que vestiria em seu vel\u00f3rio e o caix\u00e3o onde seria sepultada. Inclusive a menina teria dito aos pais, j\u00e1 falecidos, que passaria sua festa de 15 anos no c\u00e9u, e que seria uma rainha. Ela se tornou conhecida por atender os pedidos dos seus fieis.<br \/>\u00a0\u00a0 \u00a0O diretor da funda\u00e7\u00e3o,\u00a0 Ant\u00f4nio Augusto Reveilleau, destacou que o munic\u00edpio vem se afirmando cada vez mais como um polo de turismo religioso, citando a prociss\u00e3o da Nossa Senhora Aparecida, de S\u00e3o Miguel, de S\u00e3o Crist\u00f3v\u00e3o e a Marcha pra Jesus. \u201cNossa missa da Maria Elizabeth tradicionalmente traz devotos de todo o Brasil,\u00a0 e at\u00e9 mesmo de outros pa\u00edses, como Uruguai e Argentina\u201d, disse.<br \/>\u00a0\u00a0 \u00a0Reveilleau explicou que a funda\u00e7\u00e3o j\u00e1 est\u00e1 preparando a infraestrutura para receber os devotos.\u00a0 No local haver\u00e1 um palco com sonoriza\u00e7\u00e3o completa,\u00a0 500 cadeiras para a missa, cobertas por duas pir\u00e2mides de lona, al\u00e9m de banheiros qu\u00edmicos para atender a comunidade. <br \/>\u00a0\u00a0 \u00a0No ano passado, mais de 60 \u00f4nibus vieram \u00e0 cidade trazendo pessoas para participar da homenagem e visitar a capela em que ela est\u00e1 sepultada. Ele disse ainda que os banheiros ir\u00e3o permanecer l\u00e1 durante todo o dia, em fun\u00e7\u00e3o de algumas excurs\u00f5es chegarem a Passo Fundo somente no turno da tarde.<\/div>\n","protected":false},"excerpt":{"rendered":"<p>Funzoctur promove missa para Maria Elizabeth neste domingo<\/p>\n","protected":false},"author":1,"featured_media":0,"comment_status":"open","ping_status":"open","sticky":false,"template":"","format":"standard","meta":{"footnotes":""},"categories":[],"tags":[],"class_list":["post-110","post","type-post","status-publish","format-standard","hentry"],"yoast_head":"<!-- This site is optimized with the Yoast SEO plugin v23.8 - https:\/\/yoast.com\/wordpress\/plugins\/seo\/ -->\n<title>Funzoctur promove missa para Maria Elizabeth neste domingo - Turismo<\/title>\n<meta name=\"robots\" content=\"index, follow, max-snippet:-1, max-image-preview:large, max-video-preview:-1\" \/>\n<link rel=\"canonical\" href=\"https:\/\/www.pmpf.rs.gov.br\/turismo\/2011\/11\/23\/funzoctur-promove-missa-para-maria-elizabeth-neste-domingo-5179\/\" \/>\n<meta property=\"og:locale\" content=\"pt_BR\" \/>\n<meta property=\"og:type\" content=\"article\" \/>\n<meta property=\"og:title\" content=\"Funzoctur promove missa para Maria Elizabeth neste domingo - Turismo\" \/>\n<meta property=\"og:description\" content=\"Funzoctur promove missa para Maria Elizabeth neste domingo\" \/>\n<meta property=\"og:url\" content=\"https:\/\/www.pmpf.rs.gov.br\/turismo\/2011\/11\/23\/funzoctur-promove-missa-para-maria-elizabeth-neste-domingo-5179\/\" \/>\n<meta property=\"og:site_name\" content=\"Turismo\" \/>\n<meta property=\"article:published_time\" content=\"2011-11-23T04:00:00+00:00\" \/>\n<meta name=\"author\" content=\"mosite\" \/>\n<meta name=\"twitter:card\" content=\"summary_large_image\" \/>\n<meta name=\"twitter:label1\" content=\"Escrito por\" \/>\n\t<meta name=\"twitter:data1\" content=\"mosite\" \/>\n\t<meta name=\"twitter:label2\" content=\"Est. tempo de leitura\" \/>\n\t<meta name=\"twitter:data2\" content=\"2 minutos\" \/>\n<script type=\"application\/ld+json\" class=\"yoast-schema-graph\">{\"@context\":\"https:\/\/schema.org\",\"@graph\":[{\"@type\":\"WebPage\",\"@id\":\"https:\/\/www.pmpf.rs.gov.br\/turismo\/2011\/11\/23\/funzoctur-promove-missa-para-maria-elizabeth-neste-domingo-5179\/\",\"url\":\"https:\/\/www.pmpf.rs.gov.br\/turismo\/2011\/11\/23\/funzoctur-promove-missa-para-maria-elizabeth-neste-domingo-5179\/\",\"name\":\"Funzoctur promove missa para Maria Elizabeth neste domingo - Turismo\",\"isPartOf\":{\"@id\":\"https:\/\/www.pmpf.rs.gov.br\/turismo\/#website\"},\"datePublished\":\"2011-11-23T04:00:00+00:00\",\"dateModified\":\"2011-11-23T04:00:00+00:00\",\"author\":{\"@id\":\"https:\/\/www.pmpf.rs.gov.br\/turismo\/#\/schema\/person\/0c355b0fa68a7aa986c8594f7a60a2d7\"},\"breadcrumb\":{\"@id\":\"https:\/\/www.pmpf.rs.gov.br\/turismo\/2011\/11\/23\/funzoctur-promove-missa-para-maria-elizabeth-neste-domingo-5179\/#breadcrumb\"},\"inLanguage\":\"pt-BR\",\"potentialAction\":[{\"@type\":\"ReadAction\",\"target\":[\"https:\/\/www.pmpf.rs.gov.br\/turismo\/2011\/11\/23\/funzoctur-promove-missa-para-maria-elizabeth-neste-domingo-5179\/\"]}]},{\"@type\":\"BreadcrumbList\",\"@id\":\"https:\/\/www.pmpf.rs.gov.br\/turismo\/2011\/11\/23\/funzoctur-promove-missa-para-maria-elizabeth-neste-domingo-5179\/#breadcrumb\",\"itemListElement\":[{\"@type\":\"ListItem\",\"position\":1,\"name\":\"In\u00edcio\",\"item\":\"https:\/\/www.pmpf.rs.gov.br\/turismo\/\"},{\"@type\":\"ListItem\",\"position\":2,\"name\":\"Funzoctur promove missa para Maria Elizabeth neste domingo\"}]},{\"@type\":\"WebSite\",\"@id\":\"https:\/\/www.pmpf.rs.gov.br\/turismo\/#website\",\"url\":\"https:\/\/www.pmpf.rs.gov.br\/turismo\/\",\"name\":\"Turismo\",\"description\":\"Descubra Passo Fundo\",\"potentialAction\":[{\"@type\":\"SearchAction\",\"target\":{\"@type\":\"EntryPoint\",\"urlTemplate\":\"https:\/\/www.pmpf.rs.gov.br\/turismo\/?s={search_term_string}\"},\"query-input\":{\"@type\":\"PropertyValueSpecification\",\"valueRequired\":true,\"valueName\":\"search_term_string\"}}],\"inLanguage\":\"pt-BR\"},{\"@type\":\"Person\",\"@id\":\"https:\/\/www.pmpf.rs.gov.br\/turismo\/#\/schema\/person\/0c355b0fa68a7aa986c8594f7a60a2d7\",\"name\":\"mosite\",\"image\":{\"@type\":\"ImageObject\",\"inLanguage\":\"pt-BR\",\"@id\":\"https:\/\/www.pmpf.rs.gov.br\/turismo\/#\/schema\/person\/image\/\",\"url\":\"https:\/\/secure.gravatar.com\/avatar\/63d72595d6cecfe12bd8a94829d5a26c?s=96&d=mm&r=g\",\"contentUrl\":\"https:\/\/secure.gravatar.com\/avatar\/63d72595d6cecfe12bd8a94829d5a26c?s=96&d=mm&r=g\",\"caption\":\"mosite\"},\"sameAs\":[\"http:\/\/example.com\"],\"url\":\"https:\/\/www.pmpf.rs.gov.br\/turismo\/author\/mosite\/\"}]}<\/script>\n<!-- \/ Yoast SEO plugin. -->","yoast_head_json":{"title":"Funzoctur promove missa para Maria Elizabeth neste domingo - Turismo","robots":{"index":"index","follow":"follow","max-snippet":"max-snippet:-1","max-image-preview":"max-image-preview:large","max-video-preview":"max-video-preview:-1"},"canonical":"https:\/\/www.pmpf.rs.gov.br\/turismo\/2011\/11\/23\/funzoctur-promove-missa-para-maria-elizabeth-neste-domingo-5179\/","og_locale":"pt_BR","og_type":"article","og_title":"Funzoctur promove missa para Maria Elizabeth neste domingo - Turismo","og_description":"Funzoctur promove missa para Maria Elizabeth neste domingo","og_url":"https:\/\/www.pmpf.rs.gov.br\/turismo\/2011\/11\/23\/funzoctur-promove-missa-para-maria-elizabeth-neste-domingo-5179\/","og_site_name":"Turismo","article_published_time":"2011-11-23T04:00:00+00:00","author":"mosite","twitter_card":"summary_large_image","twitter_misc":{"Escrito por":"mosite","Est. tempo de leitura":"2 minutos"},"schema":{"@context":"https:\/\/schema.org","@graph":[{"@type":"WebPage","@id":"https:\/\/www.pmpf.rs.gov.br\/turismo\/2011\/11\/23\/funzoctur-promove-missa-para-maria-elizabeth-neste-domingo-5179\/","url":"https:\/\/www.pmpf.rs.gov.br\/turismo\/2011\/11\/23\/funzoctur-promove-missa-para-maria-elizabeth-neste-domingo-5179\/","name":"Funzoctur promove missa para Maria Elizabeth neste domingo - Turismo","isPartOf":{"@id":"https:\/\/www.pmpf.rs.gov.br\/turismo\/#website"},"datePublished":"2011-11-23T04:00:00+00:00","dateModified":"2011-11-23T04:00:00+00:00","author":{"@id":"https:\/\/www.pmpf.rs.gov.br\/turismo\/#\/schema\/person\/0c355b0fa68a7aa986c8594f7a60a2d7"},"breadcrumb":{"@id":"https:\/\/www.pmpf.rs.gov.br\/turismo\/2011\/11\/23\/funzoctur-promove-missa-para-maria-elizabeth-neste-domingo-5179\/#breadcrumb"},"inLanguage":"pt-BR","potentialAction":[{"@type":"ReadAction","target":["https:\/\/www.pmpf.rs.gov.br\/turismo\/2011\/11\/23\/funzoctur-promove-missa-para-maria-elizabeth-neste-domingo-5179\/"]}]},{"@type":"BreadcrumbList","@id":"https:\/\/www.pmpf.rs.gov.br\/turismo\/2011\/11\/23\/funzoctur-promove-missa-para-maria-elizabeth-neste-domingo-5179\/#breadcrumb","itemListElement":[{"@type":"ListItem","position":1,"name":"In\u00edcio","item":"https:\/\/www.pmpf.rs.gov.br\/turismo\/"},{"@type":"ListItem","position":2,"name":"Funzoctur promove missa para Maria Elizabeth neste domingo"}]},{"@type":"WebSite","@id":"https:\/\/www.pmpf.rs.gov.br\/turismo\/#website","url":"https:\/\/www.pmpf.rs.gov.br\/turismo\/","name":"Turismo","description":"Descubra Passo Fundo","potentialAction":[{"@type":"SearchAction","target":{"@type":"EntryPoint","urlTemplate":"https:\/\/www.pmpf.rs.gov.br\/turismo\/?s={search_term_string}"},"query-input":{"@type":"PropertyValueSpecification","valueRequired":true,"valueName":"search_term_string"}}],"inLanguage":"pt-BR"},{"@type":"Person","@id":"https:\/\/www.pmpf.rs.gov.br\/turismo\/#\/schema\/person\/0c355b0fa68a7aa986c8594f7a60a2d7","name":"mosite","image":{"@type":"ImageObject","inLanguage":"pt-BR","@id":"https:\/\/www.pmpf.rs.gov.br\/turismo\/#\/schema\/person\/image\/","url":"https:\/\/secure.gravatar.com\/avatar\/63d72595d6cecfe12bd8a94829d5a26c?s=96&d=mm&r=g","contentUrl":"https:\/\/secure.gravatar.com\/avatar\/63d72595d6cecfe12bd8a94829d5a26c?s=96&d=mm&r=g","caption":"mosite"},"sameAs":["http:\/\/example.com"],"url":"https:\/\/www.pmpf.rs.gov.br\/turismo\/author\/mosite\/"}]}},"_links":{"self":[{"href":"https:\/\/www.pmpf.rs.gov.br\/turismo\/wp-json\/wp\/v2\/posts\/110"}],"collection":[{"href":"https:\/\/www.pmpf.rs.gov.br\/turismo\/wp-json\/wp\/v2\/posts"}],"about":[{"href":"https:\/\/www.pmpf.rs.gov.br\/turismo\/wp-json\/wp\/v2\/types\/post"}],"author":[{"embeddable":true,"href":"https:\/\/www.pmpf.rs.gov.br\/turismo\/wp-json\/wp\/v2\/users\/1"}],"replies":[{"embeddable":true,"href":"https:\/\/www.pmpf.rs.gov.br\/turismo\/wp-json\/wp\/v2\/comments?post=110"}],"version-history":[{"count":0,"href":"https:\/\/www.pmpf.rs.gov.br\/turismo\/wp-json\/wp\/v2\/posts\/110\/revisions"}],"wp:attachment":[{"href":"https:\/\/www.pmpf.rs.gov.br\/turismo\/wp-json\/wp\/v2\/media?parent=110"}],"wp:term":[{"taxonomy":"category","embeddable":true,"href":"https:\/\/www.pmpf.rs.gov.br\/turismo\/wp-json\/wp\/v2\/categories?post=110"},{"taxonomy":"post_tag","embeddable":true,"href":"https:\/\/www.pmpf.rs.gov.br\/turismo\/wp-json\/wp\/v2\/tags?post=110"}],"curies":[{"name":"wp","href":"https:\/\/api.w.org\/{rel}","templated":true}]}}