{"id":105,"date":"2012-06-29T03:00:00","date_gmt":"2012-06-29T06:00:00","guid":{"rendered":"https:\/\/www.pmpf.rs.gov.br\/turismo\/2012\/06\/29\/novo-calendario-de-eventos-da-prefeitura-ja-esta-em-circulacao-5653\/"},"modified":"2012-06-29T03:00:00","modified_gmt":"2012-06-29T06:00:00","slug":"novo-calendario-de-eventos-da-prefeitura-ja-esta-em-circulacao-5653","status":"publish","type":"post","link":"https:\/\/www.pmpf.rs.gov.br\/turismo\/2012\/06\/29\/novo-calendario-de-eventos-da-prefeitura-ja-esta-em-circulacao-5653\/","title":{"rendered":"Novo calend\u00e1rio de eventos da Prefeitura j\u00e1 est\u00e1 em circula\u00e7\u00e3o"},"content":{"rendered":"<div style=\"text-align: justify; \">\n<p>A Funda\u00e7\u00e3o Zoobot\u00e2ncia Cultural e de Turismo Rosel\u00e2ndia (Funzoctur), iniciou nesta sexta-feira a distribui\u00e7\u00e3o do novo Calend\u00e1rio de Eventos da Prefeitura Municipal. Nesse material,\u00a0 referente as atividades e eventos do 2\u00ba semestre de 2012, est\u00e3o cadastradas 95 entidades com\u00a0 um total de 199 eventos.<br \/>O diretor da Funzoctur, Ant\u00f4nio Augusto Reveillau,\u00a0 destacou que esse \u00e9 o calend\u00e1rio com o maior n\u00famero de eventos e atividades j\u00e1 elaborado pela funda\u00e7\u00e3o. Segundo ele, isso muito se deve ao fato do munic\u00edpio se desenvolver cada vez mais, o que favorece \u00e0s entidades p\u00fablicas e privadas nas realiza\u00e7\u00f5es de seus encontros e festividades.<br \/>Esse material informativo \u00e9 uma das v\u00e1rias a\u00e7\u00f5es da Prefeitura para continuar o processo de divulga\u00e7\u00e3o do turismo no munic\u00edpio. Ele cont\u00e9m, como nas outras edi\u00e7\u00f5es, informa\u00e7\u00f5es dos mais variados eventos: culturais, religiosos, tradicionalistas, esportivos, dos Clubes Sociais, de institui\u00e7\u00f5es de ensino e festas, al\u00e9m de dados da rede hoteleira e servi\u00e7os que os turistas e a comunidade possam usufruir. <\/div>\n","protected":false},"excerpt":{"rendered":"<p>Novo calend\u00e1rio de eventos da Prefeitura j\u00e1 est\u00e1 em circula\u00e7\u00e3o<\/p>\n","protected":false},"author":1,"featured_media":0,"comment_status":"open","ping_status":"open","sticky":false,"template":"","format":"standard","meta":{"footnotes":""},"categories":[],"tags":[],"class_list":["post-105","post","type-post","status-publish","format-standard","hentry"],"yoast_head":"<!-- This site is optimized with the Yoast SEO plugin v23.8 - https:\/\/yoast.com\/wordpress\/plugins\/seo\/ -->\n<title>Novo calend\u00e1rio de eventos da Prefeitura j\u00e1 est\u00e1 em circula\u00e7\u00e3o - Turismo<\/title>\n<meta name=\"robots\" content=\"index, follow, max-snippet:-1, max-image-preview:large, max-video-preview:-1\" \/>\n<link rel=\"canonical\" href=\"https:\/\/www.pmpf.rs.gov.br\/turismo\/2012\/06\/29\/novo-calendario-de-eventos-da-prefeitura-ja-esta-em-circulacao-5653\/\" \/>\n<meta property=\"og:locale\" content=\"pt_BR\" \/>\n<meta property=\"og:type\" content=\"article\" \/>\n<meta property=\"og:title\" content=\"Novo calend\u00e1rio de eventos da Prefeitura j\u00e1 est\u00e1 em circula\u00e7\u00e3o - Turismo\" \/>\n<meta property=\"og:description\" content=\"Novo calend\u00e1rio de eventos da Prefeitura j\u00e1 est\u00e1 em circula\u00e7\u00e3o\" \/>\n<meta property=\"og:url\" content=\"https:\/\/www.pmpf.rs.gov.br\/turismo\/2012\/06\/29\/novo-calendario-de-eventos-da-prefeitura-ja-esta-em-circulacao-5653\/\" \/>\n<meta property=\"og:site_name\" content=\"Turismo\" \/>\n<meta property=\"article:published_time\" content=\"2012-06-29T06:00:00+00:00\" \/>\n<meta name=\"author\" content=\"mosite\" \/>\n<meta name=\"twitter:card\" content=\"summary_large_image\" \/>\n<meta name=\"twitter:label1\" content=\"Escrito por\" \/>\n\t<meta name=\"twitter:data1\" content=\"mosite\" \/>\n\t<meta name=\"twitter:label2\" content=\"Est. tempo de leitura\" \/>\n\t<meta name=\"twitter:data2\" content=\"1 minuto\" \/>\n<script type=\"application\/ld+json\" class=\"yoast-schema-graph\">{\"@context\":\"https:\/\/schema.org\",\"@graph\":[{\"@type\":\"WebPage\",\"@id\":\"https:\/\/www.pmpf.rs.gov.br\/turismo\/2012\/06\/29\/novo-calendario-de-eventos-da-prefeitura-ja-esta-em-circulacao-5653\/\",\"url\":\"https:\/\/www.pmpf.rs.gov.br\/turismo\/2012\/06\/29\/novo-calendario-de-eventos-da-prefeitura-ja-esta-em-circulacao-5653\/\",\"name\":\"Novo calend\u00e1rio de eventos da Prefeitura j\u00e1 est\u00e1 em circula\u00e7\u00e3o - Turismo\",\"isPartOf\":{\"@id\":\"https:\/\/www.pmpf.rs.gov.br\/turismo\/#website\"},\"datePublished\":\"2012-06-29T06:00:00+00:00\",\"dateModified\":\"2012-06-29T06:00:00+00:00\",\"author\":{\"@id\":\"https:\/\/www.pmpf.rs.gov.br\/turismo\/#\/schema\/person\/0c355b0fa68a7aa986c8594f7a60a2d7\"},\"breadcrumb\":{\"@id\":\"https:\/\/www.pmpf.rs.gov.br\/turismo\/2012\/06\/29\/novo-calendario-de-eventos-da-prefeitura-ja-esta-em-circulacao-5653\/#breadcrumb\"},\"inLanguage\":\"pt-BR\",\"potentialAction\":[{\"@type\":\"ReadAction\",\"target\":[\"https:\/\/www.pmpf.rs.gov.br\/turismo\/2012\/06\/29\/novo-calendario-de-eventos-da-prefeitura-ja-esta-em-circulacao-5653\/\"]}]},{\"@type\":\"BreadcrumbList\",\"@id\":\"https:\/\/www.pmpf.rs.gov.br\/turismo\/2012\/06\/29\/novo-calendario-de-eventos-da-prefeitura-ja-esta-em-circulacao-5653\/#breadcrumb\",\"itemListElement\":[{\"@type\":\"ListItem\",\"position\":1,\"name\":\"In\u00edcio\",\"item\":\"https:\/\/www.pmpf.rs.gov.br\/turismo\/\"},{\"@type\":\"ListItem\",\"position\":2,\"name\":\"Novo calend\u00e1rio de eventos da Prefeitura j\u00e1 est\u00e1 em circula\u00e7\u00e3o\"}]},{\"@type\":\"WebSite\",\"@id\":\"https:\/\/www.pmpf.rs.gov.br\/turismo\/#website\",\"url\":\"https:\/\/www.pmpf.rs.gov.br\/turismo\/\",\"name\":\"Turismo\",\"description\":\"Descubra Passo Fundo\",\"potentialAction\":[{\"@type\":\"SearchAction\",\"target\":{\"@type\":\"EntryPoint\",\"urlTemplate\":\"https:\/\/www.pmpf.rs.gov.br\/turismo\/?s={search_term_string}\"},\"query-input\":{\"@type\":\"PropertyValueSpecification\",\"valueRequired\":true,\"valueName\":\"search_term_string\"}}],\"inLanguage\":\"pt-BR\"},{\"@type\":\"Person\",\"@id\":\"https:\/\/www.pmpf.rs.gov.br\/turismo\/#\/schema\/person\/0c355b0fa68a7aa986c8594f7a60a2d7\",\"name\":\"mosite\",\"image\":{\"@type\":\"ImageObject\",\"inLanguage\":\"pt-BR\",\"@id\":\"https:\/\/www.pmpf.rs.gov.br\/turismo\/#\/schema\/person\/image\/\",\"url\":\"https:\/\/secure.gravatar.com\/avatar\/63d72595d6cecfe12bd8a94829d5a26c?s=96&d=mm&r=g\",\"contentUrl\":\"https:\/\/secure.gravatar.com\/avatar\/63d72595d6cecfe12bd8a94829d5a26c?s=96&d=mm&r=g\",\"caption\":\"mosite\"},\"sameAs\":[\"http:\/\/example.com\"],\"url\":\"https:\/\/www.pmpf.rs.gov.br\/turismo\/author\/mosite\/\"}]}<\/script>\n<!-- \/ Yoast SEO plugin. -->","yoast_head_json":{"title":"Novo calend\u00e1rio de eventos da Prefeitura j\u00e1 est\u00e1 em circula\u00e7\u00e3o - Turismo","robots":{"index":"index","follow":"follow","max-snippet":"max-snippet:-1","max-image-preview":"max-image-preview:large","max-video-preview":"max-video-preview:-1"},"canonical":"https:\/\/www.pmpf.rs.gov.br\/turismo\/2012\/06\/29\/novo-calendario-de-eventos-da-prefeitura-ja-esta-em-circulacao-5653\/","og_locale":"pt_BR","og_type":"article","og_title":"Novo calend\u00e1rio de eventos da Prefeitura j\u00e1 est\u00e1 em circula\u00e7\u00e3o - Turismo","og_description":"Novo calend\u00e1rio de eventos da Prefeitura j\u00e1 est\u00e1 em circula\u00e7\u00e3o","og_url":"https:\/\/www.pmpf.rs.gov.br\/turismo\/2012\/06\/29\/novo-calendario-de-eventos-da-prefeitura-ja-esta-em-circulacao-5653\/","og_site_name":"Turismo","article_published_time":"2012-06-29T06:00:00+00:00","author":"mosite","twitter_card":"summary_large_image","twitter_misc":{"Escrito por":"mosite","Est. tempo de leitura":"1 minuto"},"schema":{"@context":"https:\/\/schema.org","@graph":[{"@type":"WebPage","@id":"https:\/\/www.pmpf.rs.gov.br\/turismo\/2012\/06\/29\/novo-calendario-de-eventos-da-prefeitura-ja-esta-em-circulacao-5653\/","url":"https:\/\/www.pmpf.rs.gov.br\/turismo\/2012\/06\/29\/novo-calendario-de-eventos-da-prefeitura-ja-esta-em-circulacao-5653\/","name":"Novo calend\u00e1rio de eventos da Prefeitura j\u00e1 est\u00e1 em circula\u00e7\u00e3o - Turismo","isPartOf":{"@id":"https:\/\/www.pmpf.rs.gov.br\/turismo\/#website"},"datePublished":"2012-06-29T06:00:00+00:00","dateModified":"2012-06-29T06:00:00+00:00","author":{"@id":"https:\/\/www.pmpf.rs.gov.br\/turismo\/#\/schema\/person\/0c355b0fa68a7aa986c8594f7a60a2d7"},"breadcrumb":{"@id":"https:\/\/www.pmpf.rs.gov.br\/turismo\/2012\/06\/29\/novo-calendario-de-eventos-da-prefeitura-ja-esta-em-circulacao-5653\/#breadcrumb"},"inLanguage":"pt-BR","potentialAction":[{"@type":"ReadAction","target":["https:\/\/www.pmpf.rs.gov.br\/turismo\/2012\/06\/29\/novo-calendario-de-eventos-da-prefeitura-ja-esta-em-circulacao-5653\/"]}]},{"@type":"BreadcrumbList","@id":"https:\/\/www.pmpf.rs.gov.br\/turismo\/2012\/06\/29\/novo-calendario-de-eventos-da-prefeitura-ja-esta-em-circulacao-5653\/#breadcrumb","itemListElement":[{"@type":"ListItem","position":1,"name":"In\u00edcio","item":"https:\/\/www.pmpf.rs.gov.br\/turismo\/"},{"@type":"ListItem","position":2,"name":"Novo calend\u00e1rio de eventos da Prefeitura j\u00e1 est\u00e1 em circula\u00e7\u00e3o"}]},{"@type":"WebSite","@id":"https:\/\/www.pmpf.rs.gov.br\/turismo\/#website","url":"https:\/\/www.pmpf.rs.gov.br\/turismo\/","name":"Turismo","description":"Descubra Passo Fundo","potentialAction":[{"@type":"SearchAction","target":{"@type":"EntryPoint","urlTemplate":"https:\/\/www.pmpf.rs.gov.br\/turismo\/?s={search_term_string}"},"query-input":{"@type":"PropertyValueSpecification","valueRequired":true,"valueName":"search_term_string"}}],"inLanguage":"pt-BR"},{"@type":"Person","@id":"https:\/\/www.pmpf.rs.gov.br\/turismo\/#\/schema\/person\/0c355b0fa68a7aa986c8594f7a60a2d7","name":"mosite","image":{"@type":"ImageObject","inLanguage":"pt-BR","@id":"https:\/\/www.pmpf.rs.gov.br\/turismo\/#\/schema\/person\/image\/","url":"https:\/\/secure.gravatar.com\/avatar\/63d72595d6cecfe12bd8a94829d5a26c?s=96&d=mm&r=g","contentUrl":"https:\/\/secure.gravatar.com\/avatar\/63d72595d6cecfe12bd8a94829d5a26c?s=96&d=mm&r=g","caption":"mosite"},"sameAs":["http:\/\/example.com"],"url":"https:\/\/www.pmpf.rs.gov.br\/turismo\/author\/mosite\/"}]}},"_links":{"self":[{"href":"https:\/\/www.pmpf.rs.gov.br\/turismo\/wp-json\/wp\/v2\/posts\/105"}],"collection":[{"href":"https:\/\/www.pmpf.rs.gov.br\/turismo\/wp-json\/wp\/v2\/posts"}],"about":[{"href":"https:\/\/www.pmpf.rs.gov.br\/turismo\/wp-json\/wp\/v2\/types\/post"}],"author":[{"embeddable":true,"href":"https:\/\/www.pmpf.rs.gov.br\/turismo\/wp-json\/wp\/v2\/users\/1"}],"replies":[{"embeddable":true,"href":"https:\/\/www.pmpf.rs.gov.br\/turismo\/wp-json\/wp\/v2\/comments?post=105"}],"version-history":[{"count":0,"href":"https:\/\/www.pmpf.rs.gov.br\/turismo\/wp-json\/wp\/v2\/posts\/105\/revisions"}],"wp:attachment":[{"href":"https:\/\/www.pmpf.rs.gov.br\/turismo\/wp-json\/wp\/v2\/media?parent=105"}],"wp:term":[{"taxonomy":"category","embeddable":true,"href":"https:\/\/www.pmpf.rs.gov.br\/turismo\/wp-json\/wp\/v2\/categories?post=105"},{"taxonomy":"post_tag","embeddable":true,"href":"https:\/\/www.pmpf.rs.gov.br\/turismo\/wp-json\/wp\/v2\/tags?post=105"}],"curies":[{"name":"wp","href":"https:\/\/api.w.org\/{rel}","templated":true}]}}