{"id":102,"date":"2012-11-25T02:00:00","date_gmt":"2012-11-25T04:00:00","guid":{"rendered":"https:\/\/www.pmpf.rs.gov.br\/turismo\/2012\/11\/25\/milhares-de-fieis-participam-da-missa-em-homenagem-a-maria-elizabeth-5893\/"},"modified":"2012-11-25T02:00:00","modified_gmt":"2012-11-25T04:00:00","slug":"milhares-de-fieis-participam-da-missa-em-homenagem-a-maria-elizabeth-5893","status":"publish","type":"post","link":"https:\/\/www.pmpf.rs.gov.br\/turismo\/2012\/11\/25\/milhares-de-fieis-participam-da-missa-em-homenagem-a-maria-elizabeth-5893\/","title":{"rendered":"Milhares de fieis participam da missa em homenagem a Maria Elizabeth"},"content":{"rendered":"<p lang=\"pt-BR\" align=\"JUSTIFY\" style=\"margin-bottom: 0cm;\" class=\"western\"> <\/p>\n<p align=\"JUSTIFY\" style=\"text-indent: 1.27cm; margin-bottom: 0cm;\" class=\"western\"> <span lang=\"pt-BR\">Milhares de devotos vindos de diversas partes do Brasil, al\u00e9m de Argentina e Uruguai, estiveram neste domingo <\/span><span lang=\"pt-BR\">no Cemit\u00e9rio da Vera Cruz para a tradicional Missa em homenagem a Maria Elizabeth, marcando os 47 anos de seu falecimento.  <\/span> <\/p>\n<p align=\"JUSTIFY\" style=\"margin-bottom: 0cm;\" class=\"western\"><span lang=\"pt-BR\">\tO evento acontece anualmente e \u00e9 promovido pela Prefeiura Municipal atrav\u00e9s da Funda\u00e7\u00e3o Zoobot\u00e2nica Cultural e de Turismo da Rosel\u00e2ndia (Funzoctur). Uma estrutura coberta foi montada em frete ao cemit\u00e9rio com palco e cadeiras para a realiza\u00e7\u00e3o da missa que foi rezada pelo padre Jos\u00e9 Squinor. Enquanto isso uma fila com centenas de fi\u00e9is foi formada desde a Rua Moacir da Motta Fortes at\u00e9 a capela onde Elizabeth est\u00e1 sepultada para que fosse poss\u00edvel entregar oferendas e rezar para a santa.       <\/span> <\/p>\n<p align=\"JUSTIFY\" style=\"margin-bottom: 0cm;\" class=\"western\"><span lang=\"pt-BR\">\t<\/span><span lang=\"pt-BR\">Segundo o representante da Funzoctur, Paulo Lacorte, chegaram \u00e0 cidade 80 \u00f4nibus vindos de diferentes lugares e a estimativa \u00e9 que cerca de 5 mil fi\u00e9is tenham visitado o local at\u00e9 o final do dia. \u201cIsto ressalta a tradi\u00e7\u00e3o religiosa que tem Passo Fundo e tamb\u00e9m fomenta o turismo atrav\u00e9s da f\u00e9\u201d, ressalta.<\/span><\/p>\n<p align=\"JUSTIFY\" style=\"margin-bottom: 0cm;\" class=\"western\"> <span lang=\"pt-BR\">\t<\/span><span lang=\"pt-BR\">Maria Elizabeth nasceu em Passo Fundo em 1951 e\u00a0 foi atropelada no ano de 1965 aos 14 anos, sendo que antes da trag\u00e9dia ela j\u00e1 havia comentado detalhes de sua morte, al\u00e9m de tamb\u00e9m ter escolhido a roupa que vestiria em seu vel\u00f3rio e o caix\u00e3o onde seria sepultada. Inclusive a menina teria dito aos pais, j\u00e1 falecidos, que passaria sua festa de 15 anos no c\u00e9u, e que seria uma rainha. Ela se tornou conhecida por atender os pedidos dos seus fieis.<\/span><\/p>\n<p lang=\"pt-BR\" align=\"JUSTIFY\" style=\"margin-bottom: 0cm;\" class=\"western\"> <\/p>\n<p><\/p>\n<p align=\"JUSTIFY\" style=\"margin-bottom: 0cm;\" class=\"western\"><span lang=\"pt-BR\">\t<\/span><span lang=\"pt-BR\"> <\/span> <\/p>\n<p lang=\"pt-BR\" align=\"JUSTIFY\" style=\"margin-bottom: 0cm;\" class=\"western\"> <\/p>\n<p lang=\"pt-BR\" align=\"JUSTIFY\" style=\"margin-bottom: 0cm;\" class=\"western\"> <\/p>\n","protected":false},"excerpt":{"rendered":"<p>Devotos de diversas partes do Brasil, al\u00e9m de Argentina e Uruguai, estiveram neste domingo no Cemit\u00e9rio da Vera Cruz para a tradicional Missa em homenagem a Maria Elizabeth.<\/p>\n","protected":false},"author":1,"featured_media":103,"comment_status":"open","ping_status":"open","sticky":false,"template":"","format":"standard","meta":{"footnotes":""},"categories":[],"tags":[],"class_list":["post-102","post","type-post","status-publish","format-standard","has-post-thumbnail","hentry"],"yoast_head":"<!-- This site is optimized with the Yoast SEO plugin v23.8 - https:\/\/yoast.com\/wordpress\/plugins\/seo\/ -->\n<title>Milhares de fieis participam da missa em homenagem a Maria Elizabeth - Turismo<\/title>\n<meta name=\"robots\" content=\"index, follow, max-snippet:-1, max-image-preview:large, max-video-preview:-1\" \/>\n<link rel=\"canonical\" href=\"https:\/\/www.pmpf.rs.gov.br\/turismo\/2012\/11\/25\/milhares-de-fieis-participam-da-missa-em-homenagem-a-maria-elizabeth-5893\/\" \/>\n<meta property=\"og:locale\" content=\"pt_BR\" \/>\n<meta property=\"og:type\" content=\"article\" \/>\n<meta property=\"og:title\" content=\"Milhares de fieis participam da missa em homenagem a Maria Elizabeth - Turismo\" \/>\n<meta property=\"og:description\" content=\"Devotos de diversas partes do Brasil, al\u00e9m de Argentina e Uruguai, estiveram neste domingo no Cemit\u00e9rio da Vera Cruz para a tradicional Missa em homenagem a Maria Elizabeth.\" \/>\n<meta property=\"og:url\" content=\"https:\/\/www.pmpf.rs.gov.br\/turismo\/2012\/11\/25\/milhares-de-fieis-participam-da-missa-em-homenagem-a-maria-elizabeth-5893\/\" \/>\n<meta property=\"og:site_name\" content=\"Turismo\" \/>\n<meta property=\"article:published_time\" content=\"2012-11-25T04:00:00+00:00\" \/>\n<meta property=\"og:image\" content=\"https:\/\/www.pmpf.rs.gov.br\/turismo\/wp-content\/uploads\/sites\/51\/2021\/12\/I2013-05-07_062755_c9289.jpg\" \/>\n\t<meta property=\"og:image:width\" content=\"1000\" \/>\n\t<meta property=\"og:image:height\" content=\"750\" \/>\n\t<meta property=\"og:image:type\" content=\"image\/jpeg\" \/>\n<meta name=\"author\" content=\"mosite\" \/>\n<meta name=\"twitter:card\" content=\"summary_large_image\" \/>\n<meta name=\"twitter:label1\" content=\"Escrito por\" \/>\n\t<meta name=\"twitter:data1\" content=\"mosite\" \/>\n\t<meta name=\"twitter:label2\" content=\"Est. tempo de leitura\" \/>\n\t<meta name=\"twitter:data2\" content=\"1 minuto\" \/>\n<script type=\"application\/ld+json\" class=\"yoast-schema-graph\">{\"@context\":\"https:\/\/schema.org\",\"@graph\":[{\"@type\":\"WebPage\",\"@id\":\"https:\/\/www.pmpf.rs.gov.br\/turismo\/2012\/11\/25\/milhares-de-fieis-participam-da-missa-em-homenagem-a-maria-elizabeth-5893\/\",\"url\":\"https:\/\/www.pmpf.rs.gov.br\/turismo\/2012\/11\/25\/milhares-de-fieis-participam-da-missa-em-homenagem-a-maria-elizabeth-5893\/\",\"name\":\"Milhares de fieis participam da missa em homenagem a Maria Elizabeth - Turismo\",\"isPartOf\":{\"@id\":\"https:\/\/www.pmpf.rs.gov.br\/turismo\/#website\"},\"primaryImageOfPage\":{\"@id\":\"https:\/\/www.pmpf.rs.gov.br\/turismo\/2012\/11\/25\/milhares-de-fieis-participam-da-missa-em-homenagem-a-maria-elizabeth-5893\/#primaryimage\"},\"image\":{\"@id\":\"https:\/\/www.pmpf.rs.gov.br\/turismo\/2012\/11\/25\/milhares-de-fieis-participam-da-missa-em-homenagem-a-maria-elizabeth-5893\/#primaryimage\"},\"thumbnailUrl\":\"https:\/\/www.pmpf.rs.gov.br\/turismo\/wp-content\/uploads\/sites\/51\/2021\/12\/I2013-05-07_062755_c9289.jpg\",\"datePublished\":\"2012-11-25T04:00:00+00:00\",\"dateModified\":\"2012-11-25T04:00:00+00:00\",\"author\":{\"@id\":\"https:\/\/www.pmpf.rs.gov.br\/turismo\/#\/schema\/person\/0c355b0fa68a7aa986c8594f7a60a2d7\"},\"breadcrumb\":{\"@id\":\"https:\/\/www.pmpf.rs.gov.br\/turismo\/2012\/11\/25\/milhares-de-fieis-participam-da-missa-em-homenagem-a-maria-elizabeth-5893\/#breadcrumb\"},\"inLanguage\":\"pt-BR\",\"potentialAction\":[{\"@type\":\"ReadAction\",\"target\":[\"https:\/\/www.pmpf.rs.gov.br\/turismo\/2012\/11\/25\/milhares-de-fieis-participam-da-missa-em-homenagem-a-maria-elizabeth-5893\/\"]}]},{\"@type\":\"ImageObject\",\"inLanguage\":\"pt-BR\",\"@id\":\"https:\/\/www.pmpf.rs.gov.br\/turismo\/2012\/11\/25\/milhares-de-fieis-participam-da-missa-em-homenagem-a-maria-elizabeth-5893\/#primaryimage\",\"url\":\"https:\/\/www.pmpf.rs.gov.br\/turismo\/wp-content\/uploads\/sites\/51\/2021\/12\/I2013-05-07_062755_c9289.jpg\",\"contentUrl\":\"https:\/\/www.pmpf.rs.gov.br\/turismo\/wp-content\/uploads\/sites\/51\/2021\/12\/I2013-05-07_062755_c9289.jpg\",\"width\":1000,\"height\":750},{\"@type\":\"BreadcrumbList\",\"@id\":\"https:\/\/www.pmpf.rs.gov.br\/turismo\/2012\/11\/25\/milhares-de-fieis-participam-da-missa-em-homenagem-a-maria-elizabeth-5893\/#breadcrumb\",\"itemListElement\":[{\"@type\":\"ListItem\",\"position\":1,\"name\":\"In\u00edcio\",\"item\":\"https:\/\/www.pmpf.rs.gov.br\/turismo\/\"},{\"@type\":\"ListItem\",\"position\":2,\"name\":\"Milhares de fieis participam da missa em homenagem a Maria Elizabeth\"}]},{\"@type\":\"WebSite\",\"@id\":\"https:\/\/www.pmpf.rs.gov.br\/turismo\/#website\",\"url\":\"https:\/\/www.pmpf.rs.gov.br\/turismo\/\",\"name\":\"Turismo\",\"description\":\"Descubra Passo Fundo\",\"potentialAction\":[{\"@type\":\"SearchAction\",\"target\":{\"@type\":\"EntryPoint\",\"urlTemplate\":\"https:\/\/www.pmpf.rs.gov.br\/turismo\/?s={search_term_string}\"},\"query-input\":{\"@type\":\"PropertyValueSpecification\",\"valueRequired\":true,\"valueName\":\"search_term_string\"}}],\"inLanguage\":\"pt-BR\"},{\"@type\":\"Person\",\"@id\":\"https:\/\/www.pmpf.rs.gov.br\/turismo\/#\/schema\/person\/0c355b0fa68a7aa986c8594f7a60a2d7\",\"name\":\"mosite\",\"image\":{\"@type\":\"ImageObject\",\"inLanguage\":\"pt-BR\",\"@id\":\"https:\/\/www.pmpf.rs.gov.br\/turismo\/#\/schema\/person\/image\/\",\"url\":\"https:\/\/secure.gravatar.com\/avatar\/63d72595d6cecfe12bd8a94829d5a26c?s=96&d=mm&r=g\",\"contentUrl\":\"https:\/\/secure.gravatar.com\/avatar\/63d72595d6cecfe12bd8a94829d5a26c?s=96&d=mm&r=g\",\"caption\":\"mosite\"},\"sameAs\":[\"http:\/\/example.com\"],\"url\":\"https:\/\/www.pmpf.rs.gov.br\/turismo\/author\/mosite\/\"}]}<\/script>\n<!-- \/ Yoast SEO plugin. -->","yoast_head_json":{"title":"Milhares de fieis participam da missa em homenagem a Maria Elizabeth - Turismo","robots":{"index":"index","follow":"follow","max-snippet":"max-snippet:-1","max-image-preview":"max-image-preview:large","max-video-preview":"max-video-preview:-1"},"canonical":"https:\/\/www.pmpf.rs.gov.br\/turismo\/2012\/11\/25\/milhares-de-fieis-participam-da-missa-em-homenagem-a-maria-elizabeth-5893\/","og_locale":"pt_BR","og_type":"article","og_title":"Milhares de fieis participam da missa em homenagem a Maria Elizabeth - Turismo","og_description":"Devotos de diversas partes do Brasil, al\u00e9m de Argentina e Uruguai, estiveram neste domingo no Cemit\u00e9rio da Vera Cruz para a tradicional Missa em homenagem a Maria Elizabeth.","og_url":"https:\/\/www.pmpf.rs.gov.br\/turismo\/2012\/11\/25\/milhares-de-fieis-participam-da-missa-em-homenagem-a-maria-elizabeth-5893\/","og_site_name":"Turismo","article_published_time":"2012-11-25T04:00:00+00:00","og_image":[{"width":1000,"height":750,"url":"https:\/\/www.pmpf.rs.gov.br\/turismo\/wp-content\/uploads\/sites\/51\/2021\/12\/I2013-05-07_062755_c9289.jpg","type":"image\/jpeg"}],"author":"mosite","twitter_card":"summary_large_image","twitter_misc":{"Escrito por":"mosite","Est. tempo de leitura":"1 minuto"},"schema":{"@context":"https:\/\/schema.org","@graph":[{"@type":"WebPage","@id":"https:\/\/www.pmpf.rs.gov.br\/turismo\/2012\/11\/25\/milhares-de-fieis-participam-da-missa-em-homenagem-a-maria-elizabeth-5893\/","url":"https:\/\/www.pmpf.rs.gov.br\/turismo\/2012\/11\/25\/milhares-de-fieis-participam-da-missa-em-homenagem-a-maria-elizabeth-5893\/","name":"Milhares de fieis participam da missa em homenagem a Maria Elizabeth - Turismo","isPartOf":{"@id":"https:\/\/www.pmpf.rs.gov.br\/turismo\/#website"},"primaryImageOfPage":{"@id":"https:\/\/www.pmpf.rs.gov.br\/turismo\/2012\/11\/25\/milhares-de-fieis-participam-da-missa-em-homenagem-a-maria-elizabeth-5893\/#primaryimage"},"image":{"@id":"https:\/\/www.pmpf.rs.gov.br\/turismo\/2012\/11\/25\/milhares-de-fieis-participam-da-missa-em-homenagem-a-maria-elizabeth-5893\/#primaryimage"},"thumbnailUrl":"https:\/\/www.pmpf.rs.gov.br\/turismo\/wp-content\/uploads\/sites\/51\/2021\/12\/I2013-05-07_062755_c9289.jpg","datePublished":"2012-11-25T04:00:00+00:00","dateModified":"2012-11-25T04:00:00+00:00","author":{"@id":"https:\/\/www.pmpf.rs.gov.br\/turismo\/#\/schema\/person\/0c355b0fa68a7aa986c8594f7a60a2d7"},"breadcrumb":{"@id":"https:\/\/www.pmpf.rs.gov.br\/turismo\/2012\/11\/25\/milhares-de-fieis-participam-da-missa-em-homenagem-a-maria-elizabeth-5893\/#breadcrumb"},"inLanguage":"pt-BR","potentialAction":[{"@type":"ReadAction","target":["https:\/\/www.pmpf.rs.gov.br\/turismo\/2012\/11\/25\/milhares-de-fieis-participam-da-missa-em-homenagem-a-maria-elizabeth-5893\/"]}]},{"@type":"ImageObject","inLanguage":"pt-BR","@id":"https:\/\/www.pmpf.rs.gov.br\/turismo\/2012\/11\/25\/milhares-de-fieis-participam-da-missa-em-homenagem-a-maria-elizabeth-5893\/#primaryimage","url":"https:\/\/www.pmpf.rs.gov.br\/turismo\/wp-content\/uploads\/sites\/51\/2021\/12\/I2013-05-07_062755_c9289.jpg","contentUrl":"https:\/\/www.pmpf.rs.gov.br\/turismo\/wp-content\/uploads\/sites\/51\/2021\/12\/I2013-05-07_062755_c9289.jpg","width":1000,"height":750},{"@type":"BreadcrumbList","@id":"https:\/\/www.pmpf.rs.gov.br\/turismo\/2012\/11\/25\/milhares-de-fieis-participam-da-missa-em-homenagem-a-maria-elizabeth-5893\/#breadcrumb","itemListElement":[{"@type":"ListItem","position":1,"name":"In\u00edcio","item":"https:\/\/www.pmpf.rs.gov.br\/turismo\/"},{"@type":"ListItem","position":2,"name":"Milhares de fieis participam da missa em homenagem a Maria Elizabeth"}]},{"@type":"WebSite","@id":"https:\/\/www.pmpf.rs.gov.br\/turismo\/#website","url":"https:\/\/www.pmpf.rs.gov.br\/turismo\/","name":"Turismo","description":"Descubra Passo Fundo","potentialAction":[{"@type":"SearchAction","target":{"@type":"EntryPoint","urlTemplate":"https:\/\/www.pmpf.rs.gov.br\/turismo\/?s={search_term_string}"},"query-input":{"@type":"PropertyValueSpecification","valueRequired":true,"valueName":"search_term_string"}}],"inLanguage":"pt-BR"},{"@type":"Person","@id":"https:\/\/www.pmpf.rs.gov.br\/turismo\/#\/schema\/person\/0c355b0fa68a7aa986c8594f7a60a2d7","name":"mosite","image":{"@type":"ImageObject","inLanguage":"pt-BR","@id":"https:\/\/www.pmpf.rs.gov.br\/turismo\/#\/schema\/person\/image\/","url":"https:\/\/secure.gravatar.com\/avatar\/63d72595d6cecfe12bd8a94829d5a26c?s=96&d=mm&r=g","contentUrl":"https:\/\/secure.gravatar.com\/avatar\/63d72595d6cecfe12bd8a94829d5a26c?s=96&d=mm&r=g","caption":"mosite"},"sameAs":["http:\/\/example.com"],"url":"https:\/\/www.pmpf.rs.gov.br\/turismo\/author\/mosite\/"}]}},"_links":{"self":[{"href":"https:\/\/www.pmpf.rs.gov.br\/turismo\/wp-json\/wp\/v2\/posts\/102"}],"collection":[{"href":"https:\/\/www.pmpf.rs.gov.br\/turismo\/wp-json\/wp\/v2\/posts"}],"about":[{"href":"https:\/\/www.pmpf.rs.gov.br\/turismo\/wp-json\/wp\/v2\/types\/post"}],"author":[{"embeddable":true,"href":"https:\/\/www.pmpf.rs.gov.br\/turismo\/wp-json\/wp\/v2\/users\/1"}],"replies":[{"embeddable":true,"href":"https:\/\/www.pmpf.rs.gov.br\/turismo\/wp-json\/wp\/v2\/comments?post=102"}],"version-history":[{"count":0,"href":"https:\/\/www.pmpf.rs.gov.br\/turismo\/wp-json\/wp\/v2\/posts\/102\/revisions"}],"wp:featuredmedia":[{"embeddable":true,"href":"https:\/\/www.pmpf.rs.gov.br\/turismo\/wp-json\/wp\/v2\/media\/103"}],"wp:attachment":[{"href":"https:\/\/www.pmpf.rs.gov.br\/turismo\/wp-json\/wp\/v2\/media?parent=102"}],"wp:term":[{"taxonomy":"category","embeddable":true,"href":"https:\/\/www.pmpf.rs.gov.br\/turismo\/wp-json\/wp\/v2\/categories?post=102"},{"taxonomy":"post_tag","embeddable":true,"href":"https:\/\/www.pmpf.rs.gov.br\/turismo\/wp-json\/wp\/v2\/tags?post=102"}],"curies":[{"name":"wp","href":"https:\/\/api.w.org\/{rel}","templated":true}]}}