{"id":361,"date":"2019-03-06T18:21:49","date_gmt":"2019-03-06T21:21:49","guid":{"rendered":"https:\/\/www.pmpf.rs.gov.br\/teatro-mucio-de-castro\/2019\/03\/06\/pecas-teatrais-e-musica-na-agenda\/"},"modified":"2019-03-06T18:21:49","modified_gmt":"2019-03-06T21:21:49","slug":"pecas-teatrais-e-musica-na-agenda","status":"publish","type":"post","link":"https:\/\/www.pmpf.rs.gov.br\/teatro\/2019\/03\/06\/pecas-teatrais-e-musica-na-agenda\/","title":{"rendered":"Pe\u00e7as teatrais e m\u00fasica na agenda"},"content":{"rendered":"<p>As atra\u00e7\u00f5es art\u00edsticas, musicais e culturais voltam a tomar conta do palco do Teatro Municipal M\u00facio de Castro neste m\u00eas de mar\u00e7o. A agenda cultural ser\u00e1 aberta neste s\u00e1bado, dia 9, quando o espet\u00e1culo teatral A Velha e o Diabo, da Cia do Amor, ser\u00e1 apresentado, a partir das 20h30. Ingressos estar\u00e3o custando R$ 40 e haver\u00e1 meia-entrada.<\/p>\n<p>A m\u00fasica tamb\u00e9m vai ser atra\u00e7\u00e3o, com o lan\u00e7amento do Cd O Mar Vai Muito Al\u00e9m do Meu Olhar, de Wander Wildner. De classifica\u00e7\u00e3o livre, a apresenta\u00e7\u00e3o come\u00e7a \u00e0s 21h do dia 15 de mar\u00e7o, com ingressos a R$ 30. E no dia 24 de mar\u00e7o. Kacanny Klein e Delcia Venturini apresentam o conserto musical Dei Cantati, a partir das 19 horas, com ingressos por R$ 30.<\/p>\n","protected":false},"excerpt":{"rendered":"<p>Confira a programa\u00e7\u00e3o do m\u00eas de mar\u00e7o no Teatro Municipal M\u00facio de Castro<\/p>\n","protected":false},"author":1,"featured_media":362,"comment_status":"open","ping_status":"open","sticky":false,"template":"","format":"standard","meta":{"footnotes":""},"categories":[],"tags":[],"class_list":["post-361","post","type-post","status-publish","format-standard","has-post-thumbnail","hentry"],"yoast_head":"<!-- This site is optimized with the Yoast SEO plugin v23.8 - https:\/\/yoast.com\/wordpress\/plugins\/seo\/ -->\n<title>Pe\u00e7as teatrais e m\u00fasica na agenda - Teatro M\u00facio de Castro<\/title>\n<meta name=\"robots\" content=\"index, follow, max-snippet:-1, max-image-preview:large, max-video-preview:-1\" \/>\n<link rel=\"canonical\" href=\"https:\/\/www.pmpf.rs.gov.br\/teatro\/2019\/03\/06\/pecas-teatrais-e-musica-na-agenda\/\" \/>\n<meta property=\"og:locale\" content=\"pt_BR\" \/>\n<meta property=\"og:type\" content=\"article\" \/>\n<meta property=\"og:title\" content=\"Pe\u00e7as teatrais e m\u00fasica na agenda - Teatro M\u00facio de Castro\" \/>\n<meta property=\"og:description\" content=\"Confira a programa\u00e7\u00e3o do m\u00eas de mar\u00e7o no Teatro Municipal M\u00facio de Castro\" \/>\n<meta property=\"og:url\" content=\"https:\/\/www.pmpf.rs.gov.br\/teatro\/2019\/03\/06\/pecas-teatrais-e-musica-na-agenda\/\" \/>\n<meta property=\"og:site_name\" content=\"Teatro M\u00facio de Castro\" \/>\n<meta property=\"article:published_time\" content=\"2019-03-06T21:21:49+00:00\" \/>\n<meta property=\"og:image\" content=\"https:\/\/www.pmpf.rs.gov.br\/teatro\/wp-content\/uploads\/sites\/38\/2021\/12\/I2019-03-06_152252_385109-scaled.jpg\" \/>\n\t<meta property=\"og:image:width\" content=\"2560\" \/>\n\t<meta property=\"og:image:height\" content=\"1702\" \/>\n\t<meta property=\"og:image:type\" content=\"image\/jpeg\" \/>\n<meta name=\"author\" content=\"mosite\" \/>\n<meta name=\"twitter:card\" content=\"summary_large_image\" \/>\n<meta name=\"twitter:label1\" content=\"Escrito por\" \/>\n\t<meta name=\"twitter:data1\" content=\"mosite\" \/>\n\t<meta name=\"twitter:label2\" content=\"Est. tempo de leitura\" \/>\n\t<meta name=\"twitter:data2\" content=\"1 minuto\" \/>\n<script type=\"application\/ld+json\" class=\"yoast-schema-graph\">{\"@context\":\"https:\/\/schema.org\",\"@graph\":[{\"@type\":\"WebPage\",\"@id\":\"https:\/\/www.pmpf.rs.gov.br\/teatro\/2019\/03\/06\/pecas-teatrais-e-musica-na-agenda\/\",\"url\":\"https:\/\/www.pmpf.rs.gov.br\/teatro\/2019\/03\/06\/pecas-teatrais-e-musica-na-agenda\/\",\"name\":\"Pe\u00e7as teatrais e m\u00fasica na agenda - Teatro M\u00facio de Castro\",\"isPartOf\":{\"@id\":\"https:\/\/www.pmpf.rs.gov.br\/teatro\/#website\"},\"primaryImageOfPage\":{\"@id\":\"https:\/\/www.pmpf.rs.gov.br\/teatro\/2019\/03\/06\/pecas-teatrais-e-musica-na-agenda\/#primaryimage\"},\"image\":{\"@id\":\"https:\/\/www.pmpf.rs.gov.br\/teatro\/2019\/03\/06\/pecas-teatrais-e-musica-na-agenda\/#primaryimage\"},\"thumbnailUrl\":\"https:\/\/www.pmpf.rs.gov.br\/teatro\/wp-content\/uploads\/sites\/38\/2021\/12\/I2019-03-06_152252_385109-scaled.jpg\",\"datePublished\":\"2019-03-06T21:21:49+00:00\",\"dateModified\":\"2019-03-06T21:21:49+00:00\",\"author\":{\"@id\":\"https:\/\/www.pmpf.rs.gov.br\/teatro\/#\/schema\/person\/0c355b0fa68a7aa986c8594f7a60a2d7\"},\"inLanguage\":\"pt-BR\",\"potentialAction\":[{\"@type\":\"ReadAction\",\"target\":[\"https:\/\/www.pmpf.rs.gov.br\/teatro\/2019\/03\/06\/pecas-teatrais-e-musica-na-agenda\/\"]}]},{\"@type\":\"ImageObject\",\"inLanguage\":\"pt-BR\",\"@id\":\"https:\/\/www.pmpf.rs.gov.br\/teatro\/2019\/03\/06\/pecas-teatrais-e-musica-na-agenda\/#primaryimage\",\"url\":\"https:\/\/www.pmpf.rs.gov.br\/teatro\/wp-content\/uploads\/sites\/38\/2021\/12\/I2019-03-06_152252_385109-scaled.jpg\",\"contentUrl\":\"https:\/\/www.pmpf.rs.gov.br\/teatro\/wp-content\/uploads\/sites\/38\/2021\/12\/I2019-03-06_152252_385109-scaled.jpg\",\"width\":2560,\"height\":1702},{\"@type\":\"WebSite\",\"@id\":\"https:\/\/www.pmpf.rs.gov.br\/teatro\/#website\",\"url\":\"https:\/\/www.pmpf.rs.gov.br\/teatro\/\",\"name\":\"Teatro M\u00facio de Castro\",\"description\":\"S\u00f3 mais um site Prefeitura de Passo Fundo\",\"potentialAction\":[{\"@type\":\"SearchAction\",\"target\":{\"@type\":\"EntryPoint\",\"urlTemplate\":\"https:\/\/www.pmpf.rs.gov.br\/teatro\/?s={search_term_string}\"},\"query-input\":{\"@type\":\"PropertyValueSpecification\",\"valueRequired\":true,\"valueName\":\"search_term_string\"}}],\"inLanguage\":\"pt-BR\"},{\"@type\":\"Person\",\"@id\":\"https:\/\/www.pmpf.rs.gov.br\/teatro\/#\/schema\/person\/0c355b0fa68a7aa986c8594f7a60a2d7\",\"name\":\"mosite\",\"image\":{\"@type\":\"ImageObject\",\"inLanguage\":\"pt-BR\",\"@id\":\"https:\/\/www.pmpf.rs.gov.br\/teatro\/#\/schema\/person\/image\/\",\"url\":\"https:\/\/secure.gravatar.com\/avatar\/63d72595d6cecfe12bd8a94829d5a26c?s=96&d=mm&r=g\",\"contentUrl\":\"https:\/\/secure.gravatar.com\/avatar\/63d72595d6cecfe12bd8a94829d5a26c?s=96&d=mm&r=g\",\"caption\":\"mosite\"},\"sameAs\":[\"http:\/\/example.com\"],\"url\":\"https:\/\/www.pmpf.rs.gov.br\/teatro\/author\/mosite\/\"}]}<\/script>\n<!-- \/ Yoast SEO plugin. -->","yoast_head_json":{"title":"Pe\u00e7as teatrais e m\u00fasica na agenda - Teatro M\u00facio de Castro","robots":{"index":"index","follow":"follow","max-snippet":"max-snippet:-1","max-image-preview":"max-image-preview:large","max-video-preview":"max-video-preview:-1"},"canonical":"https:\/\/www.pmpf.rs.gov.br\/teatro\/2019\/03\/06\/pecas-teatrais-e-musica-na-agenda\/","og_locale":"pt_BR","og_type":"article","og_title":"Pe\u00e7as teatrais e m\u00fasica na agenda - Teatro M\u00facio de Castro","og_description":"Confira a programa\u00e7\u00e3o do m\u00eas de mar\u00e7o no Teatro Municipal M\u00facio de Castro","og_url":"https:\/\/www.pmpf.rs.gov.br\/teatro\/2019\/03\/06\/pecas-teatrais-e-musica-na-agenda\/","og_site_name":"Teatro M\u00facio de Castro","article_published_time":"2019-03-06T21:21:49+00:00","og_image":[{"width":2560,"height":1702,"url":"https:\/\/www.pmpf.rs.gov.br\/teatro\/wp-content\/uploads\/sites\/38\/2021\/12\/I2019-03-06_152252_385109-scaled.jpg","type":"image\/jpeg"}],"author":"mosite","twitter_card":"summary_large_image","twitter_misc":{"Escrito por":"mosite","Est. tempo de leitura":"1 minuto"},"schema":{"@context":"https:\/\/schema.org","@graph":[{"@type":"WebPage","@id":"https:\/\/www.pmpf.rs.gov.br\/teatro\/2019\/03\/06\/pecas-teatrais-e-musica-na-agenda\/","url":"https:\/\/www.pmpf.rs.gov.br\/teatro\/2019\/03\/06\/pecas-teatrais-e-musica-na-agenda\/","name":"Pe\u00e7as teatrais e m\u00fasica na agenda - Teatro M\u00facio de Castro","isPartOf":{"@id":"https:\/\/www.pmpf.rs.gov.br\/teatro\/#website"},"primaryImageOfPage":{"@id":"https:\/\/www.pmpf.rs.gov.br\/teatro\/2019\/03\/06\/pecas-teatrais-e-musica-na-agenda\/#primaryimage"},"image":{"@id":"https:\/\/www.pmpf.rs.gov.br\/teatro\/2019\/03\/06\/pecas-teatrais-e-musica-na-agenda\/#primaryimage"},"thumbnailUrl":"https:\/\/www.pmpf.rs.gov.br\/teatro\/wp-content\/uploads\/sites\/38\/2021\/12\/I2019-03-06_152252_385109-scaled.jpg","datePublished":"2019-03-06T21:21:49+00:00","dateModified":"2019-03-06T21:21:49+00:00","author":{"@id":"https:\/\/www.pmpf.rs.gov.br\/teatro\/#\/schema\/person\/0c355b0fa68a7aa986c8594f7a60a2d7"},"inLanguage":"pt-BR","potentialAction":[{"@type":"ReadAction","target":["https:\/\/www.pmpf.rs.gov.br\/teatro\/2019\/03\/06\/pecas-teatrais-e-musica-na-agenda\/"]}]},{"@type":"ImageObject","inLanguage":"pt-BR","@id":"https:\/\/www.pmpf.rs.gov.br\/teatro\/2019\/03\/06\/pecas-teatrais-e-musica-na-agenda\/#primaryimage","url":"https:\/\/www.pmpf.rs.gov.br\/teatro\/wp-content\/uploads\/sites\/38\/2021\/12\/I2019-03-06_152252_385109-scaled.jpg","contentUrl":"https:\/\/www.pmpf.rs.gov.br\/teatro\/wp-content\/uploads\/sites\/38\/2021\/12\/I2019-03-06_152252_385109-scaled.jpg","width":2560,"height":1702},{"@type":"WebSite","@id":"https:\/\/www.pmpf.rs.gov.br\/teatro\/#website","url":"https:\/\/www.pmpf.rs.gov.br\/teatro\/","name":"Teatro M\u00facio de Castro","description":"S\u00f3 mais um site Prefeitura de Passo Fundo","potentialAction":[{"@type":"SearchAction","target":{"@type":"EntryPoint","urlTemplate":"https:\/\/www.pmpf.rs.gov.br\/teatro\/?s={search_term_string}"},"query-input":{"@type":"PropertyValueSpecification","valueRequired":true,"valueName":"search_term_string"}}],"inLanguage":"pt-BR"},{"@type":"Person","@id":"https:\/\/www.pmpf.rs.gov.br\/teatro\/#\/schema\/person\/0c355b0fa68a7aa986c8594f7a60a2d7","name":"mosite","image":{"@type":"ImageObject","inLanguage":"pt-BR","@id":"https:\/\/www.pmpf.rs.gov.br\/teatro\/#\/schema\/person\/image\/","url":"https:\/\/secure.gravatar.com\/avatar\/63d72595d6cecfe12bd8a94829d5a26c?s=96&d=mm&r=g","contentUrl":"https:\/\/secure.gravatar.com\/avatar\/63d72595d6cecfe12bd8a94829d5a26c?s=96&d=mm&r=g","caption":"mosite"},"sameAs":["http:\/\/example.com"],"url":"https:\/\/www.pmpf.rs.gov.br\/teatro\/author\/mosite\/"}]}},"_links":{"self":[{"href":"https:\/\/www.pmpf.rs.gov.br\/teatro\/wp-json\/wp\/v2\/posts\/361"}],"collection":[{"href":"https:\/\/www.pmpf.rs.gov.br\/teatro\/wp-json\/wp\/v2\/posts"}],"about":[{"href":"https:\/\/www.pmpf.rs.gov.br\/teatro\/wp-json\/wp\/v2\/types\/post"}],"author":[{"embeddable":true,"href":"https:\/\/www.pmpf.rs.gov.br\/teatro\/wp-json\/wp\/v2\/users\/1"}],"replies":[{"embeddable":true,"href":"https:\/\/www.pmpf.rs.gov.br\/teatro\/wp-json\/wp\/v2\/comments?post=361"}],"version-history":[{"count":0,"href":"https:\/\/www.pmpf.rs.gov.br\/teatro\/wp-json\/wp\/v2\/posts\/361\/revisions"}],"wp:featuredmedia":[{"embeddable":true,"href":"https:\/\/www.pmpf.rs.gov.br\/teatro\/wp-json\/wp\/v2\/media\/362"}],"wp:attachment":[{"href":"https:\/\/www.pmpf.rs.gov.br\/teatro\/wp-json\/wp\/v2\/media?parent=361"}],"wp:term":[{"taxonomy":"category","embeddable":true,"href":"https:\/\/www.pmpf.rs.gov.br\/teatro\/wp-json\/wp\/v2\/categories?post=361"},{"taxonomy":"post_tag","embeddable":true,"href":"https:\/\/www.pmpf.rs.gov.br\/teatro\/wp-json\/wp\/v2\/tags?post=361"}],"curies":[{"name":"wp","href":"https:\/\/api.w.org\/{rel}","templated":true}]}}