{"id":357,"date":"2015-09-10T03:00:00","date_gmt":"2015-09-10T06:00:00","guid":{"rendered":"https:\/\/www.pmpf.rs.gov.br\/teatro-mucio-de-castro\/2015\/09\/10\/passo-fundo-recebe-circuito-de-musica-premiado\/"},"modified":"2015-09-10T03:00:00","modified_gmt":"2015-09-10T06:00:00","slug":"passo-fundo-recebe-circuito-de-musica-premiado","status":"publish","type":"post","link":"https:\/\/www.pmpf.rs.gov.br\/teatro\/2015\/09\/10\/passo-fundo-recebe-circuito-de-musica-premiado\/","title":{"rendered":"Passo Fundo recebe circuito de m\u00fasica premiado"},"content":{"rendered":"<div align=\"justify\">O Dand\u00f4 \u2013 Circuito de M\u00fasica D\u00e9rcio Marques, que acaba de ser premiado como melhor projeto de m\u00fasica pelo Pr\u00eamio Brasil Criativo do MINC\/SEBRAE, estar\u00e1 circulando em Passo Fundo. As apresenta\u00e7\u00f5es acontecer\u00e3o entre os dias 16 de setembro a 16 de dezembro, no Teatro Municipal M\u00facio de Castro, sempre \u00e0s 20 horas. <\/p>\n<p>\u201cO principal objetivo deste projeto \u00e9 promover uma grande circula\u00e7\u00e3o de m\u00fasica por todo o pa\u00eds, com artistas de v\u00e1rias regi\u00f5es criando um interc\u00e2mbio e tamb\u00e9m gerando novas plateias\u201d, explica o secret\u00e1rio de Cultura, Pedro Almeida. <\/p>\n<p>Cada show tem um artista anfitri\u00e3o local, recebendo e interagindo com um artista em circula\u00e7\u00e3o e com o p\u00fablico. O formato do espet\u00e1culo ser\u00e1 ac\u00fastico solo ou, no m\u00e1ximo, trio e prev\u00ea 1h30min de m\u00fasica e 30min de bate-papo com a plateia, visando o fomento cultural. Com o objetivo de promover a cidadania a entrada para o espet\u00e1culo ser\u00e1 um quilo de alimento n\u00e3o perec\u00edvel, que dever\u00e1 ser retirado na Secretaria de Cultura.<\/p>\n<p><b>Sobre o Dand\u00f4 <\/b><br \/>O \u201cDand\u00f4\u201d \u00e9 uma caravana musical, idealizada pela cantora K\u00e1tya Teixeira, e teve in\u00edcio em 2013. O projeto tem, em seu nome, uma homenagem a D\u00e9rcio Marques (falecido em 2012), que foi um dos cantadores que mais fez pela arte nos \u201cBrasis\u201d que est\u00e3o fora do eixo de m\u00eddia de massa, unindo artistas de toda parte, de v\u00e1rias gera\u00e7\u00f5es, estilos, culturas. Cada artista que integra o projeto sai de sua cidade natal para se apresentar nos pontos que fazem parte do circuito, seguindo um calend\u00e1rio anual de shows de mar\u00e7o a dezembro. <\/div>\n<p> <\/p>\n<p class=\"western\" style=\"margin-bottom: 0cm;\"><b>Confira a programa\u00e7\u00e3o<\/b><\/p>\n<p class=\"western\" style=\"margin-bottom: 0cm;\"> <\/p>\n<table width=\"643\" cellspacing=\"0\" cellpadding=\"4\" border=\"1\">\n<colgroup>\n<col width=\"152\" \/><\/colgroup>\n<colgroup>\n<col width=\"153\" \/><\/colgroup>\n<colgroup>\n<col width=\"153\" \/><\/colgroup>\n<colgroup>\n<col width=\"152\" \/> \t<\/colgroup>\n<tbody>\n<tr valign=\"TOP\">\n<td width=\"152\">\n<p class=\"western\"><b>Data<\/b><\/p>\n<\/td>\n<td width=\"153\">\n<p class=\"western\"><b>G\u00eanero<\/b><\/p>\n<\/td>\n<td width=\"153\">\n<p class=\"western\"><b>Artista em circula\u00e7\u00e3o<\/b><\/p>\n<\/td>\n<td width=\"152\">\n<p class=\"western\"><b>Artista anfitri\u00e3o (m\u00fasico local)<\/b><\/p>\n<\/td>\n<\/tr>\n<tr valign=\"TOP\">\n<td width=\"152\">\n<p class=\"western\">16 setembro<\/p>\n<\/td>\n<td width=\"153\">\n<p class=\"western\">M\u00fasica regional<\/p>\n<\/td>\n<td width=\"153\">\n<p class=\"western\">Giancarlo Borba<\/p>\n<\/td>\n<td width=\"152\">\n<p class=\"western\">Giancarlo Camargo<\/p>\n<\/td>\n<\/tr>\n<tr valign=\"TOP\">\n<td width=\"152\">\n<p class=\"western\">21 de outubro<\/p>\n<\/td>\n<td width=\"153\">\n<p class=\"western\">MPB, Latino Americana<\/p>\n<\/td>\n<td width=\"153\">\n<p class=\"western\">K\u00e1tya Teixeira<\/p>\n<\/td>\n<td width=\"152\">\n<p class=\"western\">Ricardo Pacheco<\/p>\n<\/td>\n<\/tr>\n<tr valign=\"TOP\">\n<td width=\"152\">\n<p class=\"western\">18 de novembro<\/p>\n<\/td>\n<td width=\"153\">\n<p class=\"western\">MPB<\/p>\n<\/td>\n<td width=\"153\">\n<p class=\"western\">Valdir Verona<\/p>\n<\/td>\n<td width=\"152\">\n<p class=\"western\">Paulinho Saggioratto<\/p>\n<\/td>\n<\/tr>\n<tr valign=\"TOP\">\n<td width=\"152\">\n<p class=\"western\">16 de dezembro<\/p>\n<\/td>\n<td width=\"153\">\n<p class=\"western\">M\u00fasica regional<\/p>\n<\/td>\n<td width=\"153\">\n<p class=\"western\">Jo\u00e3o Arruda<\/p>\n<\/td>\n<td width=\"152\">\n<p class=\"western\">Jauro Gehlen<\/p>\n<\/td>\n<\/tr>\n<\/tbody>\n<\/table>\n<p class=\"western\" style=\"margin-bottom: 0cm;\"> <\/p>\n<p class=\"western\" style=\"margin-bottom: 0cm;\"> <\/p>\n<p><\/p>\n","protected":false},"excerpt":{"rendered":"<p>Apresenta\u00e7\u00f5es acontecem a partir da pr\u00f3xima semana<\/p>\n","protected":false},"author":1,"featured_media":358,"comment_status":"open","ping_status":"open","sticky":false,"template":"","format":"standard","meta":{"footnotes":""},"categories":[],"tags":[],"class_list":["post-357","post","type-post","status-publish","format-standard","has-post-thumbnail","hentry"],"yoast_head":"<!-- This site is optimized with the Yoast SEO plugin v23.8 - https:\/\/yoast.com\/wordpress\/plugins\/seo\/ -->\n<title>Passo Fundo recebe circuito de m\u00fasica premiado - Teatro M\u00facio de Castro<\/title>\n<meta name=\"robots\" content=\"index, follow, max-snippet:-1, max-image-preview:large, max-video-preview:-1\" \/>\n<link rel=\"canonical\" href=\"https:\/\/www.pmpf.rs.gov.br\/teatro\/2015\/09\/10\/passo-fundo-recebe-circuito-de-musica-premiado\/\" \/>\n<meta property=\"og:locale\" content=\"pt_BR\" \/>\n<meta property=\"og:type\" content=\"article\" \/>\n<meta property=\"og:title\" content=\"Passo Fundo recebe circuito de m\u00fasica premiado - Teatro M\u00facio de Castro\" \/>\n<meta property=\"og:description\" content=\"Apresenta\u00e7\u00f5es acontecem a partir da pr\u00f3xima semana\" \/>\n<meta property=\"og:url\" content=\"https:\/\/www.pmpf.rs.gov.br\/teatro\/2015\/09\/10\/passo-fundo-recebe-circuito-de-musica-premiado\/\" \/>\n<meta property=\"og:site_name\" content=\"Teatro M\u00facio de Castro\" \/>\n<meta property=\"article:published_time\" content=\"2015-09-10T06:00:00+00:00\" \/>\n<meta property=\"og:image\" content=\"https:\/\/www.pmpf.rs.gov.br\/teatro\/wp-content\/uploads\/sites\/38\/2021\/12\/I2015-09-10_035758_339198.jpg\" \/>\n\t<meta property=\"og:image:width\" content=\"2048\" \/>\n\t<meta property=\"og:image:height\" content=\"1435\" \/>\n\t<meta property=\"og:image:type\" content=\"image\/jpeg\" \/>\n<meta name=\"author\" content=\"mosite\" \/>\n<meta name=\"twitter:card\" content=\"summary_large_image\" \/>\n<meta name=\"twitter:label1\" content=\"Escrito por\" \/>\n\t<meta name=\"twitter:data1\" content=\"mosite\" \/>\n\t<meta name=\"twitter:label2\" content=\"Est. tempo de leitura\" \/>\n\t<meta name=\"twitter:data2\" content=\"2 minutos\" \/>\n<script type=\"application\/ld+json\" class=\"yoast-schema-graph\">{\"@context\":\"https:\/\/schema.org\",\"@graph\":[{\"@type\":\"WebPage\",\"@id\":\"https:\/\/www.pmpf.rs.gov.br\/teatro\/2015\/09\/10\/passo-fundo-recebe-circuito-de-musica-premiado\/\",\"url\":\"https:\/\/www.pmpf.rs.gov.br\/teatro\/2015\/09\/10\/passo-fundo-recebe-circuito-de-musica-premiado\/\",\"name\":\"Passo Fundo recebe circuito de m\u00fasica premiado - Teatro M\u00facio de Castro\",\"isPartOf\":{\"@id\":\"https:\/\/www.pmpf.rs.gov.br\/teatro\/#website\"},\"primaryImageOfPage\":{\"@id\":\"https:\/\/www.pmpf.rs.gov.br\/teatro\/2015\/09\/10\/passo-fundo-recebe-circuito-de-musica-premiado\/#primaryimage\"},\"image\":{\"@id\":\"https:\/\/www.pmpf.rs.gov.br\/teatro\/2015\/09\/10\/passo-fundo-recebe-circuito-de-musica-premiado\/#primaryimage\"},\"thumbnailUrl\":\"https:\/\/www.pmpf.rs.gov.br\/teatro\/wp-content\/uploads\/sites\/38\/2021\/12\/I2015-09-10_035758_339198.jpg\",\"datePublished\":\"2015-09-10T06:00:00+00:00\",\"dateModified\":\"2015-09-10T06:00:00+00:00\",\"author\":{\"@id\":\"https:\/\/www.pmpf.rs.gov.br\/teatro\/#\/schema\/person\/0c355b0fa68a7aa986c8594f7a60a2d7\"},\"inLanguage\":\"pt-BR\",\"potentialAction\":[{\"@type\":\"ReadAction\",\"target\":[\"https:\/\/www.pmpf.rs.gov.br\/teatro\/2015\/09\/10\/passo-fundo-recebe-circuito-de-musica-premiado\/\"]}]},{\"@type\":\"ImageObject\",\"inLanguage\":\"pt-BR\",\"@id\":\"https:\/\/www.pmpf.rs.gov.br\/teatro\/2015\/09\/10\/passo-fundo-recebe-circuito-de-musica-premiado\/#primaryimage\",\"url\":\"https:\/\/www.pmpf.rs.gov.br\/teatro\/wp-content\/uploads\/sites\/38\/2021\/12\/I2015-09-10_035758_339198.jpg\",\"contentUrl\":\"https:\/\/www.pmpf.rs.gov.br\/teatro\/wp-content\/uploads\/sites\/38\/2021\/12\/I2015-09-10_035758_339198.jpg\",\"width\":2048,\"height\":1435},{\"@type\":\"WebSite\",\"@id\":\"https:\/\/www.pmpf.rs.gov.br\/teatro\/#website\",\"url\":\"https:\/\/www.pmpf.rs.gov.br\/teatro\/\",\"name\":\"Teatro M\u00facio de Castro\",\"description\":\"S\u00f3 mais um site Prefeitura de Passo Fundo\",\"potentialAction\":[{\"@type\":\"SearchAction\",\"target\":{\"@type\":\"EntryPoint\",\"urlTemplate\":\"https:\/\/www.pmpf.rs.gov.br\/teatro\/?s={search_term_string}\"},\"query-input\":{\"@type\":\"PropertyValueSpecification\",\"valueRequired\":true,\"valueName\":\"search_term_string\"}}],\"inLanguage\":\"pt-BR\"},{\"@type\":\"Person\",\"@id\":\"https:\/\/www.pmpf.rs.gov.br\/teatro\/#\/schema\/person\/0c355b0fa68a7aa986c8594f7a60a2d7\",\"name\":\"mosite\",\"image\":{\"@type\":\"ImageObject\",\"inLanguage\":\"pt-BR\",\"@id\":\"https:\/\/www.pmpf.rs.gov.br\/teatro\/#\/schema\/person\/image\/\",\"url\":\"https:\/\/secure.gravatar.com\/avatar\/63d72595d6cecfe12bd8a94829d5a26c?s=96&d=mm&r=g\",\"contentUrl\":\"https:\/\/secure.gravatar.com\/avatar\/63d72595d6cecfe12bd8a94829d5a26c?s=96&d=mm&r=g\",\"caption\":\"mosite\"},\"sameAs\":[\"http:\/\/example.com\"],\"url\":\"https:\/\/www.pmpf.rs.gov.br\/teatro\/author\/mosite\/\"}]}<\/script>\n<!-- \/ Yoast SEO plugin. -->","yoast_head_json":{"title":"Passo Fundo recebe circuito de m\u00fasica premiado - Teatro M\u00facio de Castro","robots":{"index":"index","follow":"follow","max-snippet":"max-snippet:-1","max-image-preview":"max-image-preview:large","max-video-preview":"max-video-preview:-1"},"canonical":"https:\/\/www.pmpf.rs.gov.br\/teatro\/2015\/09\/10\/passo-fundo-recebe-circuito-de-musica-premiado\/","og_locale":"pt_BR","og_type":"article","og_title":"Passo Fundo recebe circuito de m\u00fasica premiado - Teatro M\u00facio de Castro","og_description":"Apresenta\u00e7\u00f5es acontecem a partir da pr\u00f3xima semana","og_url":"https:\/\/www.pmpf.rs.gov.br\/teatro\/2015\/09\/10\/passo-fundo-recebe-circuito-de-musica-premiado\/","og_site_name":"Teatro M\u00facio de Castro","article_published_time":"2015-09-10T06:00:00+00:00","og_image":[{"width":2048,"height":1435,"url":"https:\/\/www.pmpf.rs.gov.br\/teatro\/wp-content\/uploads\/sites\/38\/2021\/12\/I2015-09-10_035758_339198.jpg","type":"image\/jpeg"}],"author":"mosite","twitter_card":"summary_large_image","twitter_misc":{"Escrito por":"mosite","Est. tempo de leitura":"2 minutos"},"schema":{"@context":"https:\/\/schema.org","@graph":[{"@type":"WebPage","@id":"https:\/\/www.pmpf.rs.gov.br\/teatro\/2015\/09\/10\/passo-fundo-recebe-circuito-de-musica-premiado\/","url":"https:\/\/www.pmpf.rs.gov.br\/teatro\/2015\/09\/10\/passo-fundo-recebe-circuito-de-musica-premiado\/","name":"Passo Fundo recebe circuito de m\u00fasica premiado - Teatro M\u00facio de Castro","isPartOf":{"@id":"https:\/\/www.pmpf.rs.gov.br\/teatro\/#website"},"primaryImageOfPage":{"@id":"https:\/\/www.pmpf.rs.gov.br\/teatro\/2015\/09\/10\/passo-fundo-recebe-circuito-de-musica-premiado\/#primaryimage"},"image":{"@id":"https:\/\/www.pmpf.rs.gov.br\/teatro\/2015\/09\/10\/passo-fundo-recebe-circuito-de-musica-premiado\/#primaryimage"},"thumbnailUrl":"https:\/\/www.pmpf.rs.gov.br\/teatro\/wp-content\/uploads\/sites\/38\/2021\/12\/I2015-09-10_035758_339198.jpg","datePublished":"2015-09-10T06:00:00+00:00","dateModified":"2015-09-10T06:00:00+00:00","author":{"@id":"https:\/\/www.pmpf.rs.gov.br\/teatro\/#\/schema\/person\/0c355b0fa68a7aa986c8594f7a60a2d7"},"inLanguage":"pt-BR","potentialAction":[{"@type":"ReadAction","target":["https:\/\/www.pmpf.rs.gov.br\/teatro\/2015\/09\/10\/passo-fundo-recebe-circuito-de-musica-premiado\/"]}]},{"@type":"ImageObject","inLanguage":"pt-BR","@id":"https:\/\/www.pmpf.rs.gov.br\/teatro\/2015\/09\/10\/passo-fundo-recebe-circuito-de-musica-premiado\/#primaryimage","url":"https:\/\/www.pmpf.rs.gov.br\/teatro\/wp-content\/uploads\/sites\/38\/2021\/12\/I2015-09-10_035758_339198.jpg","contentUrl":"https:\/\/www.pmpf.rs.gov.br\/teatro\/wp-content\/uploads\/sites\/38\/2021\/12\/I2015-09-10_035758_339198.jpg","width":2048,"height":1435},{"@type":"WebSite","@id":"https:\/\/www.pmpf.rs.gov.br\/teatro\/#website","url":"https:\/\/www.pmpf.rs.gov.br\/teatro\/","name":"Teatro M\u00facio de Castro","description":"S\u00f3 mais um site Prefeitura de Passo Fundo","potentialAction":[{"@type":"SearchAction","target":{"@type":"EntryPoint","urlTemplate":"https:\/\/www.pmpf.rs.gov.br\/teatro\/?s={search_term_string}"},"query-input":{"@type":"PropertyValueSpecification","valueRequired":true,"valueName":"search_term_string"}}],"inLanguage":"pt-BR"},{"@type":"Person","@id":"https:\/\/www.pmpf.rs.gov.br\/teatro\/#\/schema\/person\/0c355b0fa68a7aa986c8594f7a60a2d7","name":"mosite","image":{"@type":"ImageObject","inLanguage":"pt-BR","@id":"https:\/\/www.pmpf.rs.gov.br\/teatro\/#\/schema\/person\/image\/","url":"https:\/\/secure.gravatar.com\/avatar\/63d72595d6cecfe12bd8a94829d5a26c?s=96&d=mm&r=g","contentUrl":"https:\/\/secure.gravatar.com\/avatar\/63d72595d6cecfe12bd8a94829d5a26c?s=96&d=mm&r=g","caption":"mosite"},"sameAs":["http:\/\/example.com"],"url":"https:\/\/www.pmpf.rs.gov.br\/teatro\/author\/mosite\/"}]}},"_links":{"self":[{"href":"https:\/\/www.pmpf.rs.gov.br\/teatro\/wp-json\/wp\/v2\/posts\/357"}],"collection":[{"href":"https:\/\/www.pmpf.rs.gov.br\/teatro\/wp-json\/wp\/v2\/posts"}],"about":[{"href":"https:\/\/www.pmpf.rs.gov.br\/teatro\/wp-json\/wp\/v2\/types\/post"}],"author":[{"embeddable":true,"href":"https:\/\/www.pmpf.rs.gov.br\/teatro\/wp-json\/wp\/v2\/users\/1"}],"replies":[{"embeddable":true,"href":"https:\/\/www.pmpf.rs.gov.br\/teatro\/wp-json\/wp\/v2\/comments?post=357"}],"version-history":[{"count":0,"href":"https:\/\/www.pmpf.rs.gov.br\/teatro\/wp-json\/wp\/v2\/posts\/357\/revisions"}],"wp:featuredmedia":[{"embeddable":true,"href":"https:\/\/www.pmpf.rs.gov.br\/teatro\/wp-json\/wp\/v2\/media\/358"}],"wp:attachment":[{"href":"https:\/\/www.pmpf.rs.gov.br\/teatro\/wp-json\/wp\/v2\/media?parent=357"}],"wp:term":[{"taxonomy":"category","embeddable":true,"href":"https:\/\/www.pmpf.rs.gov.br\/teatro\/wp-json\/wp\/v2\/categories?post=357"},{"taxonomy":"post_tag","embeddable":true,"href":"https:\/\/www.pmpf.rs.gov.br\/teatro\/wp-json\/wp\/v2\/tags?post=357"}],"curies":[{"name":"wp","href":"https:\/\/api.w.org\/{rel}","templated":true}]}}