{"id":353,"date":"2015-09-03T03:00:00","date_gmt":"2015-09-03T06:00:00","guid":{"rendered":"https:\/\/www.pmpf.rs.gov.br\/teatro-mucio-de-castro\/2015\/09\/03\/i-festival-de-musica-do-passo-inicia-sexta\/"},"modified":"2015-09-03T03:00:00","modified_gmt":"2015-09-03T06:00:00","slug":"i-festival-de-musica-do-passo-inicia-sexta","status":"publish","type":"post","link":"https:\/\/www.pmpf.rs.gov.br\/teatro\/2015\/09\/03\/i-festival-de-musica-do-passo-inicia-sexta\/","title":{"rendered":"I Festival de M\u00fasica do Passo inicia sexta"},"content":{"rendered":"<div align=\"justify\">Tem in\u00edcio nesta sexta-feira (04) a apresenta\u00e7\u00e3o das can\u00e7\u00f5es selecionadas para o I Festival de M\u00fasica do Passo. Diferentes artistas locais participar\u00e3o do evento, que envolve m\u00fasicos, compositores e int\u00e9rpretes da cidade. Seis can\u00e7\u00f5es in\u00e9ditas estar\u00e3o no palco do Teatro M\u00facio de Castro no primeiro dia do Festival e outras seis no segundo dia do evento, no s\u00e1bado (05), sempre com in\u00edcio \u00e0s 20h.<\/p>\n<p>Os ingressos ainda podem ser adquiridos na Secretaria de Cultura (Av. Brasil Oeste, 792) e na Musiclass (Independ\u00eancia, 357) e devem ser trocados, antecipadamente, por um quilo de alimento n\u00e3o perec\u00edvel. Mais informa\u00e7\u00f5es podem ser obtidas pelo telefone 54-3312.1426.<\/p>\n<p>A iniciativa \u00e9 da Prefeitura de Passo Fundo e da Associa\u00e7\u00e3o Passo-Fundense de M\u00fasicos e Compositores (APMC). Ap\u00f3s o t\u00e9rmino das apresenta\u00e7\u00f5es, os jurados far\u00e3o a escolha das tr\u00eas can\u00e7\u00f5es primeiras colocadas, que receber\u00e3o pr\u00eamios de R$ 3 mil, R$ 2 mil e R$ 1 mil. <\/p>\n<p>Apresentam-se nesta sexta-feira (04):<\/p>\n<p>1 &#8211; Can\u00e7\u00e3o \u2013 Ai se Chovesse no Sert\u00e3o; Autor da Letra \u2013 Gilberto Porto Lamaison; Autor da M\u00fasica &#8211; Augusto Baschera;<br \/>2 &#8211; Can\u00e7\u00e3o \u2013 Histeria &#8211; Vanderlei Pinto, Rafael Terres e Carlinhos Tabajara;<br \/>3 &#8211; Can\u00e7\u00e3o \u2013 Pontas da Alma; Autor da Letra \u2013 Mateus Cavalheiro Del R\u00e9; Autor da M\u00fasica &#8211; Natal\u00edcio Nunes Cavalheiro Filho;<br \/>4 &#8211; Can\u00e7\u00e3o \u2013 Tri Legal; Autor da Letra \u2013 Hique Barboza; Autor da M\u00fasica \u2013 Giancarlo;<br \/>5- Can\u00e7\u00e3o \u2013 Vestido e Armado; Autor da Letra \u2013 Mathias Rodriguez e Douglas Broch; Autor da M\u00fasica &#8211; Jimmy Dog Camargo;<br \/>6 &#8211; Can\u00e7\u00e3o \u2013 Na tua Cara; Autor da Letra &#8211; Augusto Dossa; Autor da M\u00fasica \u2013 Augusto Dossa.<\/p>\n<p>As apresenta\u00e7\u00f5es de s\u00e1bado (05) s\u00e3o:<\/p>\n<p>1 &#8211; Can\u00e7\u00e3o \u2013 Surprise me; Autor da Letra &#8211; Paula Ara\u00fajo; Autor da M\u00fasica \u2013 Paula Ara\u00fajo;<br \/>2 &#8211; Can\u00e7\u00e3o \u2013 Boato; Autor da Letra &#8211; Leonardo Barbosa Sacramento; Autor da M\u00fasica &#8211; Leonardo Barbosa Sacramento;<br \/>3 &#8211; Can\u00e7\u00e3o \u2013 Horas a mais; Autor da Letra &#8211; Paulo Saggiorato; Autor da M\u00fasica &#8211; Paulo Saggiorato;<br \/>4 &#8211; Can\u00e7\u00e3o \u2013 Da Panela da Nona; Autor da Letra &#8211; Aline Bouvi\u00e9; Autor da M\u00fasica \u2013 Aline Bouvi\u00ea;<br \/>5 &#8211; Can\u00e7\u00e3o \u2013 De mates e prosas; Autor da Letra \u2013 Mateus Cavalheiro Del R\u00e9; Autor da M\u00fasica &#8211; Marcelo Parpineli Fener;<br \/>6 &#8211; Can\u00e7\u00e3o \u2013 H\u00e1 de Viver; Autor da Letra \u2013 Hique Barboza; Autor da M\u00fasica &#8211; Augusto Baschera.<\/div>\n<p><\/p>\n","protected":false},"excerpt":{"rendered":"<p>Diferentes artistas locais participar\u00e3o do evento, que envolve m\u00fasicos, compositores e int\u00e9rpretes<\/p>\n","protected":false},"author":1,"featured_media":354,"comment_status":"open","ping_status":"open","sticky":false,"template":"","format":"standard","meta":{"footnotes":""},"categories":[],"tags":[],"class_list":["post-353","post","type-post","status-publish","format-standard","has-post-thumbnail","hentry"],"yoast_head":"<!-- This site is optimized with the Yoast SEO plugin v23.8 - https:\/\/yoast.com\/wordpress\/plugins\/seo\/ -->\n<title>I Festival de M\u00fasica do Passo inicia sexta - Teatro M\u00facio de Castro<\/title>\n<meta name=\"robots\" content=\"index, follow, max-snippet:-1, max-image-preview:large, max-video-preview:-1\" \/>\n<link rel=\"canonical\" href=\"https:\/\/www.pmpf.rs.gov.br\/teatro\/2015\/09\/03\/i-festival-de-musica-do-passo-inicia-sexta\/\" \/>\n<meta property=\"og:locale\" content=\"pt_BR\" \/>\n<meta property=\"og:type\" content=\"article\" \/>\n<meta property=\"og:title\" content=\"I Festival de M\u00fasica do Passo inicia sexta - Teatro M\u00facio de Castro\" \/>\n<meta property=\"og:description\" content=\"Diferentes artistas locais participar\u00e3o do evento, que envolve m\u00fasicos, compositores e int\u00e9rpretes\" \/>\n<meta property=\"og:url\" content=\"https:\/\/www.pmpf.rs.gov.br\/teatro\/2015\/09\/03\/i-festival-de-musica-do-passo-inicia-sexta\/\" \/>\n<meta property=\"og:site_name\" content=\"Teatro M\u00facio de Castro\" \/>\n<meta property=\"article:published_time\" content=\"2015-09-03T06:00:00+00:00\" \/>\n<meta property=\"og:image\" content=\"https:\/\/www.pmpf.rs.gov.br\/teatro\/wp-content\/uploads\/sites\/38\/2021\/12\/I2015-09-03_035309_339198.jpg\" \/>\n\t<meta property=\"og:image:width\" content=\"950\" \/>\n\t<meta property=\"og:image:height\" content=\"681\" \/>\n\t<meta property=\"og:image:type\" content=\"image\/jpeg\" \/>\n<meta name=\"author\" content=\"mosite\" \/>\n<meta name=\"twitter:card\" content=\"summary_large_image\" \/>\n<meta name=\"twitter:label1\" content=\"Escrito por\" \/>\n\t<meta name=\"twitter:data1\" content=\"mosite\" \/>\n\t<meta name=\"twitter:label2\" content=\"Est. tempo de leitura\" \/>\n\t<meta name=\"twitter:data2\" content=\"2 minutos\" \/>\n<script type=\"application\/ld+json\" class=\"yoast-schema-graph\">{\"@context\":\"https:\/\/schema.org\",\"@graph\":[{\"@type\":\"WebPage\",\"@id\":\"https:\/\/www.pmpf.rs.gov.br\/teatro\/2015\/09\/03\/i-festival-de-musica-do-passo-inicia-sexta\/\",\"url\":\"https:\/\/www.pmpf.rs.gov.br\/teatro\/2015\/09\/03\/i-festival-de-musica-do-passo-inicia-sexta\/\",\"name\":\"I Festival de M\u00fasica do Passo inicia sexta - Teatro M\u00facio de Castro\",\"isPartOf\":{\"@id\":\"https:\/\/www.pmpf.rs.gov.br\/teatro\/#website\"},\"primaryImageOfPage\":{\"@id\":\"https:\/\/www.pmpf.rs.gov.br\/teatro\/2015\/09\/03\/i-festival-de-musica-do-passo-inicia-sexta\/#primaryimage\"},\"image\":{\"@id\":\"https:\/\/www.pmpf.rs.gov.br\/teatro\/2015\/09\/03\/i-festival-de-musica-do-passo-inicia-sexta\/#primaryimage\"},\"thumbnailUrl\":\"https:\/\/www.pmpf.rs.gov.br\/teatro\/wp-content\/uploads\/sites\/38\/2021\/12\/I2015-09-03_035309_339198.jpg\",\"datePublished\":\"2015-09-03T06:00:00+00:00\",\"dateModified\":\"2015-09-03T06:00:00+00:00\",\"author\":{\"@id\":\"https:\/\/www.pmpf.rs.gov.br\/teatro\/#\/schema\/person\/0c355b0fa68a7aa986c8594f7a60a2d7\"},\"inLanguage\":\"pt-BR\",\"potentialAction\":[{\"@type\":\"ReadAction\",\"target\":[\"https:\/\/www.pmpf.rs.gov.br\/teatro\/2015\/09\/03\/i-festival-de-musica-do-passo-inicia-sexta\/\"]}]},{\"@type\":\"ImageObject\",\"inLanguage\":\"pt-BR\",\"@id\":\"https:\/\/www.pmpf.rs.gov.br\/teatro\/2015\/09\/03\/i-festival-de-musica-do-passo-inicia-sexta\/#primaryimage\",\"url\":\"https:\/\/www.pmpf.rs.gov.br\/teatro\/wp-content\/uploads\/sites\/38\/2021\/12\/I2015-09-03_035309_339198.jpg\",\"contentUrl\":\"https:\/\/www.pmpf.rs.gov.br\/teatro\/wp-content\/uploads\/sites\/38\/2021\/12\/I2015-09-03_035309_339198.jpg\",\"width\":950,\"height\":681},{\"@type\":\"WebSite\",\"@id\":\"https:\/\/www.pmpf.rs.gov.br\/teatro\/#website\",\"url\":\"https:\/\/www.pmpf.rs.gov.br\/teatro\/\",\"name\":\"Teatro M\u00facio de Castro\",\"description\":\"S\u00f3 mais um site Prefeitura de Passo Fundo\",\"potentialAction\":[{\"@type\":\"SearchAction\",\"target\":{\"@type\":\"EntryPoint\",\"urlTemplate\":\"https:\/\/www.pmpf.rs.gov.br\/teatro\/?s={search_term_string}\"},\"query-input\":{\"@type\":\"PropertyValueSpecification\",\"valueRequired\":true,\"valueName\":\"search_term_string\"}}],\"inLanguage\":\"pt-BR\"},{\"@type\":\"Person\",\"@id\":\"https:\/\/www.pmpf.rs.gov.br\/teatro\/#\/schema\/person\/0c355b0fa68a7aa986c8594f7a60a2d7\",\"name\":\"mosite\",\"image\":{\"@type\":\"ImageObject\",\"inLanguage\":\"pt-BR\",\"@id\":\"https:\/\/www.pmpf.rs.gov.br\/teatro\/#\/schema\/person\/image\/\",\"url\":\"https:\/\/secure.gravatar.com\/avatar\/63d72595d6cecfe12bd8a94829d5a26c?s=96&d=mm&r=g\",\"contentUrl\":\"https:\/\/secure.gravatar.com\/avatar\/63d72595d6cecfe12bd8a94829d5a26c?s=96&d=mm&r=g\",\"caption\":\"mosite\"},\"sameAs\":[\"http:\/\/example.com\"],\"url\":\"https:\/\/www.pmpf.rs.gov.br\/teatro\/author\/mosite\/\"}]}<\/script>\n<!-- \/ Yoast SEO plugin. -->","yoast_head_json":{"title":"I Festival de M\u00fasica do Passo inicia sexta - Teatro M\u00facio de Castro","robots":{"index":"index","follow":"follow","max-snippet":"max-snippet:-1","max-image-preview":"max-image-preview:large","max-video-preview":"max-video-preview:-1"},"canonical":"https:\/\/www.pmpf.rs.gov.br\/teatro\/2015\/09\/03\/i-festival-de-musica-do-passo-inicia-sexta\/","og_locale":"pt_BR","og_type":"article","og_title":"I Festival de M\u00fasica do Passo inicia sexta - Teatro M\u00facio de Castro","og_description":"Diferentes artistas locais participar\u00e3o do evento, que envolve m\u00fasicos, compositores e int\u00e9rpretes","og_url":"https:\/\/www.pmpf.rs.gov.br\/teatro\/2015\/09\/03\/i-festival-de-musica-do-passo-inicia-sexta\/","og_site_name":"Teatro M\u00facio de Castro","article_published_time":"2015-09-03T06:00:00+00:00","og_image":[{"width":950,"height":681,"url":"https:\/\/www.pmpf.rs.gov.br\/teatro\/wp-content\/uploads\/sites\/38\/2021\/12\/I2015-09-03_035309_339198.jpg","type":"image\/jpeg"}],"author":"mosite","twitter_card":"summary_large_image","twitter_misc":{"Escrito por":"mosite","Est. tempo de leitura":"2 minutos"},"schema":{"@context":"https:\/\/schema.org","@graph":[{"@type":"WebPage","@id":"https:\/\/www.pmpf.rs.gov.br\/teatro\/2015\/09\/03\/i-festival-de-musica-do-passo-inicia-sexta\/","url":"https:\/\/www.pmpf.rs.gov.br\/teatro\/2015\/09\/03\/i-festival-de-musica-do-passo-inicia-sexta\/","name":"I Festival de M\u00fasica do Passo inicia sexta - Teatro M\u00facio de Castro","isPartOf":{"@id":"https:\/\/www.pmpf.rs.gov.br\/teatro\/#website"},"primaryImageOfPage":{"@id":"https:\/\/www.pmpf.rs.gov.br\/teatro\/2015\/09\/03\/i-festival-de-musica-do-passo-inicia-sexta\/#primaryimage"},"image":{"@id":"https:\/\/www.pmpf.rs.gov.br\/teatro\/2015\/09\/03\/i-festival-de-musica-do-passo-inicia-sexta\/#primaryimage"},"thumbnailUrl":"https:\/\/www.pmpf.rs.gov.br\/teatro\/wp-content\/uploads\/sites\/38\/2021\/12\/I2015-09-03_035309_339198.jpg","datePublished":"2015-09-03T06:00:00+00:00","dateModified":"2015-09-03T06:00:00+00:00","author":{"@id":"https:\/\/www.pmpf.rs.gov.br\/teatro\/#\/schema\/person\/0c355b0fa68a7aa986c8594f7a60a2d7"},"inLanguage":"pt-BR","potentialAction":[{"@type":"ReadAction","target":["https:\/\/www.pmpf.rs.gov.br\/teatro\/2015\/09\/03\/i-festival-de-musica-do-passo-inicia-sexta\/"]}]},{"@type":"ImageObject","inLanguage":"pt-BR","@id":"https:\/\/www.pmpf.rs.gov.br\/teatro\/2015\/09\/03\/i-festival-de-musica-do-passo-inicia-sexta\/#primaryimage","url":"https:\/\/www.pmpf.rs.gov.br\/teatro\/wp-content\/uploads\/sites\/38\/2021\/12\/I2015-09-03_035309_339198.jpg","contentUrl":"https:\/\/www.pmpf.rs.gov.br\/teatro\/wp-content\/uploads\/sites\/38\/2021\/12\/I2015-09-03_035309_339198.jpg","width":950,"height":681},{"@type":"WebSite","@id":"https:\/\/www.pmpf.rs.gov.br\/teatro\/#website","url":"https:\/\/www.pmpf.rs.gov.br\/teatro\/","name":"Teatro M\u00facio de Castro","description":"S\u00f3 mais um site Prefeitura de Passo Fundo","potentialAction":[{"@type":"SearchAction","target":{"@type":"EntryPoint","urlTemplate":"https:\/\/www.pmpf.rs.gov.br\/teatro\/?s={search_term_string}"},"query-input":{"@type":"PropertyValueSpecification","valueRequired":true,"valueName":"search_term_string"}}],"inLanguage":"pt-BR"},{"@type":"Person","@id":"https:\/\/www.pmpf.rs.gov.br\/teatro\/#\/schema\/person\/0c355b0fa68a7aa986c8594f7a60a2d7","name":"mosite","image":{"@type":"ImageObject","inLanguage":"pt-BR","@id":"https:\/\/www.pmpf.rs.gov.br\/teatro\/#\/schema\/person\/image\/","url":"https:\/\/secure.gravatar.com\/avatar\/63d72595d6cecfe12bd8a94829d5a26c?s=96&d=mm&r=g","contentUrl":"https:\/\/secure.gravatar.com\/avatar\/63d72595d6cecfe12bd8a94829d5a26c?s=96&d=mm&r=g","caption":"mosite"},"sameAs":["http:\/\/example.com"],"url":"https:\/\/www.pmpf.rs.gov.br\/teatro\/author\/mosite\/"}]}},"_links":{"self":[{"href":"https:\/\/www.pmpf.rs.gov.br\/teatro\/wp-json\/wp\/v2\/posts\/353"}],"collection":[{"href":"https:\/\/www.pmpf.rs.gov.br\/teatro\/wp-json\/wp\/v2\/posts"}],"about":[{"href":"https:\/\/www.pmpf.rs.gov.br\/teatro\/wp-json\/wp\/v2\/types\/post"}],"author":[{"embeddable":true,"href":"https:\/\/www.pmpf.rs.gov.br\/teatro\/wp-json\/wp\/v2\/users\/1"}],"replies":[{"embeddable":true,"href":"https:\/\/www.pmpf.rs.gov.br\/teatro\/wp-json\/wp\/v2\/comments?post=353"}],"version-history":[{"count":0,"href":"https:\/\/www.pmpf.rs.gov.br\/teatro\/wp-json\/wp\/v2\/posts\/353\/revisions"}],"wp:featuredmedia":[{"embeddable":true,"href":"https:\/\/www.pmpf.rs.gov.br\/teatro\/wp-json\/wp\/v2\/media\/354"}],"wp:attachment":[{"href":"https:\/\/www.pmpf.rs.gov.br\/teatro\/wp-json\/wp\/v2\/media?parent=353"}],"wp:term":[{"taxonomy":"category","embeddable":true,"href":"https:\/\/www.pmpf.rs.gov.br\/teatro\/wp-json\/wp\/v2\/categories?post=353"},{"taxonomy":"post_tag","embeddable":true,"href":"https:\/\/www.pmpf.rs.gov.br\/teatro\/wp-json\/wp\/v2\/tags?post=353"}],"curies":[{"name":"wp","href":"https:\/\/api.w.org\/{rel}","templated":true}]}}