{"id":349,"date":"2015-09-06T03:00:00","date_gmt":"2015-09-06T06:00:00","guid":{"rendered":"https:\/\/www.pmpf.rs.gov.br\/teatro-mucio-de-castro\/2015\/09\/06\/cancao-ha-de-viver-e-a-grande-vencedora\/"},"modified":"2015-09-06T03:00:00","modified_gmt":"2015-09-06T06:00:00","slug":"cancao-ha-de-viver-e-a-grande-vencedora","status":"publish","type":"post","link":"https:\/\/www.pmpf.rs.gov.br\/teatro\/2015\/09\/06\/cancao-ha-de-viver-e-a-grande-vencedora\/","title":{"rendered":"Can\u00e7\u00e3o \u201cH\u00e1 de Viver\u201d \u00e9 a grande vencedora"},"content":{"rendered":"<div style=\"text-align: justify;\">Com o Teatro Municipal M\u00facio de Castro lotado, depois de duas noites de apresenta\u00e7\u00f5es de diversos estilos musicais, a can\u00e7\u00e3o \u201cH\u00e1 de Viver\u201d com letra de Hique Barboza e m\u00fasica composta por Augusto Baschera conquistou o primeiro lugar no quesito Melhor M\u00fasica, e \u00e9 a grande campe\u00e3 do Festival de M\u00fasica do Passo, realizado pela Prefeitura de Passo Fundo e pela Associa\u00e7\u00e3o Passo-Fundense de M\u00fasicos e Compositores (APMC).<\/div>\n<div style=\"text-align: justify;\"><\/div>\n<div style=\"text-align: justify;\">A primeira edi\u00e7\u00e3o do Festival de M\u00fasica do Passo ofereceu pr\u00eamios em 5 categorias, os vencedores s\u00e3o:<\/div>\n<div style=\"text-align: justify;\"><\/div>\n<div style=\"text-align: justify;\">Melhor M\u00fasica -1 lugar \u2013 H\u00e1 de Viver \u2013 Letra de Hique Barboza e m\u00fasica de Augusto Baschera;<\/div>\n<div style=\"text-align: justify;\">\u00a0 \u00a0 \u00a0 \u00a0 \u00a0 \u00a0 \u00a0 \u00a0 \u00a0 \u00a0 \u00a0 \u00a0 \u00a0 \u00a02 lugar \u2013 Da Panela da Nona \u2013 Letra e m\u00fasica de Aline Bouvi\u00e9;<\/div>\n<div style=\"text-align: justify;\">\u00a0 \u00a0 \u00a0 \u00a0 \u00a0 \u00a0 \u00a0 \u00a0 \u00a0 \u00a0 \u00a0 \u00a0 \u00a0 \u00a03 lugar \u2013 Horas a Mais \u2013 Letra e m\u00fasica de Paulo Saggiorato;<\/div>\n<div style=\"text-align: justify;\">Melhor int\u00e9rprete \u2013 Aline Bouvi\u00e9;<\/div>\n<div style=\"text-align: justify;\">Melhor instrumentista \u2013 Augusto Baschera.<\/div>\n<div style=\"text-align: justify;\"><\/div>\n<div style=\"text-align: justify;\">O melhor instrumentista e a melhor int\u00e9rprete receberam trof\u00e9u, j\u00e1 as melhores m\u00fasicas al\u00e9m do trof\u00e9u receberam premia\u00e7\u00e3o em dinheiro, mil reais para o terceiro lugar, 2 mil reais para a segunda colocada e 3 mil reais para o primeiro lugar.<\/div>\n<div style=\"text-align: justify;\"><\/div>\n<div style=\"text-align: justify;\">\u201cObrigado a Prefeitura de Passo Fundo, obrigado a Associa\u00e7\u00e3o Passo-Fundense de M\u00fasicos e Compositores que proporcionaram esse momento para a comunidade e para n\u00f3s m\u00fasicos, que tivemos a oportunidade de mostrar nossa arte e chegar at\u00e9 as pessoas com uma mensagem positiva de m\u00fasica e paz\u201d, disse Augusto Baschera logo ap\u00f3s receber os trof\u00e9us de Melhor M\u00fasica e de Melhor Instrumentista.<\/div>\n<div style=\"text-align: justify;\"><\/div>\n<div style=\"text-align: justify;\">O prefeito Luciano Azevedo destacou a qualidade entre os concorrentes e j\u00e1 confirmou a pr\u00f3xima edi\u00e7\u00e3o do evento, \u201cN\u00f3s temos que guardar esse festival como uma semente que foi plantada, em 2016 n\u00f3s estaremos aqui realizando novamente o Festival de M\u00fasica do Passo, com muita dedica\u00e7\u00e3o e muita alegria\u201d, disse.\u00a0<\/div>\n<div style=\"text-align: justify;\"><\/div>\n<div style=\"text-align: justify;\">As 12 m\u00fasicas apresentadas no palco do Teatro Municipal M\u00facio de Castro far\u00e3o parte de um CD, a fim de registrar todas as composi\u00e7\u00f5es finalistas do primeiro Festival de M\u00fasica do Passo. A programa\u00e7\u00e3o do festival aconteceu entre os dias 04 e 05 de setembro, com shows de m\u00fasicos e compositores passo-fundenses selecionados para a primeira edi\u00e7\u00e3o do Festival de M\u00fasica do Passo. A iniciativa tem o objetivo de valorizar a produ\u00e7\u00e3o local. Ao todo 75 m\u00fasicas foram inscritas no primeiro Festival de M\u00fasica do Passo.<\/div>\n<div style=\"text-align: justify;\"><\/div>\n<div style=\"text-align: justify;\">Os vencedores foram escolhidos pela comiss\u00e3o de jurados, composta por Sandro Cartier, Z\u00e9 Carad\u00edpia e Zelito Ramos.\u00a0<\/div>\n<div><\/div>\n","protected":false},"excerpt":{"rendered":"<p>Pr\u00eamio foi de primeiro lugar no quesito Melhor M\u00fasica<\/p>\n","protected":false},"author":1,"featured_media":350,"comment_status":"open","ping_status":"open","sticky":false,"template":"","format":"standard","meta":{"footnotes":""},"categories":[],"tags":[],"class_list":["post-349","post","type-post","status-publish","format-standard","has-post-thumbnail","hentry"],"yoast_head":"<!-- This site is optimized with the Yoast SEO plugin v23.8 - https:\/\/yoast.com\/wordpress\/plugins\/seo\/ -->\n<title>Can\u00e7\u00e3o \u201cH\u00e1 de Viver\u201d \u00e9 a grande vencedora - Teatro M\u00facio de Castro<\/title>\n<meta name=\"robots\" content=\"index, follow, max-snippet:-1, max-image-preview:large, max-video-preview:-1\" \/>\n<link rel=\"canonical\" href=\"https:\/\/www.pmpf.rs.gov.br\/teatro\/2015\/09\/06\/cancao-ha-de-viver-e-a-grande-vencedora\/\" \/>\n<meta property=\"og:locale\" content=\"pt_BR\" \/>\n<meta property=\"og:type\" content=\"article\" \/>\n<meta property=\"og:title\" content=\"Can\u00e7\u00e3o \u201cH\u00e1 de Viver\u201d \u00e9 a grande vencedora - Teatro M\u00facio de Castro\" \/>\n<meta property=\"og:description\" content=\"Pr\u00eamio foi de primeiro lugar no quesito Melhor M\u00fasica\" \/>\n<meta property=\"og:url\" content=\"https:\/\/www.pmpf.rs.gov.br\/teatro\/2015\/09\/06\/cancao-ha-de-viver-e-a-grande-vencedora\/\" \/>\n<meta property=\"og:site_name\" content=\"Teatro M\u00facio de Castro\" \/>\n<meta property=\"article:published_time\" content=\"2015-09-06T06:00:00+00:00\" \/>\n<meta property=\"og:image\" content=\"https:\/\/www.pmpf.rs.gov.br\/teatro\/wp-content\/uploads\/sites\/38\/2021\/12\/I2015-09-06_071337_339198.jpg\" \/>\n\t<meta property=\"og:image:width\" content=\"955\" \/>\n\t<meta property=\"og:image:height\" content=\"523\" \/>\n\t<meta property=\"og:image:type\" content=\"image\/jpeg\" \/>\n<meta name=\"author\" content=\"mosite\" \/>\n<meta name=\"twitter:card\" content=\"summary_large_image\" \/>\n<meta name=\"twitter:label1\" content=\"Escrito por\" \/>\n\t<meta name=\"twitter:data1\" content=\"mosite\" \/>\n\t<meta name=\"twitter:label2\" content=\"Est. tempo de leitura\" \/>\n\t<meta name=\"twitter:data2\" content=\"2 minutos\" \/>\n<script type=\"application\/ld+json\" class=\"yoast-schema-graph\">{\"@context\":\"https:\/\/schema.org\",\"@graph\":[{\"@type\":\"WebPage\",\"@id\":\"https:\/\/www.pmpf.rs.gov.br\/teatro\/2015\/09\/06\/cancao-ha-de-viver-e-a-grande-vencedora\/\",\"url\":\"https:\/\/www.pmpf.rs.gov.br\/teatro\/2015\/09\/06\/cancao-ha-de-viver-e-a-grande-vencedora\/\",\"name\":\"Can\u00e7\u00e3o \u201cH\u00e1 de Viver\u201d \u00e9 a grande vencedora - Teatro M\u00facio de Castro\",\"isPartOf\":{\"@id\":\"https:\/\/www.pmpf.rs.gov.br\/teatro\/#website\"},\"primaryImageOfPage\":{\"@id\":\"https:\/\/www.pmpf.rs.gov.br\/teatro\/2015\/09\/06\/cancao-ha-de-viver-e-a-grande-vencedora\/#primaryimage\"},\"image\":{\"@id\":\"https:\/\/www.pmpf.rs.gov.br\/teatro\/2015\/09\/06\/cancao-ha-de-viver-e-a-grande-vencedora\/#primaryimage\"},\"thumbnailUrl\":\"https:\/\/www.pmpf.rs.gov.br\/teatro\/wp-content\/uploads\/sites\/38\/2021\/12\/I2015-09-06_071337_339198.jpg\",\"datePublished\":\"2015-09-06T06:00:00+00:00\",\"dateModified\":\"2015-09-06T06:00:00+00:00\",\"author\":{\"@id\":\"https:\/\/www.pmpf.rs.gov.br\/teatro\/#\/schema\/person\/0c355b0fa68a7aa986c8594f7a60a2d7\"},\"inLanguage\":\"pt-BR\",\"potentialAction\":[{\"@type\":\"ReadAction\",\"target\":[\"https:\/\/www.pmpf.rs.gov.br\/teatro\/2015\/09\/06\/cancao-ha-de-viver-e-a-grande-vencedora\/\"]}]},{\"@type\":\"ImageObject\",\"inLanguage\":\"pt-BR\",\"@id\":\"https:\/\/www.pmpf.rs.gov.br\/teatro\/2015\/09\/06\/cancao-ha-de-viver-e-a-grande-vencedora\/#primaryimage\",\"url\":\"https:\/\/www.pmpf.rs.gov.br\/teatro\/wp-content\/uploads\/sites\/38\/2021\/12\/I2015-09-06_071337_339198.jpg\",\"contentUrl\":\"https:\/\/www.pmpf.rs.gov.br\/teatro\/wp-content\/uploads\/sites\/38\/2021\/12\/I2015-09-06_071337_339198.jpg\",\"width\":955,\"height\":523},{\"@type\":\"WebSite\",\"@id\":\"https:\/\/www.pmpf.rs.gov.br\/teatro\/#website\",\"url\":\"https:\/\/www.pmpf.rs.gov.br\/teatro\/\",\"name\":\"Teatro M\u00facio de Castro\",\"description\":\"S\u00f3 mais um site Prefeitura de Passo Fundo\",\"potentialAction\":[{\"@type\":\"SearchAction\",\"target\":{\"@type\":\"EntryPoint\",\"urlTemplate\":\"https:\/\/www.pmpf.rs.gov.br\/teatro\/?s={search_term_string}\"},\"query-input\":{\"@type\":\"PropertyValueSpecification\",\"valueRequired\":true,\"valueName\":\"search_term_string\"}}],\"inLanguage\":\"pt-BR\"},{\"@type\":\"Person\",\"@id\":\"https:\/\/www.pmpf.rs.gov.br\/teatro\/#\/schema\/person\/0c355b0fa68a7aa986c8594f7a60a2d7\",\"name\":\"mosite\",\"image\":{\"@type\":\"ImageObject\",\"inLanguage\":\"pt-BR\",\"@id\":\"https:\/\/www.pmpf.rs.gov.br\/teatro\/#\/schema\/person\/image\/\",\"url\":\"https:\/\/secure.gravatar.com\/avatar\/63d72595d6cecfe12bd8a94829d5a26c?s=96&d=mm&r=g\",\"contentUrl\":\"https:\/\/secure.gravatar.com\/avatar\/63d72595d6cecfe12bd8a94829d5a26c?s=96&d=mm&r=g\",\"caption\":\"mosite\"},\"sameAs\":[\"http:\/\/example.com\"],\"url\":\"https:\/\/www.pmpf.rs.gov.br\/teatro\/author\/mosite\/\"}]}<\/script>\n<!-- \/ Yoast SEO plugin. -->","yoast_head_json":{"title":"Can\u00e7\u00e3o \u201cH\u00e1 de Viver\u201d \u00e9 a grande vencedora - Teatro M\u00facio de Castro","robots":{"index":"index","follow":"follow","max-snippet":"max-snippet:-1","max-image-preview":"max-image-preview:large","max-video-preview":"max-video-preview:-1"},"canonical":"https:\/\/www.pmpf.rs.gov.br\/teatro\/2015\/09\/06\/cancao-ha-de-viver-e-a-grande-vencedora\/","og_locale":"pt_BR","og_type":"article","og_title":"Can\u00e7\u00e3o \u201cH\u00e1 de Viver\u201d \u00e9 a grande vencedora - Teatro M\u00facio de Castro","og_description":"Pr\u00eamio foi de primeiro lugar no quesito Melhor M\u00fasica","og_url":"https:\/\/www.pmpf.rs.gov.br\/teatro\/2015\/09\/06\/cancao-ha-de-viver-e-a-grande-vencedora\/","og_site_name":"Teatro M\u00facio de Castro","article_published_time":"2015-09-06T06:00:00+00:00","og_image":[{"width":955,"height":523,"url":"https:\/\/www.pmpf.rs.gov.br\/teatro\/wp-content\/uploads\/sites\/38\/2021\/12\/I2015-09-06_071337_339198.jpg","type":"image\/jpeg"}],"author":"mosite","twitter_card":"summary_large_image","twitter_misc":{"Escrito por":"mosite","Est. tempo de leitura":"2 minutos"},"schema":{"@context":"https:\/\/schema.org","@graph":[{"@type":"WebPage","@id":"https:\/\/www.pmpf.rs.gov.br\/teatro\/2015\/09\/06\/cancao-ha-de-viver-e-a-grande-vencedora\/","url":"https:\/\/www.pmpf.rs.gov.br\/teatro\/2015\/09\/06\/cancao-ha-de-viver-e-a-grande-vencedora\/","name":"Can\u00e7\u00e3o \u201cH\u00e1 de Viver\u201d \u00e9 a grande vencedora - Teatro M\u00facio de Castro","isPartOf":{"@id":"https:\/\/www.pmpf.rs.gov.br\/teatro\/#website"},"primaryImageOfPage":{"@id":"https:\/\/www.pmpf.rs.gov.br\/teatro\/2015\/09\/06\/cancao-ha-de-viver-e-a-grande-vencedora\/#primaryimage"},"image":{"@id":"https:\/\/www.pmpf.rs.gov.br\/teatro\/2015\/09\/06\/cancao-ha-de-viver-e-a-grande-vencedora\/#primaryimage"},"thumbnailUrl":"https:\/\/www.pmpf.rs.gov.br\/teatro\/wp-content\/uploads\/sites\/38\/2021\/12\/I2015-09-06_071337_339198.jpg","datePublished":"2015-09-06T06:00:00+00:00","dateModified":"2015-09-06T06:00:00+00:00","author":{"@id":"https:\/\/www.pmpf.rs.gov.br\/teatro\/#\/schema\/person\/0c355b0fa68a7aa986c8594f7a60a2d7"},"inLanguage":"pt-BR","potentialAction":[{"@type":"ReadAction","target":["https:\/\/www.pmpf.rs.gov.br\/teatro\/2015\/09\/06\/cancao-ha-de-viver-e-a-grande-vencedora\/"]}]},{"@type":"ImageObject","inLanguage":"pt-BR","@id":"https:\/\/www.pmpf.rs.gov.br\/teatro\/2015\/09\/06\/cancao-ha-de-viver-e-a-grande-vencedora\/#primaryimage","url":"https:\/\/www.pmpf.rs.gov.br\/teatro\/wp-content\/uploads\/sites\/38\/2021\/12\/I2015-09-06_071337_339198.jpg","contentUrl":"https:\/\/www.pmpf.rs.gov.br\/teatro\/wp-content\/uploads\/sites\/38\/2021\/12\/I2015-09-06_071337_339198.jpg","width":955,"height":523},{"@type":"WebSite","@id":"https:\/\/www.pmpf.rs.gov.br\/teatro\/#website","url":"https:\/\/www.pmpf.rs.gov.br\/teatro\/","name":"Teatro M\u00facio de Castro","description":"S\u00f3 mais um site Prefeitura de Passo Fundo","potentialAction":[{"@type":"SearchAction","target":{"@type":"EntryPoint","urlTemplate":"https:\/\/www.pmpf.rs.gov.br\/teatro\/?s={search_term_string}"},"query-input":{"@type":"PropertyValueSpecification","valueRequired":true,"valueName":"search_term_string"}}],"inLanguage":"pt-BR"},{"@type":"Person","@id":"https:\/\/www.pmpf.rs.gov.br\/teatro\/#\/schema\/person\/0c355b0fa68a7aa986c8594f7a60a2d7","name":"mosite","image":{"@type":"ImageObject","inLanguage":"pt-BR","@id":"https:\/\/www.pmpf.rs.gov.br\/teatro\/#\/schema\/person\/image\/","url":"https:\/\/secure.gravatar.com\/avatar\/63d72595d6cecfe12bd8a94829d5a26c?s=96&d=mm&r=g","contentUrl":"https:\/\/secure.gravatar.com\/avatar\/63d72595d6cecfe12bd8a94829d5a26c?s=96&d=mm&r=g","caption":"mosite"},"sameAs":["http:\/\/example.com"],"url":"https:\/\/www.pmpf.rs.gov.br\/teatro\/author\/mosite\/"}]}},"_links":{"self":[{"href":"https:\/\/www.pmpf.rs.gov.br\/teatro\/wp-json\/wp\/v2\/posts\/349"}],"collection":[{"href":"https:\/\/www.pmpf.rs.gov.br\/teatro\/wp-json\/wp\/v2\/posts"}],"about":[{"href":"https:\/\/www.pmpf.rs.gov.br\/teatro\/wp-json\/wp\/v2\/types\/post"}],"author":[{"embeddable":true,"href":"https:\/\/www.pmpf.rs.gov.br\/teatro\/wp-json\/wp\/v2\/users\/1"}],"replies":[{"embeddable":true,"href":"https:\/\/www.pmpf.rs.gov.br\/teatro\/wp-json\/wp\/v2\/comments?post=349"}],"version-history":[{"count":0,"href":"https:\/\/www.pmpf.rs.gov.br\/teatro\/wp-json\/wp\/v2\/posts\/349\/revisions"}],"wp:featuredmedia":[{"embeddable":true,"href":"https:\/\/www.pmpf.rs.gov.br\/teatro\/wp-json\/wp\/v2\/media\/350"}],"wp:attachment":[{"href":"https:\/\/www.pmpf.rs.gov.br\/teatro\/wp-json\/wp\/v2\/media?parent=349"}],"wp:term":[{"taxonomy":"category","embeddable":true,"href":"https:\/\/www.pmpf.rs.gov.br\/teatro\/wp-json\/wp\/v2\/categories?post=349"},{"taxonomy":"post_tag","embeddable":true,"href":"https:\/\/www.pmpf.rs.gov.br\/teatro\/wp-json\/wp\/v2\/tags?post=349"}],"curies":[{"name":"wp","href":"https:\/\/api.w.org\/{rel}","templated":true}]}}