{"id":30,"date":"2022-03-15T15:26:06","date_gmt":"2022-03-15T18:26:06","guid":{"rendered":"https:\/\/www.pmpf.rs.gov.br\/secretaria-de-inovacao-e-captacao-de-recursos\/?p=30"},"modified":"2022-03-15T15:26:07","modified_gmt":"2022-03-15T18:26:07","slug":"vice-prefeito-reivindica-agilidade-do-fnde-na-analise-de-viabilidade-da-emei-parque-do-sol","status":"publish","type":"post","link":"https:\/\/www.pmpf.rs.gov.br\/secretariacaptacaorecursos\/2022\/03\/15\/vice-prefeito-reivindica-agilidade-do-fnde-na-analise-de-viabilidade-da-emei-parque-do-sol\/","title":{"rendered":"Vice-prefeito reivindica agilidade do FNDE na an\u00e1lise de viabilidade da EMEI Parque do Sol"},"content":{"rendered":"\n<p>Os esfor\u00e7os da Prefeitura de Passo Fundo para obter autoriza\u00e7\u00e3o do Fundo Nacional de Desenvolvimento da Educa\u00e7\u00e3o (FNDE) na altera\u00e7\u00e3o da metodologia de constru\u00e7\u00e3o da Escola Municipal de Educa\u00e7\u00e3o Infantil (EMEI) no bairro Parque do Sol, tiveram sequ\u00eancia nesta ter\u00e7a-feira (15), ap\u00f3s o vice-prefeito, Jo\u00e3o Pedro Nunes, discutir com a dire\u00e7\u00e3o do Fundo a proposta de adequa\u00e7\u00e3o apresentada recentemente pelo prefeito, Pedro Almeida, ao Governo Federal.<\/p>\n\n\n\n<p>Cumprindo agendas em Bras\u00edlia nesta semana, Jo\u00e3o Pedro reuniu-se com o presidente do FNDE, Marcelo Lopes da Ponte, para reiterar a import\u00e2ncia e a urg\u00eancia da obra da EMEI ser retomada. \u201cEsta \u00e9 uma obra muito aguardada pela comunidade, que espera com ansiedade a entrega do espa\u00e7o.&nbsp; Estamos apresentando alternativas ao FNDE e ao Governo Federal desde 2016 e agora, com este novo projeto apresentado pela nossa gest\u00e3o, esperamos obter uma resposta positiva da Uni\u00e3o\u201d, comentou o vice-prefeito, observando que com a nova EMEI cerca de 200 vagas de educa\u00e7\u00e3o infantil poder\u00e3o ser abertas para atender aquela regi\u00e3o da cidade.<\/p>\n\n\n\n<p>Segundo Jo\u00e3o Pedro, o presidente do FNDE afirmou que o corpo t\u00e9cnico do \u00f3rg\u00e3o j\u00e1 est\u00e1 trabalhando na an\u00e1lise de viabilidade do novo projeto cadastrado pelo Munic\u00edpio, uma vez que a inten\u00e7\u00e3o \u00e9 aproveitar parte da estrutura j\u00e1 instalada no local em que a EMEI ser\u00e1 efetivada. \u201cA obra da EMEI Parque do Sol iniciou em 2014, atrav\u00e9s de um projeto desenvolvido em todo o pa\u00eds por uma empresa contratada pelo Minist\u00e9rio da Educa\u00e7\u00e3o. Em 2016, o contrato foi rescindido porque a empresa n\u00e3o conseguiu entregar a metodologia validada pela Uni\u00e3o. Em 2019, uma outra empresa chegou a retomar a constru\u00e7\u00e3o, mas ela foi suspensa por falta de adequa\u00e7\u00e3o da construtora ao projeto determinado pelo governo. Por isso, estamos propondo uma altera\u00e7\u00e3o na metodologia que viabilize a retomada dos trabalhos no local\u201d, explicou o vice-prefeito.<\/p>\n\n\n\n<p>Al\u00e9m do vice-prefeito, participaram da reuni\u00e3o o deputado federal, Osmar Terra; o vereador Luiz Valendorf; e o secret\u00e1rio de Inova\u00e7\u00e3o Capta\u00e7\u00e3o de Recursos, Henrique Fonseca.<\/p>\n","protected":false},"excerpt":{"rendered":"<p><!-- wp:paragraph --><\/p>\n<p><em>Cumprindo agenda em Bras\u00edlia, Jo\u00e3o Pedro Nunes discutiu a nova metodologia de constru\u00e7\u00e3o da obra, interrompida em 2016. Projeto apresentando a proposta havia sido entregue pelo prefeito, Pedro Almeida, recentemente ao Governo Federal<\/em><\/p>\n<p><!-- \/wp:paragraph --><\/p>\n","protected":false},"author":6,"featured_media":0,"comment_status":"closed","ping_status":"closed","sticky":true,"template":"","format":"standard","meta":{"footnotes":""},"categories":[1],"tags":[],"class_list":["post-30","post","type-post","status-publish","format-standard","hentry","category-sem-categoria"],"yoast_head":"<!-- This site is optimized with the Yoast SEO plugin v23.8 - https:\/\/yoast.com\/wordpress\/plugins\/seo\/ -->\n<title>Vice-prefeito reivindica agilidade do FNDE na an\u00e1lise de viabilidade da EMEI Parque do Sol - Secretaria de Capta\u00e7\u00e3o de Recursos<\/title>\n<meta name=\"robots\" content=\"index, follow, max-snippet:-1, max-image-preview:large, max-video-preview:-1\" \/>\n<link rel=\"canonical\" href=\"https:\/\/www.pmpf.rs.gov.br\/secretariacaptacaorecursos\/2022\/03\/15\/vice-prefeito-reivindica-agilidade-do-fnde-na-analise-de-viabilidade-da-emei-parque-do-sol\/\" \/>\n<meta property=\"og:locale\" content=\"pt_BR\" \/>\n<meta property=\"og:type\" content=\"article\" \/>\n<meta property=\"og:title\" content=\"Vice-prefeito reivindica agilidade do FNDE na an\u00e1lise de viabilidade da EMEI Parque do Sol - Secretaria de Capta\u00e7\u00e3o de Recursos\" \/>\n<meta property=\"og:description\" content=\"Cumprindo agenda em Bras\u00edlia, Jo\u00e3o Pedro Nunes discutiu a nova metodologia de constru\u00e7\u00e3o da obra, interrompida em 2016. Projeto apresentando a proposta havia sido entregue pelo prefeito, Pedro Almeida, recentemente ao Governo Federal\" \/>\n<meta property=\"og:url\" content=\"https:\/\/www.pmpf.rs.gov.br\/secretariacaptacaorecursos\/2022\/03\/15\/vice-prefeito-reivindica-agilidade-do-fnde-na-analise-de-viabilidade-da-emei-parque-do-sol\/\" \/>\n<meta property=\"og:site_name\" content=\"Secretaria de Capta\u00e7\u00e3o de Recursos\" \/>\n<meta property=\"article:published_time\" content=\"2022-03-15T18:26:06+00:00\" \/>\n<meta property=\"article:modified_time\" content=\"2022-03-15T18:26:07+00:00\" \/>\n<meta name=\"author\" content=\"andressazorzetto07\" \/>\n<meta name=\"twitter:card\" content=\"summary_large_image\" \/>\n<meta name=\"twitter:label1\" content=\"Escrito por\" \/>\n\t<meta name=\"twitter:data1\" content=\"andressazorzetto07\" \/>\n\t<meta name=\"twitter:label2\" content=\"Est. tempo de leitura\" \/>\n\t<meta name=\"twitter:data2\" content=\"2 minutos\" \/>\n<script type=\"application\/ld+json\" class=\"yoast-schema-graph\">{\"@context\":\"https:\/\/schema.org\",\"@graph\":[{\"@type\":\"WebPage\",\"@id\":\"https:\/\/www.pmpf.rs.gov.br\/secretariacaptacaorecursos\/2022\/03\/15\/vice-prefeito-reivindica-agilidade-do-fnde-na-analise-de-viabilidade-da-emei-parque-do-sol\/\",\"url\":\"https:\/\/www.pmpf.rs.gov.br\/secretariacaptacaorecursos\/2022\/03\/15\/vice-prefeito-reivindica-agilidade-do-fnde-na-analise-de-viabilidade-da-emei-parque-do-sol\/\",\"name\":\"Vice-prefeito reivindica agilidade do FNDE na an\u00e1lise de viabilidade da EMEI Parque do Sol - Secretaria de Capta\u00e7\u00e3o de Recursos\",\"isPartOf\":{\"@id\":\"https:\/\/www.pmpf.rs.gov.br\/secretariacaptacaorecursos\/#website\"},\"datePublished\":\"2022-03-15T18:26:06+00:00\",\"dateModified\":\"2022-03-15T18:26:07+00:00\",\"author\":{\"@id\":\"https:\/\/www.pmpf.rs.gov.br\/secretariacaptacaorecursos\/#\/schema\/person\/30ee1d1bd74da1469b01fcf086e43351\"},\"inLanguage\":\"pt-BR\",\"potentialAction\":[{\"@type\":\"ReadAction\",\"target\":[\"https:\/\/www.pmpf.rs.gov.br\/secretariacaptacaorecursos\/2022\/03\/15\/vice-prefeito-reivindica-agilidade-do-fnde-na-analise-de-viabilidade-da-emei-parque-do-sol\/\"]}]},{\"@type\":\"WebSite\",\"@id\":\"https:\/\/www.pmpf.rs.gov.br\/secretariacaptacaorecursos\/#website\",\"url\":\"https:\/\/www.pmpf.rs.gov.br\/secretariacaptacaorecursos\/\",\"name\":\"Secretaria de Capta\u00e7\u00e3o de Recursos\",\"description\":\"S\u00f3 mais um site Prefeitura de Passo Fundo\",\"potentialAction\":[{\"@type\":\"SearchAction\",\"target\":{\"@type\":\"EntryPoint\",\"urlTemplate\":\"https:\/\/www.pmpf.rs.gov.br\/secretariacaptacaorecursos\/?s={search_term_string}\"},\"query-input\":{\"@type\":\"PropertyValueSpecification\",\"valueRequired\":true,\"valueName\":\"search_term_string\"}}],\"inLanguage\":\"pt-BR\"},{\"@type\":\"Person\",\"@id\":\"https:\/\/www.pmpf.rs.gov.br\/secretariacaptacaorecursos\/#\/schema\/person\/30ee1d1bd74da1469b01fcf086e43351\",\"name\":\"andressazorzetto07\",\"image\":{\"@type\":\"ImageObject\",\"inLanguage\":\"pt-BR\",\"@id\":\"https:\/\/www.pmpf.rs.gov.br\/secretariacaptacaorecursos\/#\/schema\/person\/image\/\",\"url\":\"https:\/\/secure.gravatar.com\/avatar\/14c5458ed79dc81da99a13b9ff5f9f19?s=96&d=mm&r=g\",\"contentUrl\":\"https:\/\/secure.gravatar.com\/avatar\/14c5458ed79dc81da99a13b9ff5f9f19?s=96&d=mm&r=g\",\"caption\":\"andressazorzetto07\"},\"url\":\"https:\/\/www.pmpf.rs.gov.br\/secretariacaptacaorecursos\/author\/andressazorzetto07\/\"}]}<\/script>\n<!-- \/ Yoast SEO plugin. -->","yoast_head_json":{"title":"Vice-prefeito reivindica agilidade do FNDE na an\u00e1lise de viabilidade da EMEI Parque do Sol - Secretaria de Capta\u00e7\u00e3o de Recursos","robots":{"index":"index","follow":"follow","max-snippet":"max-snippet:-1","max-image-preview":"max-image-preview:large","max-video-preview":"max-video-preview:-1"},"canonical":"https:\/\/www.pmpf.rs.gov.br\/secretariacaptacaorecursos\/2022\/03\/15\/vice-prefeito-reivindica-agilidade-do-fnde-na-analise-de-viabilidade-da-emei-parque-do-sol\/","og_locale":"pt_BR","og_type":"article","og_title":"Vice-prefeito reivindica agilidade do FNDE na an\u00e1lise de viabilidade da EMEI Parque do Sol - Secretaria de Capta\u00e7\u00e3o de Recursos","og_description":"Cumprindo agenda em Bras\u00edlia, Jo\u00e3o Pedro Nunes discutiu a nova metodologia de constru\u00e7\u00e3o da obra, interrompida em 2016. Projeto apresentando a proposta havia sido entregue pelo prefeito, Pedro Almeida, recentemente ao Governo Federal","og_url":"https:\/\/www.pmpf.rs.gov.br\/secretariacaptacaorecursos\/2022\/03\/15\/vice-prefeito-reivindica-agilidade-do-fnde-na-analise-de-viabilidade-da-emei-parque-do-sol\/","og_site_name":"Secretaria de Capta\u00e7\u00e3o de Recursos","article_published_time":"2022-03-15T18:26:06+00:00","article_modified_time":"2022-03-15T18:26:07+00:00","author":"andressazorzetto07","twitter_card":"summary_large_image","twitter_misc":{"Escrito por":"andressazorzetto07","Est. tempo de leitura":"2 minutos"},"schema":{"@context":"https:\/\/schema.org","@graph":[{"@type":"WebPage","@id":"https:\/\/www.pmpf.rs.gov.br\/secretariacaptacaorecursos\/2022\/03\/15\/vice-prefeito-reivindica-agilidade-do-fnde-na-analise-de-viabilidade-da-emei-parque-do-sol\/","url":"https:\/\/www.pmpf.rs.gov.br\/secretariacaptacaorecursos\/2022\/03\/15\/vice-prefeito-reivindica-agilidade-do-fnde-na-analise-de-viabilidade-da-emei-parque-do-sol\/","name":"Vice-prefeito reivindica agilidade do FNDE na an\u00e1lise de viabilidade da EMEI Parque do Sol - Secretaria de Capta\u00e7\u00e3o de Recursos","isPartOf":{"@id":"https:\/\/www.pmpf.rs.gov.br\/secretariacaptacaorecursos\/#website"},"datePublished":"2022-03-15T18:26:06+00:00","dateModified":"2022-03-15T18:26:07+00:00","author":{"@id":"https:\/\/www.pmpf.rs.gov.br\/secretariacaptacaorecursos\/#\/schema\/person\/30ee1d1bd74da1469b01fcf086e43351"},"inLanguage":"pt-BR","potentialAction":[{"@type":"ReadAction","target":["https:\/\/www.pmpf.rs.gov.br\/secretariacaptacaorecursos\/2022\/03\/15\/vice-prefeito-reivindica-agilidade-do-fnde-na-analise-de-viabilidade-da-emei-parque-do-sol\/"]}]},{"@type":"WebSite","@id":"https:\/\/www.pmpf.rs.gov.br\/secretariacaptacaorecursos\/#website","url":"https:\/\/www.pmpf.rs.gov.br\/secretariacaptacaorecursos\/","name":"Secretaria de Capta\u00e7\u00e3o de Recursos","description":"S\u00f3 mais um site Prefeitura de Passo Fundo","potentialAction":[{"@type":"SearchAction","target":{"@type":"EntryPoint","urlTemplate":"https:\/\/www.pmpf.rs.gov.br\/secretariacaptacaorecursos\/?s={search_term_string}"},"query-input":{"@type":"PropertyValueSpecification","valueRequired":true,"valueName":"search_term_string"}}],"inLanguage":"pt-BR"},{"@type":"Person","@id":"https:\/\/www.pmpf.rs.gov.br\/secretariacaptacaorecursos\/#\/schema\/person\/30ee1d1bd74da1469b01fcf086e43351","name":"andressazorzetto07","image":{"@type":"ImageObject","inLanguage":"pt-BR","@id":"https:\/\/www.pmpf.rs.gov.br\/secretariacaptacaorecursos\/#\/schema\/person\/image\/","url":"https:\/\/secure.gravatar.com\/avatar\/14c5458ed79dc81da99a13b9ff5f9f19?s=96&d=mm&r=g","contentUrl":"https:\/\/secure.gravatar.com\/avatar\/14c5458ed79dc81da99a13b9ff5f9f19?s=96&d=mm&r=g","caption":"andressazorzetto07"},"url":"https:\/\/www.pmpf.rs.gov.br\/secretariacaptacaorecursos\/author\/andressazorzetto07\/"}]}},"_links":{"self":[{"href":"https:\/\/www.pmpf.rs.gov.br\/secretariacaptacaorecursos\/wp-json\/wp\/v2\/posts\/30"}],"collection":[{"href":"https:\/\/www.pmpf.rs.gov.br\/secretariacaptacaorecursos\/wp-json\/wp\/v2\/posts"}],"about":[{"href":"https:\/\/www.pmpf.rs.gov.br\/secretariacaptacaorecursos\/wp-json\/wp\/v2\/types\/post"}],"author":[{"embeddable":true,"href":"https:\/\/www.pmpf.rs.gov.br\/secretariacaptacaorecursos\/wp-json\/wp\/v2\/users\/6"}],"replies":[{"embeddable":true,"href":"https:\/\/www.pmpf.rs.gov.br\/secretariacaptacaorecursos\/wp-json\/wp\/v2\/comments?post=30"}],"version-history":[{"count":1,"href":"https:\/\/www.pmpf.rs.gov.br\/secretariacaptacaorecursos\/wp-json\/wp\/v2\/posts\/30\/revisions"}],"predecessor-version":[{"id":32,"href":"https:\/\/www.pmpf.rs.gov.br\/secretariacaptacaorecursos\/wp-json\/wp\/v2\/posts\/30\/revisions\/32"}],"wp:attachment":[{"href":"https:\/\/www.pmpf.rs.gov.br\/secretariacaptacaorecursos\/wp-json\/wp\/v2\/media?parent=30"}],"wp:term":[{"taxonomy":"category","embeddable":true,"href":"https:\/\/www.pmpf.rs.gov.br\/secretariacaptacaorecursos\/wp-json\/wp\/v2\/categories?post=30"},{"taxonomy":"post_tag","embeddable":true,"href":"https:\/\/www.pmpf.rs.gov.br\/secretariacaptacaorecursos\/wp-json\/wp\/v2\/tags?post=30"}],"curies":[{"name":"wp","href":"https:\/\/api.w.org\/{rel}","templated":true}]}}