{"id":1610,"date":"2025-12-03T10:40:16","date_gmt":"2025-12-03T13:40:16","guid":{"rendered":"https:\/\/www.pmpf.rs.gov.br\/secretaria-servicos-gerais\/?p=1610"},"modified":"2025-12-03T10:40:23","modified_gmt":"2025-12-03T13:40:23","slug":"programa-passo-fundo-eu-amo-eu-cuido-inicia-melhorias-no-parque-farroupilha-e-loteamento-manoel-corralo","status":"publish","type":"post","link":"https:\/\/www.pmpf.rs.gov.br\/secretaria-servicos-gerais\/2025\/12\/03\/programa-passo-fundo-eu-amo-eu-cuido-inicia-melhorias-no-parque-farroupilha-e-loteamento-manoel-corralo\/","title":{"rendered":"Programa \u201cPasso Fundo Eu Amo, Eu Cuido\u201d inicia melhorias no Parque Farroupilha e Loteamento Manoel Corralo"},"content":{"rendered":"\n<p><br>A Prefeitura de Passo Fundo iniciou, nesta semana, uma s\u00e9rie de melhorias no Parque Farroupilha e no Loteamento Manoel Corralo, dentro de mais uma edi\u00e7\u00e3o do programa \u201cPasso Fundo Eu Amo, Eu Cuido\u201d. A iniciativa tem como objetivo levar obras, revitaliza\u00e7\u00f5es e a\u00e7\u00f5es de conscientiza\u00e7\u00e3o para o cuidado com os bairros e os espa\u00e7os p\u00fablicos.<\/p>\n\n\n\n<p>O prefeito Pedro Almeida destacou a import\u00e2ncia do programa e do envolvimento da popula\u00e7\u00e3o. \u201cEstamos levando infraestrutura e servi\u00e7os p\u00fablicos de qualidade para os bairros, mas tamb\u00e9m refor\u00e7amos o chamado para que a popula\u00e7\u00e3o nos ajude a cuidar. Manter os espa\u00e7os limpos, preservar o que est\u00e1 sendo feito e valorizar os bens p\u00fablicos \u00e9 uma responsabilidade de todos\u201d, afirmou.<\/p>\n\n\n\n<ul class=\"wp-block-list\">\n<li>Infraestrutura e pavimenta\u00e7\u00e3o<br>A Secretaria de Obras est\u00e1 executando a Opera\u00e7\u00e3o Tapa-Buracos, servi\u00e7os de recapeamento, limpeza e desobstru\u00e7\u00e3o de bocas de lobo com substitui\u00e7\u00e3o de grades, al\u00e9m de novas canaliza\u00e7\u00f5es em pontos cr\u00edticos, especialmente onde h\u00e1 rompimento de tubula\u00e7\u00f5es e ac\u00famulo de \u00e1gua.<br>No Parque Farroupilha, as ruas Cristiano Machado, S\u00e3o Marcos, Dr. C\u00e2nova, Avenida Sinimbu, Tramanda\u00ed e S\u00e3o Judas Tadeu recebem asfalto e servi\u00e7os de meio-fio. No Loteamento Manoel Corralo, as interven\u00e7\u00f5es ocorrem na Avenida Perimetral e Travessa I.<\/li>\n\n\n\n<li>Zeladoria e limpeza urbana<br>A Secretaria de Servi\u00e7os Gerais atua com mutir\u00e3o de limpeza, ro\u00e7adas, podas de \u00e1rvores, manuten\u00e7\u00e3o da ilumina\u00e7\u00e3o p\u00fablica e revitaliza\u00e7\u00e3o do passeio p\u00fablico no entorno do campo de futebol. O programa tamb\u00e9m inclui o \u201cCidade Limpa\u201d, que disponibiliza cont\u00eaineres para o descarte de m\u00f3veis e res\u00edduos volumosos, junto a a\u00e7\u00f5es de conscientiza\u00e7\u00e3o ambiental.<\/li>\n\n\n\n<li>Seguran\u00e7a no tr\u00e2nsito e mobilidade<br>A Secretaria de Seguran\u00e7a P\u00fablica e Transportes est\u00e1 realizando melhorias na sinaliza\u00e7\u00e3o vi\u00e1ria com pintura e instala\u00e7\u00e3o de placas, coloca\u00e7\u00e3o de tach\u00f5es, avalia\u00e7\u00e3o t\u00e9cnica para implanta\u00e7\u00e3o de lombadas e redutores de velocidade, al\u00e9m da troca e instala\u00e7\u00e3o de novas paradas de \u00f4nibus.<\/li>\n<\/ul>\n\n\n\n<p>O programa \u201cEu Amo, Eu Cuido\u201d refor\u00e7a o compromisso da Prefeitura de Passo Fundo com a valoriza\u00e7\u00e3o dos bairros e a participa\u00e7\u00e3o ativa da comunidade na preserva\u00e7\u00e3o dos espa\u00e7os p\u00fablicos.<\/p>\n","protected":false},"excerpt":{"rendered":"<p>A\u00e7\u00f5es integram obras de infraestrutura, limpeza, mobilidade e conscientiza\u00e7\u00e3o comunit\u00e1ria<\/p>\n","protected":false},"author":24,"featured_media":1611,"comment_status":"closed","ping_status":"closed","sticky":false,"template":"","format":"standard","meta":{"footnotes":""},"categories":[1],"tags":[],"class_list":["post-1610","post","type-post","status-publish","format-standard","has-post-thumbnail","hentry","category-sem-categoria"],"yoast_head":"<!-- This site is optimized with the Yoast SEO plugin v23.8 - https:\/\/yoast.com\/wordpress\/plugins\/seo\/ -->\n<title>Programa \u201cPasso Fundo Eu Amo, Eu Cuido\u201d inicia melhorias no Parque Farroupilha e Loteamento Manoel Corralo - Secretaria de Servi\u00e7os Gerais<\/title>\n<meta name=\"robots\" content=\"index, follow, max-snippet:-1, max-image-preview:large, max-video-preview:-1\" \/>\n<link rel=\"canonical\" href=\"https:\/\/www.pmpf.rs.gov.br\/secretaria-servicos-gerais\/2025\/12\/03\/programa-passo-fundo-eu-amo-eu-cuido-inicia-melhorias-no-parque-farroupilha-e-loteamento-manoel-corralo\/\" \/>\n<meta property=\"og:locale\" content=\"pt_BR\" \/>\n<meta property=\"og:type\" content=\"article\" \/>\n<meta property=\"og:title\" content=\"Programa \u201cPasso Fundo Eu Amo, Eu Cuido\u201d inicia melhorias no Parque Farroupilha e Loteamento Manoel Corralo - Secretaria de Servi\u00e7os Gerais\" \/>\n<meta property=\"og:description\" content=\"A\u00e7\u00f5es integram obras de infraestrutura, limpeza, mobilidade e conscientiza\u00e7\u00e3o comunit\u00e1ria\" \/>\n<meta property=\"og:url\" content=\"https:\/\/www.pmpf.rs.gov.br\/secretaria-servicos-gerais\/2025\/12\/03\/programa-passo-fundo-eu-amo-eu-cuido-inicia-melhorias-no-parque-farroupilha-e-loteamento-manoel-corralo\/\" \/>\n<meta property=\"og:site_name\" content=\"Secretaria de Servi\u00e7os Gerais\" \/>\n<meta property=\"article:published_time\" content=\"2025-12-03T13:40:16+00:00\" \/>\n<meta property=\"article:modified_time\" content=\"2025-12-03T13:40:23+00:00\" \/>\n<meta name=\"author\" content=\"lilicrivello\" \/>\n<meta name=\"twitter:card\" content=\"summary_large_image\" \/>\n<meta name=\"twitter:label1\" content=\"Escrito por\" \/>\n\t<meta name=\"twitter:data1\" content=\"lilicrivello\" \/>\n\t<meta name=\"twitter:label2\" content=\"Est. tempo de leitura\" \/>\n\t<meta name=\"twitter:data2\" content=\"2 minutos\" \/>\n<script type=\"application\/ld+json\" class=\"yoast-schema-graph\">{\"@context\":\"https:\/\/schema.org\",\"@graph\":[{\"@type\":\"WebPage\",\"@id\":\"https:\/\/www.pmpf.rs.gov.br\/secretaria-servicos-gerais\/2025\/12\/03\/programa-passo-fundo-eu-amo-eu-cuido-inicia-melhorias-no-parque-farroupilha-e-loteamento-manoel-corralo\/\",\"url\":\"https:\/\/www.pmpf.rs.gov.br\/secretaria-servicos-gerais\/2025\/12\/03\/programa-passo-fundo-eu-amo-eu-cuido-inicia-melhorias-no-parque-farroupilha-e-loteamento-manoel-corralo\/\",\"name\":\"Programa \u201cPasso Fundo Eu Amo, Eu Cuido\u201d inicia melhorias no Parque Farroupilha e Loteamento Manoel Corralo - Secretaria de Servi\u00e7os Gerais\",\"isPartOf\":{\"@id\":\"https:\/\/www.pmpf.rs.gov.br\/secretaria-servicos-gerais\/#website\"},\"primaryImageOfPage\":{\"@id\":\"https:\/\/www.pmpf.rs.gov.br\/secretaria-servicos-gerais\/2025\/12\/03\/programa-passo-fundo-eu-amo-eu-cuido-inicia-melhorias-no-parque-farroupilha-e-loteamento-manoel-corralo\/#primaryimage\"},\"image\":{\"@id\":\"https:\/\/www.pmpf.rs.gov.br\/secretaria-servicos-gerais\/2025\/12\/03\/programa-passo-fundo-eu-amo-eu-cuido-inicia-melhorias-no-parque-farroupilha-e-loteamento-manoel-corralo\/#primaryimage\"},\"thumbnailUrl\":\"https:\/\/www.pmpf.rs.gov.br\/secretaria-servicos-gerais\/wp-content\/uploads\/sites\/55\/2025\/12\/Captura-de-tela-2025-12-03-103949.png\",\"datePublished\":\"2025-12-03T13:40:16+00:00\",\"dateModified\":\"2025-12-03T13:40:23+00:00\",\"author\":{\"@id\":\"https:\/\/www.pmpf.rs.gov.br\/secretaria-servicos-gerais\/#\/schema\/person\/6e93b0ab2174b69f691ac4f278ba2d0a\"},\"breadcrumb\":{\"@id\":\"https:\/\/www.pmpf.rs.gov.br\/secretaria-servicos-gerais\/2025\/12\/03\/programa-passo-fundo-eu-amo-eu-cuido-inicia-melhorias-no-parque-farroupilha-e-loteamento-manoel-corralo\/#breadcrumb\"},\"inLanguage\":\"pt-BR\",\"potentialAction\":[{\"@type\":\"ReadAction\",\"target\":[\"https:\/\/www.pmpf.rs.gov.br\/secretaria-servicos-gerais\/2025\/12\/03\/programa-passo-fundo-eu-amo-eu-cuido-inicia-melhorias-no-parque-farroupilha-e-loteamento-manoel-corralo\/\"]}]},{\"@type\":\"ImageObject\",\"inLanguage\":\"pt-BR\",\"@id\":\"https:\/\/www.pmpf.rs.gov.br\/secretaria-servicos-gerais\/2025\/12\/03\/programa-passo-fundo-eu-amo-eu-cuido-inicia-melhorias-no-parque-farroupilha-e-loteamento-manoel-corralo\/#primaryimage\",\"url\":\"https:\/\/www.pmpf.rs.gov.br\/secretaria-servicos-gerais\/wp-content\/uploads\/sites\/55\/2025\/12\/Captura-de-tela-2025-12-03-103949.png\",\"contentUrl\":\"https:\/\/www.pmpf.rs.gov.br\/secretaria-servicos-gerais\/wp-content\/uploads\/sites\/55\/2025\/12\/Captura-de-tela-2025-12-03-103949.png\",\"width\":1066,\"height\":695},{\"@type\":\"BreadcrumbList\",\"@id\":\"https:\/\/www.pmpf.rs.gov.br\/secretaria-servicos-gerais\/2025\/12\/03\/programa-passo-fundo-eu-amo-eu-cuido-inicia-melhorias-no-parque-farroupilha-e-loteamento-manoel-corralo\/#breadcrumb\",\"itemListElement\":[{\"@type\":\"ListItem\",\"position\":1,\"name\":\"In\u00edcio\",\"item\":\"https:\/\/www.pmpf.rs.gov.br\/secretaria-servicos-gerais\/\"},{\"@type\":\"ListItem\",\"position\":2,\"name\":\"Programa \u201cPasso Fundo Eu Amo, Eu Cuido\u201d inicia melhorias no Parque Farroupilha e Loteamento Manoel Corralo\"}]},{\"@type\":\"WebSite\",\"@id\":\"https:\/\/www.pmpf.rs.gov.br\/secretaria-servicos-gerais\/#website\",\"url\":\"https:\/\/www.pmpf.rs.gov.br\/secretaria-servicos-gerais\/\",\"name\":\"Secretaria de Servi\u00e7os Gerais\",\"description\":\"S\u00f3 mais um site Prefeitura de Passo Fundo\",\"potentialAction\":[{\"@type\":\"SearchAction\",\"target\":{\"@type\":\"EntryPoint\",\"urlTemplate\":\"https:\/\/www.pmpf.rs.gov.br\/secretaria-servicos-gerais\/?s={search_term_string}\"},\"query-input\":{\"@type\":\"PropertyValueSpecification\",\"valueRequired\":true,\"valueName\":\"search_term_string\"}}],\"inLanguage\":\"pt-BR\"},{\"@type\":\"Person\",\"@id\":\"https:\/\/www.pmpf.rs.gov.br\/secretaria-servicos-gerais\/#\/schema\/person\/6e93b0ab2174b69f691ac4f278ba2d0a\",\"name\":\"lilicrivello\",\"image\":{\"@type\":\"ImageObject\",\"inLanguage\":\"pt-BR\",\"@id\":\"https:\/\/www.pmpf.rs.gov.br\/secretaria-servicos-gerais\/#\/schema\/person\/image\/\",\"url\":\"https:\/\/secure.gravatar.com\/avatar\/0b546b667388f8edb7b67d70a57b5e46?s=96&d=mm&r=g\",\"contentUrl\":\"https:\/\/secure.gravatar.com\/avatar\/0b546b667388f8edb7b67d70a57b5e46?s=96&d=mm&r=g\",\"caption\":\"lilicrivello\"},\"url\":\"https:\/\/www.pmpf.rs.gov.br\/secretaria-servicos-gerais\/author\/lilicrivello\/\"}]}<\/script>\n<!-- \/ Yoast SEO plugin. -->","yoast_head_json":{"title":"Programa \u201cPasso Fundo Eu Amo, Eu Cuido\u201d inicia melhorias no Parque Farroupilha e Loteamento Manoel Corralo - Secretaria de Servi\u00e7os Gerais","robots":{"index":"index","follow":"follow","max-snippet":"max-snippet:-1","max-image-preview":"max-image-preview:large","max-video-preview":"max-video-preview:-1"},"canonical":"https:\/\/www.pmpf.rs.gov.br\/secretaria-servicos-gerais\/2025\/12\/03\/programa-passo-fundo-eu-amo-eu-cuido-inicia-melhorias-no-parque-farroupilha-e-loteamento-manoel-corralo\/","og_locale":"pt_BR","og_type":"article","og_title":"Programa \u201cPasso Fundo Eu Amo, Eu Cuido\u201d inicia melhorias no Parque Farroupilha e Loteamento Manoel Corralo - Secretaria de Servi\u00e7os Gerais","og_description":"A\u00e7\u00f5es integram obras de infraestrutura, limpeza, mobilidade e conscientiza\u00e7\u00e3o comunit\u00e1ria","og_url":"https:\/\/www.pmpf.rs.gov.br\/secretaria-servicos-gerais\/2025\/12\/03\/programa-passo-fundo-eu-amo-eu-cuido-inicia-melhorias-no-parque-farroupilha-e-loteamento-manoel-corralo\/","og_site_name":"Secretaria de Servi\u00e7os Gerais","article_published_time":"2025-12-03T13:40:16+00:00","article_modified_time":"2025-12-03T13:40:23+00:00","author":"lilicrivello","twitter_card":"summary_large_image","twitter_misc":{"Escrito por":"lilicrivello","Est. tempo de leitura":"2 minutos"},"schema":{"@context":"https:\/\/schema.org","@graph":[{"@type":"WebPage","@id":"https:\/\/www.pmpf.rs.gov.br\/secretaria-servicos-gerais\/2025\/12\/03\/programa-passo-fundo-eu-amo-eu-cuido-inicia-melhorias-no-parque-farroupilha-e-loteamento-manoel-corralo\/","url":"https:\/\/www.pmpf.rs.gov.br\/secretaria-servicos-gerais\/2025\/12\/03\/programa-passo-fundo-eu-amo-eu-cuido-inicia-melhorias-no-parque-farroupilha-e-loteamento-manoel-corralo\/","name":"Programa \u201cPasso Fundo Eu Amo, Eu Cuido\u201d inicia melhorias no Parque Farroupilha e Loteamento Manoel Corralo - Secretaria de Servi\u00e7os Gerais","isPartOf":{"@id":"https:\/\/www.pmpf.rs.gov.br\/secretaria-servicos-gerais\/#website"},"primaryImageOfPage":{"@id":"https:\/\/www.pmpf.rs.gov.br\/secretaria-servicos-gerais\/2025\/12\/03\/programa-passo-fundo-eu-amo-eu-cuido-inicia-melhorias-no-parque-farroupilha-e-loteamento-manoel-corralo\/#primaryimage"},"image":{"@id":"https:\/\/www.pmpf.rs.gov.br\/secretaria-servicos-gerais\/2025\/12\/03\/programa-passo-fundo-eu-amo-eu-cuido-inicia-melhorias-no-parque-farroupilha-e-loteamento-manoel-corralo\/#primaryimage"},"thumbnailUrl":"https:\/\/www.pmpf.rs.gov.br\/secretaria-servicos-gerais\/wp-content\/uploads\/sites\/55\/2025\/12\/Captura-de-tela-2025-12-03-103949.png","datePublished":"2025-12-03T13:40:16+00:00","dateModified":"2025-12-03T13:40:23+00:00","author":{"@id":"https:\/\/www.pmpf.rs.gov.br\/secretaria-servicos-gerais\/#\/schema\/person\/6e93b0ab2174b69f691ac4f278ba2d0a"},"breadcrumb":{"@id":"https:\/\/www.pmpf.rs.gov.br\/secretaria-servicos-gerais\/2025\/12\/03\/programa-passo-fundo-eu-amo-eu-cuido-inicia-melhorias-no-parque-farroupilha-e-loteamento-manoel-corralo\/#breadcrumb"},"inLanguage":"pt-BR","potentialAction":[{"@type":"ReadAction","target":["https:\/\/www.pmpf.rs.gov.br\/secretaria-servicos-gerais\/2025\/12\/03\/programa-passo-fundo-eu-amo-eu-cuido-inicia-melhorias-no-parque-farroupilha-e-loteamento-manoel-corralo\/"]}]},{"@type":"ImageObject","inLanguage":"pt-BR","@id":"https:\/\/www.pmpf.rs.gov.br\/secretaria-servicos-gerais\/2025\/12\/03\/programa-passo-fundo-eu-amo-eu-cuido-inicia-melhorias-no-parque-farroupilha-e-loteamento-manoel-corralo\/#primaryimage","url":"https:\/\/www.pmpf.rs.gov.br\/secretaria-servicos-gerais\/wp-content\/uploads\/sites\/55\/2025\/12\/Captura-de-tela-2025-12-03-103949.png","contentUrl":"https:\/\/www.pmpf.rs.gov.br\/secretaria-servicos-gerais\/wp-content\/uploads\/sites\/55\/2025\/12\/Captura-de-tela-2025-12-03-103949.png","width":1066,"height":695},{"@type":"BreadcrumbList","@id":"https:\/\/www.pmpf.rs.gov.br\/secretaria-servicos-gerais\/2025\/12\/03\/programa-passo-fundo-eu-amo-eu-cuido-inicia-melhorias-no-parque-farroupilha-e-loteamento-manoel-corralo\/#breadcrumb","itemListElement":[{"@type":"ListItem","position":1,"name":"In\u00edcio","item":"https:\/\/www.pmpf.rs.gov.br\/secretaria-servicos-gerais\/"},{"@type":"ListItem","position":2,"name":"Programa \u201cPasso Fundo Eu Amo, Eu Cuido\u201d inicia melhorias no Parque Farroupilha e Loteamento Manoel Corralo"}]},{"@type":"WebSite","@id":"https:\/\/www.pmpf.rs.gov.br\/secretaria-servicos-gerais\/#website","url":"https:\/\/www.pmpf.rs.gov.br\/secretaria-servicos-gerais\/","name":"Secretaria de Servi\u00e7os Gerais","description":"S\u00f3 mais um site Prefeitura de Passo Fundo","potentialAction":[{"@type":"SearchAction","target":{"@type":"EntryPoint","urlTemplate":"https:\/\/www.pmpf.rs.gov.br\/secretaria-servicos-gerais\/?s={search_term_string}"},"query-input":{"@type":"PropertyValueSpecification","valueRequired":true,"valueName":"search_term_string"}}],"inLanguage":"pt-BR"},{"@type":"Person","@id":"https:\/\/www.pmpf.rs.gov.br\/secretaria-servicos-gerais\/#\/schema\/person\/6e93b0ab2174b69f691ac4f278ba2d0a","name":"lilicrivello","image":{"@type":"ImageObject","inLanguage":"pt-BR","@id":"https:\/\/www.pmpf.rs.gov.br\/secretaria-servicos-gerais\/#\/schema\/person\/image\/","url":"https:\/\/secure.gravatar.com\/avatar\/0b546b667388f8edb7b67d70a57b5e46?s=96&d=mm&r=g","contentUrl":"https:\/\/secure.gravatar.com\/avatar\/0b546b667388f8edb7b67d70a57b5e46?s=96&d=mm&r=g","caption":"lilicrivello"},"url":"https:\/\/www.pmpf.rs.gov.br\/secretaria-servicos-gerais\/author\/lilicrivello\/"}]}},"_links":{"self":[{"href":"https:\/\/www.pmpf.rs.gov.br\/secretaria-servicos-gerais\/wp-json\/wp\/v2\/posts\/1610"}],"collection":[{"href":"https:\/\/www.pmpf.rs.gov.br\/secretaria-servicos-gerais\/wp-json\/wp\/v2\/posts"}],"about":[{"href":"https:\/\/www.pmpf.rs.gov.br\/secretaria-servicos-gerais\/wp-json\/wp\/v2\/types\/post"}],"author":[{"embeddable":true,"href":"https:\/\/www.pmpf.rs.gov.br\/secretaria-servicos-gerais\/wp-json\/wp\/v2\/users\/24"}],"replies":[{"embeddable":true,"href":"https:\/\/www.pmpf.rs.gov.br\/secretaria-servicos-gerais\/wp-json\/wp\/v2\/comments?post=1610"}],"version-history":[{"count":1,"href":"https:\/\/www.pmpf.rs.gov.br\/secretaria-servicos-gerais\/wp-json\/wp\/v2\/posts\/1610\/revisions"}],"predecessor-version":[{"id":1612,"href":"https:\/\/www.pmpf.rs.gov.br\/secretaria-servicos-gerais\/wp-json\/wp\/v2\/posts\/1610\/revisions\/1612"}],"wp:featuredmedia":[{"embeddable":true,"href":"https:\/\/www.pmpf.rs.gov.br\/secretaria-servicos-gerais\/wp-json\/wp\/v2\/media\/1611"}],"wp:attachment":[{"href":"https:\/\/www.pmpf.rs.gov.br\/secretaria-servicos-gerais\/wp-json\/wp\/v2\/media?parent=1610"}],"wp:term":[{"taxonomy":"category","embeddable":true,"href":"https:\/\/www.pmpf.rs.gov.br\/secretaria-servicos-gerais\/wp-json\/wp\/v2\/categories?post=1610"},{"taxonomy":"post_tag","embeddable":true,"href":"https:\/\/www.pmpf.rs.gov.br\/secretaria-servicos-gerais\/wp-json\/wp\/v2\/tags?post=1610"}],"curies":[{"name":"wp","href":"https:\/\/api.w.org\/{rel}","templated":true}]}}