{"id":1607,"date":"2025-11-21T09:19:12","date_gmt":"2025-11-21T12:19:12","guid":{"rendered":"https:\/\/www.pmpf.rs.gov.br\/secretaria-servicos-gerais\/?p=1607"},"modified":"2025-11-21T09:19:17","modified_gmt":"2025-11-21T12:19:17","slug":"prefeito-entrega-novos-equipamentos-para-reforcar-a-limpeza-urbana","status":"publish","type":"post","link":"https:\/\/www.pmpf.rs.gov.br\/secretaria-servicos-gerais\/2025\/11\/21\/prefeito-entrega-novos-equipamentos-para-reforcar-a-limpeza-urbana\/","title":{"rendered":"Prefeito entrega novos equipamentos para refor\u00e7ar a limpeza urbana"},"content":{"rendered":"\n<p><\/p>\n\n\n\n<p>Na manh\u00e3 desta quarta-feira (19), o prefeito de Passo Fundo, Pedro Almeida, realizou a entrega de novos equipamentos para a Secretaria de Servi\u00e7os Gerais, respons\u00e1vel pela limpeza e manuten\u00e7\u00e3o de espa\u00e7os p\u00fablicos da cidade. A entrega contempla 14 novos cont\u00eaineres para o recolhimento de res\u00edduos como eco pontos m\u00f3veis e um caminh\u00e3o poliguindaste, que ser\u00e1 utilizado no transporte das caixas e em outros servi\u00e7os de zeladoria urbana.<\/p>\n\n\n\n<p>Os novos equipamentos fazem parte do programa \u201cCidade Limpa\u201d, que atua diretamente nos bairros, oferecendo suporte para o descarte correto de m\u00f3veis, entulhos e res\u00edduos volumosos com os novos eco pontos m\u00f3veis.<\/p>\n\n\n\n<p>\u201cO investimento em novos equipamentos \u00e9 fundamental para oferecer melhores condi\u00e7\u00f5es de trabalho aos nossos servidores, com mais seguran\u00e7a e efici\u00eancia. Al\u00e9m disso, amplia nossa capacidade de atendimento nos bairros. Com esses novos cont\u00eaineres, chegamos a mais de 28 unidades dispon\u00edveis para a comunidade, evitando o descarte irregular nas ruas\u201d, destacou o prefeito Pedro Almeida. \u201cTamb\u00e9m \u00e9 essencial que a popula\u00e7\u00e3o fa\u00e7a sua parte, utilizando os locais corretos para o descarte, contribuindo com a limpeza da cidade\u201d, refor\u00e7ou.<\/p>\n\n\n\n<p>O secret\u00e1rio de Servi\u00e7os Gerais, Alexandre de Mello, ressaltou os avan\u00e7os conquistados nos \u00faltimos anos. \u201cCom mais equipamentos e equipes refor\u00e7adas, conseguimos melhorar a rotina de atendimento e ampliar os servi\u00e7os. A chegada de mais cont\u00eaineres e do novo caminh\u00e3o poliguindaste garante agilidade, organiza\u00e7\u00e3o e mais qualidade na limpeza urbana. Ganha o servidor e ganha toda a comunidade\u201d, afirmou.<\/p>\n\n\n\n<p>Alexandre ressaltou a import\u00e2ncia dos investimentos realizados na estrutura de maquin\u00e1rios da secretaria durante a gest\u00e3o do prefeito Pedro Almeida. Segundo ele, o refor\u00e7o no parque de equipamentos demonstra o compromisso da administra\u00e7\u00e3o com o cuidado di\u00e1rio da cidade e com a melhoria dos servi\u00e7os prestados \u00e0 popula\u00e7\u00e3o.<\/p>\n\n\n\n<p>Entre as novas aquisi\u00e7\u00f5es est\u00e3o dois caminh\u00f5es semileves, um caminh\u00e3o ca\u00e7amba, uma retroescavadeira, um caminh\u00e3o cesto, duas picapes, dois ve\u00edculos leves, um triturador, um micro-\u00f4nibus e um caminh\u00e3o poliguindaste. Esse conjunto de m\u00e1quinas e ve\u00edculos ampliou a capacidade de trabalho da secretaria.<\/p>\n","protected":false},"excerpt":{"rendered":"<p>Programa Cidade Limpa recebe um novo caminh\u00e3o e 14 cont\u00eaineres<\/p>\n","protected":false},"author":24,"featured_media":1608,"comment_status":"closed","ping_status":"closed","sticky":false,"template":"","format":"standard","meta":{"footnotes":""},"categories":[1],"tags":[],"class_list":["post-1607","post","type-post","status-publish","format-standard","has-post-thumbnail","hentry","category-sem-categoria"],"yoast_head":"<!-- This site is optimized with the Yoast SEO plugin v23.8 - https:\/\/yoast.com\/wordpress\/plugins\/seo\/ -->\n<title>Prefeito entrega novos equipamentos para refor\u00e7ar a limpeza urbana - Secretaria de Servi\u00e7os Gerais<\/title>\n<meta name=\"robots\" content=\"index, follow, max-snippet:-1, max-image-preview:large, max-video-preview:-1\" \/>\n<link rel=\"canonical\" href=\"https:\/\/www.pmpf.rs.gov.br\/secretaria-servicos-gerais\/2025\/11\/21\/prefeito-entrega-novos-equipamentos-para-reforcar-a-limpeza-urbana\/\" \/>\n<meta property=\"og:locale\" content=\"pt_BR\" \/>\n<meta property=\"og:type\" content=\"article\" \/>\n<meta property=\"og:title\" content=\"Prefeito entrega novos equipamentos para refor\u00e7ar a limpeza urbana - Secretaria de Servi\u00e7os Gerais\" \/>\n<meta property=\"og:description\" content=\"Programa Cidade Limpa recebe um novo caminh\u00e3o e 14 cont\u00eaineres\" \/>\n<meta property=\"og:url\" content=\"https:\/\/www.pmpf.rs.gov.br\/secretaria-servicos-gerais\/2025\/11\/21\/prefeito-entrega-novos-equipamentos-para-reforcar-a-limpeza-urbana\/\" \/>\n<meta property=\"og:site_name\" content=\"Secretaria de Servi\u00e7os Gerais\" \/>\n<meta property=\"article:published_time\" content=\"2025-11-21T12:19:12+00:00\" \/>\n<meta property=\"article:modified_time\" content=\"2025-11-21T12:19:17+00:00\" \/>\n<meta name=\"author\" content=\"lilicrivello\" \/>\n<meta name=\"twitter:card\" content=\"summary_large_image\" \/>\n<meta name=\"twitter:label1\" content=\"Escrito por\" \/>\n\t<meta name=\"twitter:data1\" content=\"lilicrivello\" \/>\n\t<meta name=\"twitter:label2\" content=\"Est. tempo de leitura\" \/>\n\t<meta name=\"twitter:data2\" content=\"2 minutos\" \/>\n<script type=\"application\/ld+json\" class=\"yoast-schema-graph\">{\"@context\":\"https:\/\/schema.org\",\"@graph\":[{\"@type\":\"WebPage\",\"@id\":\"https:\/\/www.pmpf.rs.gov.br\/secretaria-servicos-gerais\/2025\/11\/21\/prefeito-entrega-novos-equipamentos-para-reforcar-a-limpeza-urbana\/\",\"url\":\"https:\/\/www.pmpf.rs.gov.br\/secretaria-servicos-gerais\/2025\/11\/21\/prefeito-entrega-novos-equipamentos-para-reforcar-a-limpeza-urbana\/\",\"name\":\"Prefeito entrega novos equipamentos para refor\u00e7ar a limpeza urbana - Secretaria de Servi\u00e7os Gerais\",\"isPartOf\":{\"@id\":\"https:\/\/www.pmpf.rs.gov.br\/secretaria-servicos-gerais\/#website\"},\"primaryImageOfPage\":{\"@id\":\"https:\/\/www.pmpf.rs.gov.br\/secretaria-servicos-gerais\/2025\/11\/21\/prefeito-entrega-novos-equipamentos-para-reforcar-a-limpeza-urbana\/#primaryimage\"},\"image\":{\"@id\":\"https:\/\/www.pmpf.rs.gov.br\/secretaria-servicos-gerais\/2025\/11\/21\/prefeito-entrega-novos-equipamentos-para-reforcar-a-limpeza-urbana\/#primaryimage\"},\"thumbnailUrl\":\"https:\/\/www.pmpf.rs.gov.br\/secretaria-servicos-gerais\/wp-content\/uploads\/sites\/55\/2025\/11\/Captura-de-tela-2025-11-21-091838.png\",\"datePublished\":\"2025-11-21T12:19:12+00:00\",\"dateModified\":\"2025-11-21T12:19:17+00:00\",\"author\":{\"@id\":\"https:\/\/www.pmpf.rs.gov.br\/secretaria-servicos-gerais\/#\/schema\/person\/6e93b0ab2174b69f691ac4f278ba2d0a\"},\"breadcrumb\":{\"@id\":\"https:\/\/www.pmpf.rs.gov.br\/secretaria-servicos-gerais\/2025\/11\/21\/prefeito-entrega-novos-equipamentos-para-reforcar-a-limpeza-urbana\/#breadcrumb\"},\"inLanguage\":\"pt-BR\",\"potentialAction\":[{\"@type\":\"ReadAction\",\"target\":[\"https:\/\/www.pmpf.rs.gov.br\/secretaria-servicos-gerais\/2025\/11\/21\/prefeito-entrega-novos-equipamentos-para-reforcar-a-limpeza-urbana\/\"]}]},{\"@type\":\"ImageObject\",\"inLanguage\":\"pt-BR\",\"@id\":\"https:\/\/www.pmpf.rs.gov.br\/secretaria-servicos-gerais\/2025\/11\/21\/prefeito-entrega-novos-equipamentos-para-reforcar-a-limpeza-urbana\/#primaryimage\",\"url\":\"https:\/\/www.pmpf.rs.gov.br\/secretaria-servicos-gerais\/wp-content\/uploads\/sites\/55\/2025\/11\/Captura-de-tela-2025-11-21-091838.png\",\"contentUrl\":\"https:\/\/www.pmpf.rs.gov.br\/secretaria-servicos-gerais\/wp-content\/uploads\/sites\/55\/2025\/11\/Captura-de-tela-2025-11-21-091838.png\",\"width\":1006,\"height\":664},{\"@type\":\"BreadcrumbList\",\"@id\":\"https:\/\/www.pmpf.rs.gov.br\/secretaria-servicos-gerais\/2025\/11\/21\/prefeito-entrega-novos-equipamentos-para-reforcar-a-limpeza-urbana\/#breadcrumb\",\"itemListElement\":[{\"@type\":\"ListItem\",\"position\":1,\"name\":\"In\u00edcio\",\"item\":\"https:\/\/www.pmpf.rs.gov.br\/secretaria-servicos-gerais\/\"},{\"@type\":\"ListItem\",\"position\":2,\"name\":\"Prefeito entrega novos equipamentos para refor\u00e7ar a limpeza urbana\"}]},{\"@type\":\"WebSite\",\"@id\":\"https:\/\/www.pmpf.rs.gov.br\/secretaria-servicos-gerais\/#website\",\"url\":\"https:\/\/www.pmpf.rs.gov.br\/secretaria-servicos-gerais\/\",\"name\":\"Secretaria de Servi\u00e7os Gerais\",\"description\":\"S\u00f3 mais um site Prefeitura de Passo Fundo\",\"potentialAction\":[{\"@type\":\"SearchAction\",\"target\":{\"@type\":\"EntryPoint\",\"urlTemplate\":\"https:\/\/www.pmpf.rs.gov.br\/secretaria-servicos-gerais\/?s={search_term_string}\"},\"query-input\":{\"@type\":\"PropertyValueSpecification\",\"valueRequired\":true,\"valueName\":\"search_term_string\"}}],\"inLanguage\":\"pt-BR\"},{\"@type\":\"Person\",\"@id\":\"https:\/\/www.pmpf.rs.gov.br\/secretaria-servicos-gerais\/#\/schema\/person\/6e93b0ab2174b69f691ac4f278ba2d0a\",\"name\":\"lilicrivello\",\"image\":{\"@type\":\"ImageObject\",\"inLanguage\":\"pt-BR\",\"@id\":\"https:\/\/www.pmpf.rs.gov.br\/secretaria-servicos-gerais\/#\/schema\/person\/image\/\",\"url\":\"https:\/\/secure.gravatar.com\/avatar\/0b546b667388f8edb7b67d70a57b5e46?s=96&d=mm&r=g\",\"contentUrl\":\"https:\/\/secure.gravatar.com\/avatar\/0b546b667388f8edb7b67d70a57b5e46?s=96&d=mm&r=g\",\"caption\":\"lilicrivello\"},\"url\":\"https:\/\/www.pmpf.rs.gov.br\/secretaria-servicos-gerais\/author\/lilicrivello\/\"}]}<\/script>\n<!-- \/ Yoast SEO plugin. -->","yoast_head_json":{"title":"Prefeito entrega novos equipamentos para refor\u00e7ar a limpeza urbana - Secretaria de Servi\u00e7os Gerais","robots":{"index":"index","follow":"follow","max-snippet":"max-snippet:-1","max-image-preview":"max-image-preview:large","max-video-preview":"max-video-preview:-1"},"canonical":"https:\/\/www.pmpf.rs.gov.br\/secretaria-servicos-gerais\/2025\/11\/21\/prefeito-entrega-novos-equipamentos-para-reforcar-a-limpeza-urbana\/","og_locale":"pt_BR","og_type":"article","og_title":"Prefeito entrega novos equipamentos para refor\u00e7ar a limpeza urbana - Secretaria de Servi\u00e7os Gerais","og_description":"Programa Cidade Limpa recebe um novo caminh\u00e3o e 14 cont\u00eaineres","og_url":"https:\/\/www.pmpf.rs.gov.br\/secretaria-servicos-gerais\/2025\/11\/21\/prefeito-entrega-novos-equipamentos-para-reforcar-a-limpeza-urbana\/","og_site_name":"Secretaria de Servi\u00e7os Gerais","article_published_time":"2025-11-21T12:19:12+00:00","article_modified_time":"2025-11-21T12:19:17+00:00","author":"lilicrivello","twitter_card":"summary_large_image","twitter_misc":{"Escrito por":"lilicrivello","Est. tempo de leitura":"2 minutos"},"schema":{"@context":"https:\/\/schema.org","@graph":[{"@type":"WebPage","@id":"https:\/\/www.pmpf.rs.gov.br\/secretaria-servicos-gerais\/2025\/11\/21\/prefeito-entrega-novos-equipamentos-para-reforcar-a-limpeza-urbana\/","url":"https:\/\/www.pmpf.rs.gov.br\/secretaria-servicos-gerais\/2025\/11\/21\/prefeito-entrega-novos-equipamentos-para-reforcar-a-limpeza-urbana\/","name":"Prefeito entrega novos equipamentos para refor\u00e7ar a limpeza urbana - Secretaria de Servi\u00e7os Gerais","isPartOf":{"@id":"https:\/\/www.pmpf.rs.gov.br\/secretaria-servicos-gerais\/#website"},"primaryImageOfPage":{"@id":"https:\/\/www.pmpf.rs.gov.br\/secretaria-servicos-gerais\/2025\/11\/21\/prefeito-entrega-novos-equipamentos-para-reforcar-a-limpeza-urbana\/#primaryimage"},"image":{"@id":"https:\/\/www.pmpf.rs.gov.br\/secretaria-servicos-gerais\/2025\/11\/21\/prefeito-entrega-novos-equipamentos-para-reforcar-a-limpeza-urbana\/#primaryimage"},"thumbnailUrl":"https:\/\/www.pmpf.rs.gov.br\/secretaria-servicos-gerais\/wp-content\/uploads\/sites\/55\/2025\/11\/Captura-de-tela-2025-11-21-091838.png","datePublished":"2025-11-21T12:19:12+00:00","dateModified":"2025-11-21T12:19:17+00:00","author":{"@id":"https:\/\/www.pmpf.rs.gov.br\/secretaria-servicos-gerais\/#\/schema\/person\/6e93b0ab2174b69f691ac4f278ba2d0a"},"breadcrumb":{"@id":"https:\/\/www.pmpf.rs.gov.br\/secretaria-servicos-gerais\/2025\/11\/21\/prefeito-entrega-novos-equipamentos-para-reforcar-a-limpeza-urbana\/#breadcrumb"},"inLanguage":"pt-BR","potentialAction":[{"@type":"ReadAction","target":["https:\/\/www.pmpf.rs.gov.br\/secretaria-servicos-gerais\/2025\/11\/21\/prefeito-entrega-novos-equipamentos-para-reforcar-a-limpeza-urbana\/"]}]},{"@type":"ImageObject","inLanguage":"pt-BR","@id":"https:\/\/www.pmpf.rs.gov.br\/secretaria-servicos-gerais\/2025\/11\/21\/prefeito-entrega-novos-equipamentos-para-reforcar-a-limpeza-urbana\/#primaryimage","url":"https:\/\/www.pmpf.rs.gov.br\/secretaria-servicos-gerais\/wp-content\/uploads\/sites\/55\/2025\/11\/Captura-de-tela-2025-11-21-091838.png","contentUrl":"https:\/\/www.pmpf.rs.gov.br\/secretaria-servicos-gerais\/wp-content\/uploads\/sites\/55\/2025\/11\/Captura-de-tela-2025-11-21-091838.png","width":1006,"height":664},{"@type":"BreadcrumbList","@id":"https:\/\/www.pmpf.rs.gov.br\/secretaria-servicos-gerais\/2025\/11\/21\/prefeito-entrega-novos-equipamentos-para-reforcar-a-limpeza-urbana\/#breadcrumb","itemListElement":[{"@type":"ListItem","position":1,"name":"In\u00edcio","item":"https:\/\/www.pmpf.rs.gov.br\/secretaria-servicos-gerais\/"},{"@type":"ListItem","position":2,"name":"Prefeito entrega novos equipamentos para refor\u00e7ar a limpeza urbana"}]},{"@type":"WebSite","@id":"https:\/\/www.pmpf.rs.gov.br\/secretaria-servicos-gerais\/#website","url":"https:\/\/www.pmpf.rs.gov.br\/secretaria-servicos-gerais\/","name":"Secretaria de Servi\u00e7os Gerais","description":"S\u00f3 mais um site Prefeitura de Passo Fundo","potentialAction":[{"@type":"SearchAction","target":{"@type":"EntryPoint","urlTemplate":"https:\/\/www.pmpf.rs.gov.br\/secretaria-servicos-gerais\/?s={search_term_string}"},"query-input":{"@type":"PropertyValueSpecification","valueRequired":true,"valueName":"search_term_string"}}],"inLanguage":"pt-BR"},{"@type":"Person","@id":"https:\/\/www.pmpf.rs.gov.br\/secretaria-servicos-gerais\/#\/schema\/person\/6e93b0ab2174b69f691ac4f278ba2d0a","name":"lilicrivello","image":{"@type":"ImageObject","inLanguage":"pt-BR","@id":"https:\/\/www.pmpf.rs.gov.br\/secretaria-servicos-gerais\/#\/schema\/person\/image\/","url":"https:\/\/secure.gravatar.com\/avatar\/0b546b667388f8edb7b67d70a57b5e46?s=96&d=mm&r=g","contentUrl":"https:\/\/secure.gravatar.com\/avatar\/0b546b667388f8edb7b67d70a57b5e46?s=96&d=mm&r=g","caption":"lilicrivello"},"url":"https:\/\/www.pmpf.rs.gov.br\/secretaria-servicos-gerais\/author\/lilicrivello\/"}]}},"_links":{"self":[{"href":"https:\/\/www.pmpf.rs.gov.br\/secretaria-servicos-gerais\/wp-json\/wp\/v2\/posts\/1607"}],"collection":[{"href":"https:\/\/www.pmpf.rs.gov.br\/secretaria-servicos-gerais\/wp-json\/wp\/v2\/posts"}],"about":[{"href":"https:\/\/www.pmpf.rs.gov.br\/secretaria-servicos-gerais\/wp-json\/wp\/v2\/types\/post"}],"author":[{"embeddable":true,"href":"https:\/\/www.pmpf.rs.gov.br\/secretaria-servicos-gerais\/wp-json\/wp\/v2\/users\/24"}],"replies":[{"embeddable":true,"href":"https:\/\/www.pmpf.rs.gov.br\/secretaria-servicos-gerais\/wp-json\/wp\/v2\/comments?post=1607"}],"version-history":[{"count":1,"href":"https:\/\/www.pmpf.rs.gov.br\/secretaria-servicos-gerais\/wp-json\/wp\/v2\/posts\/1607\/revisions"}],"predecessor-version":[{"id":1609,"href":"https:\/\/www.pmpf.rs.gov.br\/secretaria-servicos-gerais\/wp-json\/wp\/v2\/posts\/1607\/revisions\/1609"}],"wp:featuredmedia":[{"embeddable":true,"href":"https:\/\/www.pmpf.rs.gov.br\/secretaria-servicos-gerais\/wp-json\/wp\/v2\/media\/1608"}],"wp:attachment":[{"href":"https:\/\/www.pmpf.rs.gov.br\/secretaria-servicos-gerais\/wp-json\/wp\/v2\/media?parent=1607"}],"wp:term":[{"taxonomy":"category","embeddable":true,"href":"https:\/\/www.pmpf.rs.gov.br\/secretaria-servicos-gerais\/wp-json\/wp\/v2\/categories?post=1607"},{"taxonomy":"post_tag","embeddable":true,"href":"https:\/\/www.pmpf.rs.gov.br\/secretaria-servicos-gerais\/wp-json\/wp\/v2\/tags?post=1607"}],"curies":[{"name":"wp","href":"https:\/\/api.w.org\/{rel}","templated":true}]}}