{"id":2394,"date":"2025-04-08T11:21:12","date_gmt":"2025-04-08T14:21:12","guid":{"rendered":"https:\/\/www.pmpf.rs.gov.br\/secretaria-do-gabinete\/?p=2394"},"modified":"2025-04-08T11:21:13","modified_gmt":"2025-04-08T14:21:13","slug":"passo-fundo-passa-a-integrar-a-comissao-de-prevencao-de-desastres-da-frente-nacional-de-prefeitos","status":"publish","type":"post","link":"https:\/\/www.pmpf.rs.gov.br\/secretaria-do-gabinete\/2025\/04\/08\/passo-fundo-passa-a-integrar-a-comissao-de-prevencao-de-desastres-da-frente-nacional-de-prefeitos\/","title":{"rendered":"Passo Fundo passa a integrar a Comiss\u00e3o de Preven\u00e7\u00e3o de Desastres da Frente Nacional de Prefeitos"},"content":{"rendered":"\n<p><\/p>\n\n\n\n<p>Ap\u00f3s ter sido empossado como um dos vice-presidentes da Frente Nacional de Prefeitos (FNP), em Bras\u00edlia, o prefeito Pedro Almeida passou a integrar tamb\u00e9m, nesta ter\u00e7a-feira (08), a Comiss\u00e3o Permanente de Adapta\u00e7\u00e3o Urbana e Preven\u00e7\u00e3o de Desastres da institui\u00e7\u00e3o. O \u00f3rg\u00e3o re\u00fane gestores p\u00fablicos de todo o pa\u00eds para discutir e implementar medidas voltadas \u00e0 redu\u00e7\u00e3o de riscos e \u00e0 preven\u00e7\u00e3o de desastres naturais.<\/p>\n\n\n\n<p>A comiss\u00e3o tem como objetivo acompanhar de perto o tema junto aos \u00f3rg\u00e3os federais e estaduais, al\u00e9m de ajudar na cria\u00e7\u00e3o de estrat\u00e9gias e pol\u00edticas p\u00fablicas que aumentem a seguran\u00e7a das cidades frente a eventos clim\u00e1ticos extremos, como enchentes e temporais.<\/p>\n\n\n\n<p>O prefeito Pedro destacou que Passo Fundo j\u00e1 vem desenvolvendo uma s\u00e9rie de a\u00e7\u00f5es para prote\u00e7\u00e3o da cidade e da popula\u00e7\u00e3o. Ele citou o refor\u00e7o na estrutura da Defesa Civil do Munic\u00edpio, a cria\u00e7\u00e3o de um Plano de Conting\u00eancia e do Comit\u00ea de Mudan\u00e7as Clim\u00e1ticas, a instala\u00e7\u00e3o de esta\u00e7\u00f5es meteorol\u00f3gicas que ajudam a prever condi\u00e7\u00f5es do tempo com mais precis\u00e3o e a\u00e7\u00f5es de limpeza, recolhimento de res\u00edduos e desassoreamento dos rios, reduzindo os riscos de alagamentos.<\/p>\n\n\n\n<p>\u201cA preven\u00e7\u00e3o precisa estar no centro das pol\u00edticas p\u00fablicas. Integrar essa comiss\u00e3o \u00e9 uma forma de dar ainda mais voz a Passo Fundo e de aprendermos com outras cidades. J\u00e1 demos passos importantes localmente e agora vamos contribuir tamb\u00e9m com a constru\u00e7\u00e3o de solu\u00e7\u00f5es em n\u00edvel nacional\u201d, afirmou o prefeito Pedro. Ele ressaltou que a participa\u00e7\u00e3o de Passo Fundo na Comiss\u00e3o refor\u00e7a o compromisso da gest\u00e3o com o cuidado com a cidade e a prote\u00e7\u00e3o da popula\u00e7\u00e3o diante das mudan\u00e7as clim\u00e1ticas e dos desafios que elas trazem.<\/p>\n\n\n\n<p>Ao aderir \u00e0 comiss\u00e3o, Passo Fundo se compromete a designar uma equipe t\u00e9cnica para articula\u00e7\u00e3o local das a\u00e7\u00f5es; colaborar com os processos de diagn\u00f3stico, planejamento e monitoramento das a\u00e7\u00f5es clim\u00e1ticas; compartilhar informa\u00e7\u00f5es e dados relevantes e participar de atividades formativas e encontros t\u00e9cnicos.<\/p>\n","protected":false},"excerpt":{"rendered":"<p>Prefeito Pedro participa de Congresso da institui\u00e7\u00e3o, em Bras\u00edlia, e refor\u00e7a compromisso com a\u00e7\u00f5es preventivas na cidade<\/p>\n","protected":false},"author":24,"featured_media":2395,"comment_status":"closed","ping_status":"closed","sticky":false,"template":"","format":"standard","meta":{"footnotes":""},"categories":[1],"tags":[],"class_list":["post-2394","post","type-post","status-publish","format-standard","has-post-thumbnail","hentry","category-sem-categoria"],"yoast_head":"<!-- This site is optimized with the Yoast SEO plugin v23.8 - https:\/\/yoast.com\/wordpress\/plugins\/seo\/ -->\n<title>Passo Fundo passa a integrar a Comiss\u00e3o de Preven\u00e7\u00e3o de Desastres da Frente Nacional de Prefeitos - Secretaria do Gabinete<\/title>\n<meta name=\"robots\" content=\"index, follow, max-snippet:-1, max-image-preview:large, max-video-preview:-1\" \/>\n<link rel=\"canonical\" href=\"https:\/\/www.pmpf.rs.gov.br\/secretaria-do-gabinete\/2025\/04\/08\/passo-fundo-passa-a-integrar-a-comissao-de-prevencao-de-desastres-da-frente-nacional-de-prefeitos\/\" \/>\n<meta property=\"og:locale\" content=\"pt_BR\" \/>\n<meta property=\"og:type\" content=\"article\" \/>\n<meta property=\"og:title\" content=\"Passo Fundo passa a integrar a Comiss\u00e3o de Preven\u00e7\u00e3o de Desastres da Frente Nacional de Prefeitos - Secretaria do Gabinete\" \/>\n<meta property=\"og:description\" content=\"Prefeito Pedro participa de Congresso da institui\u00e7\u00e3o, em Bras\u00edlia, e refor\u00e7a compromisso com a\u00e7\u00f5es preventivas na cidade\" \/>\n<meta property=\"og:url\" content=\"https:\/\/www.pmpf.rs.gov.br\/secretaria-do-gabinete\/2025\/04\/08\/passo-fundo-passa-a-integrar-a-comissao-de-prevencao-de-desastres-da-frente-nacional-de-prefeitos\/\" \/>\n<meta property=\"og:site_name\" content=\"Secretaria do Gabinete\" \/>\n<meta property=\"article:published_time\" content=\"2025-04-08T14:21:12+00:00\" \/>\n<meta property=\"article:modified_time\" content=\"2025-04-08T14:21:13+00:00\" \/>\n<meta name=\"author\" content=\"lilicrivello\" \/>\n<meta name=\"twitter:card\" content=\"summary_large_image\" \/>\n<meta name=\"twitter:label1\" content=\"Escrito por\" \/>\n\t<meta name=\"twitter:data1\" content=\"lilicrivello\" \/>\n\t<meta name=\"twitter:label2\" content=\"Est. tempo de leitura\" \/>\n\t<meta name=\"twitter:data2\" content=\"2 minutos\" \/>\n<script type=\"application\/ld+json\" class=\"yoast-schema-graph\">{\"@context\":\"https:\/\/schema.org\",\"@graph\":[{\"@type\":\"WebPage\",\"@id\":\"https:\/\/www.pmpf.rs.gov.br\/secretaria-do-gabinete\/2025\/04\/08\/passo-fundo-passa-a-integrar-a-comissao-de-prevencao-de-desastres-da-frente-nacional-de-prefeitos\/\",\"url\":\"https:\/\/www.pmpf.rs.gov.br\/secretaria-do-gabinete\/2025\/04\/08\/passo-fundo-passa-a-integrar-a-comissao-de-prevencao-de-desastres-da-frente-nacional-de-prefeitos\/\",\"name\":\"Passo Fundo passa a integrar a Comiss\u00e3o de Preven\u00e7\u00e3o de Desastres da Frente Nacional de Prefeitos - Secretaria do Gabinete\",\"isPartOf\":{\"@id\":\"https:\/\/www.pmpf.rs.gov.br\/secretaria-do-gabinete\/#website\"},\"primaryImageOfPage\":{\"@id\":\"https:\/\/www.pmpf.rs.gov.br\/secretaria-do-gabinete\/2025\/04\/08\/passo-fundo-passa-a-integrar-a-comissao-de-prevencao-de-desastres-da-frente-nacional-de-prefeitos\/#primaryimage\"},\"image\":{\"@id\":\"https:\/\/www.pmpf.rs.gov.br\/secretaria-do-gabinete\/2025\/04\/08\/passo-fundo-passa-a-integrar-a-comissao-de-prevencao-de-desastres-da-frente-nacional-de-prefeitos\/#primaryimage\"},\"thumbnailUrl\":\"https:\/\/www.pmpf.rs.gov.br\/secretaria-do-gabinete\/wp-content\/uploads\/sites\/46\/2025\/04\/WhatsApp-Image-2025-04-08-at-11.19.15-scaled.jpeg\",\"datePublished\":\"2025-04-08T14:21:12+00:00\",\"dateModified\":\"2025-04-08T14:21:13+00:00\",\"author\":{\"@id\":\"https:\/\/www.pmpf.rs.gov.br\/secretaria-do-gabinete\/#\/schema\/person\/6e93b0ab2174b69f691ac4f278ba2d0a\"},\"inLanguage\":\"pt-BR\",\"potentialAction\":[{\"@type\":\"ReadAction\",\"target\":[\"https:\/\/www.pmpf.rs.gov.br\/secretaria-do-gabinete\/2025\/04\/08\/passo-fundo-passa-a-integrar-a-comissao-de-prevencao-de-desastres-da-frente-nacional-de-prefeitos\/\"]}]},{\"@type\":\"ImageObject\",\"inLanguage\":\"pt-BR\",\"@id\":\"https:\/\/www.pmpf.rs.gov.br\/secretaria-do-gabinete\/2025\/04\/08\/passo-fundo-passa-a-integrar-a-comissao-de-prevencao-de-desastres-da-frente-nacional-de-prefeitos\/#primaryimage\",\"url\":\"https:\/\/www.pmpf.rs.gov.br\/secretaria-do-gabinete\/wp-content\/uploads\/sites\/46\/2025\/04\/WhatsApp-Image-2025-04-08-at-11.19.15-scaled.jpeg\",\"contentUrl\":\"https:\/\/www.pmpf.rs.gov.br\/secretaria-do-gabinete\/wp-content\/uploads\/sites\/46\/2025\/04\/WhatsApp-Image-2025-04-08-at-11.19.15-scaled.jpeg\",\"width\":2560,\"height\":1707},{\"@type\":\"WebSite\",\"@id\":\"https:\/\/www.pmpf.rs.gov.br\/secretaria-do-gabinete\/#website\",\"url\":\"https:\/\/www.pmpf.rs.gov.br\/secretaria-do-gabinete\/\",\"name\":\"Secretaria do Gabinete\",\"description\":\"S\u00f3 mais um site Prefeitura de Passo Fundo\",\"potentialAction\":[{\"@type\":\"SearchAction\",\"target\":{\"@type\":\"EntryPoint\",\"urlTemplate\":\"https:\/\/www.pmpf.rs.gov.br\/secretaria-do-gabinete\/?s={search_term_string}\"},\"query-input\":{\"@type\":\"PropertyValueSpecification\",\"valueRequired\":true,\"valueName\":\"search_term_string\"}}],\"inLanguage\":\"pt-BR\"},{\"@type\":\"Person\",\"@id\":\"https:\/\/www.pmpf.rs.gov.br\/secretaria-do-gabinete\/#\/schema\/person\/6e93b0ab2174b69f691ac4f278ba2d0a\",\"name\":\"lilicrivello\",\"image\":{\"@type\":\"ImageObject\",\"inLanguage\":\"pt-BR\",\"@id\":\"https:\/\/www.pmpf.rs.gov.br\/secretaria-do-gabinete\/#\/schema\/person\/image\/\",\"url\":\"https:\/\/secure.gravatar.com\/avatar\/0b546b667388f8edb7b67d70a57b5e46?s=96&d=mm&r=g\",\"contentUrl\":\"https:\/\/secure.gravatar.com\/avatar\/0b546b667388f8edb7b67d70a57b5e46?s=96&d=mm&r=g\",\"caption\":\"lilicrivello\"},\"url\":\"https:\/\/www.pmpf.rs.gov.br\/secretaria-do-gabinete\/author\/lilicrivello\/\"}]}<\/script>\n<!-- \/ Yoast SEO plugin. -->","yoast_head_json":{"title":"Passo Fundo passa a integrar a Comiss\u00e3o de Preven\u00e7\u00e3o de Desastres da Frente Nacional de Prefeitos - Secretaria do Gabinete","robots":{"index":"index","follow":"follow","max-snippet":"max-snippet:-1","max-image-preview":"max-image-preview:large","max-video-preview":"max-video-preview:-1"},"canonical":"https:\/\/www.pmpf.rs.gov.br\/secretaria-do-gabinete\/2025\/04\/08\/passo-fundo-passa-a-integrar-a-comissao-de-prevencao-de-desastres-da-frente-nacional-de-prefeitos\/","og_locale":"pt_BR","og_type":"article","og_title":"Passo Fundo passa a integrar a Comiss\u00e3o de Preven\u00e7\u00e3o de Desastres da Frente Nacional de Prefeitos - Secretaria do Gabinete","og_description":"Prefeito Pedro participa de Congresso da institui\u00e7\u00e3o, em Bras\u00edlia, e refor\u00e7a compromisso com a\u00e7\u00f5es preventivas na cidade","og_url":"https:\/\/www.pmpf.rs.gov.br\/secretaria-do-gabinete\/2025\/04\/08\/passo-fundo-passa-a-integrar-a-comissao-de-prevencao-de-desastres-da-frente-nacional-de-prefeitos\/","og_site_name":"Secretaria do Gabinete","article_published_time":"2025-04-08T14:21:12+00:00","article_modified_time":"2025-04-08T14:21:13+00:00","author":"lilicrivello","twitter_card":"summary_large_image","twitter_misc":{"Escrito por":"lilicrivello","Est. tempo de leitura":"2 minutos"},"schema":{"@context":"https:\/\/schema.org","@graph":[{"@type":"WebPage","@id":"https:\/\/www.pmpf.rs.gov.br\/secretaria-do-gabinete\/2025\/04\/08\/passo-fundo-passa-a-integrar-a-comissao-de-prevencao-de-desastres-da-frente-nacional-de-prefeitos\/","url":"https:\/\/www.pmpf.rs.gov.br\/secretaria-do-gabinete\/2025\/04\/08\/passo-fundo-passa-a-integrar-a-comissao-de-prevencao-de-desastres-da-frente-nacional-de-prefeitos\/","name":"Passo Fundo passa a integrar a Comiss\u00e3o de Preven\u00e7\u00e3o de Desastres da Frente Nacional de Prefeitos - Secretaria do Gabinete","isPartOf":{"@id":"https:\/\/www.pmpf.rs.gov.br\/secretaria-do-gabinete\/#website"},"primaryImageOfPage":{"@id":"https:\/\/www.pmpf.rs.gov.br\/secretaria-do-gabinete\/2025\/04\/08\/passo-fundo-passa-a-integrar-a-comissao-de-prevencao-de-desastres-da-frente-nacional-de-prefeitos\/#primaryimage"},"image":{"@id":"https:\/\/www.pmpf.rs.gov.br\/secretaria-do-gabinete\/2025\/04\/08\/passo-fundo-passa-a-integrar-a-comissao-de-prevencao-de-desastres-da-frente-nacional-de-prefeitos\/#primaryimage"},"thumbnailUrl":"https:\/\/www.pmpf.rs.gov.br\/secretaria-do-gabinete\/wp-content\/uploads\/sites\/46\/2025\/04\/WhatsApp-Image-2025-04-08-at-11.19.15-scaled.jpeg","datePublished":"2025-04-08T14:21:12+00:00","dateModified":"2025-04-08T14:21:13+00:00","author":{"@id":"https:\/\/www.pmpf.rs.gov.br\/secretaria-do-gabinete\/#\/schema\/person\/6e93b0ab2174b69f691ac4f278ba2d0a"},"inLanguage":"pt-BR","potentialAction":[{"@type":"ReadAction","target":["https:\/\/www.pmpf.rs.gov.br\/secretaria-do-gabinete\/2025\/04\/08\/passo-fundo-passa-a-integrar-a-comissao-de-prevencao-de-desastres-da-frente-nacional-de-prefeitos\/"]}]},{"@type":"ImageObject","inLanguage":"pt-BR","@id":"https:\/\/www.pmpf.rs.gov.br\/secretaria-do-gabinete\/2025\/04\/08\/passo-fundo-passa-a-integrar-a-comissao-de-prevencao-de-desastres-da-frente-nacional-de-prefeitos\/#primaryimage","url":"https:\/\/www.pmpf.rs.gov.br\/secretaria-do-gabinete\/wp-content\/uploads\/sites\/46\/2025\/04\/WhatsApp-Image-2025-04-08-at-11.19.15-scaled.jpeg","contentUrl":"https:\/\/www.pmpf.rs.gov.br\/secretaria-do-gabinete\/wp-content\/uploads\/sites\/46\/2025\/04\/WhatsApp-Image-2025-04-08-at-11.19.15-scaled.jpeg","width":2560,"height":1707},{"@type":"WebSite","@id":"https:\/\/www.pmpf.rs.gov.br\/secretaria-do-gabinete\/#website","url":"https:\/\/www.pmpf.rs.gov.br\/secretaria-do-gabinete\/","name":"Secretaria do Gabinete","description":"S\u00f3 mais um site Prefeitura de Passo Fundo","potentialAction":[{"@type":"SearchAction","target":{"@type":"EntryPoint","urlTemplate":"https:\/\/www.pmpf.rs.gov.br\/secretaria-do-gabinete\/?s={search_term_string}"},"query-input":{"@type":"PropertyValueSpecification","valueRequired":true,"valueName":"search_term_string"}}],"inLanguage":"pt-BR"},{"@type":"Person","@id":"https:\/\/www.pmpf.rs.gov.br\/secretaria-do-gabinete\/#\/schema\/person\/6e93b0ab2174b69f691ac4f278ba2d0a","name":"lilicrivello","image":{"@type":"ImageObject","inLanguage":"pt-BR","@id":"https:\/\/www.pmpf.rs.gov.br\/secretaria-do-gabinete\/#\/schema\/person\/image\/","url":"https:\/\/secure.gravatar.com\/avatar\/0b546b667388f8edb7b67d70a57b5e46?s=96&d=mm&r=g","contentUrl":"https:\/\/secure.gravatar.com\/avatar\/0b546b667388f8edb7b67d70a57b5e46?s=96&d=mm&r=g","caption":"lilicrivello"},"url":"https:\/\/www.pmpf.rs.gov.br\/secretaria-do-gabinete\/author\/lilicrivello\/"}]}},"_links":{"self":[{"href":"https:\/\/www.pmpf.rs.gov.br\/secretaria-do-gabinete\/wp-json\/wp\/v2\/posts\/2394"}],"collection":[{"href":"https:\/\/www.pmpf.rs.gov.br\/secretaria-do-gabinete\/wp-json\/wp\/v2\/posts"}],"about":[{"href":"https:\/\/www.pmpf.rs.gov.br\/secretaria-do-gabinete\/wp-json\/wp\/v2\/types\/post"}],"author":[{"embeddable":true,"href":"https:\/\/www.pmpf.rs.gov.br\/secretaria-do-gabinete\/wp-json\/wp\/v2\/users\/24"}],"replies":[{"embeddable":true,"href":"https:\/\/www.pmpf.rs.gov.br\/secretaria-do-gabinete\/wp-json\/wp\/v2\/comments?post=2394"}],"version-history":[{"count":1,"href":"https:\/\/www.pmpf.rs.gov.br\/secretaria-do-gabinete\/wp-json\/wp\/v2\/posts\/2394\/revisions"}],"predecessor-version":[{"id":2396,"href":"https:\/\/www.pmpf.rs.gov.br\/secretaria-do-gabinete\/wp-json\/wp\/v2\/posts\/2394\/revisions\/2396"}],"wp:featuredmedia":[{"embeddable":true,"href":"https:\/\/www.pmpf.rs.gov.br\/secretaria-do-gabinete\/wp-json\/wp\/v2\/media\/2395"}],"wp:attachment":[{"href":"https:\/\/www.pmpf.rs.gov.br\/secretaria-do-gabinete\/wp-json\/wp\/v2\/media?parent=2394"}],"wp:term":[{"taxonomy":"category","embeddable":true,"href":"https:\/\/www.pmpf.rs.gov.br\/secretaria-do-gabinete\/wp-json\/wp\/v2\/categories?post=2394"},{"taxonomy":"post_tag","embeddable":true,"href":"https:\/\/www.pmpf.rs.gov.br\/secretaria-do-gabinete\/wp-json\/wp\/v2\/tags?post=2394"}],"curies":[{"name":"wp","href":"https:\/\/api.w.org\/{rel}","templated":true}]}}