{"id":2391,"date":"2025-04-08T10:57:02","date_gmt":"2025-04-08T13:57:02","guid":{"rendered":"https:\/\/www.pmpf.rs.gov.br\/secretaria-do-gabinete\/?p=2391"},"modified":"2025-04-08T10:57:09","modified_gmt":"2025-04-08T13:57:09","slug":"prefeito-pedro-assume-uma-das-vice-presidencias-da-frente-nacional-dos-prefeitos","status":"publish","type":"post","link":"https:\/\/www.pmpf.rs.gov.br\/secretaria-do-gabinete\/2025\/04\/08\/prefeito-pedro-assume-uma-das-vice-presidencias-da-frente-nacional-dos-prefeitos\/","title":{"rendered":"Prefeito Pedro assume uma das vice-presid\u00eancias da Frente Nacional dos Prefeitos"},"content":{"rendered":"\n<p><\/p>\n\n\n\n<p>O prefeito Pedro Almeida foi eleito nesta segunda-feira (7) como um dos vice-presidentes da nova diretoria da Frente Nacional de Prefeitas e Prefeitos (FNP) para o bi\u00eanio 2025-2027, que re\u00fane os munic\u00edpios com mais de 80 mil habitantes do pa\u00eds.<\/p>\n\n\n\n<p>Para o prefeito, integrar a diretoria da FNP \u00e9 uma oportunidade de defender as pautas priorit\u00e1rias dos munic\u00edpios e dar visibilidade a boas pr\u00e1ticas desenvolvidas em Passo Fundo. \u201cEstar na Frente Nacional \u00e9 uma forma de fortalecer nossa atua\u00e7\u00e3o e contribuir para a formula\u00e7\u00e3o de pol\u00edticas p\u00fablicas mais pr\u00f3ximas da realidade da popula\u00e7\u00e3o. O convite para representar Passo Fundo nesse espa\u00e7o tamb\u00e9m \u00e9 um reconhecimento ao trabalho que temos feito, especialmente na \u00e1rea da educa\u00e7\u00e3o, que tem projetado o munic\u00edpio nacionalmente\u201d, destacou o prefeito.<\/p>\n\n\n\n<p>A presen\u00e7a de Passo Fundo na nova composi\u00e7\u00e3o da FNP tamb\u00e9m refor\u00e7a o reconhecimento ao protagonismo do munic\u00edpio na \u00e1rea da educa\u00e7\u00e3o, com investimentos e pol\u00edticas inovadoras.<\/p>\n\n\n\n<p>A nova diretoria da FNP ser\u00e1 respons\u00e1vel por liderar os debates e a\u00e7\u00f5es estrat\u00e9gicas junto ao Governo Federal, em um momento de in\u00edcio de mandatos e defini\u00e7\u00e3o de prioridades para os pr\u00f3ximos anos nas cidades brasileiras.<\/p>\n\n\n\n<p>A FNP \u00e9 uma entidade municipalista nacional dirigida exclusivamente por prefeitas e prefeitos em exerc\u00edcio, representando 415 cidades m\u00e9dias e grandes \u2014 onde vivem 61% da popula\u00e7\u00e3o brasileira e se produz 74% do Produto Interno Bruto (PIB) do pa\u00eds. A miss\u00e3o da entidade \u00e9 fortalecer a autonomia municipal e ampliar a participa\u00e7\u00e3o dos munic\u00edpios no pacto federativo, promovendo interlocu\u00e7\u00e3o com os Tr\u00eas Poderes e a sociedade civil.<\/p>\n","protected":false},"excerpt":{"rendered":"<p>O prefeito Pedro Almeida foi eleito nesta segunda-feira (7) como um dos vice-presidentes da nova diretoria da Frente Nacional de Prefeitas e Prefeitos (FNP) para o bi\u00eanio 2025-2027, que re\u00fane os munic\u00edpios [&hellip;]<\/p>\n","protected":false},"author":24,"featured_media":2392,"comment_status":"closed","ping_status":"closed","sticky":false,"template":"","format":"standard","meta":{"footnotes":""},"categories":[1],"tags":[],"class_list":["post-2391","post","type-post","status-publish","format-standard","has-post-thumbnail","hentry","category-sem-categoria"],"yoast_head":"<!-- This site is optimized with the Yoast SEO plugin v23.8 - https:\/\/yoast.com\/wordpress\/plugins\/seo\/ -->\n<title>Prefeito Pedro assume uma das vice-presid\u00eancias da Frente Nacional dos Prefeitos - Secretaria do Gabinete<\/title>\n<meta name=\"robots\" content=\"index, follow, max-snippet:-1, max-image-preview:large, max-video-preview:-1\" \/>\n<link rel=\"canonical\" href=\"https:\/\/www.pmpf.rs.gov.br\/secretaria-do-gabinete\/2025\/04\/08\/prefeito-pedro-assume-uma-das-vice-presidencias-da-frente-nacional-dos-prefeitos\/\" \/>\n<meta property=\"og:locale\" content=\"pt_BR\" \/>\n<meta property=\"og:type\" content=\"article\" \/>\n<meta property=\"og:title\" content=\"Prefeito Pedro assume uma das vice-presid\u00eancias da Frente Nacional dos Prefeitos - Secretaria do Gabinete\" \/>\n<meta property=\"og:description\" content=\"O prefeito Pedro Almeida foi eleito nesta segunda-feira (7) como um dos vice-presidentes da nova diretoria da Frente Nacional de Prefeitas e Prefeitos (FNP) para o bi\u00eanio 2025-2027, que re\u00fane os munic\u00edpios [&hellip;]\" \/>\n<meta property=\"og:url\" content=\"https:\/\/www.pmpf.rs.gov.br\/secretaria-do-gabinete\/2025\/04\/08\/prefeito-pedro-assume-uma-das-vice-presidencias-da-frente-nacional-dos-prefeitos\/\" \/>\n<meta property=\"og:site_name\" content=\"Secretaria do Gabinete\" \/>\n<meta property=\"article:published_time\" content=\"2025-04-08T13:57:02+00:00\" \/>\n<meta property=\"article:modified_time\" content=\"2025-04-08T13:57:09+00:00\" \/>\n<meta name=\"author\" content=\"lilicrivello\" \/>\n<meta name=\"twitter:card\" content=\"summary_large_image\" \/>\n<meta name=\"twitter:label1\" content=\"Escrito por\" \/>\n\t<meta name=\"twitter:data1\" content=\"lilicrivello\" \/>\n\t<meta name=\"twitter:label2\" content=\"Est. tempo de leitura\" \/>\n\t<meta name=\"twitter:data2\" content=\"1 minuto\" \/>\n<script type=\"application\/ld+json\" class=\"yoast-schema-graph\">{\"@context\":\"https:\/\/schema.org\",\"@graph\":[{\"@type\":\"WebPage\",\"@id\":\"https:\/\/www.pmpf.rs.gov.br\/secretaria-do-gabinete\/2025\/04\/08\/prefeito-pedro-assume-uma-das-vice-presidencias-da-frente-nacional-dos-prefeitos\/\",\"url\":\"https:\/\/www.pmpf.rs.gov.br\/secretaria-do-gabinete\/2025\/04\/08\/prefeito-pedro-assume-uma-das-vice-presidencias-da-frente-nacional-dos-prefeitos\/\",\"name\":\"Prefeito Pedro assume uma das vice-presid\u00eancias da Frente Nacional dos Prefeitos - Secretaria do Gabinete\",\"isPartOf\":{\"@id\":\"https:\/\/www.pmpf.rs.gov.br\/secretaria-do-gabinete\/#website\"},\"primaryImageOfPage\":{\"@id\":\"https:\/\/www.pmpf.rs.gov.br\/secretaria-do-gabinete\/2025\/04\/08\/prefeito-pedro-assume-uma-das-vice-presidencias-da-frente-nacional-dos-prefeitos\/#primaryimage\"},\"image\":{\"@id\":\"https:\/\/www.pmpf.rs.gov.br\/secretaria-do-gabinete\/2025\/04\/08\/prefeito-pedro-assume-uma-das-vice-presidencias-da-frente-nacional-dos-prefeitos\/#primaryimage\"},\"thumbnailUrl\":\"https:\/\/www.pmpf.rs.gov.br\/secretaria-do-gabinete\/wp-content\/uploads\/sites\/46\/2025\/04\/WhatsApp-Image-2025-04-07-at-19.55.43-scaled.jpeg\",\"datePublished\":\"2025-04-08T13:57:02+00:00\",\"dateModified\":\"2025-04-08T13:57:09+00:00\",\"author\":{\"@id\":\"https:\/\/www.pmpf.rs.gov.br\/secretaria-do-gabinete\/#\/schema\/person\/6e93b0ab2174b69f691ac4f278ba2d0a\"},\"inLanguage\":\"pt-BR\",\"potentialAction\":[{\"@type\":\"ReadAction\",\"target\":[\"https:\/\/www.pmpf.rs.gov.br\/secretaria-do-gabinete\/2025\/04\/08\/prefeito-pedro-assume-uma-das-vice-presidencias-da-frente-nacional-dos-prefeitos\/\"]}]},{\"@type\":\"ImageObject\",\"inLanguage\":\"pt-BR\",\"@id\":\"https:\/\/www.pmpf.rs.gov.br\/secretaria-do-gabinete\/2025\/04\/08\/prefeito-pedro-assume-uma-das-vice-presidencias-da-frente-nacional-dos-prefeitos\/#primaryimage\",\"url\":\"https:\/\/www.pmpf.rs.gov.br\/secretaria-do-gabinete\/wp-content\/uploads\/sites\/46\/2025\/04\/WhatsApp-Image-2025-04-07-at-19.55.43-scaled.jpeg\",\"contentUrl\":\"https:\/\/www.pmpf.rs.gov.br\/secretaria-do-gabinete\/wp-content\/uploads\/sites\/46\/2025\/04\/WhatsApp-Image-2025-04-07-at-19.55.43-scaled.jpeg\",\"width\":2560,\"height\":1707},{\"@type\":\"WebSite\",\"@id\":\"https:\/\/www.pmpf.rs.gov.br\/secretaria-do-gabinete\/#website\",\"url\":\"https:\/\/www.pmpf.rs.gov.br\/secretaria-do-gabinete\/\",\"name\":\"Secretaria do Gabinete\",\"description\":\"S\u00f3 mais um site Prefeitura de Passo Fundo\",\"potentialAction\":[{\"@type\":\"SearchAction\",\"target\":{\"@type\":\"EntryPoint\",\"urlTemplate\":\"https:\/\/www.pmpf.rs.gov.br\/secretaria-do-gabinete\/?s={search_term_string}\"},\"query-input\":{\"@type\":\"PropertyValueSpecification\",\"valueRequired\":true,\"valueName\":\"search_term_string\"}}],\"inLanguage\":\"pt-BR\"},{\"@type\":\"Person\",\"@id\":\"https:\/\/www.pmpf.rs.gov.br\/secretaria-do-gabinete\/#\/schema\/person\/6e93b0ab2174b69f691ac4f278ba2d0a\",\"name\":\"lilicrivello\",\"image\":{\"@type\":\"ImageObject\",\"inLanguage\":\"pt-BR\",\"@id\":\"https:\/\/www.pmpf.rs.gov.br\/secretaria-do-gabinete\/#\/schema\/person\/image\/\",\"url\":\"https:\/\/secure.gravatar.com\/avatar\/0b546b667388f8edb7b67d70a57b5e46?s=96&d=mm&r=g\",\"contentUrl\":\"https:\/\/secure.gravatar.com\/avatar\/0b546b667388f8edb7b67d70a57b5e46?s=96&d=mm&r=g\",\"caption\":\"lilicrivello\"},\"url\":\"https:\/\/www.pmpf.rs.gov.br\/secretaria-do-gabinete\/author\/lilicrivello\/\"}]}<\/script>\n<!-- \/ Yoast SEO plugin. -->","yoast_head_json":{"title":"Prefeito Pedro assume uma das vice-presid\u00eancias da Frente Nacional dos Prefeitos - Secretaria do Gabinete","robots":{"index":"index","follow":"follow","max-snippet":"max-snippet:-1","max-image-preview":"max-image-preview:large","max-video-preview":"max-video-preview:-1"},"canonical":"https:\/\/www.pmpf.rs.gov.br\/secretaria-do-gabinete\/2025\/04\/08\/prefeito-pedro-assume-uma-das-vice-presidencias-da-frente-nacional-dos-prefeitos\/","og_locale":"pt_BR","og_type":"article","og_title":"Prefeito Pedro assume uma das vice-presid\u00eancias da Frente Nacional dos Prefeitos - Secretaria do Gabinete","og_description":"O prefeito Pedro Almeida foi eleito nesta segunda-feira (7) como um dos vice-presidentes da nova diretoria da Frente Nacional de Prefeitas e Prefeitos (FNP) para o bi\u00eanio 2025-2027, que re\u00fane os munic\u00edpios [&hellip;]","og_url":"https:\/\/www.pmpf.rs.gov.br\/secretaria-do-gabinete\/2025\/04\/08\/prefeito-pedro-assume-uma-das-vice-presidencias-da-frente-nacional-dos-prefeitos\/","og_site_name":"Secretaria do Gabinete","article_published_time":"2025-04-08T13:57:02+00:00","article_modified_time":"2025-04-08T13:57:09+00:00","author":"lilicrivello","twitter_card":"summary_large_image","twitter_misc":{"Escrito por":"lilicrivello","Est. tempo de leitura":"1 minuto"},"schema":{"@context":"https:\/\/schema.org","@graph":[{"@type":"WebPage","@id":"https:\/\/www.pmpf.rs.gov.br\/secretaria-do-gabinete\/2025\/04\/08\/prefeito-pedro-assume-uma-das-vice-presidencias-da-frente-nacional-dos-prefeitos\/","url":"https:\/\/www.pmpf.rs.gov.br\/secretaria-do-gabinete\/2025\/04\/08\/prefeito-pedro-assume-uma-das-vice-presidencias-da-frente-nacional-dos-prefeitos\/","name":"Prefeito Pedro assume uma das vice-presid\u00eancias da Frente Nacional dos Prefeitos - Secretaria do Gabinete","isPartOf":{"@id":"https:\/\/www.pmpf.rs.gov.br\/secretaria-do-gabinete\/#website"},"primaryImageOfPage":{"@id":"https:\/\/www.pmpf.rs.gov.br\/secretaria-do-gabinete\/2025\/04\/08\/prefeito-pedro-assume-uma-das-vice-presidencias-da-frente-nacional-dos-prefeitos\/#primaryimage"},"image":{"@id":"https:\/\/www.pmpf.rs.gov.br\/secretaria-do-gabinete\/2025\/04\/08\/prefeito-pedro-assume-uma-das-vice-presidencias-da-frente-nacional-dos-prefeitos\/#primaryimage"},"thumbnailUrl":"https:\/\/www.pmpf.rs.gov.br\/secretaria-do-gabinete\/wp-content\/uploads\/sites\/46\/2025\/04\/WhatsApp-Image-2025-04-07-at-19.55.43-scaled.jpeg","datePublished":"2025-04-08T13:57:02+00:00","dateModified":"2025-04-08T13:57:09+00:00","author":{"@id":"https:\/\/www.pmpf.rs.gov.br\/secretaria-do-gabinete\/#\/schema\/person\/6e93b0ab2174b69f691ac4f278ba2d0a"},"inLanguage":"pt-BR","potentialAction":[{"@type":"ReadAction","target":["https:\/\/www.pmpf.rs.gov.br\/secretaria-do-gabinete\/2025\/04\/08\/prefeito-pedro-assume-uma-das-vice-presidencias-da-frente-nacional-dos-prefeitos\/"]}]},{"@type":"ImageObject","inLanguage":"pt-BR","@id":"https:\/\/www.pmpf.rs.gov.br\/secretaria-do-gabinete\/2025\/04\/08\/prefeito-pedro-assume-uma-das-vice-presidencias-da-frente-nacional-dos-prefeitos\/#primaryimage","url":"https:\/\/www.pmpf.rs.gov.br\/secretaria-do-gabinete\/wp-content\/uploads\/sites\/46\/2025\/04\/WhatsApp-Image-2025-04-07-at-19.55.43-scaled.jpeg","contentUrl":"https:\/\/www.pmpf.rs.gov.br\/secretaria-do-gabinete\/wp-content\/uploads\/sites\/46\/2025\/04\/WhatsApp-Image-2025-04-07-at-19.55.43-scaled.jpeg","width":2560,"height":1707},{"@type":"WebSite","@id":"https:\/\/www.pmpf.rs.gov.br\/secretaria-do-gabinete\/#website","url":"https:\/\/www.pmpf.rs.gov.br\/secretaria-do-gabinete\/","name":"Secretaria do Gabinete","description":"S\u00f3 mais um site Prefeitura de Passo Fundo","potentialAction":[{"@type":"SearchAction","target":{"@type":"EntryPoint","urlTemplate":"https:\/\/www.pmpf.rs.gov.br\/secretaria-do-gabinete\/?s={search_term_string}"},"query-input":{"@type":"PropertyValueSpecification","valueRequired":true,"valueName":"search_term_string"}}],"inLanguage":"pt-BR"},{"@type":"Person","@id":"https:\/\/www.pmpf.rs.gov.br\/secretaria-do-gabinete\/#\/schema\/person\/6e93b0ab2174b69f691ac4f278ba2d0a","name":"lilicrivello","image":{"@type":"ImageObject","inLanguage":"pt-BR","@id":"https:\/\/www.pmpf.rs.gov.br\/secretaria-do-gabinete\/#\/schema\/person\/image\/","url":"https:\/\/secure.gravatar.com\/avatar\/0b546b667388f8edb7b67d70a57b5e46?s=96&d=mm&r=g","contentUrl":"https:\/\/secure.gravatar.com\/avatar\/0b546b667388f8edb7b67d70a57b5e46?s=96&d=mm&r=g","caption":"lilicrivello"},"url":"https:\/\/www.pmpf.rs.gov.br\/secretaria-do-gabinete\/author\/lilicrivello\/"}]}},"_links":{"self":[{"href":"https:\/\/www.pmpf.rs.gov.br\/secretaria-do-gabinete\/wp-json\/wp\/v2\/posts\/2391"}],"collection":[{"href":"https:\/\/www.pmpf.rs.gov.br\/secretaria-do-gabinete\/wp-json\/wp\/v2\/posts"}],"about":[{"href":"https:\/\/www.pmpf.rs.gov.br\/secretaria-do-gabinete\/wp-json\/wp\/v2\/types\/post"}],"author":[{"embeddable":true,"href":"https:\/\/www.pmpf.rs.gov.br\/secretaria-do-gabinete\/wp-json\/wp\/v2\/users\/24"}],"replies":[{"embeddable":true,"href":"https:\/\/www.pmpf.rs.gov.br\/secretaria-do-gabinete\/wp-json\/wp\/v2\/comments?post=2391"}],"version-history":[{"count":1,"href":"https:\/\/www.pmpf.rs.gov.br\/secretaria-do-gabinete\/wp-json\/wp\/v2\/posts\/2391\/revisions"}],"predecessor-version":[{"id":2393,"href":"https:\/\/www.pmpf.rs.gov.br\/secretaria-do-gabinete\/wp-json\/wp\/v2\/posts\/2391\/revisions\/2393"}],"wp:featuredmedia":[{"embeddable":true,"href":"https:\/\/www.pmpf.rs.gov.br\/secretaria-do-gabinete\/wp-json\/wp\/v2\/media\/2392"}],"wp:attachment":[{"href":"https:\/\/www.pmpf.rs.gov.br\/secretaria-do-gabinete\/wp-json\/wp\/v2\/media?parent=2391"}],"wp:term":[{"taxonomy":"category","embeddable":true,"href":"https:\/\/www.pmpf.rs.gov.br\/secretaria-do-gabinete\/wp-json\/wp\/v2\/categories?post=2391"},{"taxonomy":"post_tag","embeddable":true,"href":"https:\/\/www.pmpf.rs.gov.br\/secretaria-do-gabinete\/wp-json\/wp\/v2\/tags?post=2391"}],"curies":[{"name":"wp","href":"https:\/\/api.w.org\/{rel}","templated":true}]}}