{"id":2374,"date":"2024-12-03T16:59:24","date_gmt":"2024-12-03T19:59:24","guid":{"rendered":"https:\/\/www.pmpf.rs.gov.br\/secretaria-do-gabinete\/?p=2374"},"modified":"2024-12-03T16:59:26","modified_gmt":"2024-12-03T19:59:26","slug":"prefeito-pedro-anuncia-joao-antonio-bordin-como-novo-secretario-de-agricultura-e-alexandre-de-mello-em-servicos-gerais","status":"publish","type":"post","link":"https:\/\/www.pmpf.rs.gov.br\/secretaria-do-gabinete\/2024\/12\/03\/prefeito-pedro-anuncia-joao-antonio-bordin-como-novo-secretario-de-agricultura-e-alexandre-de-mello-em-servicos-gerais\/","title":{"rendered":"Prefeito Pedro anuncia Jo\u00e3o Ant\u00f4nio Bordin como novo secret\u00e1rio de Agricultura e Alexandre de Mello em Servi\u00e7os Gerais"},"content":{"rendered":"\n<p>O prefeito Pedro Almeida anunciou, nesta ter\u00e7a-feira (03), os novos titulares de duas secretarias estrat\u00e9gicas: Jo\u00e3o Ant\u00f4nio Bordin, na Secretaria de Agricultura e Desenvolvimento Rural (Smader), e Alexandre de Mello, que seguir\u00e1 \u00e0 frente da Secretaria de Servi\u00e7os Gerais.<\/p>\n\n\n\n<p>As nomea\u00e7\u00f5es refletem a busca por uma gest\u00e3o qualificada, alinhada \u00e0s demandas da popula\u00e7\u00e3o e aos desafios do munic\u00edpio, tanto na zona rural quanto na \u00e1rea urbana. Ambos os secret\u00e1rios trazem experi\u00eancias consolidadas em suas \u00e1reas e est\u00e3o comprometidos com a\u00e7\u00f5es que promovam o desenvolvimento sustent\u00e1vel e a melhoria da qualidade de vida dos passo-fundenses.<\/p>\n\n\n\n<p><strong>Jo\u00e3o Ant\u00f4nio Bordin assume a Smader<\/strong><\/p>\n\n\n\n<p>Jo\u00e3o Ant\u00f4nio Bordin como o novo titular da Secretaria de Agricultura e Desenvolvimento Rural (Smader). A escolha refor\u00e7a o compromisso da administra\u00e7\u00e3o municipal com o fortalecimento das pol\u00edticas voltadas ao desenvolvimento rural e \u00e0 melhoria da qualidade de vida da comunidade do interior de Passo Fundo.<\/p>\n\n\n\n<p>Para a Secretaria de Agricultura e Desenvolvimento Rural, o prefeito destacou a import\u00e2ncia de contar com a experi\u00eancia de Jo\u00e3o Ant\u00f4nio Bordin. \u201cO Bordin tem uma trajet\u00f3ria de excel\u00eancia na gest\u00e3o p\u00fablica. Com sua vis\u00e3o estrat\u00e9gica e sua dedica\u00e7\u00e3o, tenho certeza de que ele far\u00e1 um trabalho transformador \u00e0 frente da Smader, aproximando ainda mais os servi\u00e7os p\u00fablicos das comunidades do interior e promovendo o desenvolvimento que nossa \u00e1rea rural precisa e merece\u201d, afirmou Pedro Almeida.<\/p>\n\n\n\n<p>Em sua declara\u00e7\u00e3o, o secret\u00e1rio Bordin destacou a honra e a responsabilidade de assumir a fun\u00e7\u00e3o. &#8220;\u00c9 uma honra e um prazer fazer parte da administra\u00e7\u00e3o do prefeito Pedro Almeida e do vice-prefeito, Coronel Ceolin, juntamente com outros secret\u00e1rios e servidores dotados de tantas qualifica\u00e7\u00f5es. Irei me dedicar com a mesma energia e disposi\u00e7\u00e3o que empenhei quando fui Secret\u00e1rio de Obras, por oito anos, nas gest\u00f5es do ex-prefeito Luciano Azevedo e Jo\u00e3o Pedro Nunes. Gratid\u00e3o a todos, e nosso trabalho est\u00e1 a servi\u00e7o do povo passofundense\u201d, relata Bordin.<\/p>\n\n\n\n<p>A Smader desempenha um papel fundamental no desenvolvimento da \u00e1rea rural de Passo Fundo, atuando na manuten\u00e7\u00e3o das estradas, melhoria do acesso \u00e0s propriedades e na integra\u00e7\u00e3o de servi\u00e7os essenciais como sa\u00fade, educa\u00e7\u00e3o, seguran\u00e7a, saneamento b\u00e1sico, telefonia e ilumina\u00e7\u00e3o.<\/p>\n\n\n\n<p>A zona rural do munic\u00edpio \u00e9 composta por seis distritos: Bela Vista, Bom Recreio, Pulador, S\u00e3o Roque, Santo Ant\u00f4nio do Capinzal e Sede Independ\u00eancia. A secretaria busca constantemente atender \u00e0s demandas desses locais, fomentando a agricultura e a infraestrutura necess\u00e1rias para o crescimento sustent\u00e1vel da regi\u00e3o.<\/p>\n\n\n\n<p>Jo\u00e3o Ant\u00f4nio Bordin possui uma carreira s\u00f3lida no servi\u00e7o p\u00fablico e no setor privado. Foi presidente do Sindicato dos Trabalhadores das Ind\u00fastrias da Alimenta\u00e7\u00e3o por 10 anos e atuou como diretor da Federa\u00e7\u00e3o Estadual do mesmo segmento. Trabalhou por 30 anos na Perdig\u00e3o (hoje BRF) e, em 1996, iniciou sua trajet\u00f3ria pol\u00edtica ao ser eleito vereador de Marau, onde tamb\u00e9m presidiu a C\u00e2mara Municipal.<\/p>\n\n\n\n<p>No ano 2000, foi eleito prefeito de Marau e, no mandato seguinte, assumiu a Secretaria de Desenvolvimento e Turismo. Entre outras fun\u00e7\u00f5es, foi chefe de gabinete do deputado estadual Luciano Azevedo na Assembleia Legislativa do Rio Grande do Sul e, de 2013 a 2020, atuou como secret\u00e1rio de Obras de Passo Fundo. Mais recentemente, foi chefe de gabinete do deputado federal Luciano Azevedo.<\/p>\n\n\n\n<p>Com sua ampla experi\u00eancia e conhecimento das necessidades locais, Bordin promete refor\u00e7ar as pol\u00edticas de desenvolvimento rural e o suporte aos produtores de Passo Fundo. A administra\u00e7\u00e3o de Pedro Almeida reafirma, com essa nomea\u00e7\u00e3o, o compromisso de construir uma zona rural mais forte, integrada e capaz de gerar oportunidades para todos.<\/p>\n\n\n\n<p><strong>Continuidade com Alexandre de Mello nos Servi\u00e7os Gerais<\/strong><\/p>\n\n\n\n<p>O prefeito Pedro Almeida anunciou tamb\u00e9m, a continuidade do trabalho desenvolvido por Alexandre de Mello \u00e0 frente da Secretaria de Servi\u00e7os Gerais de Passo Fundo.&nbsp; Com atribui\u00e7\u00f5es que impactam diretamente a rotina da popula\u00e7\u00e3o, a pasta \u00e9 respons\u00e1vel pela regula\u00e7\u00e3o do transporte p\u00fablico, manuten\u00e7\u00e3o das vias, amplia\u00e7\u00e3o da ilumina\u00e7\u00e3o p\u00fablica e administra\u00e7\u00e3o de pra\u00e7as, parques, jardins, cemit\u00e9rios p\u00fablicos e capelas mortu\u00e1rias.<\/p>\n\n\n\n<p>O prefeito reafirmou a import\u00e2ncia da continuidade do trabalho liderado por Mello. \u201cA Secretaria de Servi\u00e7os Gerais tem um papel estrat\u00e9gico no desenvolvimento da cidade, e Alexandre de Mello, com sua experi\u00eancia e dedica\u00e7\u00e3o, tem conduzido a pasta com efici\u00eancia. \u00c9 fundamental reconhecermos o impacto positivo de sua gest\u00e3o em servi\u00e7os essenciais para os passo-fundenses,\u201d ressaltou Pedro Almeida.<\/p>\n\n\n\n<p>No novo governo, a Secretaria de Servi\u00e7os Gerais vai refor\u00e7ar o servi\u00e7o de limpeza da cidade e zeladoria. Na reforma administrativa, a \u00e1rea dos Transportes ganhar\u00e1 outra estrutura dentro da Secretaria de Seguran\u00e7a P\u00fablica.<\/p>\n\n\n\n<p>Natural de Passo Fundo, Alexandre Haeffener de Mello \u00e9 advogado formado pela Universidade de Passo Fundo (UPF) e possui mais de 20 anos de experi\u00eancia na vida p\u00fablica. Durante sua trajet\u00f3ria, ocupou cargos como assessor parlamentar, chefe de gabinete e diretor-geral na C\u00e2mara Municipal de Vereadores. Nos \u00faltimos tr\u00eas anos, vem desempenhando a fun\u00e7\u00e3o de secret\u00e1rio de Transportes e Servi\u00e7os Gerais, liderando iniciativas importantes para a zeladoria urbana e moderniza\u00e7\u00e3o dos servi\u00e7os da pasta.<\/p>\n\n\n\n<p>O secret\u00e1rio, por sua vez, agradeceu a confian\u00e7a e reafirmou seu compromisso com a popula\u00e7\u00e3o. \u201cReceber o convite do prefeito Pedro Almeida para permanecer \u00e0 frente desta importante secretaria municipal \u00e9 um privil\u00e9gio, mas tamb\u00e9m uma grande responsabilidade. Meu compromisso \u00e9 entregar o meu melhor todos os dias, garantindo servi\u00e7os eficientes, r\u00e1pidos e resolutivos para atender \u00e0s demandas da popula\u00e7\u00e3o,\u201d declarou o secret\u00e1rio.<\/p>\n\n\n\n<p>Ele ainda destacou os desafios e projetos para o futuro. \u201cNosso foco est\u00e1 em apresentar solu\u00e7\u00f5es inovadoras para a limpeza e a zeladoria urbana, buscando cases de sucesso implementados em outras cidades. O desafio \u00e9 oferecer mais servi\u00e7os com melhor qualidade e maior agilidade,\u201d acrescentou Alexandre.<\/p>\n\n\n\n<p>A Secretaria de Servi\u00e7os Gerais seguir\u00e1 com a\u00e7\u00f5es voltadas para a melhoria da infraestrutura urbana, moderniza\u00e7\u00e3o da ilumina\u00e7\u00e3o p\u00fablica e efici\u00eancia nos servi\u00e7os de transporte e zeladoria, sempre priorizando o bem-estar da comunidade.<\/p>\n\n\n\n<p><\/p>\n","protected":false},"excerpt":{"rendered":"<p>O prefeito Pedro Almeida anunciou, nesta ter\u00e7a-feira (03), os novos titulares de duas secretarias estrat\u00e9gicas: Jo\u00e3o Ant\u00f4nio Bordin, na Secretaria de Agricultura e Desenvolvimento Rural (Smader), e Alexandre de Mello, que seguir\u00e1 [&hellip;]<\/p>\n","protected":false},"author":24,"featured_media":2375,"comment_status":"closed","ping_status":"closed","sticky":false,"template":"","format":"standard","meta":{"footnotes":""},"categories":[1],"tags":[],"class_list":["post-2374","post","type-post","status-publish","format-standard","has-post-thumbnail","hentry","category-sem-categoria"],"yoast_head":"<!-- This site is optimized with the Yoast SEO plugin v23.8 - https:\/\/yoast.com\/wordpress\/plugins\/seo\/ -->\n<title>Prefeito Pedro anuncia Jo\u00e3o Ant\u00f4nio Bordin como novo secret\u00e1rio de Agricultura e Alexandre de Mello em Servi\u00e7os Gerais - Secretaria do Gabinete<\/title>\n<meta name=\"robots\" content=\"index, follow, max-snippet:-1, max-image-preview:large, max-video-preview:-1\" \/>\n<link rel=\"canonical\" href=\"https:\/\/www.pmpf.rs.gov.br\/secretaria-do-gabinete\/2024\/12\/03\/prefeito-pedro-anuncia-joao-antonio-bordin-como-novo-secretario-de-agricultura-e-alexandre-de-mello-em-servicos-gerais\/\" \/>\n<meta property=\"og:locale\" content=\"pt_BR\" \/>\n<meta property=\"og:type\" content=\"article\" \/>\n<meta property=\"og:title\" content=\"Prefeito Pedro anuncia Jo\u00e3o Ant\u00f4nio Bordin como novo secret\u00e1rio de Agricultura e Alexandre de Mello em Servi\u00e7os Gerais - Secretaria do Gabinete\" \/>\n<meta property=\"og:description\" content=\"O prefeito Pedro Almeida anunciou, nesta ter\u00e7a-feira (03), os novos titulares de duas secretarias estrat\u00e9gicas: Jo\u00e3o Ant\u00f4nio Bordin, na Secretaria de Agricultura e Desenvolvimento Rural (Smader), e Alexandre de Mello, que seguir\u00e1 [&hellip;]\" \/>\n<meta property=\"og:url\" content=\"https:\/\/www.pmpf.rs.gov.br\/secretaria-do-gabinete\/2024\/12\/03\/prefeito-pedro-anuncia-joao-antonio-bordin-como-novo-secretario-de-agricultura-e-alexandre-de-mello-em-servicos-gerais\/\" \/>\n<meta property=\"og:site_name\" content=\"Secretaria do Gabinete\" \/>\n<meta property=\"article:published_time\" content=\"2024-12-03T19:59:24+00:00\" \/>\n<meta property=\"article:modified_time\" content=\"2024-12-03T19:59:26+00:00\" \/>\n<meta name=\"author\" content=\"lilicrivello\" \/>\n<meta name=\"twitter:card\" content=\"summary_large_image\" \/>\n<meta name=\"twitter:label1\" content=\"Escrito por\" \/>\n\t<meta name=\"twitter:data1\" content=\"lilicrivello\" \/>\n\t<meta name=\"twitter:label2\" content=\"Est. tempo de leitura\" \/>\n\t<meta name=\"twitter:data2\" content=\"5 minutos\" \/>\n<script type=\"application\/ld+json\" class=\"yoast-schema-graph\">{\"@context\":\"https:\/\/schema.org\",\"@graph\":[{\"@type\":\"WebPage\",\"@id\":\"https:\/\/www.pmpf.rs.gov.br\/secretaria-do-gabinete\/2024\/12\/03\/prefeito-pedro-anuncia-joao-antonio-bordin-como-novo-secretario-de-agricultura-e-alexandre-de-mello-em-servicos-gerais\/\",\"url\":\"https:\/\/www.pmpf.rs.gov.br\/secretaria-do-gabinete\/2024\/12\/03\/prefeito-pedro-anuncia-joao-antonio-bordin-como-novo-secretario-de-agricultura-e-alexandre-de-mello-em-servicos-gerais\/\",\"name\":\"Prefeito Pedro anuncia Jo\u00e3o Ant\u00f4nio Bordin como novo secret\u00e1rio de Agricultura e Alexandre de Mello em Servi\u00e7os Gerais - Secretaria do Gabinete\",\"isPartOf\":{\"@id\":\"https:\/\/www.pmpf.rs.gov.br\/secretaria-do-gabinete\/#website\"},\"primaryImageOfPage\":{\"@id\":\"https:\/\/www.pmpf.rs.gov.br\/secretaria-do-gabinete\/2024\/12\/03\/prefeito-pedro-anuncia-joao-antonio-bordin-como-novo-secretario-de-agricultura-e-alexandre-de-mello-em-servicos-gerais\/#primaryimage\"},\"image\":{\"@id\":\"https:\/\/www.pmpf.rs.gov.br\/secretaria-do-gabinete\/2024\/12\/03\/prefeito-pedro-anuncia-joao-antonio-bordin-como-novo-secretario-de-agricultura-e-alexandre-de-mello-em-servicos-gerais\/#primaryimage\"},\"thumbnailUrl\":\"https:\/\/www.pmpf.rs.gov.br\/secretaria-do-gabinete\/wp-content\/uploads\/sites\/46\/2024\/12\/Design-sem-nome.png\",\"datePublished\":\"2024-12-03T19:59:24+00:00\",\"dateModified\":\"2024-12-03T19:59:26+00:00\",\"author\":{\"@id\":\"https:\/\/www.pmpf.rs.gov.br\/secretaria-do-gabinete\/#\/schema\/person\/6e93b0ab2174b69f691ac4f278ba2d0a\"},\"inLanguage\":\"pt-BR\",\"potentialAction\":[{\"@type\":\"ReadAction\",\"target\":[\"https:\/\/www.pmpf.rs.gov.br\/secretaria-do-gabinete\/2024\/12\/03\/prefeito-pedro-anuncia-joao-antonio-bordin-como-novo-secretario-de-agricultura-e-alexandre-de-mello-em-servicos-gerais\/\"]}]},{\"@type\":\"ImageObject\",\"inLanguage\":\"pt-BR\",\"@id\":\"https:\/\/www.pmpf.rs.gov.br\/secretaria-do-gabinete\/2024\/12\/03\/prefeito-pedro-anuncia-joao-antonio-bordin-como-novo-secretario-de-agricultura-e-alexandre-de-mello-em-servicos-gerais\/#primaryimage\",\"url\":\"https:\/\/www.pmpf.rs.gov.br\/secretaria-do-gabinete\/wp-content\/uploads\/sites\/46\/2024\/12\/Design-sem-nome.png\",\"contentUrl\":\"https:\/\/www.pmpf.rs.gov.br\/secretaria-do-gabinete\/wp-content\/uploads\/sites\/46\/2024\/12\/Design-sem-nome.png\",\"width\":1080,\"height\":1080},{\"@type\":\"WebSite\",\"@id\":\"https:\/\/www.pmpf.rs.gov.br\/secretaria-do-gabinete\/#website\",\"url\":\"https:\/\/www.pmpf.rs.gov.br\/secretaria-do-gabinete\/\",\"name\":\"Secretaria do Gabinete\",\"description\":\"S\u00f3 mais um site Prefeitura de Passo Fundo\",\"potentialAction\":[{\"@type\":\"SearchAction\",\"target\":{\"@type\":\"EntryPoint\",\"urlTemplate\":\"https:\/\/www.pmpf.rs.gov.br\/secretaria-do-gabinete\/?s={search_term_string}\"},\"query-input\":{\"@type\":\"PropertyValueSpecification\",\"valueRequired\":true,\"valueName\":\"search_term_string\"}}],\"inLanguage\":\"pt-BR\"},{\"@type\":\"Person\",\"@id\":\"https:\/\/www.pmpf.rs.gov.br\/secretaria-do-gabinete\/#\/schema\/person\/6e93b0ab2174b69f691ac4f278ba2d0a\",\"name\":\"lilicrivello\",\"image\":{\"@type\":\"ImageObject\",\"inLanguage\":\"pt-BR\",\"@id\":\"https:\/\/www.pmpf.rs.gov.br\/secretaria-do-gabinete\/#\/schema\/person\/image\/\",\"url\":\"https:\/\/secure.gravatar.com\/avatar\/0b546b667388f8edb7b67d70a57b5e46?s=96&d=mm&r=g\",\"contentUrl\":\"https:\/\/secure.gravatar.com\/avatar\/0b546b667388f8edb7b67d70a57b5e46?s=96&d=mm&r=g\",\"caption\":\"lilicrivello\"},\"url\":\"https:\/\/www.pmpf.rs.gov.br\/secretaria-do-gabinete\/author\/lilicrivello\/\"}]}<\/script>\n<!-- \/ Yoast SEO plugin. -->","yoast_head_json":{"title":"Prefeito Pedro anuncia Jo\u00e3o Ant\u00f4nio Bordin como novo secret\u00e1rio de Agricultura e Alexandre de Mello em Servi\u00e7os Gerais - Secretaria do Gabinete","robots":{"index":"index","follow":"follow","max-snippet":"max-snippet:-1","max-image-preview":"max-image-preview:large","max-video-preview":"max-video-preview:-1"},"canonical":"https:\/\/www.pmpf.rs.gov.br\/secretaria-do-gabinete\/2024\/12\/03\/prefeito-pedro-anuncia-joao-antonio-bordin-como-novo-secretario-de-agricultura-e-alexandre-de-mello-em-servicos-gerais\/","og_locale":"pt_BR","og_type":"article","og_title":"Prefeito Pedro anuncia Jo\u00e3o Ant\u00f4nio Bordin como novo secret\u00e1rio de Agricultura e Alexandre de Mello em Servi\u00e7os Gerais - Secretaria do Gabinete","og_description":"O prefeito Pedro Almeida anunciou, nesta ter\u00e7a-feira (03), os novos titulares de duas secretarias estrat\u00e9gicas: Jo\u00e3o Ant\u00f4nio Bordin, na Secretaria de Agricultura e Desenvolvimento Rural (Smader), e Alexandre de Mello, que seguir\u00e1 [&hellip;]","og_url":"https:\/\/www.pmpf.rs.gov.br\/secretaria-do-gabinete\/2024\/12\/03\/prefeito-pedro-anuncia-joao-antonio-bordin-como-novo-secretario-de-agricultura-e-alexandre-de-mello-em-servicos-gerais\/","og_site_name":"Secretaria do Gabinete","article_published_time":"2024-12-03T19:59:24+00:00","article_modified_time":"2024-12-03T19:59:26+00:00","author":"lilicrivello","twitter_card":"summary_large_image","twitter_misc":{"Escrito por":"lilicrivello","Est. tempo de leitura":"5 minutos"},"schema":{"@context":"https:\/\/schema.org","@graph":[{"@type":"WebPage","@id":"https:\/\/www.pmpf.rs.gov.br\/secretaria-do-gabinete\/2024\/12\/03\/prefeito-pedro-anuncia-joao-antonio-bordin-como-novo-secretario-de-agricultura-e-alexandre-de-mello-em-servicos-gerais\/","url":"https:\/\/www.pmpf.rs.gov.br\/secretaria-do-gabinete\/2024\/12\/03\/prefeito-pedro-anuncia-joao-antonio-bordin-como-novo-secretario-de-agricultura-e-alexandre-de-mello-em-servicos-gerais\/","name":"Prefeito Pedro anuncia Jo\u00e3o Ant\u00f4nio Bordin como novo secret\u00e1rio de Agricultura e Alexandre de Mello em Servi\u00e7os Gerais - Secretaria do Gabinete","isPartOf":{"@id":"https:\/\/www.pmpf.rs.gov.br\/secretaria-do-gabinete\/#website"},"primaryImageOfPage":{"@id":"https:\/\/www.pmpf.rs.gov.br\/secretaria-do-gabinete\/2024\/12\/03\/prefeito-pedro-anuncia-joao-antonio-bordin-como-novo-secretario-de-agricultura-e-alexandre-de-mello-em-servicos-gerais\/#primaryimage"},"image":{"@id":"https:\/\/www.pmpf.rs.gov.br\/secretaria-do-gabinete\/2024\/12\/03\/prefeito-pedro-anuncia-joao-antonio-bordin-como-novo-secretario-de-agricultura-e-alexandre-de-mello-em-servicos-gerais\/#primaryimage"},"thumbnailUrl":"https:\/\/www.pmpf.rs.gov.br\/secretaria-do-gabinete\/wp-content\/uploads\/sites\/46\/2024\/12\/Design-sem-nome.png","datePublished":"2024-12-03T19:59:24+00:00","dateModified":"2024-12-03T19:59:26+00:00","author":{"@id":"https:\/\/www.pmpf.rs.gov.br\/secretaria-do-gabinete\/#\/schema\/person\/6e93b0ab2174b69f691ac4f278ba2d0a"},"inLanguage":"pt-BR","potentialAction":[{"@type":"ReadAction","target":["https:\/\/www.pmpf.rs.gov.br\/secretaria-do-gabinete\/2024\/12\/03\/prefeito-pedro-anuncia-joao-antonio-bordin-como-novo-secretario-de-agricultura-e-alexandre-de-mello-em-servicos-gerais\/"]}]},{"@type":"ImageObject","inLanguage":"pt-BR","@id":"https:\/\/www.pmpf.rs.gov.br\/secretaria-do-gabinete\/2024\/12\/03\/prefeito-pedro-anuncia-joao-antonio-bordin-como-novo-secretario-de-agricultura-e-alexandre-de-mello-em-servicos-gerais\/#primaryimage","url":"https:\/\/www.pmpf.rs.gov.br\/secretaria-do-gabinete\/wp-content\/uploads\/sites\/46\/2024\/12\/Design-sem-nome.png","contentUrl":"https:\/\/www.pmpf.rs.gov.br\/secretaria-do-gabinete\/wp-content\/uploads\/sites\/46\/2024\/12\/Design-sem-nome.png","width":1080,"height":1080},{"@type":"WebSite","@id":"https:\/\/www.pmpf.rs.gov.br\/secretaria-do-gabinete\/#website","url":"https:\/\/www.pmpf.rs.gov.br\/secretaria-do-gabinete\/","name":"Secretaria do Gabinete","description":"S\u00f3 mais um site Prefeitura de Passo Fundo","potentialAction":[{"@type":"SearchAction","target":{"@type":"EntryPoint","urlTemplate":"https:\/\/www.pmpf.rs.gov.br\/secretaria-do-gabinete\/?s={search_term_string}"},"query-input":{"@type":"PropertyValueSpecification","valueRequired":true,"valueName":"search_term_string"}}],"inLanguage":"pt-BR"},{"@type":"Person","@id":"https:\/\/www.pmpf.rs.gov.br\/secretaria-do-gabinete\/#\/schema\/person\/6e93b0ab2174b69f691ac4f278ba2d0a","name":"lilicrivello","image":{"@type":"ImageObject","inLanguage":"pt-BR","@id":"https:\/\/www.pmpf.rs.gov.br\/secretaria-do-gabinete\/#\/schema\/person\/image\/","url":"https:\/\/secure.gravatar.com\/avatar\/0b546b667388f8edb7b67d70a57b5e46?s=96&d=mm&r=g","contentUrl":"https:\/\/secure.gravatar.com\/avatar\/0b546b667388f8edb7b67d70a57b5e46?s=96&d=mm&r=g","caption":"lilicrivello"},"url":"https:\/\/www.pmpf.rs.gov.br\/secretaria-do-gabinete\/author\/lilicrivello\/"}]}},"_links":{"self":[{"href":"https:\/\/www.pmpf.rs.gov.br\/secretaria-do-gabinete\/wp-json\/wp\/v2\/posts\/2374"}],"collection":[{"href":"https:\/\/www.pmpf.rs.gov.br\/secretaria-do-gabinete\/wp-json\/wp\/v2\/posts"}],"about":[{"href":"https:\/\/www.pmpf.rs.gov.br\/secretaria-do-gabinete\/wp-json\/wp\/v2\/types\/post"}],"author":[{"embeddable":true,"href":"https:\/\/www.pmpf.rs.gov.br\/secretaria-do-gabinete\/wp-json\/wp\/v2\/users\/24"}],"replies":[{"embeddable":true,"href":"https:\/\/www.pmpf.rs.gov.br\/secretaria-do-gabinete\/wp-json\/wp\/v2\/comments?post=2374"}],"version-history":[{"count":1,"href":"https:\/\/www.pmpf.rs.gov.br\/secretaria-do-gabinete\/wp-json\/wp\/v2\/posts\/2374\/revisions"}],"predecessor-version":[{"id":2376,"href":"https:\/\/www.pmpf.rs.gov.br\/secretaria-do-gabinete\/wp-json\/wp\/v2\/posts\/2374\/revisions\/2376"}],"wp:featuredmedia":[{"embeddable":true,"href":"https:\/\/www.pmpf.rs.gov.br\/secretaria-do-gabinete\/wp-json\/wp\/v2\/media\/2375"}],"wp:attachment":[{"href":"https:\/\/www.pmpf.rs.gov.br\/secretaria-do-gabinete\/wp-json\/wp\/v2\/media?parent=2374"}],"wp:term":[{"taxonomy":"category","embeddable":true,"href":"https:\/\/www.pmpf.rs.gov.br\/secretaria-do-gabinete\/wp-json\/wp\/v2\/categories?post=2374"},{"taxonomy":"post_tag","embeddable":true,"href":"https:\/\/www.pmpf.rs.gov.br\/secretaria-do-gabinete\/wp-json\/wp\/v2\/tags?post=2374"}],"curies":[{"name":"wp","href":"https:\/\/api.w.org\/{rel}","templated":true}]}}