{"id":2370,"date":"2024-11-27T08:07:28","date_gmt":"2024-11-27T11:07:28","guid":{"rendered":"https:\/\/www.pmpf.rs.gov.br\/secretaria-do-gabinete\/?p=2370"},"modified":"2024-11-27T09:00:52","modified_gmt":"2024-11-27T12:00:52","slug":"prefeito-pedro-anuncia-novo-secretario-de-captacao-de-recursos-e-coordenador-dos-conselhos-municipais","status":"publish","type":"post","link":"https:\/\/www.pmpf.rs.gov.br\/secretaria-do-gabinete\/2024\/11\/27\/prefeito-pedro-anuncia-novo-secretario-de-captacao-de-recursos-e-coordenador-dos-conselhos-municipais\/","title":{"rendered":"Prefeito Pedro anuncia novo Secret\u00e1rio de Capta\u00e7\u00e3o de Recursos e coordenador dos Conselhos Municipais"},"content":{"rendered":"\n<p><\/p>\n\n\n\n<p>O Prefeito Pedro anunciou nesta ter\u00e7a-feira (26) a nomea\u00e7\u00e3o de Josu\u00e9 Longo como o novo Secret\u00e1rio de Capta\u00e7\u00e3o de Recursos de Passo Fundo e Eduardo Hamel como coordenador dos Conselhos Municipais.<\/p>\n\n\n\n<p>Segundo o Prefeito Pedro, a escolha reflete o compromisso de fortalecer a administra\u00e7\u00e3o com profissionais qualificados e engajados em melhorar a cidade e qualidade de vida da popula\u00e7\u00e3o. \u201cAs experi\u00eancias do Josu\u00e9 e do Eduardo e seus conhecimentos das din\u00e2micas pol\u00edticas e administrativas em n\u00edvel nacional s\u00e3o um grande diferencial para Passo Fundo. Temos plena confian\u00e7a de que eles ir\u00e3o contribuir significativamente para os avan\u00e7os que almejamos para nossa cidade\u201d, destacou o Prefeito.<\/p>\n\n\n\n<p>Reconhecido por sua experi\u00eancia na gest\u00e3o p\u00fablica e articula\u00e7\u00e3o pol\u00edtica, Longo assume o cargo com a miss\u00e3o de atrair investimentos e viabilizar projetos que beneficiem a popula\u00e7\u00e3o. \u201c\u00c9 um novo desafio contribuir nesta \u00e1rea t\u00e3o importante para Passo Fundo, pois teremos a miss\u00e3o de trazer recursos que possam melhorar a vida das pessoas. Agrade\u00e7o muito a confian\u00e7a do Prefeito Pedro e estarei trabalhando e usando os anos de experi\u00eancia em Bras\u00edlia, onde t\u00ednhamos a fun\u00e7\u00e3o de correr todo o Brasil articulando para que os recursos federais chegassem aos estados e munic\u00edpios\u201d, afirmou Josu\u00e9 Longo.<\/p>\n\n\n\n<p>Natural do interior de Passo Fundo, Josu\u00e9 Longo \u00e9 formado em Educa\u00e7\u00e3o F\u00edsica pela Universidade de Passo Fundo (UPF). Ex-prefeito e vereador de Marau, ele acumula experi\u00eancia na vida p\u00fablica, com passagens por cargos nas tr\u00eas esferas de governo: municipal, estadual e federal.<\/p>\n\n\n\n<p>Durante sua atua\u00e7\u00e3o em Bras\u00edlia, Longo trabalhou no Minist\u00e9rio das Cidades e na C\u00e2mara dos Deputados, onde desempenhou um papel estrat\u00e9gico na destina\u00e7\u00e3o de recursos para estados e munic\u00edpios. Nos \u00faltimos dois anos, ocupou o cargo de Secret\u00e1rio de Transpar\u00eancia e Rela\u00e7\u00f5es Institucionais de Passo Fundo, atuando na articula\u00e7\u00e3o pol\u00edtica com a C\u00e2mara de Vereadores e na gest\u00e3o da Ouvidoria Geral do munic\u00edpio.<\/p>\n\n\n\n<p>Com a nova fun\u00e7\u00e3o, Josu\u00e9 Francisco Longo ter\u00e1 como principal desafio buscar financiamentos e parcerias que impulsionem projetos estruturantes e garantam avan\u00e7os em \u00e1reas priorit\u00e1rias para a cidade.<\/p>\n\n\n\n<p>A Secretaria de Capta\u00e7\u00e3o de Recursos desempenha um papel estrat\u00e9gico, sendo respons\u00e1vel por identificar e viabilizar oportunidades de financiamento que ampliem a capacidade de investimento do munic\u00edpio, fortalecendo \u00e1reas como sa\u00fade, educa\u00e7\u00e3o, infraestrutura e desenvolvimento econ\u00f4mico.<\/p>\n\n\n\n<p>Eduardo Hamel assume a Coordenadoria dos Conselhos Municipais<br>Al\u00e9m disso, o Prefeito Pedro tamb\u00e9m anunciou a nomea\u00e7\u00e3o de Eduardo Hamel como o novo Coordenador dos Conselhos Municipais. A Coordenadoria dos Conselhos Municipais tem como fun\u00e7\u00e3o principal aprimorar as rela\u00e7\u00f5es institucionais e o di\u00e1logo social entre o governo e a sociedade civil, representada por suas entidades. Simultaneamente, constitui-se como uma inst\u00e2ncia governamental de assessoramento ao prefeito e aos secret\u00e1rios municipais, estabelecendo um canal efetivo de interlocu\u00e7\u00e3o.<\/p>\n\n\n\n<p>\u201cGostaria de agradecer o convite e a confian\u00e7a do Prefeito Pedro Almeida em nosso trabalho. Aceitar o convite para compor a equipe de governo, atrav\u00e9s da Coordena\u00e7\u00e3o dos Conselhos, \u00e9 uma responsabilidade para com a administra\u00e7\u00e3o p\u00fablica e seus mun\u00edcipes. Ter a oportunidade de trabalhar no fortalecimento do di\u00e1logo e na interlocu\u00e7\u00e3o entre a sociedade civil organizada e a administra\u00e7\u00e3o p\u00fablica \u00e9 uma satisfa\u00e7\u00e3o\u201d, destacou Hamel.<\/p>\n\n\n\n<p>Eduardo Hamel, 38 anos, \u00e9 formado em Direito pela Universidade de Passo Fundo e possui Mestrado pela Faculdade ATITUS. Com vasta experi\u00eancia, foi professor universit\u00e1rio na gradua\u00e7\u00e3o de Direito, coordenador do PROCON de Passo Fundo e assessor do Deputado Federal Luciano Azevedo no Congresso Nacional.<\/p>\n\n\n\n<p>Com sua trajet\u00f3ria, Hamel traz uma perspectiva t\u00e9cnica e estrat\u00e9gica para a Coordenadoria, fortalecendo ainda mais o papel dos conselhos como elo entre a sociedade e a administra\u00e7\u00e3o p\u00fablica.<\/p>\n","protected":false},"excerpt":{"rendered":"<p>O Prefeito Pedro anunciou nesta ter\u00e7a-feira (26) a nomea\u00e7\u00e3o de Josu\u00e9 Longo como o novo Secret\u00e1rio de Capta\u00e7\u00e3o de Recursos de Passo Fundo e Eduardo Hamel como coordenador dos Conselhos Municipais. Segundo [&hellip;]<\/p>\n","protected":false},"author":24,"featured_media":2371,"comment_status":"closed","ping_status":"closed","sticky":false,"template":"","format":"standard","meta":{"footnotes":""},"categories":[1],"tags":[],"class_list":["post-2370","post","type-post","status-publish","format-standard","has-post-thumbnail","hentry","category-sem-categoria"],"yoast_head":"<!-- This site is optimized with the Yoast SEO plugin v23.8 - https:\/\/yoast.com\/wordpress\/plugins\/seo\/ -->\n<title>Prefeito Pedro anuncia novo Secret\u00e1rio de Capta\u00e7\u00e3o de Recursos e coordenador dos Conselhos Municipais - Secretaria do Gabinete<\/title>\n<meta name=\"robots\" content=\"index, follow, max-snippet:-1, max-image-preview:large, max-video-preview:-1\" \/>\n<link rel=\"canonical\" href=\"https:\/\/www.pmpf.rs.gov.br\/secretaria-do-gabinete\/2024\/11\/27\/prefeito-pedro-anuncia-novo-secretario-de-captacao-de-recursos-e-coordenador-dos-conselhos-municipais\/\" \/>\n<meta property=\"og:locale\" content=\"pt_BR\" \/>\n<meta property=\"og:type\" content=\"article\" \/>\n<meta property=\"og:title\" content=\"Prefeito Pedro anuncia novo Secret\u00e1rio de Capta\u00e7\u00e3o de Recursos e coordenador dos Conselhos Municipais - Secretaria do Gabinete\" \/>\n<meta property=\"og:description\" content=\"O Prefeito Pedro anunciou nesta ter\u00e7a-feira (26) a nomea\u00e7\u00e3o de Josu\u00e9 Longo como o novo Secret\u00e1rio de Capta\u00e7\u00e3o de Recursos de Passo Fundo e Eduardo Hamel como coordenador dos Conselhos Municipais. Segundo [&hellip;]\" \/>\n<meta property=\"og:url\" content=\"https:\/\/www.pmpf.rs.gov.br\/secretaria-do-gabinete\/2024\/11\/27\/prefeito-pedro-anuncia-novo-secretario-de-captacao-de-recursos-e-coordenador-dos-conselhos-municipais\/\" \/>\n<meta property=\"og:site_name\" content=\"Secretaria do Gabinete\" \/>\n<meta property=\"article:published_time\" content=\"2024-11-27T11:07:28+00:00\" \/>\n<meta property=\"article:modified_time\" content=\"2024-11-27T12:00:52+00:00\" \/>\n<meta property=\"og:image\" content=\"https:\/\/www.pmpf.rs.gov.br\/secretaria-do-gabinete\/wp-content\/uploads\/sites\/46\/2024\/11\/Design-sem-nome-5-1024x1024.png\" \/>\n\t<meta property=\"og:image:width\" content=\"1024\" \/>\n\t<meta property=\"og:image:height\" content=\"1024\" \/>\n\t<meta property=\"og:image:type\" content=\"image\/png\" \/>\n<meta name=\"author\" content=\"lilicrivello\" \/>\n<meta name=\"twitter:card\" content=\"summary_large_image\" \/>\n<meta name=\"twitter:label1\" content=\"Escrito por\" \/>\n\t<meta name=\"twitter:data1\" content=\"lilicrivello\" \/>\n\t<meta name=\"twitter:label2\" content=\"Est. tempo de leitura\" \/>\n\t<meta name=\"twitter:data2\" content=\"3 minutos\" \/>\n<script type=\"application\/ld+json\" class=\"yoast-schema-graph\">{\"@context\":\"https:\/\/schema.org\",\"@graph\":[{\"@type\":\"WebPage\",\"@id\":\"https:\/\/www.pmpf.rs.gov.br\/secretaria-do-gabinete\/2024\/11\/27\/prefeito-pedro-anuncia-novo-secretario-de-captacao-de-recursos-e-coordenador-dos-conselhos-municipais\/\",\"url\":\"https:\/\/www.pmpf.rs.gov.br\/secretaria-do-gabinete\/2024\/11\/27\/prefeito-pedro-anuncia-novo-secretario-de-captacao-de-recursos-e-coordenador-dos-conselhos-municipais\/\",\"name\":\"Prefeito Pedro anuncia novo Secret\u00e1rio de Capta\u00e7\u00e3o de Recursos e coordenador dos Conselhos Municipais - Secretaria do Gabinete\",\"isPartOf\":{\"@id\":\"https:\/\/www.pmpf.rs.gov.br\/secretaria-do-gabinete\/#website\"},\"primaryImageOfPage\":{\"@id\":\"https:\/\/www.pmpf.rs.gov.br\/secretaria-do-gabinete\/2024\/11\/27\/prefeito-pedro-anuncia-novo-secretario-de-captacao-de-recursos-e-coordenador-dos-conselhos-municipais\/#primaryimage\"},\"image\":{\"@id\":\"https:\/\/www.pmpf.rs.gov.br\/secretaria-do-gabinete\/2024\/11\/27\/prefeito-pedro-anuncia-novo-secretario-de-captacao-de-recursos-e-coordenador-dos-conselhos-municipais\/#primaryimage\"},\"thumbnailUrl\":\"https:\/\/www.pmpf.rs.gov.br\/secretaria-do-gabinete\/wp-content\/uploads\/sites\/46\/2024\/11\/Design-sem-nome-5.png\",\"datePublished\":\"2024-11-27T11:07:28+00:00\",\"dateModified\":\"2024-11-27T12:00:52+00:00\",\"author\":{\"@id\":\"https:\/\/www.pmpf.rs.gov.br\/secretaria-do-gabinete\/#\/schema\/person\/6e93b0ab2174b69f691ac4f278ba2d0a\"},\"inLanguage\":\"pt-BR\",\"potentialAction\":[{\"@type\":\"ReadAction\",\"target\":[\"https:\/\/www.pmpf.rs.gov.br\/secretaria-do-gabinete\/2024\/11\/27\/prefeito-pedro-anuncia-novo-secretario-de-captacao-de-recursos-e-coordenador-dos-conselhos-municipais\/\"]}]},{\"@type\":\"ImageObject\",\"inLanguage\":\"pt-BR\",\"@id\":\"https:\/\/www.pmpf.rs.gov.br\/secretaria-do-gabinete\/2024\/11\/27\/prefeito-pedro-anuncia-novo-secretario-de-captacao-de-recursos-e-coordenador-dos-conselhos-municipais\/#primaryimage\",\"url\":\"https:\/\/www.pmpf.rs.gov.br\/secretaria-do-gabinete\/wp-content\/uploads\/sites\/46\/2024\/11\/Design-sem-nome-5.png\",\"contentUrl\":\"https:\/\/www.pmpf.rs.gov.br\/secretaria-do-gabinete\/wp-content\/uploads\/sites\/46\/2024\/11\/Design-sem-nome-5.png\",\"width\":1080,\"height\":1080},{\"@type\":\"WebSite\",\"@id\":\"https:\/\/www.pmpf.rs.gov.br\/secretaria-do-gabinete\/#website\",\"url\":\"https:\/\/www.pmpf.rs.gov.br\/secretaria-do-gabinete\/\",\"name\":\"Secretaria do Gabinete\",\"description\":\"S\u00f3 mais um site Prefeitura de Passo Fundo\",\"potentialAction\":[{\"@type\":\"SearchAction\",\"target\":{\"@type\":\"EntryPoint\",\"urlTemplate\":\"https:\/\/www.pmpf.rs.gov.br\/secretaria-do-gabinete\/?s={search_term_string}\"},\"query-input\":{\"@type\":\"PropertyValueSpecification\",\"valueRequired\":true,\"valueName\":\"search_term_string\"}}],\"inLanguage\":\"pt-BR\"},{\"@type\":\"Person\",\"@id\":\"https:\/\/www.pmpf.rs.gov.br\/secretaria-do-gabinete\/#\/schema\/person\/6e93b0ab2174b69f691ac4f278ba2d0a\",\"name\":\"lilicrivello\",\"image\":{\"@type\":\"ImageObject\",\"inLanguage\":\"pt-BR\",\"@id\":\"https:\/\/www.pmpf.rs.gov.br\/secretaria-do-gabinete\/#\/schema\/person\/image\/\",\"url\":\"https:\/\/secure.gravatar.com\/avatar\/0b546b667388f8edb7b67d70a57b5e46?s=96&d=mm&r=g\",\"contentUrl\":\"https:\/\/secure.gravatar.com\/avatar\/0b546b667388f8edb7b67d70a57b5e46?s=96&d=mm&r=g\",\"caption\":\"lilicrivello\"},\"url\":\"https:\/\/www.pmpf.rs.gov.br\/secretaria-do-gabinete\/author\/lilicrivello\/\"}]}<\/script>\n<!-- \/ Yoast SEO plugin. -->","yoast_head_json":{"title":"Prefeito Pedro anuncia novo Secret\u00e1rio de Capta\u00e7\u00e3o de Recursos e coordenador dos Conselhos Municipais - Secretaria do Gabinete","robots":{"index":"index","follow":"follow","max-snippet":"max-snippet:-1","max-image-preview":"max-image-preview:large","max-video-preview":"max-video-preview:-1"},"canonical":"https:\/\/www.pmpf.rs.gov.br\/secretaria-do-gabinete\/2024\/11\/27\/prefeito-pedro-anuncia-novo-secretario-de-captacao-de-recursos-e-coordenador-dos-conselhos-municipais\/","og_locale":"pt_BR","og_type":"article","og_title":"Prefeito Pedro anuncia novo Secret\u00e1rio de Capta\u00e7\u00e3o de Recursos e coordenador dos Conselhos Municipais - Secretaria do Gabinete","og_description":"O Prefeito Pedro anunciou nesta ter\u00e7a-feira (26) a nomea\u00e7\u00e3o de Josu\u00e9 Longo como o novo Secret\u00e1rio de Capta\u00e7\u00e3o de Recursos de Passo Fundo e Eduardo Hamel como coordenador dos Conselhos Municipais. Segundo [&hellip;]","og_url":"https:\/\/www.pmpf.rs.gov.br\/secretaria-do-gabinete\/2024\/11\/27\/prefeito-pedro-anuncia-novo-secretario-de-captacao-de-recursos-e-coordenador-dos-conselhos-municipais\/","og_site_name":"Secretaria do Gabinete","article_published_time":"2024-11-27T11:07:28+00:00","article_modified_time":"2024-11-27T12:00:52+00:00","og_image":[{"width":1024,"height":1024,"url":"https:\/\/www.pmpf.rs.gov.br\/secretaria-do-gabinete\/wp-content\/uploads\/sites\/46\/2024\/11\/Design-sem-nome-5-1024x1024.png","type":"image\/png"}],"author":"lilicrivello","twitter_card":"summary_large_image","twitter_misc":{"Escrito por":"lilicrivello","Est. tempo de leitura":"3 minutos"},"schema":{"@context":"https:\/\/schema.org","@graph":[{"@type":"WebPage","@id":"https:\/\/www.pmpf.rs.gov.br\/secretaria-do-gabinete\/2024\/11\/27\/prefeito-pedro-anuncia-novo-secretario-de-captacao-de-recursos-e-coordenador-dos-conselhos-municipais\/","url":"https:\/\/www.pmpf.rs.gov.br\/secretaria-do-gabinete\/2024\/11\/27\/prefeito-pedro-anuncia-novo-secretario-de-captacao-de-recursos-e-coordenador-dos-conselhos-municipais\/","name":"Prefeito Pedro anuncia novo Secret\u00e1rio de Capta\u00e7\u00e3o de Recursos e coordenador dos Conselhos Municipais - Secretaria do Gabinete","isPartOf":{"@id":"https:\/\/www.pmpf.rs.gov.br\/secretaria-do-gabinete\/#website"},"primaryImageOfPage":{"@id":"https:\/\/www.pmpf.rs.gov.br\/secretaria-do-gabinete\/2024\/11\/27\/prefeito-pedro-anuncia-novo-secretario-de-captacao-de-recursos-e-coordenador-dos-conselhos-municipais\/#primaryimage"},"image":{"@id":"https:\/\/www.pmpf.rs.gov.br\/secretaria-do-gabinete\/2024\/11\/27\/prefeito-pedro-anuncia-novo-secretario-de-captacao-de-recursos-e-coordenador-dos-conselhos-municipais\/#primaryimage"},"thumbnailUrl":"https:\/\/www.pmpf.rs.gov.br\/secretaria-do-gabinete\/wp-content\/uploads\/sites\/46\/2024\/11\/Design-sem-nome-5.png","datePublished":"2024-11-27T11:07:28+00:00","dateModified":"2024-11-27T12:00:52+00:00","author":{"@id":"https:\/\/www.pmpf.rs.gov.br\/secretaria-do-gabinete\/#\/schema\/person\/6e93b0ab2174b69f691ac4f278ba2d0a"},"inLanguage":"pt-BR","potentialAction":[{"@type":"ReadAction","target":["https:\/\/www.pmpf.rs.gov.br\/secretaria-do-gabinete\/2024\/11\/27\/prefeito-pedro-anuncia-novo-secretario-de-captacao-de-recursos-e-coordenador-dos-conselhos-municipais\/"]}]},{"@type":"ImageObject","inLanguage":"pt-BR","@id":"https:\/\/www.pmpf.rs.gov.br\/secretaria-do-gabinete\/2024\/11\/27\/prefeito-pedro-anuncia-novo-secretario-de-captacao-de-recursos-e-coordenador-dos-conselhos-municipais\/#primaryimage","url":"https:\/\/www.pmpf.rs.gov.br\/secretaria-do-gabinete\/wp-content\/uploads\/sites\/46\/2024\/11\/Design-sem-nome-5.png","contentUrl":"https:\/\/www.pmpf.rs.gov.br\/secretaria-do-gabinete\/wp-content\/uploads\/sites\/46\/2024\/11\/Design-sem-nome-5.png","width":1080,"height":1080},{"@type":"WebSite","@id":"https:\/\/www.pmpf.rs.gov.br\/secretaria-do-gabinete\/#website","url":"https:\/\/www.pmpf.rs.gov.br\/secretaria-do-gabinete\/","name":"Secretaria do Gabinete","description":"S\u00f3 mais um site Prefeitura de Passo Fundo","potentialAction":[{"@type":"SearchAction","target":{"@type":"EntryPoint","urlTemplate":"https:\/\/www.pmpf.rs.gov.br\/secretaria-do-gabinete\/?s={search_term_string}"},"query-input":{"@type":"PropertyValueSpecification","valueRequired":true,"valueName":"search_term_string"}}],"inLanguage":"pt-BR"},{"@type":"Person","@id":"https:\/\/www.pmpf.rs.gov.br\/secretaria-do-gabinete\/#\/schema\/person\/6e93b0ab2174b69f691ac4f278ba2d0a","name":"lilicrivello","image":{"@type":"ImageObject","inLanguage":"pt-BR","@id":"https:\/\/www.pmpf.rs.gov.br\/secretaria-do-gabinete\/#\/schema\/person\/image\/","url":"https:\/\/secure.gravatar.com\/avatar\/0b546b667388f8edb7b67d70a57b5e46?s=96&d=mm&r=g","contentUrl":"https:\/\/secure.gravatar.com\/avatar\/0b546b667388f8edb7b67d70a57b5e46?s=96&d=mm&r=g","caption":"lilicrivello"},"url":"https:\/\/www.pmpf.rs.gov.br\/secretaria-do-gabinete\/author\/lilicrivello\/"}]}},"_links":{"self":[{"href":"https:\/\/www.pmpf.rs.gov.br\/secretaria-do-gabinete\/wp-json\/wp\/v2\/posts\/2370"}],"collection":[{"href":"https:\/\/www.pmpf.rs.gov.br\/secretaria-do-gabinete\/wp-json\/wp\/v2\/posts"}],"about":[{"href":"https:\/\/www.pmpf.rs.gov.br\/secretaria-do-gabinete\/wp-json\/wp\/v2\/types\/post"}],"author":[{"embeddable":true,"href":"https:\/\/www.pmpf.rs.gov.br\/secretaria-do-gabinete\/wp-json\/wp\/v2\/users\/24"}],"replies":[{"embeddable":true,"href":"https:\/\/www.pmpf.rs.gov.br\/secretaria-do-gabinete\/wp-json\/wp\/v2\/comments?post=2370"}],"version-history":[{"count":2,"href":"https:\/\/www.pmpf.rs.gov.br\/secretaria-do-gabinete\/wp-json\/wp\/v2\/posts\/2370\/revisions"}],"predecessor-version":[{"id":2373,"href":"https:\/\/www.pmpf.rs.gov.br\/secretaria-do-gabinete\/wp-json\/wp\/v2\/posts\/2370\/revisions\/2373"}],"wp:featuredmedia":[{"embeddable":true,"href":"https:\/\/www.pmpf.rs.gov.br\/secretaria-do-gabinete\/wp-json\/wp\/v2\/media\/2371"}],"wp:attachment":[{"href":"https:\/\/www.pmpf.rs.gov.br\/secretaria-do-gabinete\/wp-json\/wp\/v2\/media?parent=2370"}],"wp:term":[{"taxonomy":"category","embeddable":true,"href":"https:\/\/www.pmpf.rs.gov.br\/secretaria-do-gabinete\/wp-json\/wp\/v2\/categories?post=2370"},{"taxonomy":"post_tag","embeddable":true,"href":"https:\/\/www.pmpf.rs.gov.br\/secretaria-do-gabinete\/wp-json\/wp\/v2\/tags?post=2370"}],"curies":[{"name":"wp","href":"https:\/\/api.w.org\/{rel}","templated":true}]}}