{"id":2364,"date":"2024-11-22T11:11:36","date_gmt":"2024-11-22T14:11:36","guid":{"rendered":"https:\/\/www.pmpf.rs.gov.br\/secretaria-do-gabinete\/?p=2364"},"modified":"2024-11-22T11:11:47","modified_gmt":"2024-11-22T14:11:47","slug":"prefeito-pedro-anuncia-mais-dois-nomes-para-a-proxima-gestao","status":"publish","type":"post","link":"https:\/\/www.pmpf.rs.gov.br\/secretaria-do-gabinete\/2024\/11\/22\/prefeito-pedro-anuncia-mais-dois-nomes-para-a-proxima-gestao\/","title":{"rendered":"Prefeito Pedro anuncia mais dois nomes para a pr\u00f3xima gest\u00e3o"},"content":{"rendered":"\n<p>Nesta sexta-feira (22), o prefeito de Passo Fundo, Pedro Almeida, anunciou mais dois nomes relacionados \u00e0 sua equipe de governo para a gest\u00e3o 2025\/2028. A Secretaria de Seguran\u00e7a P\u00fablica ter\u00e1 \u00e0 frente o Sargento Tadeu Trindade, enquanto a Auditoria Geral e o Departamento de Controle Interno seguir\u00e3o sob a coordena\u00e7\u00e3o de Leandro Bussolotto.<\/p>\n\n\n\n<p>Trindade possui 31 anos de experi\u00eancia na Brigada Militar, \u00e9 graduado em Educa\u00e7\u00e3o F\u00edsica e em Gest\u00e3o de Seguran\u00e7a P\u00fablica. Atua h\u00e1 11 anos como professor no Col\u00e9gio Tiradentes da Brigada Militar e ir\u00e1 assumir o cargo, a partir de janeiro, com o compromisso de fortalecer as pol\u00edticas de seguran\u00e7a e a integra\u00e7\u00e3o entre os \u00f3rg\u00e3os de prote\u00e7\u00e3o da cidade.<\/p>\n\n\n\n<p>&#8220;Para mim, \u00e9 uma grande satisfa\u00e7\u00e3o poder contribuir com minha cidade em uma \u00e1rea t\u00e3o importante. Vamos manter o di\u00e1logo constante com os \u00f3rg\u00e3os de seguran\u00e7a e buscar sempre o melhor para a comunidade. A Seguran\u00e7a P\u00fablica fez e faz parte da minha vida h\u00e1 mais de 30 anos, e integrar a equipe de governo do prefeito Pedro \u00e9 uma honra e um grande est\u00edmulo para seguir com excel\u00eancia,&#8221; destacou Trindade.<\/p>\n\n\n\n<p>Como parte de uma nova estrat\u00e9gia de seguran\u00e7a p\u00fablica, o vice-prefeito Volnei Ceolin assumir\u00e1 um papel fundamental na interlocu\u00e7\u00e3o com outros \u00f3rg\u00e3os de seguran\u00e7a em n\u00edvel local e estadual. Ele buscar\u00e1 ampliar a colabora\u00e7\u00e3o entre institui\u00e7\u00f5es como Pol\u00edcia Civil, Brigada Militar, Consepro e Comit\u00ea de Seguran\u00e7a P\u00fablica da CDL, al\u00e9m de intermediar a\u00e7\u00f5es com a Secretaria de Seguran\u00e7a P\u00fablica do Rio Grande do Sul. &#8220;A miss\u00e3o \u00e9 estreitar o di\u00e1logo entre os \u00f3rg\u00e3os, fortalecer as for\u00e7as policiais e seguir implementando novas tecnologias, como c\u00e2meras de monitoramento, leitores de placas e reconhecimento facial, para melhorar a seguran\u00e7a no munic\u00edpio,&#8221; refor\u00e7ou Ceolin.<\/p>\n\n\n\n<p>O vice-prefeito reconheceu a trajet\u00f3ria do ex-secret\u00e1rio Jo\u00e3o Darci Gon\u00e7alves da Rosa, que est\u00e1 \u00e0 frente da pasta h\u00e1 mais de 10 anos, destacando sua dedica\u00e7\u00e3o e compet\u00eancia.<br>&#8220;Primeiramente, \u00e9 essencial agradecer ao coronel Gon\u00e7alves pelo excelente trabalho desenvolvido ao longo de mais de uma d\u00e9cada. Ele foi um dos secret\u00e1rios mais longevos de Passo Fundo e deixou um legado de compromisso e resultados na \u00e1rea da seguran\u00e7a p\u00fablica&#8221;, ressaltou.<\/p>\n\n\n\n<p>Sobre o novo secret\u00e1rio, Ceolin destacou a confian\u00e7a em sua experi\u00eancia e compet\u00eancia: &#8220;Parabenizamos o Sargento Trindade por aceitar essa miss\u00e3o desafiadora. Ele tem toda a expertise e sabedoria para implementar pol\u00edticas que promovam a integra\u00e7\u00e3o entre as for\u00e7as de seguran\u00e7a e fortale\u00e7am as a\u00e7\u00f5es preventivas e repressivas no munic\u00edpio&#8221;, apontou.<\/p>\n\n\n\n<p>Auditoria Geral e Controle Interno<br>Leandro Bussolotto permanece na Auditoria Geral do Munic\u00edpio e no Departamento de Controle Interno, refor\u00e7ando o compromisso com a transpar\u00eancia e efici\u00eancia na gest\u00e3o p\u00fablica. &#8220;Agrade\u00e7o ao prefeito Pedro Almeida pela confian\u00e7a e pela oportunidade de continuar contribuindo para a excel\u00eancia administrativa de Passo Fundo. Nosso objetivo \u00e9 garantir que a gest\u00e3o p\u00fablica seja refer\u00eancia em clareza e efici\u00eancia&#8221;, frisou Bussolotto.<\/p>\n\n\n\n<p>Bussolotto \u00e9 Graduado em Direito pela Universidade de Passo Fundo\/RS. P\u00f3s Graduado em Direito Civil pela Faculdade CESUSC, Florian\u00f3polis\/SC. Mestre em Direito pela Atitus Passo Fundo\/RS, exerce o cargo de Auditor e \u00e9 Respons\u00e1vel pelo Controle Interno. Hoje, \u00e9 s\u00f3cio da Aporte Im\u00f3veis e Ativos BS Compliance empresarial.<\/p>\n","protected":false},"excerpt":{"rendered":"<p>Sargento Trindade ser\u00e1 o novo secret\u00e1rio de Seguran\u00e7a e Leandro Bussolotto seguir\u00e1 como Auditor Geral<\/p>\n","protected":false},"author":24,"featured_media":2365,"comment_status":"closed","ping_status":"closed","sticky":false,"template":"","format":"standard","meta":{"footnotes":""},"categories":[1],"tags":[],"class_list":["post-2364","post","type-post","status-publish","format-standard","has-post-thumbnail","hentry","category-sem-categoria"],"yoast_head":"<!-- This site is optimized with the Yoast SEO plugin v23.8 - https:\/\/yoast.com\/wordpress\/plugins\/seo\/ -->\n<title>Prefeito Pedro anuncia mais dois nomes para a pr\u00f3xima gest\u00e3o - Secretaria do Gabinete<\/title>\n<meta name=\"robots\" content=\"index, follow, max-snippet:-1, max-image-preview:large, max-video-preview:-1\" \/>\n<link rel=\"canonical\" href=\"https:\/\/www.pmpf.rs.gov.br\/secretaria-do-gabinete\/2024\/11\/22\/prefeito-pedro-anuncia-mais-dois-nomes-para-a-proxima-gestao\/\" \/>\n<meta property=\"og:locale\" content=\"pt_BR\" \/>\n<meta property=\"og:type\" content=\"article\" \/>\n<meta property=\"og:title\" content=\"Prefeito Pedro anuncia mais dois nomes para a pr\u00f3xima gest\u00e3o - Secretaria do Gabinete\" \/>\n<meta property=\"og:description\" content=\"Sargento Trindade ser\u00e1 o novo secret\u00e1rio de Seguran\u00e7a e Leandro Bussolotto seguir\u00e1 como Auditor Geral\" \/>\n<meta property=\"og:url\" content=\"https:\/\/www.pmpf.rs.gov.br\/secretaria-do-gabinete\/2024\/11\/22\/prefeito-pedro-anuncia-mais-dois-nomes-para-a-proxima-gestao\/\" \/>\n<meta property=\"og:site_name\" content=\"Secretaria do Gabinete\" \/>\n<meta property=\"article:published_time\" content=\"2024-11-22T14:11:36+00:00\" \/>\n<meta property=\"article:modified_time\" content=\"2024-11-22T14:11:47+00:00\" \/>\n<meta name=\"author\" content=\"lilicrivello\" \/>\n<meta name=\"twitter:card\" content=\"summary_large_image\" \/>\n<meta name=\"twitter:label1\" content=\"Escrito por\" \/>\n\t<meta name=\"twitter:data1\" content=\"lilicrivello\" \/>\n\t<meta name=\"twitter:label2\" content=\"Est. tempo de leitura\" \/>\n\t<meta name=\"twitter:data2\" content=\"3 minutos\" \/>\n<script type=\"application\/ld+json\" class=\"yoast-schema-graph\">{\"@context\":\"https:\/\/schema.org\",\"@graph\":[{\"@type\":\"WebPage\",\"@id\":\"https:\/\/www.pmpf.rs.gov.br\/secretaria-do-gabinete\/2024\/11\/22\/prefeito-pedro-anuncia-mais-dois-nomes-para-a-proxima-gestao\/\",\"url\":\"https:\/\/www.pmpf.rs.gov.br\/secretaria-do-gabinete\/2024\/11\/22\/prefeito-pedro-anuncia-mais-dois-nomes-para-a-proxima-gestao\/\",\"name\":\"Prefeito Pedro anuncia mais dois nomes para a pr\u00f3xima gest\u00e3o - Secretaria do Gabinete\",\"isPartOf\":{\"@id\":\"https:\/\/www.pmpf.rs.gov.br\/secretaria-do-gabinete\/#website\"},\"primaryImageOfPage\":{\"@id\":\"https:\/\/www.pmpf.rs.gov.br\/secretaria-do-gabinete\/2024\/11\/22\/prefeito-pedro-anuncia-mais-dois-nomes-para-a-proxima-gestao\/#primaryimage\"},\"image\":{\"@id\":\"https:\/\/www.pmpf.rs.gov.br\/secretaria-do-gabinete\/2024\/11\/22\/prefeito-pedro-anuncia-mais-dois-nomes-para-a-proxima-gestao\/#primaryimage\"},\"thumbnailUrl\":\"https:\/\/www.pmpf.rs.gov.br\/secretaria-do-gabinete\/wp-content\/uploads\/sites\/46\/2024\/11\/Design-sem-nome-3.png\",\"datePublished\":\"2024-11-22T14:11:36+00:00\",\"dateModified\":\"2024-11-22T14:11:47+00:00\",\"author\":{\"@id\":\"https:\/\/www.pmpf.rs.gov.br\/secretaria-do-gabinete\/#\/schema\/person\/6e93b0ab2174b69f691ac4f278ba2d0a\"},\"inLanguage\":\"pt-BR\",\"potentialAction\":[{\"@type\":\"ReadAction\",\"target\":[\"https:\/\/www.pmpf.rs.gov.br\/secretaria-do-gabinete\/2024\/11\/22\/prefeito-pedro-anuncia-mais-dois-nomes-para-a-proxima-gestao\/\"]}]},{\"@type\":\"ImageObject\",\"inLanguage\":\"pt-BR\",\"@id\":\"https:\/\/www.pmpf.rs.gov.br\/secretaria-do-gabinete\/2024\/11\/22\/prefeito-pedro-anuncia-mais-dois-nomes-para-a-proxima-gestao\/#primaryimage\",\"url\":\"https:\/\/www.pmpf.rs.gov.br\/secretaria-do-gabinete\/wp-content\/uploads\/sites\/46\/2024\/11\/Design-sem-nome-3.png\",\"contentUrl\":\"https:\/\/www.pmpf.rs.gov.br\/secretaria-do-gabinete\/wp-content\/uploads\/sites\/46\/2024\/11\/Design-sem-nome-3.png\",\"width\":1080,\"height\":696},{\"@type\":\"WebSite\",\"@id\":\"https:\/\/www.pmpf.rs.gov.br\/secretaria-do-gabinete\/#website\",\"url\":\"https:\/\/www.pmpf.rs.gov.br\/secretaria-do-gabinete\/\",\"name\":\"Secretaria do Gabinete\",\"description\":\"S\u00f3 mais um site Prefeitura de Passo Fundo\",\"potentialAction\":[{\"@type\":\"SearchAction\",\"target\":{\"@type\":\"EntryPoint\",\"urlTemplate\":\"https:\/\/www.pmpf.rs.gov.br\/secretaria-do-gabinete\/?s={search_term_string}\"},\"query-input\":{\"@type\":\"PropertyValueSpecification\",\"valueRequired\":true,\"valueName\":\"search_term_string\"}}],\"inLanguage\":\"pt-BR\"},{\"@type\":\"Person\",\"@id\":\"https:\/\/www.pmpf.rs.gov.br\/secretaria-do-gabinete\/#\/schema\/person\/6e93b0ab2174b69f691ac4f278ba2d0a\",\"name\":\"lilicrivello\",\"image\":{\"@type\":\"ImageObject\",\"inLanguage\":\"pt-BR\",\"@id\":\"https:\/\/www.pmpf.rs.gov.br\/secretaria-do-gabinete\/#\/schema\/person\/image\/\",\"url\":\"https:\/\/secure.gravatar.com\/avatar\/0b546b667388f8edb7b67d70a57b5e46?s=96&d=mm&r=g\",\"contentUrl\":\"https:\/\/secure.gravatar.com\/avatar\/0b546b667388f8edb7b67d70a57b5e46?s=96&d=mm&r=g\",\"caption\":\"lilicrivello\"},\"url\":\"https:\/\/www.pmpf.rs.gov.br\/secretaria-do-gabinete\/author\/lilicrivello\/\"}]}<\/script>\n<!-- \/ Yoast SEO plugin. -->","yoast_head_json":{"title":"Prefeito Pedro anuncia mais dois nomes para a pr\u00f3xima gest\u00e3o - Secretaria do Gabinete","robots":{"index":"index","follow":"follow","max-snippet":"max-snippet:-1","max-image-preview":"max-image-preview:large","max-video-preview":"max-video-preview:-1"},"canonical":"https:\/\/www.pmpf.rs.gov.br\/secretaria-do-gabinete\/2024\/11\/22\/prefeito-pedro-anuncia-mais-dois-nomes-para-a-proxima-gestao\/","og_locale":"pt_BR","og_type":"article","og_title":"Prefeito Pedro anuncia mais dois nomes para a pr\u00f3xima gest\u00e3o - Secretaria do Gabinete","og_description":"Sargento Trindade ser\u00e1 o novo secret\u00e1rio de Seguran\u00e7a e Leandro Bussolotto seguir\u00e1 como Auditor Geral","og_url":"https:\/\/www.pmpf.rs.gov.br\/secretaria-do-gabinete\/2024\/11\/22\/prefeito-pedro-anuncia-mais-dois-nomes-para-a-proxima-gestao\/","og_site_name":"Secretaria do Gabinete","article_published_time":"2024-11-22T14:11:36+00:00","article_modified_time":"2024-11-22T14:11:47+00:00","author":"lilicrivello","twitter_card":"summary_large_image","twitter_misc":{"Escrito por":"lilicrivello","Est. tempo de leitura":"3 minutos"},"schema":{"@context":"https:\/\/schema.org","@graph":[{"@type":"WebPage","@id":"https:\/\/www.pmpf.rs.gov.br\/secretaria-do-gabinete\/2024\/11\/22\/prefeito-pedro-anuncia-mais-dois-nomes-para-a-proxima-gestao\/","url":"https:\/\/www.pmpf.rs.gov.br\/secretaria-do-gabinete\/2024\/11\/22\/prefeito-pedro-anuncia-mais-dois-nomes-para-a-proxima-gestao\/","name":"Prefeito Pedro anuncia mais dois nomes para a pr\u00f3xima gest\u00e3o - Secretaria do Gabinete","isPartOf":{"@id":"https:\/\/www.pmpf.rs.gov.br\/secretaria-do-gabinete\/#website"},"primaryImageOfPage":{"@id":"https:\/\/www.pmpf.rs.gov.br\/secretaria-do-gabinete\/2024\/11\/22\/prefeito-pedro-anuncia-mais-dois-nomes-para-a-proxima-gestao\/#primaryimage"},"image":{"@id":"https:\/\/www.pmpf.rs.gov.br\/secretaria-do-gabinete\/2024\/11\/22\/prefeito-pedro-anuncia-mais-dois-nomes-para-a-proxima-gestao\/#primaryimage"},"thumbnailUrl":"https:\/\/www.pmpf.rs.gov.br\/secretaria-do-gabinete\/wp-content\/uploads\/sites\/46\/2024\/11\/Design-sem-nome-3.png","datePublished":"2024-11-22T14:11:36+00:00","dateModified":"2024-11-22T14:11:47+00:00","author":{"@id":"https:\/\/www.pmpf.rs.gov.br\/secretaria-do-gabinete\/#\/schema\/person\/6e93b0ab2174b69f691ac4f278ba2d0a"},"inLanguage":"pt-BR","potentialAction":[{"@type":"ReadAction","target":["https:\/\/www.pmpf.rs.gov.br\/secretaria-do-gabinete\/2024\/11\/22\/prefeito-pedro-anuncia-mais-dois-nomes-para-a-proxima-gestao\/"]}]},{"@type":"ImageObject","inLanguage":"pt-BR","@id":"https:\/\/www.pmpf.rs.gov.br\/secretaria-do-gabinete\/2024\/11\/22\/prefeito-pedro-anuncia-mais-dois-nomes-para-a-proxima-gestao\/#primaryimage","url":"https:\/\/www.pmpf.rs.gov.br\/secretaria-do-gabinete\/wp-content\/uploads\/sites\/46\/2024\/11\/Design-sem-nome-3.png","contentUrl":"https:\/\/www.pmpf.rs.gov.br\/secretaria-do-gabinete\/wp-content\/uploads\/sites\/46\/2024\/11\/Design-sem-nome-3.png","width":1080,"height":696},{"@type":"WebSite","@id":"https:\/\/www.pmpf.rs.gov.br\/secretaria-do-gabinete\/#website","url":"https:\/\/www.pmpf.rs.gov.br\/secretaria-do-gabinete\/","name":"Secretaria do Gabinete","description":"S\u00f3 mais um site Prefeitura de Passo Fundo","potentialAction":[{"@type":"SearchAction","target":{"@type":"EntryPoint","urlTemplate":"https:\/\/www.pmpf.rs.gov.br\/secretaria-do-gabinete\/?s={search_term_string}"},"query-input":{"@type":"PropertyValueSpecification","valueRequired":true,"valueName":"search_term_string"}}],"inLanguage":"pt-BR"},{"@type":"Person","@id":"https:\/\/www.pmpf.rs.gov.br\/secretaria-do-gabinete\/#\/schema\/person\/6e93b0ab2174b69f691ac4f278ba2d0a","name":"lilicrivello","image":{"@type":"ImageObject","inLanguage":"pt-BR","@id":"https:\/\/www.pmpf.rs.gov.br\/secretaria-do-gabinete\/#\/schema\/person\/image\/","url":"https:\/\/secure.gravatar.com\/avatar\/0b546b667388f8edb7b67d70a57b5e46?s=96&d=mm&r=g","contentUrl":"https:\/\/secure.gravatar.com\/avatar\/0b546b667388f8edb7b67d70a57b5e46?s=96&d=mm&r=g","caption":"lilicrivello"},"url":"https:\/\/www.pmpf.rs.gov.br\/secretaria-do-gabinete\/author\/lilicrivello\/"}]}},"_links":{"self":[{"href":"https:\/\/www.pmpf.rs.gov.br\/secretaria-do-gabinete\/wp-json\/wp\/v2\/posts\/2364"}],"collection":[{"href":"https:\/\/www.pmpf.rs.gov.br\/secretaria-do-gabinete\/wp-json\/wp\/v2\/posts"}],"about":[{"href":"https:\/\/www.pmpf.rs.gov.br\/secretaria-do-gabinete\/wp-json\/wp\/v2\/types\/post"}],"author":[{"embeddable":true,"href":"https:\/\/www.pmpf.rs.gov.br\/secretaria-do-gabinete\/wp-json\/wp\/v2\/users\/24"}],"replies":[{"embeddable":true,"href":"https:\/\/www.pmpf.rs.gov.br\/secretaria-do-gabinete\/wp-json\/wp\/v2\/comments?post=2364"}],"version-history":[{"count":1,"href":"https:\/\/www.pmpf.rs.gov.br\/secretaria-do-gabinete\/wp-json\/wp\/v2\/posts\/2364\/revisions"}],"predecessor-version":[{"id":2366,"href":"https:\/\/www.pmpf.rs.gov.br\/secretaria-do-gabinete\/wp-json\/wp\/v2\/posts\/2364\/revisions\/2366"}],"wp:featuredmedia":[{"embeddable":true,"href":"https:\/\/www.pmpf.rs.gov.br\/secretaria-do-gabinete\/wp-json\/wp\/v2\/media\/2365"}],"wp:attachment":[{"href":"https:\/\/www.pmpf.rs.gov.br\/secretaria-do-gabinete\/wp-json\/wp\/v2\/media?parent=2364"}],"wp:term":[{"taxonomy":"category","embeddable":true,"href":"https:\/\/www.pmpf.rs.gov.br\/secretaria-do-gabinete\/wp-json\/wp\/v2\/categories?post=2364"},{"taxonomy":"post_tag","embeddable":true,"href":"https:\/\/www.pmpf.rs.gov.br\/secretaria-do-gabinete\/wp-json\/wp\/v2\/tags?post=2364"}],"curies":[{"name":"wp","href":"https:\/\/api.w.org\/{rel}","templated":true}]}}