{"id":2358,"date":"2024-11-08T16:01:06","date_gmt":"2024-11-08T19:01:06","guid":{"rendered":"https:\/\/www.pmpf.rs.gov.br\/secretaria-do-gabinete\/?p=2358"},"modified":"2024-11-08T16:01:07","modified_gmt":"2024-11-08T19:01:07","slug":"prefeito-pedro-define-o-secretario-de-esporte-para-a-proxima-gestao","status":"publish","type":"post","link":"https:\/\/www.pmpf.rs.gov.br\/secretaria-do-gabinete\/2024\/11\/08\/prefeito-pedro-define-o-secretario-de-esporte-para-a-proxima-gestao\/","title":{"rendered":"Prefeito Pedro define o secret\u00e1rio de Esporte para a pr\u00f3xima gest\u00e3o"},"content":{"rendered":"\n<p>O Prefeito Pedro Almeida anunciou nesta sexta-feira (8) a nomea\u00e7\u00e3o de Gilberto Bellaver para liderar a Secretaria de Esportes a partir de 2025. Com uma trajet\u00f3ria reconhecida no esporte e na educa\u00e7\u00e3o f\u00edsica, Bellaver retorna ao cargo com o objetivo de fortalecer as pol\u00edticas p\u00fablicas para o setor esportivo na cidade.<\/p>\n\n\n\n<p>&#8220;Gilberto Bellaver \u00e9 um profissional experiente e respeitado na \u00e1rea de Educa\u00e7\u00e3o F\u00edsica e Treinamento Esportivo, com uma carreira s\u00f3lida e diversificada, al\u00e9m de ter conhecimento por j\u00e1 ter atuado como secret\u00e1rio de Esportes. A experi\u00eancia e comprometimento de Gilberto s\u00e3o fundamentais para que possamos seguir avan\u00e7ando no esporte como uma ferramenta de sa\u00fade e qualidade de vida,&#8221; destacou o prefeito.<\/p>\n\n\n\n<p>Para Bellaver, assumir novamente a pasta \u00e9 um privil\u00e9gio e um novo ciclo de trabalho em prol do esporte. \u201cFazer parte da gest\u00e3o do prefeito Pedro, agora, nesse novo ciclo, para mim, em primeiro lugar, \u00e9 uma honra, \u00e9 um privil\u00e9gio ter a confian\u00e7a do prefeito. Fico muito feliz de ter sido o primeiro secret\u00e1rio de Esportes da hist\u00f3ria do munic\u00edpio. Isso mudou muito o patamar do esporte na cidade, posicionando-o n\u00e3o apenas como competi\u00e7\u00e3o, mas como uma pol\u00edtica p\u00fablica importante para sa\u00fade e qualidade de vida&#8221;, relata.<\/p>\n\n\n\n<p>Bellaver refor\u00e7ou ainda que seu compromisso \u00e9 com uma gest\u00e3o ampla, que valorize o esporte em diversas modalidades e como um fator essencial de bem-estar. \u201cA minha perspectiva, junto com o prefeito Pedro, \u00e9 fazer o melhor pelo esporte, desde as competi\u00e7\u00f5es at\u00e9 a promo\u00e7\u00e3o de sa\u00fade p\u00fablica. Com o prefeito Pedro, o esporte em Passo Fundo j\u00e1 ganhou notoriedade e ter\u00e1 ainda mais import\u00e2ncia como uma pasta fundamental para a qualidade de vida da popula\u00e7\u00e3o\u201d, aponta.<\/p>\n\n\n\n<p>O secret\u00e1rio<br>Gilberto Bellaver \u00e9 formado em Educa\u00e7\u00e3o F\u00edsica com especializa\u00e7\u00e3o em Treinamento Esportivo e possui mais de 30 anos de experi\u00eancia como t\u00e9cnico de voleibol, certificado pela Confedera\u00e7\u00e3o Brasileira de Voleibol (CBV). Atuou como t\u00e9cnico da Sele\u00e7\u00e3o Ga\u00facha Juvenil Feminina, foi Secret\u00e1rio Municipal de Esportes de Passo Fundo de 2015 a 2023, gerente do SESC Passo Fundo, professor no Col\u00e9gio Notre Dame e docente universit\u00e1rio. Hoje, \u00e9 s\u00f3cio da BM Escola do V\u00f4lei e Diretor T\u00e9cnico da equipe adulta feminina Be8\/UPF, destacando-se por conquistas como o tetracampeonato ga\u00facho, hexacampeonato estadual universit\u00e1rio e t\u00edtulos em diversas competi\u00e7\u00f5es de base.<\/p>\n","protected":false},"excerpt":{"rendered":"<p>Gilberto Bellaver ir\u00e1 comandar a pasta a partir de 2025<\/p>\n","protected":false},"author":24,"featured_media":2359,"comment_status":"closed","ping_status":"closed","sticky":false,"template":"","format":"standard","meta":{"footnotes":""},"categories":[1],"tags":[],"class_list":["post-2358","post","type-post","status-publish","format-standard","has-post-thumbnail","hentry","category-sem-categoria"],"yoast_head":"<!-- This site is optimized with the Yoast SEO plugin v23.8 - https:\/\/yoast.com\/wordpress\/plugins\/seo\/ -->\n<title>Prefeito Pedro define o secret\u00e1rio de Esporte para a pr\u00f3xima gest\u00e3o - Secretaria do Gabinete<\/title>\n<meta name=\"robots\" content=\"index, follow, max-snippet:-1, max-image-preview:large, max-video-preview:-1\" \/>\n<link rel=\"canonical\" href=\"https:\/\/www.pmpf.rs.gov.br\/secretaria-do-gabinete\/2024\/11\/08\/prefeito-pedro-define-o-secretario-de-esporte-para-a-proxima-gestao\/\" \/>\n<meta property=\"og:locale\" content=\"pt_BR\" \/>\n<meta property=\"og:type\" content=\"article\" \/>\n<meta property=\"og:title\" content=\"Prefeito Pedro define o secret\u00e1rio de Esporte para a pr\u00f3xima gest\u00e3o - Secretaria do Gabinete\" \/>\n<meta property=\"og:description\" content=\"Gilberto Bellaver ir\u00e1 comandar a pasta a partir de 2025\" \/>\n<meta property=\"og:url\" content=\"https:\/\/www.pmpf.rs.gov.br\/secretaria-do-gabinete\/2024\/11\/08\/prefeito-pedro-define-o-secretario-de-esporte-para-a-proxima-gestao\/\" \/>\n<meta property=\"og:site_name\" content=\"Secretaria do Gabinete\" \/>\n<meta property=\"article:published_time\" content=\"2024-11-08T19:01:06+00:00\" \/>\n<meta property=\"article:modified_time\" content=\"2024-11-08T19:01:07+00:00\" \/>\n<meta name=\"author\" content=\"lilicrivello\" \/>\n<meta name=\"twitter:card\" content=\"summary_large_image\" \/>\n<meta name=\"twitter:label1\" content=\"Escrito por\" \/>\n\t<meta name=\"twitter:data1\" content=\"lilicrivello\" \/>\n\t<meta name=\"twitter:label2\" content=\"Est. tempo de leitura\" \/>\n\t<meta name=\"twitter:data2\" content=\"2 minutos\" \/>\n<script type=\"application\/ld+json\" class=\"yoast-schema-graph\">{\"@context\":\"https:\/\/schema.org\",\"@graph\":[{\"@type\":\"WebPage\",\"@id\":\"https:\/\/www.pmpf.rs.gov.br\/secretaria-do-gabinete\/2024\/11\/08\/prefeito-pedro-define-o-secretario-de-esporte-para-a-proxima-gestao\/\",\"url\":\"https:\/\/www.pmpf.rs.gov.br\/secretaria-do-gabinete\/2024\/11\/08\/prefeito-pedro-define-o-secretario-de-esporte-para-a-proxima-gestao\/\",\"name\":\"Prefeito Pedro define o secret\u00e1rio de Esporte para a pr\u00f3xima gest\u00e3o - Secretaria do Gabinete\",\"isPartOf\":{\"@id\":\"https:\/\/www.pmpf.rs.gov.br\/secretaria-do-gabinete\/#website\"},\"primaryImageOfPage\":{\"@id\":\"https:\/\/www.pmpf.rs.gov.br\/secretaria-do-gabinete\/2024\/11\/08\/prefeito-pedro-define-o-secretario-de-esporte-para-a-proxima-gestao\/#primaryimage\"},\"image\":{\"@id\":\"https:\/\/www.pmpf.rs.gov.br\/secretaria-do-gabinete\/2024\/11\/08\/prefeito-pedro-define-o-secretario-de-esporte-para-a-proxima-gestao\/#primaryimage\"},\"thumbnailUrl\":\"https:\/\/www.pmpf.rs.gov.br\/secretaria-do-gabinete\/wp-content\/uploads\/sites\/46\/2024\/11\/MSF07529-scaled.jpg\",\"datePublished\":\"2024-11-08T19:01:06+00:00\",\"dateModified\":\"2024-11-08T19:01:07+00:00\",\"author\":{\"@id\":\"https:\/\/www.pmpf.rs.gov.br\/secretaria-do-gabinete\/#\/schema\/person\/6e93b0ab2174b69f691ac4f278ba2d0a\"},\"inLanguage\":\"pt-BR\",\"potentialAction\":[{\"@type\":\"ReadAction\",\"target\":[\"https:\/\/www.pmpf.rs.gov.br\/secretaria-do-gabinete\/2024\/11\/08\/prefeito-pedro-define-o-secretario-de-esporte-para-a-proxima-gestao\/\"]}]},{\"@type\":\"ImageObject\",\"inLanguage\":\"pt-BR\",\"@id\":\"https:\/\/www.pmpf.rs.gov.br\/secretaria-do-gabinete\/2024\/11\/08\/prefeito-pedro-define-o-secretario-de-esporte-para-a-proxima-gestao\/#primaryimage\",\"url\":\"https:\/\/www.pmpf.rs.gov.br\/secretaria-do-gabinete\/wp-content\/uploads\/sites\/46\/2024\/11\/MSF07529-scaled.jpg\",\"contentUrl\":\"https:\/\/www.pmpf.rs.gov.br\/secretaria-do-gabinete\/wp-content\/uploads\/sites\/46\/2024\/11\/MSF07529-scaled.jpg\",\"width\":2560,\"height\":1707},{\"@type\":\"WebSite\",\"@id\":\"https:\/\/www.pmpf.rs.gov.br\/secretaria-do-gabinete\/#website\",\"url\":\"https:\/\/www.pmpf.rs.gov.br\/secretaria-do-gabinete\/\",\"name\":\"Secretaria do Gabinete\",\"description\":\"S\u00f3 mais um site Prefeitura de Passo Fundo\",\"potentialAction\":[{\"@type\":\"SearchAction\",\"target\":{\"@type\":\"EntryPoint\",\"urlTemplate\":\"https:\/\/www.pmpf.rs.gov.br\/secretaria-do-gabinete\/?s={search_term_string}\"},\"query-input\":{\"@type\":\"PropertyValueSpecification\",\"valueRequired\":true,\"valueName\":\"search_term_string\"}}],\"inLanguage\":\"pt-BR\"},{\"@type\":\"Person\",\"@id\":\"https:\/\/www.pmpf.rs.gov.br\/secretaria-do-gabinete\/#\/schema\/person\/6e93b0ab2174b69f691ac4f278ba2d0a\",\"name\":\"lilicrivello\",\"image\":{\"@type\":\"ImageObject\",\"inLanguage\":\"pt-BR\",\"@id\":\"https:\/\/www.pmpf.rs.gov.br\/secretaria-do-gabinete\/#\/schema\/person\/image\/\",\"url\":\"https:\/\/secure.gravatar.com\/avatar\/0b546b667388f8edb7b67d70a57b5e46?s=96&d=mm&r=g\",\"contentUrl\":\"https:\/\/secure.gravatar.com\/avatar\/0b546b667388f8edb7b67d70a57b5e46?s=96&d=mm&r=g\",\"caption\":\"lilicrivello\"},\"url\":\"https:\/\/www.pmpf.rs.gov.br\/secretaria-do-gabinete\/author\/lilicrivello\/\"}]}<\/script>\n<!-- \/ Yoast SEO plugin. -->","yoast_head_json":{"title":"Prefeito Pedro define o secret\u00e1rio de Esporte para a pr\u00f3xima gest\u00e3o - Secretaria do Gabinete","robots":{"index":"index","follow":"follow","max-snippet":"max-snippet:-1","max-image-preview":"max-image-preview:large","max-video-preview":"max-video-preview:-1"},"canonical":"https:\/\/www.pmpf.rs.gov.br\/secretaria-do-gabinete\/2024\/11\/08\/prefeito-pedro-define-o-secretario-de-esporte-para-a-proxima-gestao\/","og_locale":"pt_BR","og_type":"article","og_title":"Prefeito Pedro define o secret\u00e1rio de Esporte para a pr\u00f3xima gest\u00e3o - Secretaria do Gabinete","og_description":"Gilberto Bellaver ir\u00e1 comandar a pasta a partir de 2025","og_url":"https:\/\/www.pmpf.rs.gov.br\/secretaria-do-gabinete\/2024\/11\/08\/prefeito-pedro-define-o-secretario-de-esporte-para-a-proxima-gestao\/","og_site_name":"Secretaria do Gabinete","article_published_time":"2024-11-08T19:01:06+00:00","article_modified_time":"2024-11-08T19:01:07+00:00","author":"lilicrivello","twitter_card":"summary_large_image","twitter_misc":{"Escrito por":"lilicrivello","Est. tempo de leitura":"2 minutos"},"schema":{"@context":"https:\/\/schema.org","@graph":[{"@type":"WebPage","@id":"https:\/\/www.pmpf.rs.gov.br\/secretaria-do-gabinete\/2024\/11\/08\/prefeito-pedro-define-o-secretario-de-esporte-para-a-proxima-gestao\/","url":"https:\/\/www.pmpf.rs.gov.br\/secretaria-do-gabinete\/2024\/11\/08\/prefeito-pedro-define-o-secretario-de-esporte-para-a-proxima-gestao\/","name":"Prefeito Pedro define o secret\u00e1rio de Esporte para a pr\u00f3xima gest\u00e3o - Secretaria do Gabinete","isPartOf":{"@id":"https:\/\/www.pmpf.rs.gov.br\/secretaria-do-gabinete\/#website"},"primaryImageOfPage":{"@id":"https:\/\/www.pmpf.rs.gov.br\/secretaria-do-gabinete\/2024\/11\/08\/prefeito-pedro-define-o-secretario-de-esporte-para-a-proxima-gestao\/#primaryimage"},"image":{"@id":"https:\/\/www.pmpf.rs.gov.br\/secretaria-do-gabinete\/2024\/11\/08\/prefeito-pedro-define-o-secretario-de-esporte-para-a-proxima-gestao\/#primaryimage"},"thumbnailUrl":"https:\/\/www.pmpf.rs.gov.br\/secretaria-do-gabinete\/wp-content\/uploads\/sites\/46\/2024\/11\/MSF07529-scaled.jpg","datePublished":"2024-11-08T19:01:06+00:00","dateModified":"2024-11-08T19:01:07+00:00","author":{"@id":"https:\/\/www.pmpf.rs.gov.br\/secretaria-do-gabinete\/#\/schema\/person\/6e93b0ab2174b69f691ac4f278ba2d0a"},"inLanguage":"pt-BR","potentialAction":[{"@type":"ReadAction","target":["https:\/\/www.pmpf.rs.gov.br\/secretaria-do-gabinete\/2024\/11\/08\/prefeito-pedro-define-o-secretario-de-esporte-para-a-proxima-gestao\/"]}]},{"@type":"ImageObject","inLanguage":"pt-BR","@id":"https:\/\/www.pmpf.rs.gov.br\/secretaria-do-gabinete\/2024\/11\/08\/prefeito-pedro-define-o-secretario-de-esporte-para-a-proxima-gestao\/#primaryimage","url":"https:\/\/www.pmpf.rs.gov.br\/secretaria-do-gabinete\/wp-content\/uploads\/sites\/46\/2024\/11\/MSF07529-scaled.jpg","contentUrl":"https:\/\/www.pmpf.rs.gov.br\/secretaria-do-gabinete\/wp-content\/uploads\/sites\/46\/2024\/11\/MSF07529-scaled.jpg","width":2560,"height":1707},{"@type":"WebSite","@id":"https:\/\/www.pmpf.rs.gov.br\/secretaria-do-gabinete\/#website","url":"https:\/\/www.pmpf.rs.gov.br\/secretaria-do-gabinete\/","name":"Secretaria do Gabinete","description":"S\u00f3 mais um site Prefeitura de Passo Fundo","potentialAction":[{"@type":"SearchAction","target":{"@type":"EntryPoint","urlTemplate":"https:\/\/www.pmpf.rs.gov.br\/secretaria-do-gabinete\/?s={search_term_string}"},"query-input":{"@type":"PropertyValueSpecification","valueRequired":true,"valueName":"search_term_string"}}],"inLanguage":"pt-BR"},{"@type":"Person","@id":"https:\/\/www.pmpf.rs.gov.br\/secretaria-do-gabinete\/#\/schema\/person\/6e93b0ab2174b69f691ac4f278ba2d0a","name":"lilicrivello","image":{"@type":"ImageObject","inLanguage":"pt-BR","@id":"https:\/\/www.pmpf.rs.gov.br\/secretaria-do-gabinete\/#\/schema\/person\/image\/","url":"https:\/\/secure.gravatar.com\/avatar\/0b546b667388f8edb7b67d70a57b5e46?s=96&d=mm&r=g","contentUrl":"https:\/\/secure.gravatar.com\/avatar\/0b546b667388f8edb7b67d70a57b5e46?s=96&d=mm&r=g","caption":"lilicrivello"},"url":"https:\/\/www.pmpf.rs.gov.br\/secretaria-do-gabinete\/author\/lilicrivello\/"}]}},"_links":{"self":[{"href":"https:\/\/www.pmpf.rs.gov.br\/secretaria-do-gabinete\/wp-json\/wp\/v2\/posts\/2358"}],"collection":[{"href":"https:\/\/www.pmpf.rs.gov.br\/secretaria-do-gabinete\/wp-json\/wp\/v2\/posts"}],"about":[{"href":"https:\/\/www.pmpf.rs.gov.br\/secretaria-do-gabinete\/wp-json\/wp\/v2\/types\/post"}],"author":[{"embeddable":true,"href":"https:\/\/www.pmpf.rs.gov.br\/secretaria-do-gabinete\/wp-json\/wp\/v2\/users\/24"}],"replies":[{"embeddable":true,"href":"https:\/\/www.pmpf.rs.gov.br\/secretaria-do-gabinete\/wp-json\/wp\/v2\/comments?post=2358"}],"version-history":[{"count":1,"href":"https:\/\/www.pmpf.rs.gov.br\/secretaria-do-gabinete\/wp-json\/wp\/v2\/posts\/2358\/revisions"}],"predecessor-version":[{"id":2360,"href":"https:\/\/www.pmpf.rs.gov.br\/secretaria-do-gabinete\/wp-json\/wp\/v2\/posts\/2358\/revisions\/2360"}],"wp:featuredmedia":[{"embeddable":true,"href":"https:\/\/www.pmpf.rs.gov.br\/secretaria-do-gabinete\/wp-json\/wp\/v2\/media\/2359"}],"wp:attachment":[{"href":"https:\/\/www.pmpf.rs.gov.br\/secretaria-do-gabinete\/wp-json\/wp\/v2\/media?parent=2358"}],"wp:term":[{"taxonomy":"category","embeddable":true,"href":"https:\/\/www.pmpf.rs.gov.br\/secretaria-do-gabinete\/wp-json\/wp\/v2\/categories?post=2358"},{"taxonomy":"post_tag","embeddable":true,"href":"https:\/\/www.pmpf.rs.gov.br\/secretaria-do-gabinete\/wp-json\/wp\/v2\/tags?post=2358"}],"curies":[{"name":"wp","href":"https:\/\/api.w.org\/{rel}","templated":true}]}}