{"id":2350,"date":"2024-11-08T08:18:57","date_gmt":"2024-11-08T11:18:57","guid":{"rendered":"https:\/\/www.pmpf.rs.gov.br\/secretaria-do-gabinete\/?p=2350"},"modified":"2024-11-08T08:19:01","modified_gmt":"2024-11-08T11:19:01","slug":"prefeito-pedro-divulga-nomes-que-seguem-a-frente-do-ippasso-gabinete-e-habitacao","status":"publish","type":"post","link":"https:\/\/www.pmpf.rs.gov.br\/secretaria-do-gabinete\/2024\/11\/08\/prefeito-pedro-divulga-nomes-que-seguem-a-frente-do-ippasso-gabinete-e-habitacao\/","title":{"rendered":"Prefeito Pedro divulga nomes que seguem \u00e0 frente do IPPASSO, Gabinete e Habita\u00e7\u00e3o"},"content":{"rendered":"\n<p>A gest\u00e3o do prefeito Pedro Almeida segue em sua segunda administra\u00e7\u00e3o com nomes experientes e comprometidos em \u00e1reas estrat\u00e9gicas para o desenvolvimento da cidade. \u00c0 frente do Instituto de Previd\u00eancia Social dos Servidores Municipais de Passo Fundo (IPPASSO) permanece Franceli do Carmo, dedicando-se \u00e0 seguran\u00e7a previdenci\u00e1ria dos servidores municipais. Na chefia de Gabinete, Paulo Caletti, continuar\u00e1 coordenando a\u00e7\u00f5es do governo com seus diversos \u00f3rg\u00e3os da administra\u00e7\u00e3o. J\u00e1 na Secretaria de Habita\u00e7\u00e3o, Fernando M\u00fcller Pires d\u00e1 continuidade ao trabalho voltado para melhorias habitacionais.<\/p>\n\n\n\n<p>\u201cCom profissionais experientes e dedicados, a administra\u00e7\u00e3o municipal busca fortalecer suas pol\u00edticas p\u00fablicas nas suas \u00e1reas. Estes l\u00edderes est\u00e3o comprometidos em desenvolver projetos e programas que melhorem a qualidade de vida dos cidad\u00e3os, refor\u00e7ando o compromisso da prefeitura com uma cidade mais inclusiva e segura para todos\u201d, frisou o prefeito.<\/p>\n\n\n\n<p>O IPPASSO \u00e9 respons\u00e1vel por garantir a aposentadoria dos servidores municipais estatut\u00e1rios e oferecer pens\u00e3o por morte aos seus dependentes. Franceli do Carmo, que est\u00e1 \u00e0 frente do IPPASSO, expressou gratid\u00e3o pela confian\u00e7a depositada pelo prefeito Pedro Almeida para continuar liderando a entidade. \u201c\u00c9 uma honra continuar desempenhando meu trabalho na presid\u00eancia do IPPASSO. Agrade\u00e7o imensamente ao Prefeito Pedro pela confian\u00e7a e oportunidade de continuar \u00e0 frente deste Instituto que \u00e9 t\u00e3o importante para todos os servidores p\u00fablicos municipais,\u201d declarou Franceli.<\/p>\n\n\n\n<p>Com o compromisso de ser interlocutor da administra\u00e7\u00e3o com o poder Legislativo e a sociedade, a Chefia de Gabinete presta assist\u00eancia e assessoramento direto e imediato ao prefeito, al\u00e9m de avaliar e monitorar as a\u00e7\u00f5es governamentais, \u00f3rg\u00e3os e entidades da administra\u00e7\u00e3o p\u00fablica de Passo Fundo. \u201c Para mim \u00e9 uma honra ter sido convidado pelo Prefeito Pedro para permanecer na sua equipe de governo. Agrade\u00e7o a confian\u00e7a que o Prefeito Pedro deposita em mim, e espero continuar correspondendo essa confian\u00e7a com muito trabalho e dedica\u00e7\u00e3o\u201d, apontou Caletti.<\/p>\n\n\n\n<p>A Secretaria de Habita\u00e7\u00e3o, coordena desde assentamentos e melhorias habitacionais at\u00e9 a regulariza\u00e7\u00e3o fundi\u00e1ria e a revitaliza\u00e7\u00e3o de \u00e1reas urbanas para fins habitacionais. O secret\u00e1rio Fernando M\u00fcller Pires destacou a import\u00e2ncia da continuidade das a\u00e7\u00f5es de regulariza\u00e7\u00e3o fundi\u00e1ria e reassentamento, al\u00e9m de um programa ampliado de habita\u00e7\u00e3o popular. \u201cTrabalhamos muito na primeira gest\u00e3o nas regulariza\u00e7\u00f5es fundi\u00e1rias, em demandas nos territ\u00f3rios ocupados e atendimento a fam\u00edlias atingidas por desastres naturais. Estas pautas, somadas a um grande programa de habita\u00e7\u00e3o popular, ser\u00e3o o nosso principal objetivo neste segundo mandato do prefeito Pedro Almeida,\u201d afirmou Pires.<\/p>\n\n\n\n<p>Conhe\u00e7a<br>Franceli do Carmo \u00e9 graduada em Gest\u00e3o P\u00fablica pelo Instituto Federal de Educa\u00e7\u00e3o, Ci\u00eancia e Tecnologia de Santa Catarina e possui certifica\u00e7\u00e3o profissional de Gestora de Regime Pr\u00f3prio de Previd\u00eancia Social. Servidora p\u00fablica desde 2008, ela possui ampla experi\u00eancia na administra\u00e7\u00e3o municipal, com passagens por setores estrat\u00e9gicos como a Coordenadoria de Licita\u00e7\u00f5es e Contratos e a Secretaria de Gabinete.<\/p>\n\n\n\n<p>Paulo C\u00e9sar Caletti \u00e9 advogado formado pela Universidade de Passo Fundo (UPF), especialista em Direito Civil pela IMED. Em sua trajet\u00f3ria, atendeu por 15 anos o Banco do Brasil, trabalhou na Procuradoria-Geral do Munic\u00edpio e foi secret\u00e1rio municipal da Secretaria de Habita\u00e7\u00e3o de Passo Fundo por quase sete anos.<\/p>\n\n\n\n<p>Fernando M\u00fcller Pires \u00e9 natural de Palmeira das Miss\u00f5es, formado em Gest\u00e3o P\u00fablica pela Faculdade IMED\/Atitus, e possui especializa\u00e7\u00f5es em \u00e1reas como Gest\u00e3o de Projetos e Direito. Ele traz uma vasta experi\u00eancia na administra\u00e7\u00e3o p\u00fablica e j\u00e1 ocupou cargos de lideran\u00e7a como Diretor Operacional e Presidente da Codepas.<\/p>\n","protected":false},"excerpt":{"rendered":"<p>A gest\u00e3o do prefeito Pedro Almeida segue em sua segunda administra\u00e7\u00e3o com nomes experientes e comprometidos em \u00e1reas estrat\u00e9gicas para o desenvolvimento da cidade. \u00c0 frente do Instituto de Previd\u00eancia Social dos [&hellip;]<\/p>\n","protected":false},"author":24,"featured_media":2351,"comment_status":"closed","ping_status":"closed","sticky":false,"template":"","format":"standard","meta":{"footnotes":""},"categories":[1],"tags":[],"class_list":["post-2350","post","type-post","status-publish","format-standard","has-post-thumbnail","hentry","category-sem-categoria"],"yoast_head":"<!-- This site is optimized with the Yoast SEO plugin v23.8 - https:\/\/yoast.com\/wordpress\/plugins\/seo\/ -->\n<title>Prefeito Pedro divulga nomes que seguem \u00e0 frente do IPPASSO, Gabinete e Habita\u00e7\u00e3o - Secretaria do Gabinete<\/title>\n<meta name=\"robots\" content=\"index, follow, max-snippet:-1, max-image-preview:large, max-video-preview:-1\" \/>\n<link rel=\"canonical\" href=\"https:\/\/www.pmpf.rs.gov.br\/secretaria-do-gabinete\/2024\/11\/08\/prefeito-pedro-divulga-nomes-que-seguem-a-frente-do-ippasso-gabinete-e-habitacao\/\" \/>\n<meta property=\"og:locale\" content=\"pt_BR\" \/>\n<meta property=\"og:type\" content=\"article\" \/>\n<meta property=\"og:title\" content=\"Prefeito Pedro divulga nomes que seguem \u00e0 frente do IPPASSO, Gabinete e Habita\u00e7\u00e3o - Secretaria do Gabinete\" \/>\n<meta property=\"og:description\" content=\"A gest\u00e3o do prefeito Pedro Almeida segue em sua segunda administra\u00e7\u00e3o com nomes experientes e comprometidos em \u00e1reas estrat\u00e9gicas para o desenvolvimento da cidade. \u00c0 frente do Instituto de Previd\u00eancia Social dos [&hellip;]\" \/>\n<meta property=\"og:url\" content=\"https:\/\/www.pmpf.rs.gov.br\/secretaria-do-gabinete\/2024\/11\/08\/prefeito-pedro-divulga-nomes-que-seguem-a-frente-do-ippasso-gabinete-e-habitacao\/\" \/>\n<meta property=\"og:site_name\" content=\"Secretaria do Gabinete\" \/>\n<meta property=\"article:published_time\" content=\"2024-11-08T11:18:57+00:00\" \/>\n<meta property=\"article:modified_time\" content=\"2024-11-08T11:19:01+00:00\" \/>\n<meta name=\"author\" content=\"lilicrivello\" \/>\n<meta name=\"twitter:card\" content=\"summary_large_image\" \/>\n<meta name=\"twitter:label1\" content=\"Escrito por\" \/>\n\t<meta name=\"twitter:data1\" content=\"lilicrivello\" \/>\n\t<meta name=\"twitter:label2\" content=\"Est. tempo de leitura\" \/>\n\t<meta name=\"twitter:data2\" content=\"3 minutos\" \/>\n<script type=\"application\/ld+json\" class=\"yoast-schema-graph\">{\"@context\":\"https:\/\/schema.org\",\"@graph\":[{\"@type\":\"WebPage\",\"@id\":\"https:\/\/www.pmpf.rs.gov.br\/secretaria-do-gabinete\/2024\/11\/08\/prefeito-pedro-divulga-nomes-que-seguem-a-frente-do-ippasso-gabinete-e-habitacao\/\",\"url\":\"https:\/\/www.pmpf.rs.gov.br\/secretaria-do-gabinete\/2024\/11\/08\/prefeito-pedro-divulga-nomes-que-seguem-a-frente-do-ippasso-gabinete-e-habitacao\/\",\"name\":\"Prefeito Pedro divulga nomes que seguem \u00e0 frente do IPPASSO, Gabinete e Habita\u00e7\u00e3o - Secretaria do Gabinete\",\"isPartOf\":{\"@id\":\"https:\/\/www.pmpf.rs.gov.br\/secretaria-do-gabinete\/#website\"},\"primaryImageOfPage\":{\"@id\":\"https:\/\/www.pmpf.rs.gov.br\/secretaria-do-gabinete\/2024\/11\/08\/prefeito-pedro-divulga-nomes-que-seguem-a-frente-do-ippasso-gabinete-e-habitacao\/#primaryimage\"},\"image\":{\"@id\":\"https:\/\/www.pmpf.rs.gov.br\/secretaria-do-gabinete\/2024\/11\/08\/prefeito-pedro-divulga-nomes-que-seguem-a-frente-do-ippasso-gabinete-e-habitacao\/#primaryimage\"},\"thumbnailUrl\":\"https:\/\/www.pmpf.rs.gov.br\/secretaria-do-gabinete\/wp-content\/uploads\/sites\/46\/2024\/11\/Design-sem-nome-1.png\",\"datePublished\":\"2024-11-08T11:18:57+00:00\",\"dateModified\":\"2024-11-08T11:19:01+00:00\",\"author\":{\"@id\":\"https:\/\/www.pmpf.rs.gov.br\/secretaria-do-gabinete\/#\/schema\/person\/6e93b0ab2174b69f691ac4f278ba2d0a\"},\"inLanguage\":\"pt-BR\",\"potentialAction\":[{\"@type\":\"ReadAction\",\"target\":[\"https:\/\/www.pmpf.rs.gov.br\/secretaria-do-gabinete\/2024\/11\/08\/prefeito-pedro-divulga-nomes-que-seguem-a-frente-do-ippasso-gabinete-e-habitacao\/\"]}]},{\"@type\":\"ImageObject\",\"inLanguage\":\"pt-BR\",\"@id\":\"https:\/\/www.pmpf.rs.gov.br\/secretaria-do-gabinete\/2024\/11\/08\/prefeito-pedro-divulga-nomes-que-seguem-a-frente-do-ippasso-gabinete-e-habitacao\/#primaryimage\",\"url\":\"https:\/\/www.pmpf.rs.gov.br\/secretaria-do-gabinete\/wp-content\/uploads\/sites\/46\/2024\/11\/Design-sem-nome-1.png\",\"contentUrl\":\"https:\/\/www.pmpf.rs.gov.br\/secretaria-do-gabinete\/wp-content\/uploads\/sites\/46\/2024\/11\/Design-sem-nome-1.png\",\"width\":1080,\"height\":1080},{\"@type\":\"WebSite\",\"@id\":\"https:\/\/www.pmpf.rs.gov.br\/secretaria-do-gabinete\/#website\",\"url\":\"https:\/\/www.pmpf.rs.gov.br\/secretaria-do-gabinete\/\",\"name\":\"Secretaria do Gabinete\",\"description\":\"S\u00f3 mais um site Prefeitura de Passo Fundo\",\"potentialAction\":[{\"@type\":\"SearchAction\",\"target\":{\"@type\":\"EntryPoint\",\"urlTemplate\":\"https:\/\/www.pmpf.rs.gov.br\/secretaria-do-gabinete\/?s={search_term_string}\"},\"query-input\":{\"@type\":\"PropertyValueSpecification\",\"valueRequired\":true,\"valueName\":\"search_term_string\"}}],\"inLanguage\":\"pt-BR\"},{\"@type\":\"Person\",\"@id\":\"https:\/\/www.pmpf.rs.gov.br\/secretaria-do-gabinete\/#\/schema\/person\/6e93b0ab2174b69f691ac4f278ba2d0a\",\"name\":\"lilicrivello\",\"image\":{\"@type\":\"ImageObject\",\"inLanguage\":\"pt-BR\",\"@id\":\"https:\/\/www.pmpf.rs.gov.br\/secretaria-do-gabinete\/#\/schema\/person\/image\/\",\"url\":\"https:\/\/secure.gravatar.com\/avatar\/0b546b667388f8edb7b67d70a57b5e46?s=96&d=mm&r=g\",\"contentUrl\":\"https:\/\/secure.gravatar.com\/avatar\/0b546b667388f8edb7b67d70a57b5e46?s=96&d=mm&r=g\",\"caption\":\"lilicrivello\"},\"url\":\"https:\/\/www.pmpf.rs.gov.br\/secretaria-do-gabinete\/author\/lilicrivello\/\"}]}<\/script>\n<!-- \/ Yoast SEO plugin. -->","yoast_head_json":{"title":"Prefeito Pedro divulga nomes que seguem \u00e0 frente do IPPASSO, Gabinete e Habita\u00e7\u00e3o - Secretaria do Gabinete","robots":{"index":"index","follow":"follow","max-snippet":"max-snippet:-1","max-image-preview":"max-image-preview:large","max-video-preview":"max-video-preview:-1"},"canonical":"https:\/\/www.pmpf.rs.gov.br\/secretaria-do-gabinete\/2024\/11\/08\/prefeito-pedro-divulga-nomes-que-seguem-a-frente-do-ippasso-gabinete-e-habitacao\/","og_locale":"pt_BR","og_type":"article","og_title":"Prefeito Pedro divulga nomes que seguem \u00e0 frente do IPPASSO, Gabinete e Habita\u00e7\u00e3o - Secretaria do Gabinete","og_description":"A gest\u00e3o do prefeito Pedro Almeida segue em sua segunda administra\u00e7\u00e3o com nomes experientes e comprometidos em \u00e1reas estrat\u00e9gicas para o desenvolvimento da cidade. \u00c0 frente do Instituto de Previd\u00eancia Social dos [&hellip;]","og_url":"https:\/\/www.pmpf.rs.gov.br\/secretaria-do-gabinete\/2024\/11\/08\/prefeito-pedro-divulga-nomes-que-seguem-a-frente-do-ippasso-gabinete-e-habitacao\/","og_site_name":"Secretaria do Gabinete","article_published_time":"2024-11-08T11:18:57+00:00","article_modified_time":"2024-11-08T11:19:01+00:00","author":"lilicrivello","twitter_card":"summary_large_image","twitter_misc":{"Escrito por":"lilicrivello","Est. tempo de leitura":"3 minutos"},"schema":{"@context":"https:\/\/schema.org","@graph":[{"@type":"WebPage","@id":"https:\/\/www.pmpf.rs.gov.br\/secretaria-do-gabinete\/2024\/11\/08\/prefeito-pedro-divulga-nomes-que-seguem-a-frente-do-ippasso-gabinete-e-habitacao\/","url":"https:\/\/www.pmpf.rs.gov.br\/secretaria-do-gabinete\/2024\/11\/08\/prefeito-pedro-divulga-nomes-que-seguem-a-frente-do-ippasso-gabinete-e-habitacao\/","name":"Prefeito Pedro divulga nomes que seguem \u00e0 frente do IPPASSO, Gabinete e Habita\u00e7\u00e3o - Secretaria do Gabinete","isPartOf":{"@id":"https:\/\/www.pmpf.rs.gov.br\/secretaria-do-gabinete\/#website"},"primaryImageOfPage":{"@id":"https:\/\/www.pmpf.rs.gov.br\/secretaria-do-gabinete\/2024\/11\/08\/prefeito-pedro-divulga-nomes-que-seguem-a-frente-do-ippasso-gabinete-e-habitacao\/#primaryimage"},"image":{"@id":"https:\/\/www.pmpf.rs.gov.br\/secretaria-do-gabinete\/2024\/11\/08\/prefeito-pedro-divulga-nomes-que-seguem-a-frente-do-ippasso-gabinete-e-habitacao\/#primaryimage"},"thumbnailUrl":"https:\/\/www.pmpf.rs.gov.br\/secretaria-do-gabinete\/wp-content\/uploads\/sites\/46\/2024\/11\/Design-sem-nome-1.png","datePublished":"2024-11-08T11:18:57+00:00","dateModified":"2024-11-08T11:19:01+00:00","author":{"@id":"https:\/\/www.pmpf.rs.gov.br\/secretaria-do-gabinete\/#\/schema\/person\/6e93b0ab2174b69f691ac4f278ba2d0a"},"inLanguage":"pt-BR","potentialAction":[{"@type":"ReadAction","target":["https:\/\/www.pmpf.rs.gov.br\/secretaria-do-gabinete\/2024\/11\/08\/prefeito-pedro-divulga-nomes-que-seguem-a-frente-do-ippasso-gabinete-e-habitacao\/"]}]},{"@type":"ImageObject","inLanguage":"pt-BR","@id":"https:\/\/www.pmpf.rs.gov.br\/secretaria-do-gabinete\/2024\/11\/08\/prefeito-pedro-divulga-nomes-que-seguem-a-frente-do-ippasso-gabinete-e-habitacao\/#primaryimage","url":"https:\/\/www.pmpf.rs.gov.br\/secretaria-do-gabinete\/wp-content\/uploads\/sites\/46\/2024\/11\/Design-sem-nome-1.png","contentUrl":"https:\/\/www.pmpf.rs.gov.br\/secretaria-do-gabinete\/wp-content\/uploads\/sites\/46\/2024\/11\/Design-sem-nome-1.png","width":1080,"height":1080},{"@type":"WebSite","@id":"https:\/\/www.pmpf.rs.gov.br\/secretaria-do-gabinete\/#website","url":"https:\/\/www.pmpf.rs.gov.br\/secretaria-do-gabinete\/","name":"Secretaria do Gabinete","description":"S\u00f3 mais um site Prefeitura de Passo Fundo","potentialAction":[{"@type":"SearchAction","target":{"@type":"EntryPoint","urlTemplate":"https:\/\/www.pmpf.rs.gov.br\/secretaria-do-gabinete\/?s={search_term_string}"},"query-input":{"@type":"PropertyValueSpecification","valueRequired":true,"valueName":"search_term_string"}}],"inLanguage":"pt-BR"},{"@type":"Person","@id":"https:\/\/www.pmpf.rs.gov.br\/secretaria-do-gabinete\/#\/schema\/person\/6e93b0ab2174b69f691ac4f278ba2d0a","name":"lilicrivello","image":{"@type":"ImageObject","inLanguage":"pt-BR","@id":"https:\/\/www.pmpf.rs.gov.br\/secretaria-do-gabinete\/#\/schema\/person\/image\/","url":"https:\/\/secure.gravatar.com\/avatar\/0b546b667388f8edb7b67d70a57b5e46?s=96&d=mm&r=g","contentUrl":"https:\/\/secure.gravatar.com\/avatar\/0b546b667388f8edb7b67d70a57b5e46?s=96&d=mm&r=g","caption":"lilicrivello"},"url":"https:\/\/www.pmpf.rs.gov.br\/secretaria-do-gabinete\/author\/lilicrivello\/"}]}},"_links":{"self":[{"href":"https:\/\/www.pmpf.rs.gov.br\/secretaria-do-gabinete\/wp-json\/wp\/v2\/posts\/2350"}],"collection":[{"href":"https:\/\/www.pmpf.rs.gov.br\/secretaria-do-gabinete\/wp-json\/wp\/v2\/posts"}],"about":[{"href":"https:\/\/www.pmpf.rs.gov.br\/secretaria-do-gabinete\/wp-json\/wp\/v2\/types\/post"}],"author":[{"embeddable":true,"href":"https:\/\/www.pmpf.rs.gov.br\/secretaria-do-gabinete\/wp-json\/wp\/v2\/users\/24"}],"replies":[{"embeddable":true,"href":"https:\/\/www.pmpf.rs.gov.br\/secretaria-do-gabinete\/wp-json\/wp\/v2\/comments?post=2350"}],"version-history":[{"count":1,"href":"https:\/\/www.pmpf.rs.gov.br\/secretaria-do-gabinete\/wp-json\/wp\/v2\/posts\/2350\/revisions"}],"predecessor-version":[{"id":2352,"href":"https:\/\/www.pmpf.rs.gov.br\/secretaria-do-gabinete\/wp-json\/wp\/v2\/posts\/2350\/revisions\/2352"}],"wp:featuredmedia":[{"embeddable":true,"href":"https:\/\/www.pmpf.rs.gov.br\/secretaria-do-gabinete\/wp-json\/wp\/v2\/media\/2351"}],"wp:attachment":[{"href":"https:\/\/www.pmpf.rs.gov.br\/secretaria-do-gabinete\/wp-json\/wp\/v2\/media?parent=2350"}],"wp:term":[{"taxonomy":"category","embeddable":true,"href":"https:\/\/www.pmpf.rs.gov.br\/secretaria-do-gabinete\/wp-json\/wp\/v2\/categories?post=2350"},{"taxonomy":"post_tag","embeddable":true,"href":"https:\/\/www.pmpf.rs.gov.br\/secretaria-do-gabinete\/wp-json\/wp\/v2\/tags?post=2350"}],"curies":[{"name":"wp","href":"https:\/\/api.w.org\/{rel}","templated":true}]}}