{"id":2345,"date":"2024-11-01T13:46:02","date_gmt":"2024-11-01T16:46:02","guid":{"rendered":"https:\/\/www.pmpf.rs.gov.br\/secretaria-do-gabinete\/?p=2345"},"modified":"2024-11-01T13:46:03","modified_gmt":"2024-11-01T16:46:03","slug":"prefeito-pedro-almeida-anuncia-a-criacao-da-coordenadoria-da-pessoa-com-deficiencia","status":"publish","type":"post","link":"https:\/\/www.pmpf.rs.gov.br\/secretaria-do-gabinete\/2024\/11\/01\/prefeito-pedro-almeida-anuncia-a-criacao-da-coordenadoria-da-pessoa-com-deficiencia\/","title":{"rendered":"Prefeito Pedro Almeida anuncia a cria\u00e7\u00e3o da Coordenadoria da Pessoa com Defici\u00eancia"},"content":{"rendered":"\n<p>O prefeito Pedro Almeida anunciou, nesta sexta-feira (1), durante reuni\u00e3o com a Associa\u00e7\u00e3o dos Amigos da Crian\u00e7a Autista (AUMA), a cria\u00e7\u00e3o da Coordenadoria da Pessoa Com Defici\u00eancia. Um Projeto de Lei, necess\u00e1rio para a implementa\u00e7\u00e3o da pasta, dever\u00e1 ser encaminhado pela Prefeitura \u00e0 C\u00e2mara de Vereadores no in\u00edcio do pr\u00f3ximo ano.<\/p>\n\n\n\n<p>&#8220;Este \u00e9 um passo muito importante para fomentarmos pol\u00edticas p\u00fablicas direcionadas \u00e0s pessoas com defici\u00eancia e com condi\u00e7\u00f5es que exigem a\u00e7\u00f5es espec\u00edficas por parte do poder p\u00fablico. A ideia \u00e9 que tenhamos um assessoramento t\u00e9cnico para avan\u00e7ar nas pautas que garantam um atendimento cada vez mais humanizado, inclusivo e eficiente, articulado entre todas as \u00e1reas&#8221;, afirmou o prefeito, destacando que o Munic\u00edpio quer aprovar a proposta ainda em janeiro.<\/p>\n\n\n\n<p>Representando a AUMA, Emerson Drebes, que \u00e9 volunt\u00e1rio na causa autista h\u00e1 15 anos, defendeu que a Coordenadoria da Pessoa com Defici\u00eancia ser\u00e1 uma grande conquista para Passo Fundo. &#8220;Ali, com o envolvimento das entidades e de toda a sociedade, ser\u00e3o elaboradas pol\u00edticas p\u00fablicas voltadas \u00e0s pessoas com defici\u00eancia. Toda a comunidade vai ganhar&#8221;, afirmou.<\/p>\n\n\n\n<p>Durante a reuni\u00e3o, que teve a participa\u00e7\u00e3o, tamb\u00e9m, das secretarias de Educa\u00e7\u00e3o, Sa\u00fade e Planejamento, foi debatida uma s\u00e9rie de outras quest\u00f5es referentes ao apoio \u00e0s fam\u00edlias de pessoas com autismo. De acordo com o prefeito, a proximidade entre a Prefeitura e a AUMA dever\u00e1 ser estreitada a fim de que sejam constru\u00eddos avan\u00e7os que fa\u00e7am a diferen\u00e7a na vida da popula\u00e7\u00e3o autista. &#8220;Fica aqui um compromisso de que realizemos reuni\u00f5es peri\u00f3dicas para debater, definir e acompanhar todo o trabalho&#8221;, pontuou.<\/p>\n\n\n\n<p>Para Drebes, o di\u00e1logo \u00e9 essencial para que a AUMA possa apresentar as demandas discutidas pela comunidade. &#8220;Conversando, conseguimos evoluir. E \u00e9 isso que queremos sempre&#8221;.<\/p>\n\n\n\n<p><strong>Avan\u00e7os recentes<br><\/strong>A Prefeitura busca assegurar, conforme as suas compet\u00eancias legais e a busca pela qualifica\u00e7\u00e3o dos servi\u00e7os p\u00fablicos, que as pessoas com autismo tenham uma assist\u00eancia que possibilite o desenvolvimento da sua autonomia. Em 2022, o Munic\u00edpio entregou a sede da Escola Olga Caetano Dias, no Bairro Secchi. O espa\u00e7o de Educa\u00e7\u00e3o Especial, que \u00e9 focado no Ensino Fundamental, mas tamb\u00e9m atende jovens e adultos, tem como miss\u00e3o melhorar a inclus\u00e3o dos alunos no ensino regular. Desta forma, recebe os estudantes no contraturno escolar com um acompanhamento individualizado.<\/p>\n\n\n\n<p>J\u00e1 no ensino regular, o Munic\u00edpio mant\u00e9m, atualmente, mais de 320 monitores na rede e professores de atendimento especializado em todas as escolas de Ensino Fundamental. Desta forma, a monitoria \u00e9 prestada aos alunos que necessitam.<\/p>\n\n\n\n<p>Al\u00e9m disso, no ano passado, a Prefeitura fez a concess\u00e3o de um terreno para a constru\u00e7\u00e3o da sede da AUMA, um sonho antigo e que, hoje, torna-se realidade nas proximidades da Escola Olga Caetano Dias. &#8220;Queremos agradecer por este terreno e pelas conquistas que tivemos. Em janeiro, entregaremos a primeira etapa das obras, que contempla um espa\u00e7o amplo e que ter\u00e1 as salas de atendimento. A segunda etapa ser\u00e1 a edifica\u00e7\u00e3o do gin\u00e1sio, onde acontecer\u00e3o muitas atividades&#8221;, considerou Drebes.<\/p>\n","protected":false},"excerpt":{"rendered":"<p>An\u00fancio foi feito na manh\u00e3 desta sexta-feira (1), durante reuni\u00e3o com a Associa\u00e7\u00e3o dos Amigos da Crian\u00e7a Autista (AUMA). A pasta dever\u00e1 fomentar pol\u00edticas p\u00fablicas voltadas \u00e0s pessoas com defici\u00eancia<\/p>\n","protected":false},"author":24,"featured_media":0,"comment_status":"closed","ping_status":"closed","sticky":false,"template":"","format":"standard","meta":{"footnotes":""},"categories":[1],"tags":[],"class_list":["post-2345","post","type-post","status-publish","format-standard","hentry","category-sem-categoria"],"yoast_head":"<!-- This site is optimized with the Yoast SEO plugin v23.8 - https:\/\/yoast.com\/wordpress\/plugins\/seo\/ -->\n<title>Prefeito Pedro Almeida anuncia a cria\u00e7\u00e3o da Coordenadoria da Pessoa com Defici\u00eancia - Secretaria do Gabinete<\/title>\n<meta name=\"robots\" content=\"index, follow, max-snippet:-1, max-image-preview:large, max-video-preview:-1\" \/>\n<link rel=\"canonical\" href=\"https:\/\/www.pmpf.rs.gov.br\/secretaria-do-gabinete\/2024\/11\/01\/prefeito-pedro-almeida-anuncia-a-criacao-da-coordenadoria-da-pessoa-com-deficiencia\/\" \/>\n<meta property=\"og:locale\" content=\"pt_BR\" \/>\n<meta property=\"og:type\" content=\"article\" \/>\n<meta property=\"og:title\" content=\"Prefeito Pedro Almeida anuncia a cria\u00e7\u00e3o da Coordenadoria da Pessoa com Defici\u00eancia - Secretaria do Gabinete\" \/>\n<meta property=\"og:description\" content=\"An\u00fancio foi feito na manh\u00e3 desta sexta-feira (1), durante reuni\u00e3o com a Associa\u00e7\u00e3o dos Amigos da Crian\u00e7a Autista (AUMA). A pasta dever\u00e1 fomentar pol\u00edticas p\u00fablicas voltadas \u00e0s pessoas com defici\u00eancia\" \/>\n<meta property=\"og:url\" content=\"https:\/\/www.pmpf.rs.gov.br\/secretaria-do-gabinete\/2024\/11\/01\/prefeito-pedro-almeida-anuncia-a-criacao-da-coordenadoria-da-pessoa-com-deficiencia\/\" \/>\n<meta property=\"og:site_name\" content=\"Secretaria do Gabinete\" \/>\n<meta property=\"article:published_time\" content=\"2024-11-01T16:46:02+00:00\" \/>\n<meta property=\"article:modified_time\" content=\"2024-11-01T16:46:03+00:00\" \/>\n<meta name=\"author\" content=\"lilicrivello\" \/>\n<meta name=\"twitter:card\" content=\"summary_large_image\" \/>\n<meta name=\"twitter:label1\" content=\"Escrito por\" \/>\n\t<meta name=\"twitter:data1\" content=\"lilicrivello\" \/>\n\t<meta name=\"twitter:label2\" content=\"Est. tempo de leitura\" \/>\n\t<meta name=\"twitter:data2\" content=\"3 minutos\" \/>\n<script type=\"application\/ld+json\" class=\"yoast-schema-graph\">{\"@context\":\"https:\/\/schema.org\",\"@graph\":[{\"@type\":\"WebPage\",\"@id\":\"https:\/\/www.pmpf.rs.gov.br\/secretaria-do-gabinete\/2024\/11\/01\/prefeito-pedro-almeida-anuncia-a-criacao-da-coordenadoria-da-pessoa-com-deficiencia\/\",\"url\":\"https:\/\/www.pmpf.rs.gov.br\/secretaria-do-gabinete\/2024\/11\/01\/prefeito-pedro-almeida-anuncia-a-criacao-da-coordenadoria-da-pessoa-com-deficiencia\/\",\"name\":\"Prefeito Pedro Almeida anuncia a cria\u00e7\u00e3o da Coordenadoria da Pessoa com Defici\u00eancia - Secretaria do Gabinete\",\"isPartOf\":{\"@id\":\"https:\/\/www.pmpf.rs.gov.br\/secretaria-do-gabinete\/#website\"},\"datePublished\":\"2024-11-01T16:46:02+00:00\",\"dateModified\":\"2024-11-01T16:46:03+00:00\",\"author\":{\"@id\":\"https:\/\/www.pmpf.rs.gov.br\/secretaria-do-gabinete\/#\/schema\/person\/6e93b0ab2174b69f691ac4f278ba2d0a\"},\"inLanguage\":\"pt-BR\",\"potentialAction\":[{\"@type\":\"ReadAction\",\"target\":[\"https:\/\/www.pmpf.rs.gov.br\/secretaria-do-gabinete\/2024\/11\/01\/prefeito-pedro-almeida-anuncia-a-criacao-da-coordenadoria-da-pessoa-com-deficiencia\/\"]}]},{\"@type\":\"WebSite\",\"@id\":\"https:\/\/www.pmpf.rs.gov.br\/secretaria-do-gabinete\/#website\",\"url\":\"https:\/\/www.pmpf.rs.gov.br\/secretaria-do-gabinete\/\",\"name\":\"Secretaria do Gabinete\",\"description\":\"S\u00f3 mais um site Prefeitura de Passo Fundo\",\"potentialAction\":[{\"@type\":\"SearchAction\",\"target\":{\"@type\":\"EntryPoint\",\"urlTemplate\":\"https:\/\/www.pmpf.rs.gov.br\/secretaria-do-gabinete\/?s={search_term_string}\"},\"query-input\":{\"@type\":\"PropertyValueSpecification\",\"valueRequired\":true,\"valueName\":\"search_term_string\"}}],\"inLanguage\":\"pt-BR\"},{\"@type\":\"Person\",\"@id\":\"https:\/\/www.pmpf.rs.gov.br\/secretaria-do-gabinete\/#\/schema\/person\/6e93b0ab2174b69f691ac4f278ba2d0a\",\"name\":\"lilicrivello\",\"image\":{\"@type\":\"ImageObject\",\"inLanguage\":\"pt-BR\",\"@id\":\"https:\/\/www.pmpf.rs.gov.br\/secretaria-do-gabinete\/#\/schema\/person\/image\/\",\"url\":\"https:\/\/secure.gravatar.com\/avatar\/0b546b667388f8edb7b67d70a57b5e46?s=96&d=mm&r=g\",\"contentUrl\":\"https:\/\/secure.gravatar.com\/avatar\/0b546b667388f8edb7b67d70a57b5e46?s=96&d=mm&r=g\",\"caption\":\"lilicrivello\"},\"url\":\"https:\/\/www.pmpf.rs.gov.br\/secretaria-do-gabinete\/author\/lilicrivello\/\"}]}<\/script>\n<!-- \/ Yoast SEO plugin. -->","yoast_head_json":{"title":"Prefeito Pedro Almeida anuncia a cria\u00e7\u00e3o da Coordenadoria da Pessoa com Defici\u00eancia - Secretaria do Gabinete","robots":{"index":"index","follow":"follow","max-snippet":"max-snippet:-1","max-image-preview":"max-image-preview:large","max-video-preview":"max-video-preview:-1"},"canonical":"https:\/\/www.pmpf.rs.gov.br\/secretaria-do-gabinete\/2024\/11\/01\/prefeito-pedro-almeida-anuncia-a-criacao-da-coordenadoria-da-pessoa-com-deficiencia\/","og_locale":"pt_BR","og_type":"article","og_title":"Prefeito Pedro Almeida anuncia a cria\u00e7\u00e3o da Coordenadoria da Pessoa com Defici\u00eancia - Secretaria do Gabinete","og_description":"An\u00fancio foi feito na manh\u00e3 desta sexta-feira (1), durante reuni\u00e3o com a Associa\u00e7\u00e3o dos Amigos da Crian\u00e7a Autista (AUMA). A pasta dever\u00e1 fomentar pol\u00edticas p\u00fablicas voltadas \u00e0s pessoas com defici\u00eancia","og_url":"https:\/\/www.pmpf.rs.gov.br\/secretaria-do-gabinete\/2024\/11\/01\/prefeito-pedro-almeida-anuncia-a-criacao-da-coordenadoria-da-pessoa-com-deficiencia\/","og_site_name":"Secretaria do Gabinete","article_published_time":"2024-11-01T16:46:02+00:00","article_modified_time":"2024-11-01T16:46:03+00:00","author":"lilicrivello","twitter_card":"summary_large_image","twitter_misc":{"Escrito por":"lilicrivello","Est. tempo de leitura":"3 minutos"},"schema":{"@context":"https:\/\/schema.org","@graph":[{"@type":"WebPage","@id":"https:\/\/www.pmpf.rs.gov.br\/secretaria-do-gabinete\/2024\/11\/01\/prefeito-pedro-almeida-anuncia-a-criacao-da-coordenadoria-da-pessoa-com-deficiencia\/","url":"https:\/\/www.pmpf.rs.gov.br\/secretaria-do-gabinete\/2024\/11\/01\/prefeito-pedro-almeida-anuncia-a-criacao-da-coordenadoria-da-pessoa-com-deficiencia\/","name":"Prefeito Pedro Almeida anuncia a cria\u00e7\u00e3o da Coordenadoria da Pessoa com Defici\u00eancia - Secretaria do Gabinete","isPartOf":{"@id":"https:\/\/www.pmpf.rs.gov.br\/secretaria-do-gabinete\/#website"},"datePublished":"2024-11-01T16:46:02+00:00","dateModified":"2024-11-01T16:46:03+00:00","author":{"@id":"https:\/\/www.pmpf.rs.gov.br\/secretaria-do-gabinete\/#\/schema\/person\/6e93b0ab2174b69f691ac4f278ba2d0a"},"inLanguage":"pt-BR","potentialAction":[{"@type":"ReadAction","target":["https:\/\/www.pmpf.rs.gov.br\/secretaria-do-gabinete\/2024\/11\/01\/prefeito-pedro-almeida-anuncia-a-criacao-da-coordenadoria-da-pessoa-com-deficiencia\/"]}]},{"@type":"WebSite","@id":"https:\/\/www.pmpf.rs.gov.br\/secretaria-do-gabinete\/#website","url":"https:\/\/www.pmpf.rs.gov.br\/secretaria-do-gabinete\/","name":"Secretaria do Gabinete","description":"S\u00f3 mais um site Prefeitura de Passo Fundo","potentialAction":[{"@type":"SearchAction","target":{"@type":"EntryPoint","urlTemplate":"https:\/\/www.pmpf.rs.gov.br\/secretaria-do-gabinete\/?s={search_term_string}"},"query-input":{"@type":"PropertyValueSpecification","valueRequired":true,"valueName":"search_term_string"}}],"inLanguage":"pt-BR"},{"@type":"Person","@id":"https:\/\/www.pmpf.rs.gov.br\/secretaria-do-gabinete\/#\/schema\/person\/6e93b0ab2174b69f691ac4f278ba2d0a","name":"lilicrivello","image":{"@type":"ImageObject","inLanguage":"pt-BR","@id":"https:\/\/www.pmpf.rs.gov.br\/secretaria-do-gabinete\/#\/schema\/person\/image\/","url":"https:\/\/secure.gravatar.com\/avatar\/0b546b667388f8edb7b67d70a57b5e46?s=96&d=mm&r=g","contentUrl":"https:\/\/secure.gravatar.com\/avatar\/0b546b667388f8edb7b67d70a57b5e46?s=96&d=mm&r=g","caption":"lilicrivello"},"url":"https:\/\/www.pmpf.rs.gov.br\/secretaria-do-gabinete\/author\/lilicrivello\/"}]}},"_links":{"self":[{"href":"https:\/\/www.pmpf.rs.gov.br\/secretaria-do-gabinete\/wp-json\/wp\/v2\/posts\/2345"}],"collection":[{"href":"https:\/\/www.pmpf.rs.gov.br\/secretaria-do-gabinete\/wp-json\/wp\/v2\/posts"}],"about":[{"href":"https:\/\/www.pmpf.rs.gov.br\/secretaria-do-gabinete\/wp-json\/wp\/v2\/types\/post"}],"author":[{"embeddable":true,"href":"https:\/\/www.pmpf.rs.gov.br\/secretaria-do-gabinete\/wp-json\/wp\/v2\/users\/24"}],"replies":[{"embeddable":true,"href":"https:\/\/www.pmpf.rs.gov.br\/secretaria-do-gabinete\/wp-json\/wp\/v2\/comments?post=2345"}],"version-history":[{"count":1,"href":"https:\/\/www.pmpf.rs.gov.br\/secretaria-do-gabinete\/wp-json\/wp\/v2\/posts\/2345\/revisions"}],"predecessor-version":[{"id":2346,"href":"https:\/\/www.pmpf.rs.gov.br\/secretaria-do-gabinete\/wp-json\/wp\/v2\/posts\/2345\/revisions\/2346"}],"wp:attachment":[{"href":"https:\/\/www.pmpf.rs.gov.br\/secretaria-do-gabinete\/wp-json\/wp\/v2\/media?parent=2345"}],"wp:term":[{"taxonomy":"category","embeddable":true,"href":"https:\/\/www.pmpf.rs.gov.br\/secretaria-do-gabinete\/wp-json\/wp\/v2\/categories?post=2345"},{"taxonomy":"post_tag","embeddable":true,"href":"https:\/\/www.pmpf.rs.gov.br\/secretaria-do-gabinete\/wp-json\/wp\/v2\/tags?post=2345"}],"curies":[{"name":"wp","href":"https:\/\/api.w.org\/{rel}","templated":true}]}}