{"id":2342,"date":"2024-10-31T13:47:05","date_gmt":"2024-10-31T16:47:05","guid":{"rendered":"https:\/\/www.pmpf.rs.gov.br\/secretaria-do-gabinete\/?p=2342"},"modified":"2024-10-31T13:47:06","modified_gmt":"2024-10-31T16:47:06","slug":"passo-fundo-recebe-premio-boas-praticas-na-gestao-publica-municipal","status":"publish","type":"post","link":"https:\/\/www.pmpf.rs.gov.br\/secretaria-do-gabinete\/2024\/10\/31\/passo-fundo-recebe-premio-boas-praticas-na-gestao-publica-municipal\/","title":{"rendered":"Passo Fundo recebe Pr\u00eamio Boas Pr\u00e1ticas na Gest\u00e3o P\u00fablica Municipal"},"content":{"rendered":"\n<p><br>Passo Fundo se destaca na 6\u00aa edi\u00e7\u00e3o do Pr\u00eamio Boas Pr\u00e1ticas na Gest\u00e3o P\u00fablica Municipal, promovido anualmente pela Federa\u00e7\u00e3o das Associa\u00e7\u00f5es de Munic\u00edpios do Rio Grande do Sul (Famurs). A premia\u00e7\u00e3o, que visa reconhecer e disseminar pr\u00e1ticas inovadoras e replic\u00e1veis na administra\u00e7\u00e3o p\u00fablica, contou com Passo Fundo como finalista em duas categorias: Cultura e Economia Criativa, com a Escola P\u00fablica de M\u00fasica Yamandu Costa, e Educa\u00e7\u00e3o, com o Programa de Incentivo \u00e0 Leitura Boral\u00ea, ambas angariando o primeiro lugar entre os projetos concorrentes.<\/p>\n\n\n\n<p>A Escola P\u00fablica de M\u00fasica Yamandu Costa \u00e9 um projeto da Prefeitura de Passo Fundo que oferece educa\u00e7\u00e3o musical gratuita a jovens da rede p\u00fablica. Inspirada pelo m\u00fasico Yamandu Costa, promove inclus\u00e3o social e desenvolvimento musical em modalidades como cordas, percuss\u00e3o e sopro, com aulas coletivas. Localizada no Parque da Gare, a escola e seus polos municipais integram m\u00fasica e educa\u00e7\u00e3o, enriquecendo a cultura local<\/p>\n\n\n\n<p>O Programa Boral\u00ea \u00e9 uma iniciativa de Passo Fundo para estimular a leitura entre os estudantes da rede p\u00fablica municipal. O programa oferece gratuitamente um Vale-Livro para cada aluno, permitindo que adquiram obras liter\u00e1rias em livrarias credenciadas. Com objetivos como democratizar o acesso \u00e0 leitura e qualificar escolhas liter\u00e1rias, o Boral\u00ea busca fortalecer a posi\u00e7\u00e3o de Passo Fundo como Capital Nacional da Literatura.<\/p>\n\n\n\n<p>Para o secret\u00e1rio de Educa\u00e7\u00e3o, Adriano Teixeira, o Pr\u00eamio Boas Pr\u00e1ticas \u00e9 um importante reconhecimento \u00e0s administra\u00e7\u00f5es municipais que implementam pol\u00edticas p\u00fablicas de destaque no Estado do Rio Grande do Sul. \u201cA Prefeitura reafirma seu compromisso com iniciativas que transformam o cotidiano dos cidad\u00e3os por meio da educa\u00e7\u00e3o, da inova\u00e7\u00e3o e da cultura\u201d, aponta o secret\u00e1rio.<\/p>\n\n\n\n<p>A cerim\u00f4nia de premia\u00e7\u00e3o foi realizada nesta quarta-feira (30), durante o 3\u00ba Smart Cities Park, em Nova Petr\u00f3polis\/RS. O evento reuniu autoridades e representantes de diversas cidades para celebrar e compartilhar projetos que promovem avan\u00e7os em suas comunidades.<\/p>\n","protected":false},"excerpt":{"rendered":"<p>Reconhecimento em primeiro lugar veio em duas categorias, Cultura e Economia Criativa, com a Escola P\u00fablica de M\u00fasica Yamandu Costa, e Educa\u00e7\u00e3o, com o Programa de Incentivo \u00e0 Leitura Boral\u00ea<\/p>\n","protected":false},"author":24,"featured_media":2343,"comment_status":"closed","ping_status":"closed","sticky":false,"template":"","format":"standard","meta":{"footnotes":""},"categories":[1],"tags":[],"class_list":["post-2342","post","type-post","status-publish","format-standard","has-post-thumbnail","hentry","category-sem-categoria"],"yoast_head":"<!-- This site is optimized with the Yoast SEO plugin v23.8 - https:\/\/yoast.com\/wordpress\/plugins\/seo\/ -->\n<title>Passo Fundo recebe Pr\u00eamio Boas Pr\u00e1ticas na Gest\u00e3o P\u00fablica Municipal - Secretaria do Gabinete<\/title>\n<meta name=\"robots\" content=\"index, follow, max-snippet:-1, max-image-preview:large, max-video-preview:-1\" \/>\n<link rel=\"canonical\" href=\"https:\/\/www.pmpf.rs.gov.br\/secretaria-do-gabinete\/2024\/10\/31\/passo-fundo-recebe-premio-boas-praticas-na-gestao-publica-municipal\/\" \/>\n<meta property=\"og:locale\" content=\"pt_BR\" \/>\n<meta property=\"og:type\" content=\"article\" \/>\n<meta property=\"og:title\" content=\"Passo Fundo recebe Pr\u00eamio Boas Pr\u00e1ticas na Gest\u00e3o P\u00fablica Municipal - Secretaria do Gabinete\" \/>\n<meta property=\"og:description\" content=\"Reconhecimento em primeiro lugar veio em duas categorias, Cultura e Economia Criativa, com a Escola P\u00fablica de M\u00fasica Yamandu Costa, e Educa\u00e7\u00e3o, com o Programa de Incentivo \u00e0 Leitura Boral\u00ea\" \/>\n<meta property=\"og:url\" content=\"https:\/\/www.pmpf.rs.gov.br\/secretaria-do-gabinete\/2024\/10\/31\/passo-fundo-recebe-premio-boas-praticas-na-gestao-publica-municipal\/\" \/>\n<meta property=\"og:site_name\" content=\"Secretaria do Gabinete\" \/>\n<meta property=\"article:published_time\" content=\"2024-10-31T16:47:05+00:00\" \/>\n<meta property=\"article:modified_time\" content=\"2024-10-31T16:47:06+00:00\" \/>\n<meta name=\"author\" content=\"lilicrivello\" \/>\n<meta name=\"twitter:card\" content=\"summary_large_image\" \/>\n<meta name=\"twitter:label1\" content=\"Escrito por\" \/>\n\t<meta name=\"twitter:data1\" content=\"lilicrivello\" \/>\n\t<meta name=\"twitter:label2\" content=\"Est. tempo de leitura\" \/>\n\t<meta name=\"twitter:data2\" content=\"2 minutos\" \/>\n<script type=\"application\/ld+json\" class=\"yoast-schema-graph\">{\"@context\":\"https:\/\/schema.org\",\"@graph\":[{\"@type\":\"WebPage\",\"@id\":\"https:\/\/www.pmpf.rs.gov.br\/secretaria-do-gabinete\/2024\/10\/31\/passo-fundo-recebe-premio-boas-praticas-na-gestao-publica-municipal\/\",\"url\":\"https:\/\/www.pmpf.rs.gov.br\/secretaria-do-gabinete\/2024\/10\/31\/passo-fundo-recebe-premio-boas-praticas-na-gestao-publica-municipal\/\",\"name\":\"Passo Fundo recebe Pr\u00eamio Boas Pr\u00e1ticas na Gest\u00e3o P\u00fablica Municipal - Secretaria do Gabinete\",\"isPartOf\":{\"@id\":\"https:\/\/www.pmpf.rs.gov.br\/secretaria-do-gabinete\/#website\"},\"primaryImageOfPage\":{\"@id\":\"https:\/\/www.pmpf.rs.gov.br\/secretaria-do-gabinete\/2024\/10\/31\/passo-fundo-recebe-premio-boas-praticas-na-gestao-publica-municipal\/#primaryimage\"},\"image\":{\"@id\":\"https:\/\/www.pmpf.rs.gov.br\/secretaria-do-gabinete\/2024\/10\/31\/passo-fundo-recebe-premio-boas-praticas-na-gestao-publica-municipal\/#primaryimage\"},\"thumbnailUrl\":\"https:\/\/www.pmpf.rs.gov.br\/secretaria-do-gabinete\/wp-content\/uploads\/sites\/46\/2024\/10\/WhatsApp-Image-2024-10-30-at-19.22.41.jpeg\",\"datePublished\":\"2024-10-31T16:47:05+00:00\",\"dateModified\":\"2024-10-31T16:47:06+00:00\",\"author\":{\"@id\":\"https:\/\/www.pmpf.rs.gov.br\/secretaria-do-gabinete\/#\/schema\/person\/6e93b0ab2174b69f691ac4f278ba2d0a\"},\"inLanguage\":\"pt-BR\",\"potentialAction\":[{\"@type\":\"ReadAction\",\"target\":[\"https:\/\/www.pmpf.rs.gov.br\/secretaria-do-gabinete\/2024\/10\/31\/passo-fundo-recebe-premio-boas-praticas-na-gestao-publica-municipal\/\"]}]},{\"@type\":\"ImageObject\",\"inLanguage\":\"pt-BR\",\"@id\":\"https:\/\/www.pmpf.rs.gov.br\/secretaria-do-gabinete\/2024\/10\/31\/passo-fundo-recebe-premio-boas-praticas-na-gestao-publica-municipal\/#primaryimage\",\"url\":\"https:\/\/www.pmpf.rs.gov.br\/secretaria-do-gabinete\/wp-content\/uploads\/sites\/46\/2024\/10\/WhatsApp-Image-2024-10-30-at-19.22.41.jpeg\",\"contentUrl\":\"https:\/\/www.pmpf.rs.gov.br\/secretaria-do-gabinete\/wp-content\/uploads\/sites\/46\/2024\/10\/WhatsApp-Image-2024-10-30-at-19.22.41.jpeg\",\"width\":1069,\"height\":1600},{\"@type\":\"WebSite\",\"@id\":\"https:\/\/www.pmpf.rs.gov.br\/secretaria-do-gabinete\/#website\",\"url\":\"https:\/\/www.pmpf.rs.gov.br\/secretaria-do-gabinete\/\",\"name\":\"Secretaria do Gabinete\",\"description\":\"S\u00f3 mais um site Prefeitura de Passo Fundo\",\"potentialAction\":[{\"@type\":\"SearchAction\",\"target\":{\"@type\":\"EntryPoint\",\"urlTemplate\":\"https:\/\/www.pmpf.rs.gov.br\/secretaria-do-gabinete\/?s={search_term_string}\"},\"query-input\":{\"@type\":\"PropertyValueSpecification\",\"valueRequired\":true,\"valueName\":\"search_term_string\"}}],\"inLanguage\":\"pt-BR\"},{\"@type\":\"Person\",\"@id\":\"https:\/\/www.pmpf.rs.gov.br\/secretaria-do-gabinete\/#\/schema\/person\/6e93b0ab2174b69f691ac4f278ba2d0a\",\"name\":\"lilicrivello\",\"image\":{\"@type\":\"ImageObject\",\"inLanguage\":\"pt-BR\",\"@id\":\"https:\/\/www.pmpf.rs.gov.br\/secretaria-do-gabinete\/#\/schema\/person\/image\/\",\"url\":\"https:\/\/secure.gravatar.com\/avatar\/0b546b667388f8edb7b67d70a57b5e46?s=96&d=mm&r=g\",\"contentUrl\":\"https:\/\/secure.gravatar.com\/avatar\/0b546b667388f8edb7b67d70a57b5e46?s=96&d=mm&r=g\",\"caption\":\"lilicrivello\"},\"url\":\"https:\/\/www.pmpf.rs.gov.br\/secretaria-do-gabinete\/author\/lilicrivello\/\"}]}<\/script>\n<!-- \/ Yoast SEO plugin. -->","yoast_head_json":{"title":"Passo Fundo recebe Pr\u00eamio Boas Pr\u00e1ticas na Gest\u00e3o P\u00fablica Municipal - Secretaria do Gabinete","robots":{"index":"index","follow":"follow","max-snippet":"max-snippet:-1","max-image-preview":"max-image-preview:large","max-video-preview":"max-video-preview:-1"},"canonical":"https:\/\/www.pmpf.rs.gov.br\/secretaria-do-gabinete\/2024\/10\/31\/passo-fundo-recebe-premio-boas-praticas-na-gestao-publica-municipal\/","og_locale":"pt_BR","og_type":"article","og_title":"Passo Fundo recebe Pr\u00eamio Boas Pr\u00e1ticas na Gest\u00e3o P\u00fablica Municipal - Secretaria do Gabinete","og_description":"Reconhecimento em primeiro lugar veio em duas categorias, Cultura e Economia Criativa, com a Escola P\u00fablica de M\u00fasica Yamandu Costa, e Educa\u00e7\u00e3o, com o Programa de Incentivo \u00e0 Leitura Boral\u00ea","og_url":"https:\/\/www.pmpf.rs.gov.br\/secretaria-do-gabinete\/2024\/10\/31\/passo-fundo-recebe-premio-boas-praticas-na-gestao-publica-municipal\/","og_site_name":"Secretaria do Gabinete","article_published_time":"2024-10-31T16:47:05+00:00","article_modified_time":"2024-10-31T16:47:06+00:00","author":"lilicrivello","twitter_card":"summary_large_image","twitter_misc":{"Escrito por":"lilicrivello","Est. tempo de leitura":"2 minutos"},"schema":{"@context":"https:\/\/schema.org","@graph":[{"@type":"WebPage","@id":"https:\/\/www.pmpf.rs.gov.br\/secretaria-do-gabinete\/2024\/10\/31\/passo-fundo-recebe-premio-boas-praticas-na-gestao-publica-municipal\/","url":"https:\/\/www.pmpf.rs.gov.br\/secretaria-do-gabinete\/2024\/10\/31\/passo-fundo-recebe-premio-boas-praticas-na-gestao-publica-municipal\/","name":"Passo Fundo recebe Pr\u00eamio Boas Pr\u00e1ticas na Gest\u00e3o P\u00fablica Municipal - Secretaria do Gabinete","isPartOf":{"@id":"https:\/\/www.pmpf.rs.gov.br\/secretaria-do-gabinete\/#website"},"primaryImageOfPage":{"@id":"https:\/\/www.pmpf.rs.gov.br\/secretaria-do-gabinete\/2024\/10\/31\/passo-fundo-recebe-premio-boas-praticas-na-gestao-publica-municipal\/#primaryimage"},"image":{"@id":"https:\/\/www.pmpf.rs.gov.br\/secretaria-do-gabinete\/2024\/10\/31\/passo-fundo-recebe-premio-boas-praticas-na-gestao-publica-municipal\/#primaryimage"},"thumbnailUrl":"https:\/\/www.pmpf.rs.gov.br\/secretaria-do-gabinete\/wp-content\/uploads\/sites\/46\/2024\/10\/WhatsApp-Image-2024-10-30-at-19.22.41.jpeg","datePublished":"2024-10-31T16:47:05+00:00","dateModified":"2024-10-31T16:47:06+00:00","author":{"@id":"https:\/\/www.pmpf.rs.gov.br\/secretaria-do-gabinete\/#\/schema\/person\/6e93b0ab2174b69f691ac4f278ba2d0a"},"inLanguage":"pt-BR","potentialAction":[{"@type":"ReadAction","target":["https:\/\/www.pmpf.rs.gov.br\/secretaria-do-gabinete\/2024\/10\/31\/passo-fundo-recebe-premio-boas-praticas-na-gestao-publica-municipal\/"]}]},{"@type":"ImageObject","inLanguage":"pt-BR","@id":"https:\/\/www.pmpf.rs.gov.br\/secretaria-do-gabinete\/2024\/10\/31\/passo-fundo-recebe-premio-boas-praticas-na-gestao-publica-municipal\/#primaryimage","url":"https:\/\/www.pmpf.rs.gov.br\/secretaria-do-gabinete\/wp-content\/uploads\/sites\/46\/2024\/10\/WhatsApp-Image-2024-10-30-at-19.22.41.jpeg","contentUrl":"https:\/\/www.pmpf.rs.gov.br\/secretaria-do-gabinete\/wp-content\/uploads\/sites\/46\/2024\/10\/WhatsApp-Image-2024-10-30-at-19.22.41.jpeg","width":1069,"height":1600},{"@type":"WebSite","@id":"https:\/\/www.pmpf.rs.gov.br\/secretaria-do-gabinete\/#website","url":"https:\/\/www.pmpf.rs.gov.br\/secretaria-do-gabinete\/","name":"Secretaria do Gabinete","description":"S\u00f3 mais um site Prefeitura de Passo Fundo","potentialAction":[{"@type":"SearchAction","target":{"@type":"EntryPoint","urlTemplate":"https:\/\/www.pmpf.rs.gov.br\/secretaria-do-gabinete\/?s={search_term_string}"},"query-input":{"@type":"PropertyValueSpecification","valueRequired":true,"valueName":"search_term_string"}}],"inLanguage":"pt-BR"},{"@type":"Person","@id":"https:\/\/www.pmpf.rs.gov.br\/secretaria-do-gabinete\/#\/schema\/person\/6e93b0ab2174b69f691ac4f278ba2d0a","name":"lilicrivello","image":{"@type":"ImageObject","inLanguage":"pt-BR","@id":"https:\/\/www.pmpf.rs.gov.br\/secretaria-do-gabinete\/#\/schema\/person\/image\/","url":"https:\/\/secure.gravatar.com\/avatar\/0b546b667388f8edb7b67d70a57b5e46?s=96&d=mm&r=g","contentUrl":"https:\/\/secure.gravatar.com\/avatar\/0b546b667388f8edb7b67d70a57b5e46?s=96&d=mm&r=g","caption":"lilicrivello"},"url":"https:\/\/www.pmpf.rs.gov.br\/secretaria-do-gabinete\/author\/lilicrivello\/"}]}},"_links":{"self":[{"href":"https:\/\/www.pmpf.rs.gov.br\/secretaria-do-gabinete\/wp-json\/wp\/v2\/posts\/2342"}],"collection":[{"href":"https:\/\/www.pmpf.rs.gov.br\/secretaria-do-gabinete\/wp-json\/wp\/v2\/posts"}],"about":[{"href":"https:\/\/www.pmpf.rs.gov.br\/secretaria-do-gabinete\/wp-json\/wp\/v2\/types\/post"}],"author":[{"embeddable":true,"href":"https:\/\/www.pmpf.rs.gov.br\/secretaria-do-gabinete\/wp-json\/wp\/v2\/users\/24"}],"replies":[{"embeddable":true,"href":"https:\/\/www.pmpf.rs.gov.br\/secretaria-do-gabinete\/wp-json\/wp\/v2\/comments?post=2342"}],"version-history":[{"count":1,"href":"https:\/\/www.pmpf.rs.gov.br\/secretaria-do-gabinete\/wp-json\/wp\/v2\/posts\/2342\/revisions"}],"predecessor-version":[{"id":2344,"href":"https:\/\/www.pmpf.rs.gov.br\/secretaria-do-gabinete\/wp-json\/wp\/v2\/posts\/2342\/revisions\/2344"}],"wp:featuredmedia":[{"embeddable":true,"href":"https:\/\/www.pmpf.rs.gov.br\/secretaria-do-gabinete\/wp-json\/wp\/v2\/media\/2343"}],"wp:attachment":[{"href":"https:\/\/www.pmpf.rs.gov.br\/secretaria-do-gabinete\/wp-json\/wp\/v2\/media?parent=2342"}],"wp:term":[{"taxonomy":"category","embeddable":true,"href":"https:\/\/www.pmpf.rs.gov.br\/secretaria-do-gabinete\/wp-json\/wp\/v2\/categories?post=2342"},{"taxonomy":"post_tag","embeddable":true,"href":"https:\/\/www.pmpf.rs.gov.br\/secretaria-do-gabinete\/wp-json\/wp\/v2\/tags?post=2342"}],"curies":[{"name":"wp","href":"https:\/\/api.w.org\/{rel}","templated":true}]}}