{"id":2339,"date":"2024-10-30T14:17:47","date_gmt":"2024-10-30T17:17:47","guid":{"rendered":"https:\/\/www.pmpf.rs.gov.br\/secretaria-do-gabinete\/?p=2339"},"modified":"2024-10-30T14:17:57","modified_gmt":"2024-10-30T17:17:57","slug":"prefeito-pedro-confirma-nomes-de-duas-mulheres-para-a-proxima-gestao","status":"publish","type":"post","link":"https:\/\/www.pmpf.rs.gov.br\/secretaria-do-gabinete\/2024\/10\/30\/prefeito-pedro-confirma-nomes-de-duas-mulheres-para-a-proxima-gestao\/","title":{"rendered":"Prefeito Pedro confirma nomes de duas mulheres para a pr\u00f3xima gest\u00e3o"},"content":{"rendered":"\n<p>O prefeito Pedro Almeida confirmou, nesta quarta-feira (30), os nomes de duas mulheres que seguir\u00e3o integrando o secretariado na pr\u00f3xima gest\u00e3o. A engenheira Barbara Fritzen dar\u00e1 sequ\u00eancia ao trabalho na Secretaria de Inova\u00e7\u00e3o e a jornalista Luciana Meneghetti seguir\u00e1 \u00e0 frente da Secretaria de Comunica\u00e7\u00e3o Social. As duas secret\u00e1rias j\u00e1 lideram as pastas na atual gest\u00e3o do prefeito Pedro.<\/p>\n\n\n\n<p>\u201cValorizamos a presen\u00e7a e a contribui\u00e7\u00e3o das mulheres na nossa gest\u00e3o. As duas secret\u00e1rias t\u00eam um papel estrat\u00e9gico de lideran\u00e7a em pastas importantes do governo, que s\u00e3o a Inova\u00e7\u00e3o e a Comunica\u00e7\u00e3o. Queremos seguir qualificando as entregas \u00e0 popula\u00e7\u00e3o em todas as \u00e1reas e estamos montando o nosso time de governo com esse objetivo\u201d, afirmou o prefeito.<\/p>\n\n\n\n<p>A secret\u00e1ria B\u00e1rbara destacou que a possibilidade de estar \u00e0 frente da pasta de Inova\u00e7\u00e3o na nova gest\u00e3o permitir\u00e1 a continuidade, amplia\u00e7\u00e3o e otimiza\u00e7\u00e3o das iniciativas e movimentos j\u00e1 em andamento. \u201cO foco ser\u00e1 estimular que as estrat\u00e9gias da gest\u00e3o p\u00fablica estejam alinhadas \u00e0s necessidades da comunidade passo-fundense, com um compromisso de inova\u00e7\u00e3o inclusiva e sustent\u00e1vel\u201d, afirmou.<\/p>\n\n\n\n<p>A Secretaria de Inova\u00e7\u00e3o, criada h\u00e1 um ano e meio, vem exercendo um papel importante na promo\u00e7\u00e3o da cultura de inova\u00e7\u00e3o e na implementa\u00e7\u00e3o de um ambiente regulat\u00f3rio favor\u00e1vel \u00e0 nova economia, atrav\u00e9s da Lei de Inova\u00e7\u00e3o, Sandbox Regulat\u00f3rio, Fundo de Inova\u00e7\u00e3o, Passo para o Futuro, dentre outras diversas iniciativas.<\/p>\n\n\n\n<p>Desde a gest\u00e3o do ex-prefeito Luciano Azevedo, a Comunica\u00e7\u00e3o tem status de Secretaria na administra\u00e7\u00e3o municipal. A pasta \u00e9 fundamental para promover a transpar\u00eancia, informar a popula\u00e7\u00e3o e fortalecer o v\u00ednculo entre o governo municipal e a comunidade. Ela \u00e9 respons\u00e1vel pelo planejamento, estrat\u00e9gia de comunica\u00e7\u00e3o institucional, produ\u00e7\u00e3o de conte\u00fado, assessoria de imprensa, divulga\u00e7\u00e3o das a\u00e7\u00f5es e servi\u00e7os p\u00fablicos, campanhas educativas e informativas, dentre outras atribui\u00e7\u00f5es.<\/p>\n\n\n\n<p>\u201cA Comunica\u00e7\u00e3o na administra\u00e7\u00e3o municipal exige estrat\u00e9gias cada vez mais din\u00e2micas e eficientes para alcan\u00e7ar credibilidade, transpar\u00eancia, combater a desinforma\u00e7\u00e3o e aproximar o poder p\u00fablico das pessoas. Esses desafios nos movem e nos fazem acreditar na Comunica\u00e7\u00e3o como um dos pilares da gest\u00e3o\u201d, afirmou a secret\u00e1ria Luciana.<\/p>\n\n\n\n<p><strong>Secret\u00e1ria de Inova\u00e7\u00e3o<br><\/strong>B\u00e1rbara Fritzen \u00e9 engenheira ambiental e de seguran\u00e7a do trabalho, especialista em engenharia de produ\u00e7\u00e3o, mestre e doutora em engenharia, com \u00eanfase em inova\u00e7\u00e3o e sustentabilidade. Possui mais de 11 anos de experi\u00eancia em inova\u00e7\u00e3o sustent\u00e1vel. Atuou como gestora de inova\u00e7\u00e3o e tecnologia do Programa Inova RS da Secretaria de Inova\u00e7\u00e3o, Ci\u00eancia e Tecnologia do Estado do Rio Grande do Sul, auxiliando no desenvolvimento do Ecossistema Regional de Inova\u00e7\u00e3o Produ\u00e7\u00e3o e Norte.<\/p>\n\n\n\n<p><strong>Secret\u00e1ria de Comunica\u00e7\u00e3o<br><\/strong>Luciana Meneghetti \u00e9 jornalista com atua\u00e7\u00e3o em ve\u00edculos de Comunica\u00e7\u00e3o de Porto Alegre, como o Jornal Correio do Povo e a R\u00e1dio FM Cultura. Foi assessora de imprensa da C\u00e2mara Municipal de Porto Alegre e da Assembleia Legislativa do Rio Grande do Sul. Desde 2013, integra o governo municipal de Passo Fundo \u00e0 frente da pasta de Comunica\u00e7\u00e3o.<\/p>\n","protected":false},"excerpt":{"rendered":"<p>Barbara Fritzen seguir\u00e1 na Secretaria de Inova\u00e7\u00e3o e Luciana Meneghetti \u00e0 frente da Secretaria de Comunica\u00e7\u00e3o Social<\/p>\n","protected":false},"author":24,"featured_media":2340,"comment_status":"closed","ping_status":"closed","sticky":false,"template":"","format":"standard","meta":{"footnotes":""},"categories":[1],"tags":[],"class_list":["post-2339","post","type-post","status-publish","format-standard","has-post-thumbnail","hentry","category-sem-categoria"],"yoast_head":"<!-- This site is optimized with the Yoast SEO plugin v23.8 - https:\/\/yoast.com\/wordpress\/plugins\/seo\/ -->\n<title>Prefeito Pedro confirma nomes de duas mulheres para a pr\u00f3xima gest\u00e3o - Secretaria do Gabinete<\/title>\n<meta name=\"robots\" content=\"index, follow, max-snippet:-1, max-image-preview:large, max-video-preview:-1\" \/>\n<link rel=\"canonical\" href=\"https:\/\/www.pmpf.rs.gov.br\/secretaria-do-gabinete\/2024\/10\/30\/prefeito-pedro-confirma-nomes-de-duas-mulheres-para-a-proxima-gestao\/\" \/>\n<meta property=\"og:locale\" content=\"pt_BR\" \/>\n<meta property=\"og:type\" content=\"article\" \/>\n<meta property=\"og:title\" content=\"Prefeito Pedro confirma nomes de duas mulheres para a pr\u00f3xima gest\u00e3o - Secretaria do Gabinete\" \/>\n<meta property=\"og:description\" content=\"Barbara Fritzen seguir\u00e1 na Secretaria de Inova\u00e7\u00e3o e Luciana Meneghetti \u00e0 frente da Secretaria de Comunica\u00e7\u00e3o Social\" \/>\n<meta property=\"og:url\" content=\"https:\/\/www.pmpf.rs.gov.br\/secretaria-do-gabinete\/2024\/10\/30\/prefeito-pedro-confirma-nomes-de-duas-mulheres-para-a-proxima-gestao\/\" \/>\n<meta property=\"og:site_name\" content=\"Secretaria do Gabinete\" \/>\n<meta property=\"article:published_time\" content=\"2024-10-30T17:17:47+00:00\" \/>\n<meta property=\"article:modified_time\" content=\"2024-10-30T17:17:57+00:00\" \/>\n<meta name=\"author\" content=\"lilicrivello\" \/>\n<meta name=\"twitter:card\" content=\"summary_large_image\" \/>\n<meta name=\"twitter:label1\" content=\"Escrito por\" \/>\n\t<meta name=\"twitter:data1\" content=\"lilicrivello\" \/>\n\t<meta name=\"twitter:label2\" content=\"Est. tempo de leitura\" \/>\n\t<meta name=\"twitter:data2\" content=\"3 minutos\" \/>\n<script type=\"application\/ld+json\" class=\"yoast-schema-graph\">{\"@context\":\"https:\/\/schema.org\",\"@graph\":[{\"@type\":\"WebPage\",\"@id\":\"https:\/\/www.pmpf.rs.gov.br\/secretaria-do-gabinete\/2024\/10\/30\/prefeito-pedro-confirma-nomes-de-duas-mulheres-para-a-proxima-gestao\/\",\"url\":\"https:\/\/www.pmpf.rs.gov.br\/secretaria-do-gabinete\/2024\/10\/30\/prefeito-pedro-confirma-nomes-de-duas-mulheres-para-a-proxima-gestao\/\",\"name\":\"Prefeito Pedro confirma nomes de duas mulheres para a pr\u00f3xima gest\u00e3o - Secretaria do Gabinete\",\"isPartOf\":{\"@id\":\"https:\/\/www.pmpf.rs.gov.br\/secretaria-do-gabinete\/#website\"},\"primaryImageOfPage\":{\"@id\":\"https:\/\/www.pmpf.rs.gov.br\/secretaria-do-gabinete\/2024\/10\/30\/prefeito-pedro-confirma-nomes-de-duas-mulheres-para-a-proxima-gestao\/#primaryimage\"},\"image\":{\"@id\":\"https:\/\/www.pmpf.rs.gov.br\/secretaria-do-gabinete\/2024\/10\/30\/prefeito-pedro-confirma-nomes-de-duas-mulheres-para-a-proxima-gestao\/#primaryimage\"},\"thumbnailUrl\":\"https:\/\/www.pmpf.rs.gov.br\/secretaria-do-gabinete\/wp-content\/uploads\/sites\/46\/2024\/10\/WhatsApp-Image-2024-10-30-at-14.00.12.jpeg\",\"datePublished\":\"2024-10-30T17:17:47+00:00\",\"dateModified\":\"2024-10-30T17:17:57+00:00\",\"author\":{\"@id\":\"https:\/\/www.pmpf.rs.gov.br\/secretaria-do-gabinete\/#\/schema\/person\/6e93b0ab2174b69f691ac4f278ba2d0a\"},\"inLanguage\":\"pt-BR\",\"potentialAction\":[{\"@type\":\"ReadAction\",\"target\":[\"https:\/\/www.pmpf.rs.gov.br\/secretaria-do-gabinete\/2024\/10\/30\/prefeito-pedro-confirma-nomes-de-duas-mulheres-para-a-proxima-gestao\/\"]}]},{\"@type\":\"ImageObject\",\"inLanguage\":\"pt-BR\",\"@id\":\"https:\/\/www.pmpf.rs.gov.br\/secretaria-do-gabinete\/2024\/10\/30\/prefeito-pedro-confirma-nomes-de-duas-mulheres-para-a-proxima-gestao\/#primaryimage\",\"url\":\"https:\/\/www.pmpf.rs.gov.br\/secretaria-do-gabinete\/wp-content\/uploads\/sites\/46\/2024\/10\/WhatsApp-Image-2024-10-30-at-14.00.12.jpeg\",\"contentUrl\":\"https:\/\/www.pmpf.rs.gov.br\/secretaria-do-gabinete\/wp-content\/uploads\/sites\/46\/2024\/10\/WhatsApp-Image-2024-10-30-at-14.00.12.jpeg\",\"width\":1136,\"height\":788},{\"@type\":\"WebSite\",\"@id\":\"https:\/\/www.pmpf.rs.gov.br\/secretaria-do-gabinete\/#website\",\"url\":\"https:\/\/www.pmpf.rs.gov.br\/secretaria-do-gabinete\/\",\"name\":\"Secretaria do Gabinete\",\"description\":\"S\u00f3 mais um site Prefeitura de Passo Fundo\",\"potentialAction\":[{\"@type\":\"SearchAction\",\"target\":{\"@type\":\"EntryPoint\",\"urlTemplate\":\"https:\/\/www.pmpf.rs.gov.br\/secretaria-do-gabinete\/?s={search_term_string}\"},\"query-input\":{\"@type\":\"PropertyValueSpecification\",\"valueRequired\":true,\"valueName\":\"search_term_string\"}}],\"inLanguage\":\"pt-BR\"},{\"@type\":\"Person\",\"@id\":\"https:\/\/www.pmpf.rs.gov.br\/secretaria-do-gabinete\/#\/schema\/person\/6e93b0ab2174b69f691ac4f278ba2d0a\",\"name\":\"lilicrivello\",\"image\":{\"@type\":\"ImageObject\",\"inLanguage\":\"pt-BR\",\"@id\":\"https:\/\/www.pmpf.rs.gov.br\/secretaria-do-gabinete\/#\/schema\/person\/image\/\",\"url\":\"https:\/\/secure.gravatar.com\/avatar\/0b546b667388f8edb7b67d70a57b5e46?s=96&d=mm&r=g\",\"contentUrl\":\"https:\/\/secure.gravatar.com\/avatar\/0b546b667388f8edb7b67d70a57b5e46?s=96&d=mm&r=g\",\"caption\":\"lilicrivello\"},\"url\":\"https:\/\/www.pmpf.rs.gov.br\/secretaria-do-gabinete\/author\/lilicrivello\/\"}]}<\/script>\n<!-- \/ Yoast SEO plugin. -->","yoast_head_json":{"title":"Prefeito Pedro confirma nomes de duas mulheres para a pr\u00f3xima gest\u00e3o - Secretaria do Gabinete","robots":{"index":"index","follow":"follow","max-snippet":"max-snippet:-1","max-image-preview":"max-image-preview:large","max-video-preview":"max-video-preview:-1"},"canonical":"https:\/\/www.pmpf.rs.gov.br\/secretaria-do-gabinete\/2024\/10\/30\/prefeito-pedro-confirma-nomes-de-duas-mulheres-para-a-proxima-gestao\/","og_locale":"pt_BR","og_type":"article","og_title":"Prefeito Pedro confirma nomes de duas mulheres para a pr\u00f3xima gest\u00e3o - Secretaria do Gabinete","og_description":"Barbara Fritzen seguir\u00e1 na Secretaria de Inova\u00e7\u00e3o e Luciana Meneghetti \u00e0 frente da Secretaria de Comunica\u00e7\u00e3o Social","og_url":"https:\/\/www.pmpf.rs.gov.br\/secretaria-do-gabinete\/2024\/10\/30\/prefeito-pedro-confirma-nomes-de-duas-mulheres-para-a-proxima-gestao\/","og_site_name":"Secretaria do Gabinete","article_published_time":"2024-10-30T17:17:47+00:00","article_modified_time":"2024-10-30T17:17:57+00:00","author":"lilicrivello","twitter_card":"summary_large_image","twitter_misc":{"Escrito por":"lilicrivello","Est. tempo de leitura":"3 minutos"},"schema":{"@context":"https:\/\/schema.org","@graph":[{"@type":"WebPage","@id":"https:\/\/www.pmpf.rs.gov.br\/secretaria-do-gabinete\/2024\/10\/30\/prefeito-pedro-confirma-nomes-de-duas-mulheres-para-a-proxima-gestao\/","url":"https:\/\/www.pmpf.rs.gov.br\/secretaria-do-gabinete\/2024\/10\/30\/prefeito-pedro-confirma-nomes-de-duas-mulheres-para-a-proxima-gestao\/","name":"Prefeito Pedro confirma nomes de duas mulheres para a pr\u00f3xima gest\u00e3o - Secretaria do Gabinete","isPartOf":{"@id":"https:\/\/www.pmpf.rs.gov.br\/secretaria-do-gabinete\/#website"},"primaryImageOfPage":{"@id":"https:\/\/www.pmpf.rs.gov.br\/secretaria-do-gabinete\/2024\/10\/30\/prefeito-pedro-confirma-nomes-de-duas-mulheres-para-a-proxima-gestao\/#primaryimage"},"image":{"@id":"https:\/\/www.pmpf.rs.gov.br\/secretaria-do-gabinete\/2024\/10\/30\/prefeito-pedro-confirma-nomes-de-duas-mulheres-para-a-proxima-gestao\/#primaryimage"},"thumbnailUrl":"https:\/\/www.pmpf.rs.gov.br\/secretaria-do-gabinete\/wp-content\/uploads\/sites\/46\/2024\/10\/WhatsApp-Image-2024-10-30-at-14.00.12.jpeg","datePublished":"2024-10-30T17:17:47+00:00","dateModified":"2024-10-30T17:17:57+00:00","author":{"@id":"https:\/\/www.pmpf.rs.gov.br\/secretaria-do-gabinete\/#\/schema\/person\/6e93b0ab2174b69f691ac4f278ba2d0a"},"inLanguage":"pt-BR","potentialAction":[{"@type":"ReadAction","target":["https:\/\/www.pmpf.rs.gov.br\/secretaria-do-gabinete\/2024\/10\/30\/prefeito-pedro-confirma-nomes-de-duas-mulheres-para-a-proxima-gestao\/"]}]},{"@type":"ImageObject","inLanguage":"pt-BR","@id":"https:\/\/www.pmpf.rs.gov.br\/secretaria-do-gabinete\/2024\/10\/30\/prefeito-pedro-confirma-nomes-de-duas-mulheres-para-a-proxima-gestao\/#primaryimage","url":"https:\/\/www.pmpf.rs.gov.br\/secretaria-do-gabinete\/wp-content\/uploads\/sites\/46\/2024\/10\/WhatsApp-Image-2024-10-30-at-14.00.12.jpeg","contentUrl":"https:\/\/www.pmpf.rs.gov.br\/secretaria-do-gabinete\/wp-content\/uploads\/sites\/46\/2024\/10\/WhatsApp-Image-2024-10-30-at-14.00.12.jpeg","width":1136,"height":788},{"@type":"WebSite","@id":"https:\/\/www.pmpf.rs.gov.br\/secretaria-do-gabinete\/#website","url":"https:\/\/www.pmpf.rs.gov.br\/secretaria-do-gabinete\/","name":"Secretaria do Gabinete","description":"S\u00f3 mais um site Prefeitura de Passo Fundo","potentialAction":[{"@type":"SearchAction","target":{"@type":"EntryPoint","urlTemplate":"https:\/\/www.pmpf.rs.gov.br\/secretaria-do-gabinete\/?s={search_term_string}"},"query-input":{"@type":"PropertyValueSpecification","valueRequired":true,"valueName":"search_term_string"}}],"inLanguage":"pt-BR"},{"@type":"Person","@id":"https:\/\/www.pmpf.rs.gov.br\/secretaria-do-gabinete\/#\/schema\/person\/6e93b0ab2174b69f691ac4f278ba2d0a","name":"lilicrivello","image":{"@type":"ImageObject","inLanguage":"pt-BR","@id":"https:\/\/www.pmpf.rs.gov.br\/secretaria-do-gabinete\/#\/schema\/person\/image\/","url":"https:\/\/secure.gravatar.com\/avatar\/0b546b667388f8edb7b67d70a57b5e46?s=96&d=mm&r=g","contentUrl":"https:\/\/secure.gravatar.com\/avatar\/0b546b667388f8edb7b67d70a57b5e46?s=96&d=mm&r=g","caption":"lilicrivello"},"url":"https:\/\/www.pmpf.rs.gov.br\/secretaria-do-gabinete\/author\/lilicrivello\/"}]}},"_links":{"self":[{"href":"https:\/\/www.pmpf.rs.gov.br\/secretaria-do-gabinete\/wp-json\/wp\/v2\/posts\/2339"}],"collection":[{"href":"https:\/\/www.pmpf.rs.gov.br\/secretaria-do-gabinete\/wp-json\/wp\/v2\/posts"}],"about":[{"href":"https:\/\/www.pmpf.rs.gov.br\/secretaria-do-gabinete\/wp-json\/wp\/v2\/types\/post"}],"author":[{"embeddable":true,"href":"https:\/\/www.pmpf.rs.gov.br\/secretaria-do-gabinete\/wp-json\/wp\/v2\/users\/24"}],"replies":[{"embeddable":true,"href":"https:\/\/www.pmpf.rs.gov.br\/secretaria-do-gabinete\/wp-json\/wp\/v2\/comments?post=2339"}],"version-history":[{"count":1,"href":"https:\/\/www.pmpf.rs.gov.br\/secretaria-do-gabinete\/wp-json\/wp\/v2\/posts\/2339\/revisions"}],"predecessor-version":[{"id":2341,"href":"https:\/\/www.pmpf.rs.gov.br\/secretaria-do-gabinete\/wp-json\/wp\/v2\/posts\/2339\/revisions\/2341"}],"wp:featuredmedia":[{"embeddable":true,"href":"https:\/\/www.pmpf.rs.gov.br\/secretaria-do-gabinete\/wp-json\/wp\/v2\/media\/2340"}],"wp:attachment":[{"href":"https:\/\/www.pmpf.rs.gov.br\/secretaria-do-gabinete\/wp-json\/wp\/v2\/media?parent=2339"}],"wp:term":[{"taxonomy":"category","embeddable":true,"href":"https:\/\/www.pmpf.rs.gov.br\/secretaria-do-gabinete\/wp-json\/wp\/v2\/categories?post=2339"},{"taxonomy":"post_tag","embeddable":true,"href":"https:\/\/www.pmpf.rs.gov.br\/secretaria-do-gabinete\/wp-json\/wp\/v2\/tags?post=2339"}],"curies":[{"name":"wp","href":"https:\/\/api.w.org\/{rel}","templated":true}]}}