{"id":2336,"date":"2024-10-25T13:55:06","date_gmt":"2024-10-25T16:55:06","guid":{"rendered":"https:\/\/www.pmpf.rs.gov.br\/secretaria-do-gabinete\/?p=2336"},"modified":"2026-02-20T10:17:31","modified_gmt":"2026-02-20T13:17:31","slug":"prefeito-pedro-anuncia-primeiros-nomes-que-irao-compor-a-nova-gestao","status":"publish","type":"post","link":"https:\/\/www.pmpf.rs.gov.br\/secretaria-do-gabinete\/2024\/10\/25\/prefeito-pedro-anuncia-primeiros-nomes-que-irao-compor-a-nova-gestao\/","title":{"rendered":"Prefeito Pedro anuncia primeiros nomes que ir\u00e3o compor a nova gest\u00e3o"},"content":{"rendered":"\n<p>O prefeito Pedro Almeida anunciou nesta sexta-feira (25) os primeiros secret\u00e1rios que ir\u00e3o compor a nova gest\u00e3o. Giovani Corralo ser\u00e1 o novo Procurador-Geral do Munic\u00edpio e Dorlei Maffi seguir\u00e1 \u00e0 frente da Secretaria de Finan\u00e7as.<\/p>\n\n\n\n<p>\u201cMontar a equipe de governo \u00e9 uma das tarefas mais estrat\u00e9gicas da gest\u00e3o. Poder contar com nomes competentes e comprometidos como o Dr. Corralo e o secret\u00e1rio Dorlei nos traz seguran\u00e7a para seguir entregando resultados concretos para a popula\u00e7\u00e3o\u201d, afirmou o prefeito.<\/p>\n\n\n\n<p>Corralo, que foi Procurador-Geral da C\u00e2mara Municipal em 2023, falou sobre o desafio de fazer parte da gest\u00e3o do prefeito Pedro. \u201cSenti-me honrado pelo convite do prefeito para integrar a equipe do governo. \u00c9 um grande desafio, seja pela not\u00f3ria qualidade jur\u00eddica do atual Procurador-Geral, Dr. Adolfo Freitas, seja pela amplitude e alcance das atribui\u00e7\u00f5es da Procuradoria\u201d, observou.<\/p>\n\n\n\n<p>O prefeito Pedro segue trabalhando na transi\u00e7\u00e3o de governo e dever\u00e1 anunciar novos nomes do secretariado nos pr\u00f3ximos dias.<\/p>\n\n\n\n<p><strong>Giovani Corralo<br><\/strong>Giovani da Silva Corralo \u00e9 Mestre e Doutor em Direito do Estado pela UFPR. Especialista em advocacia municipal pela UFRGS, professor da gradua\u00e7\u00e3o e do Mestrado da Faculdade de Direito da UPF e professor convidado dos programas de mestrado da Universidade Agostinho Neto &#8211; Angola. Autor de diversos livros e artigos jur\u00eddicos no Direito Municipal.<\/p>\n\n\n\n<p><strong>Dorlei Maffi<br><\/strong>Natural de Passo Fundo, Dorlei Maffi \u00e9 T\u00e9cnico em Contabilidade e Bacharel em Ci\u00eancias Econ\u00f4micas pela UPF. Exerceu de 1982 a 2016 o Cargo de Auditor Fiscal da Receita Federal do Brasil. Em 2016, aposentou-se da Receita Federal, onde foi funcion\u00e1rio por mais de 40 anos, tendo sido Delegado da Delegacia da Receita Federal do Brasil em Passo Fundo por 17 anos.<\/p>\n","protected":false},"excerpt":{"rendered":"<p>Giovani Corralo, na Procuradoria-Geral, e Dorlei Maffi, na Secretaria de Finan\u00e7as, integrar\u00e3o a equipe de primeiro escal\u00e3o do governo<\/p>\n","protected":false},"author":24,"featured_media":2337,"comment_status":"closed","ping_status":"closed","sticky":false,"template":"","format":"standard","meta":{"footnotes":""},"categories":[1],"tags":[],"class_list":["post-2336","post","type-post","status-publish","format-standard","has-post-thumbnail","hentry","category-sem-categoria"],"yoast_head":"<!-- This site is optimized with the Yoast SEO plugin v23.8 - https:\/\/yoast.com\/wordpress\/plugins\/seo\/ -->\n<title>Prefeito Pedro anuncia primeiros nomes que ir\u00e3o compor a nova gest\u00e3o - Secretaria do Gabinete<\/title>\n<meta name=\"robots\" content=\"index, follow, max-snippet:-1, max-image-preview:large, max-video-preview:-1\" \/>\n<link rel=\"canonical\" href=\"https:\/\/www.pmpf.rs.gov.br\/secretaria-do-gabinete\/2024\/10\/25\/prefeito-pedro-anuncia-primeiros-nomes-que-irao-compor-a-nova-gestao\/\" \/>\n<meta property=\"og:locale\" content=\"pt_BR\" \/>\n<meta property=\"og:type\" content=\"article\" \/>\n<meta property=\"og:title\" content=\"Prefeito Pedro anuncia primeiros nomes que ir\u00e3o compor a nova gest\u00e3o - Secretaria do Gabinete\" \/>\n<meta property=\"og:description\" content=\"Giovani Corralo, na Procuradoria-Geral, e Dorlei Maffi, na Secretaria de Finan\u00e7as, integrar\u00e3o a equipe de primeiro escal\u00e3o do governo\" \/>\n<meta property=\"og:url\" content=\"https:\/\/www.pmpf.rs.gov.br\/secretaria-do-gabinete\/2024\/10\/25\/prefeito-pedro-anuncia-primeiros-nomes-que-irao-compor-a-nova-gestao\/\" \/>\n<meta property=\"og:site_name\" content=\"Secretaria do Gabinete\" \/>\n<meta property=\"article:published_time\" content=\"2024-10-25T16:55:06+00:00\" \/>\n<meta property=\"article:modified_time\" content=\"2026-02-20T13:17:31+00:00\" \/>\n<meta property=\"og:image\" content=\"https:\/\/www.pmpf.rs.gov.br\/secretaria-do-gabinete\/wp-content\/uploads\/sites\/46\/2024\/10\/Design-sem-nome.png\" \/>\n\t<meta property=\"og:image:width\" content=\"1080\" \/>\n\t<meta property=\"og:image:height\" content=\"1080\" \/>\n\t<meta property=\"og:image:type\" content=\"image\/png\" \/>\n<meta name=\"author\" content=\"lilicrivello\" \/>\n<meta name=\"twitter:card\" content=\"summary_large_image\" \/>\n<meta name=\"twitter:label1\" content=\"Escrito por\" \/>\n\t<meta name=\"twitter:data1\" content=\"lilicrivello\" \/>\n\t<meta name=\"twitter:label2\" content=\"Est. tempo de leitura\" \/>\n\t<meta name=\"twitter:data2\" content=\"1 minuto\" \/>\n<script type=\"application\/ld+json\" class=\"yoast-schema-graph\">{\"@context\":\"https:\/\/schema.org\",\"@graph\":[{\"@type\":\"WebPage\",\"@id\":\"https:\/\/www.pmpf.rs.gov.br\/secretaria-do-gabinete\/2024\/10\/25\/prefeito-pedro-anuncia-primeiros-nomes-que-irao-compor-a-nova-gestao\/\",\"url\":\"https:\/\/www.pmpf.rs.gov.br\/secretaria-do-gabinete\/2024\/10\/25\/prefeito-pedro-anuncia-primeiros-nomes-que-irao-compor-a-nova-gestao\/\",\"name\":\"Prefeito Pedro anuncia primeiros nomes que ir\u00e3o compor a nova gest\u00e3o - Secretaria do Gabinete\",\"isPartOf\":{\"@id\":\"https:\/\/www.pmpf.rs.gov.br\/secretaria-do-gabinete\/#website\"},\"primaryImageOfPage\":{\"@id\":\"https:\/\/www.pmpf.rs.gov.br\/secretaria-do-gabinete\/2024\/10\/25\/prefeito-pedro-anuncia-primeiros-nomes-que-irao-compor-a-nova-gestao\/#primaryimage\"},\"image\":{\"@id\":\"https:\/\/www.pmpf.rs.gov.br\/secretaria-do-gabinete\/2024\/10\/25\/prefeito-pedro-anuncia-primeiros-nomes-que-irao-compor-a-nova-gestao\/#primaryimage\"},\"thumbnailUrl\":\"https:\/\/www.pmpf.rs.gov.br\/secretaria-do-gabinete\/wp-content\/uploads\/sites\/46\/2024\/10\/Design-sem-nome.png\",\"datePublished\":\"2024-10-25T16:55:06+00:00\",\"dateModified\":\"2026-02-20T13:17:31+00:00\",\"author\":{\"@id\":\"https:\/\/www.pmpf.rs.gov.br\/secretaria-do-gabinete\/#\/schema\/person\/6e93b0ab2174b69f691ac4f278ba2d0a\"},\"inLanguage\":\"pt-BR\",\"potentialAction\":[{\"@type\":\"ReadAction\",\"target\":[\"https:\/\/www.pmpf.rs.gov.br\/secretaria-do-gabinete\/2024\/10\/25\/prefeito-pedro-anuncia-primeiros-nomes-que-irao-compor-a-nova-gestao\/\"]}]},{\"@type\":\"ImageObject\",\"inLanguage\":\"pt-BR\",\"@id\":\"https:\/\/www.pmpf.rs.gov.br\/secretaria-do-gabinete\/2024\/10\/25\/prefeito-pedro-anuncia-primeiros-nomes-que-irao-compor-a-nova-gestao\/#primaryimage\",\"url\":\"https:\/\/www.pmpf.rs.gov.br\/secretaria-do-gabinete\/wp-content\/uploads\/sites\/46\/2024\/10\/Design-sem-nome.png\",\"contentUrl\":\"https:\/\/www.pmpf.rs.gov.br\/secretaria-do-gabinete\/wp-content\/uploads\/sites\/46\/2024\/10\/Design-sem-nome.png\",\"width\":1080,\"height\":1080},{\"@type\":\"WebSite\",\"@id\":\"https:\/\/www.pmpf.rs.gov.br\/secretaria-do-gabinete\/#website\",\"url\":\"https:\/\/www.pmpf.rs.gov.br\/secretaria-do-gabinete\/\",\"name\":\"Secretaria do Gabinete\",\"description\":\"S\u00f3 mais um site Prefeitura de Passo Fundo\",\"potentialAction\":[{\"@type\":\"SearchAction\",\"target\":{\"@type\":\"EntryPoint\",\"urlTemplate\":\"https:\/\/www.pmpf.rs.gov.br\/secretaria-do-gabinete\/?s={search_term_string}\"},\"query-input\":{\"@type\":\"PropertyValueSpecification\",\"valueRequired\":true,\"valueName\":\"search_term_string\"}}],\"inLanguage\":\"pt-BR\"},{\"@type\":\"Person\",\"@id\":\"https:\/\/www.pmpf.rs.gov.br\/secretaria-do-gabinete\/#\/schema\/person\/6e93b0ab2174b69f691ac4f278ba2d0a\",\"name\":\"lilicrivello\",\"image\":{\"@type\":\"ImageObject\",\"inLanguage\":\"pt-BR\",\"@id\":\"https:\/\/www.pmpf.rs.gov.br\/secretaria-do-gabinete\/#\/schema\/person\/image\/\",\"url\":\"https:\/\/secure.gravatar.com\/avatar\/0b546b667388f8edb7b67d70a57b5e46?s=96&d=mm&r=g\",\"contentUrl\":\"https:\/\/secure.gravatar.com\/avatar\/0b546b667388f8edb7b67d70a57b5e46?s=96&d=mm&r=g\",\"caption\":\"lilicrivello\"},\"url\":\"https:\/\/www.pmpf.rs.gov.br\/secretaria-do-gabinete\/author\/lilicrivello\/\"}]}<\/script>\n<!-- \/ Yoast SEO plugin. -->","yoast_head_json":{"title":"Prefeito Pedro anuncia primeiros nomes que ir\u00e3o compor a nova gest\u00e3o - Secretaria do Gabinete","robots":{"index":"index","follow":"follow","max-snippet":"max-snippet:-1","max-image-preview":"max-image-preview:large","max-video-preview":"max-video-preview:-1"},"canonical":"https:\/\/www.pmpf.rs.gov.br\/secretaria-do-gabinete\/2024\/10\/25\/prefeito-pedro-anuncia-primeiros-nomes-que-irao-compor-a-nova-gestao\/","og_locale":"pt_BR","og_type":"article","og_title":"Prefeito Pedro anuncia primeiros nomes que ir\u00e3o compor a nova gest\u00e3o - Secretaria do Gabinete","og_description":"Giovani Corralo, na Procuradoria-Geral, e Dorlei Maffi, na Secretaria de Finan\u00e7as, integrar\u00e3o a equipe de primeiro escal\u00e3o do governo","og_url":"https:\/\/www.pmpf.rs.gov.br\/secretaria-do-gabinete\/2024\/10\/25\/prefeito-pedro-anuncia-primeiros-nomes-que-irao-compor-a-nova-gestao\/","og_site_name":"Secretaria do Gabinete","article_published_time":"2024-10-25T16:55:06+00:00","article_modified_time":"2026-02-20T13:17:31+00:00","og_image":[{"width":1080,"height":1080,"url":"https:\/\/www.pmpf.rs.gov.br\/secretaria-do-gabinete\/wp-content\/uploads\/sites\/46\/2024\/10\/Design-sem-nome.png","type":"image\/png"}],"author":"lilicrivello","twitter_card":"summary_large_image","twitter_misc":{"Escrito por":"lilicrivello","Est. tempo de leitura":"1 minuto"},"schema":{"@context":"https:\/\/schema.org","@graph":[{"@type":"WebPage","@id":"https:\/\/www.pmpf.rs.gov.br\/secretaria-do-gabinete\/2024\/10\/25\/prefeito-pedro-anuncia-primeiros-nomes-que-irao-compor-a-nova-gestao\/","url":"https:\/\/www.pmpf.rs.gov.br\/secretaria-do-gabinete\/2024\/10\/25\/prefeito-pedro-anuncia-primeiros-nomes-que-irao-compor-a-nova-gestao\/","name":"Prefeito Pedro anuncia primeiros nomes que ir\u00e3o compor a nova gest\u00e3o - Secretaria do Gabinete","isPartOf":{"@id":"https:\/\/www.pmpf.rs.gov.br\/secretaria-do-gabinete\/#website"},"primaryImageOfPage":{"@id":"https:\/\/www.pmpf.rs.gov.br\/secretaria-do-gabinete\/2024\/10\/25\/prefeito-pedro-anuncia-primeiros-nomes-que-irao-compor-a-nova-gestao\/#primaryimage"},"image":{"@id":"https:\/\/www.pmpf.rs.gov.br\/secretaria-do-gabinete\/2024\/10\/25\/prefeito-pedro-anuncia-primeiros-nomes-que-irao-compor-a-nova-gestao\/#primaryimage"},"thumbnailUrl":"https:\/\/www.pmpf.rs.gov.br\/secretaria-do-gabinete\/wp-content\/uploads\/sites\/46\/2024\/10\/Design-sem-nome.png","datePublished":"2024-10-25T16:55:06+00:00","dateModified":"2026-02-20T13:17:31+00:00","author":{"@id":"https:\/\/www.pmpf.rs.gov.br\/secretaria-do-gabinete\/#\/schema\/person\/6e93b0ab2174b69f691ac4f278ba2d0a"},"inLanguage":"pt-BR","potentialAction":[{"@type":"ReadAction","target":["https:\/\/www.pmpf.rs.gov.br\/secretaria-do-gabinete\/2024\/10\/25\/prefeito-pedro-anuncia-primeiros-nomes-que-irao-compor-a-nova-gestao\/"]}]},{"@type":"ImageObject","inLanguage":"pt-BR","@id":"https:\/\/www.pmpf.rs.gov.br\/secretaria-do-gabinete\/2024\/10\/25\/prefeito-pedro-anuncia-primeiros-nomes-que-irao-compor-a-nova-gestao\/#primaryimage","url":"https:\/\/www.pmpf.rs.gov.br\/secretaria-do-gabinete\/wp-content\/uploads\/sites\/46\/2024\/10\/Design-sem-nome.png","contentUrl":"https:\/\/www.pmpf.rs.gov.br\/secretaria-do-gabinete\/wp-content\/uploads\/sites\/46\/2024\/10\/Design-sem-nome.png","width":1080,"height":1080},{"@type":"WebSite","@id":"https:\/\/www.pmpf.rs.gov.br\/secretaria-do-gabinete\/#website","url":"https:\/\/www.pmpf.rs.gov.br\/secretaria-do-gabinete\/","name":"Secretaria do Gabinete","description":"S\u00f3 mais um site Prefeitura de Passo Fundo","potentialAction":[{"@type":"SearchAction","target":{"@type":"EntryPoint","urlTemplate":"https:\/\/www.pmpf.rs.gov.br\/secretaria-do-gabinete\/?s={search_term_string}"},"query-input":{"@type":"PropertyValueSpecification","valueRequired":true,"valueName":"search_term_string"}}],"inLanguage":"pt-BR"},{"@type":"Person","@id":"https:\/\/www.pmpf.rs.gov.br\/secretaria-do-gabinete\/#\/schema\/person\/6e93b0ab2174b69f691ac4f278ba2d0a","name":"lilicrivello","image":{"@type":"ImageObject","inLanguage":"pt-BR","@id":"https:\/\/www.pmpf.rs.gov.br\/secretaria-do-gabinete\/#\/schema\/person\/image\/","url":"https:\/\/secure.gravatar.com\/avatar\/0b546b667388f8edb7b67d70a57b5e46?s=96&d=mm&r=g","contentUrl":"https:\/\/secure.gravatar.com\/avatar\/0b546b667388f8edb7b67d70a57b5e46?s=96&d=mm&r=g","caption":"lilicrivello"},"url":"https:\/\/www.pmpf.rs.gov.br\/secretaria-do-gabinete\/author\/lilicrivello\/"}]}},"_links":{"self":[{"href":"https:\/\/www.pmpf.rs.gov.br\/secretaria-do-gabinete\/wp-json\/wp\/v2\/posts\/2336"}],"collection":[{"href":"https:\/\/www.pmpf.rs.gov.br\/secretaria-do-gabinete\/wp-json\/wp\/v2\/posts"}],"about":[{"href":"https:\/\/www.pmpf.rs.gov.br\/secretaria-do-gabinete\/wp-json\/wp\/v2\/types\/post"}],"author":[{"embeddable":true,"href":"https:\/\/www.pmpf.rs.gov.br\/secretaria-do-gabinete\/wp-json\/wp\/v2\/users\/24"}],"replies":[{"embeddable":true,"href":"https:\/\/www.pmpf.rs.gov.br\/secretaria-do-gabinete\/wp-json\/wp\/v2\/comments?post=2336"}],"version-history":[{"count":1,"href":"https:\/\/www.pmpf.rs.gov.br\/secretaria-do-gabinete\/wp-json\/wp\/v2\/posts\/2336\/revisions"}],"predecessor-version":[{"id":2338,"href":"https:\/\/www.pmpf.rs.gov.br\/secretaria-do-gabinete\/wp-json\/wp\/v2\/posts\/2336\/revisions\/2338"}],"wp:featuredmedia":[{"embeddable":true,"href":"https:\/\/www.pmpf.rs.gov.br\/secretaria-do-gabinete\/wp-json\/wp\/v2\/media\/2337"}],"wp:attachment":[{"href":"https:\/\/www.pmpf.rs.gov.br\/secretaria-do-gabinete\/wp-json\/wp\/v2\/media?parent=2336"}],"wp:term":[{"taxonomy":"category","embeddable":true,"href":"https:\/\/www.pmpf.rs.gov.br\/secretaria-do-gabinete\/wp-json\/wp\/v2\/categories?post=2336"},{"taxonomy":"post_tag","embeddable":true,"href":"https:\/\/www.pmpf.rs.gov.br\/secretaria-do-gabinete\/wp-json\/wp\/v2\/tags?post=2336"}],"curies":[{"name":"wp","href":"https:\/\/api.w.org\/{rel}","templated":true}]}}