{"id":2334,"date":"2024-10-23T14:44:18","date_gmt":"2024-10-23T17:44:18","guid":{"rendered":"https:\/\/www.pmpf.rs.gov.br\/secretaria-do-gabinete\/?p=2334"},"modified":"2024-10-23T14:44:30","modified_gmt":"2024-10-23T17:44:30","slug":"regiao-de-passo-fundo-tera-chuva-intensa-nos-proximos-dias","status":"publish","type":"post","link":"https:\/\/www.pmpf.rs.gov.br\/secretaria-do-gabinete\/2024\/10\/23\/regiao-de-passo-fundo-tera-chuva-intensa-nos-proximos-dias\/","title":{"rendered":"Regi\u00e3o de Passo Fundo ter\u00e1 chuva intensa nos pr\u00f3ximos dias"},"content":{"rendered":"\n<p>A Defesa Civil emitiu um alerta para a Regi\u00e3o de Passo Fundo e demais \u00e1reas do Rio Grande do Sul devido \u00e0 previs\u00e3o de instabilidades clim\u00e1ticas significativas entre quarta-feira (23) e sexta-feira (25). O tempo inst\u00e1vel traz risco de chuvas fortes, ventos intensos e temporais isolados, o que exige aten\u00e7\u00e3o redobrada da popula\u00e7\u00e3o.<\/p>\n\n\n\n<p>Nesta quarta-feira, instabilidades atmosf\u00e9ricas provocam chuvas moderadas a fortes, acompanhadas de descargas el\u00e9tricas, possibilidade de queda de granizo e temporais isolados. Os acumulados podem variar entre 20 e 40 mm, e as rajadas de vento podem atingir at\u00e9 90 km\/h na Regi\u00e3o de Passo Fundo.<\/p>\n\n\n\n<p>Em caso de necessidade, a popula\u00e7\u00e3o pode entrar em contato com a Defesa Civil pelo telefone (54) 99194-0449 ou pelo n\u00famero 199, com o Corpo de Bombeiros pelo 193, ou a Brigada Militar, no 190.<\/p>\n\n\n\n<p><strong>Previs\u00e3o para Quinta-feira, 24 de Outubro<br><\/strong>Na quinta-feira, um sistema de baixa press\u00e3o ir\u00e1 formar um ciclone extratropical, trazendo chuvas intensas para todo o Rio Grande do Sul. A previs\u00e3o indica acumulados de 40 a 50 mm, al\u00e9m de descargas el\u00e9tricas, granizo e ventos ainda mais fortes, aumentando os riscos de tempestades generalizadas.<\/p>\n\n\n\n<p><strong>Tend\u00eancia para Sexta-feira, 25 de Outubro<br><\/strong>Na sexta-feira, o ciclone deve se afastar para o alto mar. No entanto, os ventos permanecer\u00e3o intensos no Litoral, com rajadas de at\u00e9 80 km\/h, que ir\u00e3o diminuir gradualmente ao longo do dia.<\/p>\n\n\n\n<p>Recomenda\u00e7\u00f5es da Defesa Civil<br>Diante da possibilidade de eventos clim\u00e1ticos severos, a Defesa Civil refor\u00e7a algumas medidas preventivas para a popula\u00e7\u00e3o:<br>Durante chuvas fortes e temporais: evite sair de casa, n\u00e3o se abrigue embaixo de \u00e1rvores e mantenha dist\u00e2ncia de fios ca\u00eddos na via.<br>Para prevenir danos causados pelos ventos: revise telhados e verifique se h\u00e1 telhas soltas. Coberturas provis\u00f3rias feitas com lonas devem ser refor\u00e7adas para garantir maior fixa\u00e7\u00e3o.<\/p>\n","protected":false},"excerpt":{"rendered":"<p>A Defesa Civil emitiu um alerta para a Regi\u00e3o de Passo Fundo e demais \u00e1reas do Rio Grande do Sul devido \u00e0 previs\u00e3o de instabilidades clim\u00e1ticas significativas entre quarta-feira (23) e sexta-feira [&hellip;]<\/p>\n","protected":false},"author":24,"featured_media":0,"comment_status":"closed","ping_status":"closed","sticky":false,"template":"","format":"standard","meta":{"footnotes":""},"categories":[1],"tags":[],"class_list":["post-2334","post","type-post","status-publish","format-standard","hentry","category-sem-categoria"],"yoast_head":"<!-- This site is optimized with the Yoast SEO plugin v23.8 - https:\/\/yoast.com\/wordpress\/plugins\/seo\/ -->\n<title>Regi\u00e3o de Passo Fundo ter\u00e1 chuva intensa nos pr\u00f3ximos dias - Secretaria do Gabinete<\/title>\n<meta name=\"robots\" content=\"index, follow, max-snippet:-1, max-image-preview:large, max-video-preview:-1\" \/>\n<link rel=\"canonical\" href=\"https:\/\/www.pmpf.rs.gov.br\/secretaria-do-gabinete\/2024\/10\/23\/regiao-de-passo-fundo-tera-chuva-intensa-nos-proximos-dias\/\" \/>\n<meta property=\"og:locale\" content=\"pt_BR\" \/>\n<meta property=\"og:type\" content=\"article\" \/>\n<meta property=\"og:title\" content=\"Regi\u00e3o de Passo Fundo ter\u00e1 chuva intensa nos pr\u00f3ximos dias - Secretaria do Gabinete\" \/>\n<meta property=\"og:description\" content=\"A Defesa Civil emitiu um alerta para a Regi\u00e3o de Passo Fundo e demais \u00e1reas do Rio Grande do Sul devido \u00e0 previs\u00e3o de instabilidades clim\u00e1ticas significativas entre quarta-feira (23) e sexta-feira [&hellip;]\" \/>\n<meta property=\"og:url\" content=\"https:\/\/www.pmpf.rs.gov.br\/secretaria-do-gabinete\/2024\/10\/23\/regiao-de-passo-fundo-tera-chuva-intensa-nos-proximos-dias\/\" \/>\n<meta property=\"og:site_name\" content=\"Secretaria do Gabinete\" \/>\n<meta property=\"article:published_time\" content=\"2024-10-23T17:44:18+00:00\" \/>\n<meta property=\"article:modified_time\" content=\"2024-10-23T17:44:30+00:00\" \/>\n<meta name=\"author\" content=\"lilicrivello\" \/>\n<meta name=\"twitter:card\" content=\"summary_large_image\" \/>\n<meta name=\"twitter:label1\" content=\"Escrito por\" \/>\n\t<meta name=\"twitter:data1\" content=\"lilicrivello\" \/>\n\t<meta name=\"twitter:label2\" content=\"Est. tempo de leitura\" \/>\n\t<meta name=\"twitter:data2\" content=\"2 minutos\" \/>\n<script type=\"application\/ld+json\" class=\"yoast-schema-graph\">{\"@context\":\"https:\/\/schema.org\",\"@graph\":[{\"@type\":\"WebPage\",\"@id\":\"https:\/\/www.pmpf.rs.gov.br\/secretaria-do-gabinete\/2024\/10\/23\/regiao-de-passo-fundo-tera-chuva-intensa-nos-proximos-dias\/\",\"url\":\"https:\/\/www.pmpf.rs.gov.br\/secretaria-do-gabinete\/2024\/10\/23\/regiao-de-passo-fundo-tera-chuva-intensa-nos-proximos-dias\/\",\"name\":\"Regi\u00e3o de Passo Fundo ter\u00e1 chuva intensa nos pr\u00f3ximos dias - Secretaria do Gabinete\",\"isPartOf\":{\"@id\":\"https:\/\/www.pmpf.rs.gov.br\/secretaria-do-gabinete\/#website\"},\"datePublished\":\"2024-10-23T17:44:18+00:00\",\"dateModified\":\"2024-10-23T17:44:30+00:00\",\"author\":{\"@id\":\"https:\/\/www.pmpf.rs.gov.br\/secretaria-do-gabinete\/#\/schema\/person\/6e93b0ab2174b69f691ac4f278ba2d0a\"},\"inLanguage\":\"pt-BR\",\"potentialAction\":[{\"@type\":\"ReadAction\",\"target\":[\"https:\/\/www.pmpf.rs.gov.br\/secretaria-do-gabinete\/2024\/10\/23\/regiao-de-passo-fundo-tera-chuva-intensa-nos-proximos-dias\/\"]}]},{\"@type\":\"WebSite\",\"@id\":\"https:\/\/www.pmpf.rs.gov.br\/secretaria-do-gabinete\/#website\",\"url\":\"https:\/\/www.pmpf.rs.gov.br\/secretaria-do-gabinete\/\",\"name\":\"Secretaria do Gabinete\",\"description\":\"S\u00f3 mais um site Prefeitura de Passo Fundo\",\"potentialAction\":[{\"@type\":\"SearchAction\",\"target\":{\"@type\":\"EntryPoint\",\"urlTemplate\":\"https:\/\/www.pmpf.rs.gov.br\/secretaria-do-gabinete\/?s={search_term_string}\"},\"query-input\":{\"@type\":\"PropertyValueSpecification\",\"valueRequired\":true,\"valueName\":\"search_term_string\"}}],\"inLanguage\":\"pt-BR\"},{\"@type\":\"Person\",\"@id\":\"https:\/\/www.pmpf.rs.gov.br\/secretaria-do-gabinete\/#\/schema\/person\/6e93b0ab2174b69f691ac4f278ba2d0a\",\"name\":\"lilicrivello\",\"image\":{\"@type\":\"ImageObject\",\"inLanguage\":\"pt-BR\",\"@id\":\"https:\/\/www.pmpf.rs.gov.br\/secretaria-do-gabinete\/#\/schema\/person\/image\/\",\"url\":\"https:\/\/secure.gravatar.com\/avatar\/0b546b667388f8edb7b67d70a57b5e46?s=96&d=mm&r=g\",\"contentUrl\":\"https:\/\/secure.gravatar.com\/avatar\/0b546b667388f8edb7b67d70a57b5e46?s=96&d=mm&r=g\",\"caption\":\"lilicrivello\"},\"url\":\"https:\/\/www.pmpf.rs.gov.br\/secretaria-do-gabinete\/author\/lilicrivello\/\"}]}<\/script>\n<!-- \/ Yoast SEO plugin. -->","yoast_head_json":{"title":"Regi\u00e3o de Passo Fundo ter\u00e1 chuva intensa nos pr\u00f3ximos dias - Secretaria do Gabinete","robots":{"index":"index","follow":"follow","max-snippet":"max-snippet:-1","max-image-preview":"max-image-preview:large","max-video-preview":"max-video-preview:-1"},"canonical":"https:\/\/www.pmpf.rs.gov.br\/secretaria-do-gabinete\/2024\/10\/23\/regiao-de-passo-fundo-tera-chuva-intensa-nos-proximos-dias\/","og_locale":"pt_BR","og_type":"article","og_title":"Regi\u00e3o de Passo Fundo ter\u00e1 chuva intensa nos pr\u00f3ximos dias - Secretaria do Gabinete","og_description":"A Defesa Civil emitiu um alerta para a Regi\u00e3o de Passo Fundo e demais \u00e1reas do Rio Grande do Sul devido \u00e0 previs\u00e3o de instabilidades clim\u00e1ticas significativas entre quarta-feira (23) e sexta-feira [&hellip;]","og_url":"https:\/\/www.pmpf.rs.gov.br\/secretaria-do-gabinete\/2024\/10\/23\/regiao-de-passo-fundo-tera-chuva-intensa-nos-proximos-dias\/","og_site_name":"Secretaria do Gabinete","article_published_time":"2024-10-23T17:44:18+00:00","article_modified_time":"2024-10-23T17:44:30+00:00","author":"lilicrivello","twitter_card":"summary_large_image","twitter_misc":{"Escrito por":"lilicrivello","Est. tempo de leitura":"2 minutos"},"schema":{"@context":"https:\/\/schema.org","@graph":[{"@type":"WebPage","@id":"https:\/\/www.pmpf.rs.gov.br\/secretaria-do-gabinete\/2024\/10\/23\/regiao-de-passo-fundo-tera-chuva-intensa-nos-proximos-dias\/","url":"https:\/\/www.pmpf.rs.gov.br\/secretaria-do-gabinete\/2024\/10\/23\/regiao-de-passo-fundo-tera-chuva-intensa-nos-proximos-dias\/","name":"Regi\u00e3o de Passo Fundo ter\u00e1 chuva intensa nos pr\u00f3ximos dias - Secretaria do Gabinete","isPartOf":{"@id":"https:\/\/www.pmpf.rs.gov.br\/secretaria-do-gabinete\/#website"},"datePublished":"2024-10-23T17:44:18+00:00","dateModified":"2024-10-23T17:44:30+00:00","author":{"@id":"https:\/\/www.pmpf.rs.gov.br\/secretaria-do-gabinete\/#\/schema\/person\/6e93b0ab2174b69f691ac4f278ba2d0a"},"inLanguage":"pt-BR","potentialAction":[{"@type":"ReadAction","target":["https:\/\/www.pmpf.rs.gov.br\/secretaria-do-gabinete\/2024\/10\/23\/regiao-de-passo-fundo-tera-chuva-intensa-nos-proximos-dias\/"]}]},{"@type":"WebSite","@id":"https:\/\/www.pmpf.rs.gov.br\/secretaria-do-gabinete\/#website","url":"https:\/\/www.pmpf.rs.gov.br\/secretaria-do-gabinete\/","name":"Secretaria do Gabinete","description":"S\u00f3 mais um site Prefeitura de Passo Fundo","potentialAction":[{"@type":"SearchAction","target":{"@type":"EntryPoint","urlTemplate":"https:\/\/www.pmpf.rs.gov.br\/secretaria-do-gabinete\/?s={search_term_string}"},"query-input":{"@type":"PropertyValueSpecification","valueRequired":true,"valueName":"search_term_string"}}],"inLanguage":"pt-BR"},{"@type":"Person","@id":"https:\/\/www.pmpf.rs.gov.br\/secretaria-do-gabinete\/#\/schema\/person\/6e93b0ab2174b69f691ac4f278ba2d0a","name":"lilicrivello","image":{"@type":"ImageObject","inLanguage":"pt-BR","@id":"https:\/\/www.pmpf.rs.gov.br\/secretaria-do-gabinete\/#\/schema\/person\/image\/","url":"https:\/\/secure.gravatar.com\/avatar\/0b546b667388f8edb7b67d70a57b5e46?s=96&d=mm&r=g","contentUrl":"https:\/\/secure.gravatar.com\/avatar\/0b546b667388f8edb7b67d70a57b5e46?s=96&d=mm&r=g","caption":"lilicrivello"},"url":"https:\/\/www.pmpf.rs.gov.br\/secretaria-do-gabinete\/author\/lilicrivello\/"}]}},"_links":{"self":[{"href":"https:\/\/www.pmpf.rs.gov.br\/secretaria-do-gabinete\/wp-json\/wp\/v2\/posts\/2334"}],"collection":[{"href":"https:\/\/www.pmpf.rs.gov.br\/secretaria-do-gabinete\/wp-json\/wp\/v2\/posts"}],"about":[{"href":"https:\/\/www.pmpf.rs.gov.br\/secretaria-do-gabinete\/wp-json\/wp\/v2\/types\/post"}],"author":[{"embeddable":true,"href":"https:\/\/www.pmpf.rs.gov.br\/secretaria-do-gabinete\/wp-json\/wp\/v2\/users\/24"}],"replies":[{"embeddable":true,"href":"https:\/\/www.pmpf.rs.gov.br\/secretaria-do-gabinete\/wp-json\/wp\/v2\/comments?post=2334"}],"version-history":[{"count":1,"href":"https:\/\/www.pmpf.rs.gov.br\/secretaria-do-gabinete\/wp-json\/wp\/v2\/posts\/2334\/revisions"}],"predecessor-version":[{"id":2335,"href":"https:\/\/www.pmpf.rs.gov.br\/secretaria-do-gabinete\/wp-json\/wp\/v2\/posts\/2334\/revisions\/2335"}],"wp:attachment":[{"href":"https:\/\/www.pmpf.rs.gov.br\/secretaria-do-gabinete\/wp-json\/wp\/v2\/media?parent=2334"}],"wp:term":[{"taxonomy":"category","embeddable":true,"href":"https:\/\/www.pmpf.rs.gov.br\/secretaria-do-gabinete\/wp-json\/wp\/v2\/categories?post=2334"},{"taxonomy":"post_tag","embeddable":true,"href":"https:\/\/www.pmpf.rs.gov.br\/secretaria-do-gabinete\/wp-json\/wp\/v2\/tags?post=2334"}],"curies":[{"name":"wp","href":"https:\/\/api.w.org\/{rel}","templated":true}]}}