{"id":2331,"date":"2024-06-13T16:33:37","date_gmt":"2024-06-13T19:33:37","guid":{"rendered":"https:\/\/www.pmpf.rs.gov.br\/secretaria-do-gabinete\/?p=2331"},"modified":"2024-06-13T16:33:41","modified_gmt":"2024-06-13T19:33:41","slug":"prefeito-pedro-e-empresarios-pedem-autorizacao-do-estado-para-construcao-de-trevo-na-rs-324","status":"publish","type":"post","link":"https:\/\/www.pmpf.rs.gov.br\/secretaria-do-gabinete\/2024\/06\/13\/prefeito-pedro-e-empresarios-pedem-autorizacao-do-estado-para-construcao-de-trevo-na-rs-324\/","title":{"rendered":"Prefeito Pedro e empres\u00e1rios pedem autoriza\u00e7\u00e3o do Estado para constru\u00e7\u00e3o de trevo na RS-324"},"content":{"rendered":"\n<p>Em um movimento importante para o desenvolvimento de Passo Fundo, o prefeito Pedro Almeida reuniu-se nesta quinta-feira (13) com um grupo de empres\u00e1rios locais para a formaliza\u00e7\u00e3o de uma parceria e de pedido para que o governo do Estado autorize a constru\u00e7\u00e3o de novo trevo na RS-324.<\/p>\n\n\n\n<p>A iniciativa surgiu a partir de um grupo de empres\u00e1rios de Passo Fundo, que, preocupados com a infraestrutura vi\u00e1ria da regi\u00e3o, elaboraram, junto a Bortolamedi Engenharia, um projeto, detalhado para a constru\u00e7\u00e3o do novo trevo de acesso ao distrito industrial Paulo Rossetto, com 1,64 km de extens\u00e3o, abrangendo do km 173 ao km 175. Este projeto foi doado ao Departamento Aut\u00f4nomo de Estradas e Rodagem (Daer), demonstrando o engajamento e a responsabilidade social do setor empresarial local.<\/p>\n\n\n\n<p>O novo trevo ser\u00e1 estrategicamente localizado em frente \u00e0 Gran Palazzo, uma \u00e1rea de intenso tr\u00e1fego de ve\u00edculos de grande porte. O prefeito Pedro Almeida ressaltou a import\u00e2ncia da obra. \u201cPasso Fundo \u00e9 o 3\u00ba polo da constru\u00e7\u00e3o civil do Estado, a 2\u00aa cidade que mais exporta e a 2\u00aa em gera\u00e7\u00e3o de empregos no Rio Grande do Sul. Estamos em um momento de vis\u00edvel progresso e crescimento, o que justifica a necessidade de iniciar as obras imediatamente,&#8221; destacou o prefeito Pedro.<\/p>\n\n\n\n<p>Para viabilizar a execu\u00e7\u00e3o do projeto, o Munic\u00edpio de Passo Fundo planeja investir R$ 15 milh\u00f5es em recursos pr\u00f3prios. No entanto, como se trata de uma rodovia estadual, para que as obras possam ser iniciadas, \u00e9 necess\u00e1ria a autoriza\u00e7\u00e3o do governo do Estado, que ser\u00e1 solicitada formalmente pelo prefeito. \u201cEsta parceria entre o poder p\u00fablico e a iniciativa privada \u00e9 um exemplo de como a coopera\u00e7\u00e3o pode resultar em melhorias significativas para a infraestrutura e o crescimento econ\u00f4mico local. A administra\u00e7\u00e3o municipal espera que, com a autoriza\u00e7\u00e3o do Daer, as obras possam come\u00e7ar em breve, trazendo benef\u00edcios para toda a comunidade de Passo Fundo\u201d, enfatizou o secret\u00e1rio de Desenvolvimento Econ\u00f4mico, Diorges Oliveira.<\/p>\n\n\n\n<p>De acordo com um dos empres\u00e1rios que participa da iniciativa da elabora\u00e7\u00e3o do trevo, Joelson Zandon\u00e1, esta \u00e9 uma demanda aguardada h\u00e1 nove anos. \u201cEsse trevo \u00e9 de suma import\u00e2ncia, em primeiro lugar, pela seguran\u00e7a de todos os funcion\u00e1rios e empreendedores que est\u00e3o passando pelo local, e ainda de quem cruza nesta rodovia. Esta iniciativa do munic\u00edpio encampar essa obra, \u00e9 um pleito de quase uma d\u00e9cadas de uma regi\u00e3o, que s\u00f3 vem crescendo. Temos ali milhares de empregos, de fornecedores, centenas de caminh\u00f5es que circulam, tanto na travessia do Distrito\u201d, destaca o empres\u00e1rio.<\/p>\n\n\n\n<p>O Distrito Industrial Valinhos abriga 22 empresas e mais de dois mil colaboradores de diversos empreendimentos industriais e \u00e1reas de neg\u00f3cios, o que justifica a implementa\u00e7\u00e3o do projeto para evitar acidentes e aumentar a seguran\u00e7a das milhares de pessoas que acessam o local para trabalhar, fazer neg\u00f3cios, transportar insumos e produtos, e participar de eventos nacionais.<\/p>\n\n\n\n<p>O munic\u00edpio j\u00e1 solicitou ao Daer reuni\u00e3o para a pr\u00f3xima semana. Com a libera\u00e7\u00e3o do Departamento ser\u00e1 poss\u00edvel abrir a licita\u00e7\u00e3o para a contrata\u00e7\u00e3o da empresa respons\u00e1vel pela execu\u00e7\u00e3o da obra. A estimativa \u00e9 que em 90 dias a obra tenha in\u00edcio com previs\u00e3o de dois anos para ser entregue.<\/p>\n","protected":false},"excerpt":{"rendered":"<p>Munic\u00edpio planeja investir R$ 15 milh\u00f5es em recursos pr\u00f3prios na obra<\/p>\n","protected":false},"author":24,"featured_media":2332,"comment_status":"closed","ping_status":"closed","sticky":false,"template":"","format":"standard","meta":{"footnotes":""},"categories":[1],"tags":[],"class_list":["post-2331","post","type-post","status-publish","format-standard","has-post-thumbnail","hentry","category-sem-categoria"],"yoast_head":"<!-- This site is optimized with the Yoast SEO plugin v23.8 - https:\/\/yoast.com\/wordpress\/plugins\/seo\/ -->\n<title>Prefeito Pedro e empres\u00e1rios pedem autoriza\u00e7\u00e3o do Estado para constru\u00e7\u00e3o de trevo na RS-324 - Secretaria do Gabinete<\/title>\n<meta name=\"robots\" content=\"index, follow, max-snippet:-1, max-image-preview:large, max-video-preview:-1\" \/>\n<link rel=\"canonical\" href=\"https:\/\/www.pmpf.rs.gov.br\/secretaria-do-gabinete\/2024\/06\/13\/prefeito-pedro-e-empresarios-pedem-autorizacao-do-estado-para-construcao-de-trevo-na-rs-324\/\" \/>\n<meta property=\"og:locale\" content=\"pt_BR\" \/>\n<meta property=\"og:type\" content=\"article\" \/>\n<meta property=\"og:title\" content=\"Prefeito Pedro e empres\u00e1rios pedem autoriza\u00e7\u00e3o do Estado para constru\u00e7\u00e3o de trevo na RS-324 - Secretaria do Gabinete\" \/>\n<meta property=\"og:description\" content=\"Munic\u00edpio planeja investir R$ 15 milh\u00f5es em recursos pr\u00f3prios na obra\" \/>\n<meta property=\"og:url\" content=\"https:\/\/www.pmpf.rs.gov.br\/secretaria-do-gabinete\/2024\/06\/13\/prefeito-pedro-e-empresarios-pedem-autorizacao-do-estado-para-construcao-de-trevo-na-rs-324\/\" \/>\n<meta property=\"og:site_name\" content=\"Secretaria do Gabinete\" \/>\n<meta property=\"article:published_time\" content=\"2024-06-13T19:33:37+00:00\" \/>\n<meta property=\"article:modified_time\" content=\"2024-06-13T19:33:41+00:00\" \/>\n<meta name=\"author\" content=\"lilicrivello\" \/>\n<meta name=\"twitter:card\" content=\"summary_large_image\" \/>\n<meta name=\"twitter:label1\" content=\"Escrito por\" \/>\n\t<meta name=\"twitter:data1\" content=\"lilicrivello\" \/>\n\t<meta name=\"twitter:label2\" content=\"Est. tempo de leitura\" \/>\n\t<meta name=\"twitter:data2\" content=\"3 minutos\" \/>\n<script type=\"application\/ld+json\" class=\"yoast-schema-graph\">{\"@context\":\"https:\/\/schema.org\",\"@graph\":[{\"@type\":\"WebPage\",\"@id\":\"https:\/\/www.pmpf.rs.gov.br\/secretaria-do-gabinete\/2024\/06\/13\/prefeito-pedro-e-empresarios-pedem-autorizacao-do-estado-para-construcao-de-trevo-na-rs-324\/\",\"url\":\"https:\/\/www.pmpf.rs.gov.br\/secretaria-do-gabinete\/2024\/06\/13\/prefeito-pedro-e-empresarios-pedem-autorizacao-do-estado-para-construcao-de-trevo-na-rs-324\/\",\"name\":\"Prefeito Pedro e empres\u00e1rios pedem autoriza\u00e7\u00e3o do Estado para constru\u00e7\u00e3o de trevo na RS-324 - Secretaria do Gabinete\",\"isPartOf\":{\"@id\":\"https:\/\/www.pmpf.rs.gov.br\/secretaria-do-gabinete\/#website\"},\"primaryImageOfPage\":{\"@id\":\"https:\/\/www.pmpf.rs.gov.br\/secretaria-do-gabinete\/2024\/06\/13\/prefeito-pedro-e-empresarios-pedem-autorizacao-do-estado-para-construcao-de-trevo-na-rs-324\/#primaryimage\"},\"image\":{\"@id\":\"https:\/\/www.pmpf.rs.gov.br\/secretaria-do-gabinete\/2024\/06\/13\/prefeito-pedro-e-empresarios-pedem-autorizacao-do-estado-para-construcao-de-trevo-na-rs-324\/#primaryimage\"},\"thumbnailUrl\":\"https:\/\/www.pmpf.rs.gov.br\/secretaria-do-gabinete\/wp-content\/uploads\/sites\/46\/2024\/06\/JHP099871.jpg\",\"datePublished\":\"2024-06-13T19:33:37+00:00\",\"dateModified\":\"2024-06-13T19:33:41+00:00\",\"author\":{\"@id\":\"https:\/\/www.pmpf.rs.gov.br\/secretaria-do-gabinete\/#\/schema\/person\/6e93b0ab2174b69f691ac4f278ba2d0a\"},\"inLanguage\":\"pt-BR\",\"potentialAction\":[{\"@type\":\"ReadAction\",\"target\":[\"https:\/\/www.pmpf.rs.gov.br\/secretaria-do-gabinete\/2024\/06\/13\/prefeito-pedro-e-empresarios-pedem-autorizacao-do-estado-para-construcao-de-trevo-na-rs-324\/\"]}]},{\"@type\":\"ImageObject\",\"inLanguage\":\"pt-BR\",\"@id\":\"https:\/\/www.pmpf.rs.gov.br\/secretaria-do-gabinete\/2024\/06\/13\/prefeito-pedro-e-empresarios-pedem-autorizacao-do-estado-para-construcao-de-trevo-na-rs-324\/#primaryimage\",\"url\":\"https:\/\/www.pmpf.rs.gov.br\/secretaria-do-gabinete\/wp-content\/uploads\/sites\/46\/2024\/06\/JHP099871.jpg\",\"contentUrl\":\"https:\/\/www.pmpf.rs.gov.br\/secretaria-do-gabinete\/wp-content\/uploads\/sites\/46\/2024\/06\/JHP099871.jpg\",\"width\":2325,\"height\":1658},{\"@type\":\"WebSite\",\"@id\":\"https:\/\/www.pmpf.rs.gov.br\/secretaria-do-gabinete\/#website\",\"url\":\"https:\/\/www.pmpf.rs.gov.br\/secretaria-do-gabinete\/\",\"name\":\"Secretaria do Gabinete\",\"description\":\"S\u00f3 mais um site Prefeitura de Passo Fundo\",\"potentialAction\":[{\"@type\":\"SearchAction\",\"target\":{\"@type\":\"EntryPoint\",\"urlTemplate\":\"https:\/\/www.pmpf.rs.gov.br\/secretaria-do-gabinete\/?s={search_term_string}\"},\"query-input\":{\"@type\":\"PropertyValueSpecification\",\"valueRequired\":true,\"valueName\":\"search_term_string\"}}],\"inLanguage\":\"pt-BR\"},{\"@type\":\"Person\",\"@id\":\"https:\/\/www.pmpf.rs.gov.br\/secretaria-do-gabinete\/#\/schema\/person\/6e93b0ab2174b69f691ac4f278ba2d0a\",\"name\":\"lilicrivello\",\"image\":{\"@type\":\"ImageObject\",\"inLanguage\":\"pt-BR\",\"@id\":\"https:\/\/www.pmpf.rs.gov.br\/secretaria-do-gabinete\/#\/schema\/person\/image\/\",\"url\":\"https:\/\/secure.gravatar.com\/avatar\/0b546b667388f8edb7b67d70a57b5e46?s=96&d=mm&r=g\",\"contentUrl\":\"https:\/\/secure.gravatar.com\/avatar\/0b546b667388f8edb7b67d70a57b5e46?s=96&d=mm&r=g\",\"caption\":\"lilicrivello\"},\"url\":\"https:\/\/www.pmpf.rs.gov.br\/secretaria-do-gabinete\/author\/lilicrivello\/\"}]}<\/script>\n<!-- \/ Yoast SEO plugin. -->","yoast_head_json":{"title":"Prefeito Pedro e empres\u00e1rios pedem autoriza\u00e7\u00e3o do Estado para constru\u00e7\u00e3o de trevo na RS-324 - Secretaria do Gabinete","robots":{"index":"index","follow":"follow","max-snippet":"max-snippet:-1","max-image-preview":"max-image-preview:large","max-video-preview":"max-video-preview:-1"},"canonical":"https:\/\/www.pmpf.rs.gov.br\/secretaria-do-gabinete\/2024\/06\/13\/prefeito-pedro-e-empresarios-pedem-autorizacao-do-estado-para-construcao-de-trevo-na-rs-324\/","og_locale":"pt_BR","og_type":"article","og_title":"Prefeito Pedro e empres\u00e1rios pedem autoriza\u00e7\u00e3o do Estado para constru\u00e7\u00e3o de trevo na RS-324 - Secretaria do Gabinete","og_description":"Munic\u00edpio planeja investir R$ 15 milh\u00f5es em recursos pr\u00f3prios na obra","og_url":"https:\/\/www.pmpf.rs.gov.br\/secretaria-do-gabinete\/2024\/06\/13\/prefeito-pedro-e-empresarios-pedem-autorizacao-do-estado-para-construcao-de-trevo-na-rs-324\/","og_site_name":"Secretaria do Gabinete","article_published_time":"2024-06-13T19:33:37+00:00","article_modified_time":"2024-06-13T19:33:41+00:00","author":"lilicrivello","twitter_card":"summary_large_image","twitter_misc":{"Escrito por":"lilicrivello","Est. tempo de leitura":"3 minutos"},"schema":{"@context":"https:\/\/schema.org","@graph":[{"@type":"WebPage","@id":"https:\/\/www.pmpf.rs.gov.br\/secretaria-do-gabinete\/2024\/06\/13\/prefeito-pedro-e-empresarios-pedem-autorizacao-do-estado-para-construcao-de-trevo-na-rs-324\/","url":"https:\/\/www.pmpf.rs.gov.br\/secretaria-do-gabinete\/2024\/06\/13\/prefeito-pedro-e-empresarios-pedem-autorizacao-do-estado-para-construcao-de-trevo-na-rs-324\/","name":"Prefeito Pedro e empres\u00e1rios pedem autoriza\u00e7\u00e3o do Estado para constru\u00e7\u00e3o de trevo na RS-324 - Secretaria do Gabinete","isPartOf":{"@id":"https:\/\/www.pmpf.rs.gov.br\/secretaria-do-gabinete\/#website"},"primaryImageOfPage":{"@id":"https:\/\/www.pmpf.rs.gov.br\/secretaria-do-gabinete\/2024\/06\/13\/prefeito-pedro-e-empresarios-pedem-autorizacao-do-estado-para-construcao-de-trevo-na-rs-324\/#primaryimage"},"image":{"@id":"https:\/\/www.pmpf.rs.gov.br\/secretaria-do-gabinete\/2024\/06\/13\/prefeito-pedro-e-empresarios-pedem-autorizacao-do-estado-para-construcao-de-trevo-na-rs-324\/#primaryimage"},"thumbnailUrl":"https:\/\/www.pmpf.rs.gov.br\/secretaria-do-gabinete\/wp-content\/uploads\/sites\/46\/2024\/06\/JHP099871.jpg","datePublished":"2024-06-13T19:33:37+00:00","dateModified":"2024-06-13T19:33:41+00:00","author":{"@id":"https:\/\/www.pmpf.rs.gov.br\/secretaria-do-gabinete\/#\/schema\/person\/6e93b0ab2174b69f691ac4f278ba2d0a"},"inLanguage":"pt-BR","potentialAction":[{"@type":"ReadAction","target":["https:\/\/www.pmpf.rs.gov.br\/secretaria-do-gabinete\/2024\/06\/13\/prefeito-pedro-e-empresarios-pedem-autorizacao-do-estado-para-construcao-de-trevo-na-rs-324\/"]}]},{"@type":"ImageObject","inLanguage":"pt-BR","@id":"https:\/\/www.pmpf.rs.gov.br\/secretaria-do-gabinete\/2024\/06\/13\/prefeito-pedro-e-empresarios-pedem-autorizacao-do-estado-para-construcao-de-trevo-na-rs-324\/#primaryimage","url":"https:\/\/www.pmpf.rs.gov.br\/secretaria-do-gabinete\/wp-content\/uploads\/sites\/46\/2024\/06\/JHP099871.jpg","contentUrl":"https:\/\/www.pmpf.rs.gov.br\/secretaria-do-gabinete\/wp-content\/uploads\/sites\/46\/2024\/06\/JHP099871.jpg","width":2325,"height":1658},{"@type":"WebSite","@id":"https:\/\/www.pmpf.rs.gov.br\/secretaria-do-gabinete\/#website","url":"https:\/\/www.pmpf.rs.gov.br\/secretaria-do-gabinete\/","name":"Secretaria do Gabinete","description":"S\u00f3 mais um site Prefeitura de Passo Fundo","potentialAction":[{"@type":"SearchAction","target":{"@type":"EntryPoint","urlTemplate":"https:\/\/www.pmpf.rs.gov.br\/secretaria-do-gabinete\/?s={search_term_string}"},"query-input":{"@type":"PropertyValueSpecification","valueRequired":true,"valueName":"search_term_string"}}],"inLanguage":"pt-BR"},{"@type":"Person","@id":"https:\/\/www.pmpf.rs.gov.br\/secretaria-do-gabinete\/#\/schema\/person\/6e93b0ab2174b69f691ac4f278ba2d0a","name":"lilicrivello","image":{"@type":"ImageObject","inLanguage":"pt-BR","@id":"https:\/\/www.pmpf.rs.gov.br\/secretaria-do-gabinete\/#\/schema\/person\/image\/","url":"https:\/\/secure.gravatar.com\/avatar\/0b546b667388f8edb7b67d70a57b5e46?s=96&d=mm&r=g","contentUrl":"https:\/\/secure.gravatar.com\/avatar\/0b546b667388f8edb7b67d70a57b5e46?s=96&d=mm&r=g","caption":"lilicrivello"},"url":"https:\/\/www.pmpf.rs.gov.br\/secretaria-do-gabinete\/author\/lilicrivello\/"}]}},"_links":{"self":[{"href":"https:\/\/www.pmpf.rs.gov.br\/secretaria-do-gabinete\/wp-json\/wp\/v2\/posts\/2331"}],"collection":[{"href":"https:\/\/www.pmpf.rs.gov.br\/secretaria-do-gabinete\/wp-json\/wp\/v2\/posts"}],"about":[{"href":"https:\/\/www.pmpf.rs.gov.br\/secretaria-do-gabinete\/wp-json\/wp\/v2\/types\/post"}],"author":[{"embeddable":true,"href":"https:\/\/www.pmpf.rs.gov.br\/secretaria-do-gabinete\/wp-json\/wp\/v2\/users\/24"}],"replies":[{"embeddable":true,"href":"https:\/\/www.pmpf.rs.gov.br\/secretaria-do-gabinete\/wp-json\/wp\/v2\/comments?post=2331"}],"version-history":[{"count":1,"href":"https:\/\/www.pmpf.rs.gov.br\/secretaria-do-gabinete\/wp-json\/wp\/v2\/posts\/2331\/revisions"}],"predecessor-version":[{"id":2333,"href":"https:\/\/www.pmpf.rs.gov.br\/secretaria-do-gabinete\/wp-json\/wp\/v2\/posts\/2331\/revisions\/2333"}],"wp:featuredmedia":[{"embeddable":true,"href":"https:\/\/www.pmpf.rs.gov.br\/secretaria-do-gabinete\/wp-json\/wp\/v2\/media\/2332"}],"wp:attachment":[{"href":"https:\/\/www.pmpf.rs.gov.br\/secretaria-do-gabinete\/wp-json\/wp\/v2\/media?parent=2331"}],"wp:term":[{"taxonomy":"category","embeddable":true,"href":"https:\/\/www.pmpf.rs.gov.br\/secretaria-do-gabinete\/wp-json\/wp\/v2\/categories?post=2331"},{"taxonomy":"post_tag","embeddable":true,"href":"https:\/\/www.pmpf.rs.gov.br\/secretaria-do-gabinete\/wp-json\/wp\/v2\/tags?post=2331"}],"curies":[{"name":"wp","href":"https:\/\/api.w.org\/{rel}","templated":true}]}}