{"id":2306,"date":"2024-04-24T13:57:58","date_gmt":"2024-04-24T16:57:58","guid":{"rendered":"https:\/\/www.pmpf.rs.gov.br\/secretaria-do-gabinete\/?p=2306"},"modified":"2024-04-24T17:05:58","modified_gmt":"2024-04-24T20:05:58","slug":"prefeito-pedro-almeida-anuncia-roger-borges-como-secretario-de-captacao-de-recursos","status":"publish","type":"post","link":"https:\/\/www.pmpf.rs.gov.br\/secretaria-do-gabinete\/2024\/04\/24\/prefeito-pedro-almeida-anuncia-roger-borges-como-secretario-de-captacao-de-recursos\/","title":{"rendered":"Prefeito Pedro Almeida anuncia Roger Borges como Secret\u00e1rio de Capta\u00e7\u00e3o de Recursos"},"content":{"rendered":"\n<p>O prefeito Pedro Almeida anunciou nesta quarta-feira (24) a nomea\u00e7\u00e3o de Roger Teixeira Borges, ex-diretor do Hospital Beneficente Dr. C\u00e9sar Santos, como o novo Secret\u00e1rio de Capta\u00e7\u00e3o de Recursos do munic\u00edpio, a partir de maio. A Secretaria de Capta\u00e7\u00e3o de Recursos desempenha um papel fundamental na busca por recursos para o desenvolvimento de Passo Fundo, articulando investimentos em diferentes \u00e1reas.<\/p>\n\n\n\n<p>Pedro Almeida destacou a relev\u00e2ncia da nova fun\u00e7\u00e3o, respons\u00e1vel pelo gerenciamento e execu\u00e7\u00e3o de projetos que atraem recursos para o munic\u00edpio. \u201c\u00c9 muito importante termos essa estrutura para a capta\u00e7\u00e3o de recursos dispon\u00edveis em diferentes esferas, que podem ser direcionados para obras e a\u00e7\u00f5es em benef\u00edcio de quem mora aqui em Passo Fundo\u201d, afirmou o prefeito.<\/p>\n\n\n\n<p>Antes de assumir o novo cargo, Roger Borges expressou sua satisfa\u00e7\u00e3o pela oportunidade de liderar o Hospital Municipal. \u201cAcredito ter sido o diretor que mais tempo permaneceu na fun\u00e7\u00e3o e o que mais contribuiu para o desenvolvimento e reestrutura\u00e7\u00e3o do Hospital, gra\u00e7as ao compromisso das gest\u00f5es do ex-prefeito Luciano e do prefeito Pedro, que reconheceram a import\u00e2ncia de investir na sa\u00fade municipal. Serei eternamente grato por isso\u201d, declarou Borges.<\/p>\n\n\n\n<p>A Secretaria de Capta\u00e7\u00e3o de Recursos atua diretamente na amplia\u00e7\u00e3o do acesso a fontes de financiamento, visando o desenvolvimento e a moderniza\u00e7\u00e3o de Passo Fundo, em colabora\u00e7\u00e3o com as demais secretarias municipais. \u201cNeste novo desafio, continuarei com a mesma disposi\u00e7\u00e3o, compromisso e profissionalismo para auxiliar a gest\u00e3o na capta\u00e7\u00e3o de recursos e elabora\u00e7\u00e3o de projetos em conjunto com os demais secret\u00e1rios, visando o cont\u00ednuo desenvolvimento e destaque de nossa cidade no cen\u00e1rio nacional. Se Passo Fundo estiver bem, toda a popula\u00e7\u00e3o tamb\u00e9m estar\u00e1, e esse \u00e9 o nosso objetivo\u201d, ressaltou Borges.<\/p>\n\n\n\n<p><strong>Curr\u00edculo<br><\/strong>Roger Teixeira Borges \u00e9 formado em Direito pela URI de Erechim e especialista em Direito Civil pela IMED. Desde 2013, trabalha na Prefeitura de Passo Fundo, tendo iniciado como assessor jur\u00eddico na Procuradoria Geral do Munic\u00edpio, atuado como secret\u00e1rio \u00e0 frente da Semcas e atualmente ocupando o cargo de diretor do Hospital Municipal.<\/p>\n","protected":false},"excerpt":{"rendered":"<p>Ex-diretor do Hospital Beneficente Dr. C\u00e9sar Santos foi confirmado para a nova fun\u00e7\u00e3o a partir de maio<\/p>\n","protected":false},"author":24,"featured_media":0,"comment_status":"closed","ping_status":"closed","sticky":false,"template":"","format":"standard","meta":{"footnotes":""},"categories":[1],"tags":[],"class_list":["post-2306","post","type-post","status-publish","format-standard","hentry","category-sem-categoria"],"yoast_head":"<!-- This site is optimized with the Yoast SEO plugin v23.8 - https:\/\/yoast.com\/wordpress\/plugins\/seo\/ -->\n<title>Prefeito Pedro Almeida anuncia Roger Borges como Secret\u00e1rio de Capta\u00e7\u00e3o de Recursos - Secretaria do Gabinete<\/title>\n<meta name=\"robots\" content=\"index, follow, max-snippet:-1, max-image-preview:large, max-video-preview:-1\" \/>\n<link rel=\"canonical\" href=\"https:\/\/www.pmpf.rs.gov.br\/secretaria-do-gabinete\/2024\/04\/24\/prefeito-pedro-almeida-anuncia-roger-borges-como-secretario-de-captacao-de-recursos\/\" \/>\n<meta property=\"og:locale\" content=\"pt_BR\" \/>\n<meta property=\"og:type\" content=\"article\" \/>\n<meta property=\"og:title\" content=\"Prefeito Pedro Almeida anuncia Roger Borges como Secret\u00e1rio de Capta\u00e7\u00e3o de Recursos - Secretaria do Gabinete\" \/>\n<meta property=\"og:description\" content=\"Ex-diretor do Hospital Beneficente Dr. C\u00e9sar Santos foi confirmado para a nova fun\u00e7\u00e3o a partir de maio\" \/>\n<meta property=\"og:url\" content=\"https:\/\/www.pmpf.rs.gov.br\/secretaria-do-gabinete\/2024\/04\/24\/prefeito-pedro-almeida-anuncia-roger-borges-como-secretario-de-captacao-de-recursos\/\" \/>\n<meta property=\"og:site_name\" content=\"Secretaria do Gabinete\" \/>\n<meta property=\"article:published_time\" content=\"2024-04-24T16:57:58+00:00\" \/>\n<meta property=\"article:modified_time\" content=\"2024-04-24T20:05:58+00:00\" \/>\n<meta name=\"author\" content=\"lilicrivello\" \/>\n<meta name=\"twitter:card\" content=\"summary_large_image\" \/>\n<meta name=\"twitter:label1\" content=\"Escrito por\" \/>\n\t<meta name=\"twitter:data1\" content=\"lilicrivello\" \/>\n\t<meta name=\"twitter:label2\" content=\"Est. tempo de leitura\" \/>\n\t<meta name=\"twitter:data2\" content=\"2 minutos\" \/>\n<script type=\"application\/ld+json\" class=\"yoast-schema-graph\">{\"@context\":\"https:\/\/schema.org\",\"@graph\":[{\"@type\":\"WebPage\",\"@id\":\"https:\/\/www.pmpf.rs.gov.br\/secretaria-do-gabinete\/2024\/04\/24\/prefeito-pedro-almeida-anuncia-roger-borges-como-secretario-de-captacao-de-recursos\/\",\"url\":\"https:\/\/www.pmpf.rs.gov.br\/secretaria-do-gabinete\/2024\/04\/24\/prefeito-pedro-almeida-anuncia-roger-borges-como-secretario-de-captacao-de-recursos\/\",\"name\":\"Prefeito Pedro Almeida anuncia Roger Borges como Secret\u00e1rio de Capta\u00e7\u00e3o de Recursos - Secretaria do Gabinete\",\"isPartOf\":{\"@id\":\"https:\/\/www.pmpf.rs.gov.br\/secretaria-do-gabinete\/#website\"},\"datePublished\":\"2024-04-24T16:57:58+00:00\",\"dateModified\":\"2024-04-24T20:05:58+00:00\",\"author\":{\"@id\":\"https:\/\/www.pmpf.rs.gov.br\/secretaria-do-gabinete\/#\/schema\/person\/6e93b0ab2174b69f691ac4f278ba2d0a\"},\"inLanguage\":\"pt-BR\",\"potentialAction\":[{\"@type\":\"ReadAction\",\"target\":[\"https:\/\/www.pmpf.rs.gov.br\/secretaria-do-gabinete\/2024\/04\/24\/prefeito-pedro-almeida-anuncia-roger-borges-como-secretario-de-captacao-de-recursos\/\"]}]},{\"@type\":\"WebSite\",\"@id\":\"https:\/\/www.pmpf.rs.gov.br\/secretaria-do-gabinete\/#website\",\"url\":\"https:\/\/www.pmpf.rs.gov.br\/secretaria-do-gabinete\/\",\"name\":\"Secretaria do Gabinete\",\"description\":\"S\u00f3 mais um site Prefeitura de Passo Fundo\",\"potentialAction\":[{\"@type\":\"SearchAction\",\"target\":{\"@type\":\"EntryPoint\",\"urlTemplate\":\"https:\/\/www.pmpf.rs.gov.br\/secretaria-do-gabinete\/?s={search_term_string}\"},\"query-input\":{\"@type\":\"PropertyValueSpecification\",\"valueRequired\":true,\"valueName\":\"search_term_string\"}}],\"inLanguage\":\"pt-BR\"},{\"@type\":\"Person\",\"@id\":\"https:\/\/www.pmpf.rs.gov.br\/secretaria-do-gabinete\/#\/schema\/person\/6e93b0ab2174b69f691ac4f278ba2d0a\",\"name\":\"lilicrivello\",\"image\":{\"@type\":\"ImageObject\",\"inLanguage\":\"pt-BR\",\"@id\":\"https:\/\/www.pmpf.rs.gov.br\/secretaria-do-gabinete\/#\/schema\/person\/image\/\",\"url\":\"https:\/\/secure.gravatar.com\/avatar\/0b546b667388f8edb7b67d70a57b5e46?s=96&d=mm&r=g\",\"contentUrl\":\"https:\/\/secure.gravatar.com\/avatar\/0b546b667388f8edb7b67d70a57b5e46?s=96&d=mm&r=g\",\"caption\":\"lilicrivello\"},\"url\":\"https:\/\/www.pmpf.rs.gov.br\/secretaria-do-gabinete\/author\/lilicrivello\/\"}]}<\/script>\n<!-- \/ Yoast SEO plugin. -->","yoast_head_json":{"title":"Prefeito Pedro Almeida anuncia Roger Borges como Secret\u00e1rio de Capta\u00e7\u00e3o de Recursos - Secretaria do Gabinete","robots":{"index":"index","follow":"follow","max-snippet":"max-snippet:-1","max-image-preview":"max-image-preview:large","max-video-preview":"max-video-preview:-1"},"canonical":"https:\/\/www.pmpf.rs.gov.br\/secretaria-do-gabinete\/2024\/04\/24\/prefeito-pedro-almeida-anuncia-roger-borges-como-secretario-de-captacao-de-recursos\/","og_locale":"pt_BR","og_type":"article","og_title":"Prefeito Pedro Almeida anuncia Roger Borges como Secret\u00e1rio de Capta\u00e7\u00e3o de Recursos - Secretaria do Gabinete","og_description":"Ex-diretor do Hospital Beneficente Dr. C\u00e9sar Santos foi confirmado para a nova fun\u00e7\u00e3o a partir de maio","og_url":"https:\/\/www.pmpf.rs.gov.br\/secretaria-do-gabinete\/2024\/04\/24\/prefeito-pedro-almeida-anuncia-roger-borges-como-secretario-de-captacao-de-recursos\/","og_site_name":"Secretaria do Gabinete","article_published_time":"2024-04-24T16:57:58+00:00","article_modified_time":"2024-04-24T20:05:58+00:00","author":"lilicrivello","twitter_card":"summary_large_image","twitter_misc":{"Escrito por":"lilicrivello","Est. tempo de leitura":"2 minutos"},"schema":{"@context":"https:\/\/schema.org","@graph":[{"@type":"WebPage","@id":"https:\/\/www.pmpf.rs.gov.br\/secretaria-do-gabinete\/2024\/04\/24\/prefeito-pedro-almeida-anuncia-roger-borges-como-secretario-de-captacao-de-recursos\/","url":"https:\/\/www.pmpf.rs.gov.br\/secretaria-do-gabinete\/2024\/04\/24\/prefeito-pedro-almeida-anuncia-roger-borges-como-secretario-de-captacao-de-recursos\/","name":"Prefeito Pedro Almeida anuncia Roger Borges como Secret\u00e1rio de Capta\u00e7\u00e3o de Recursos - Secretaria do Gabinete","isPartOf":{"@id":"https:\/\/www.pmpf.rs.gov.br\/secretaria-do-gabinete\/#website"},"datePublished":"2024-04-24T16:57:58+00:00","dateModified":"2024-04-24T20:05:58+00:00","author":{"@id":"https:\/\/www.pmpf.rs.gov.br\/secretaria-do-gabinete\/#\/schema\/person\/6e93b0ab2174b69f691ac4f278ba2d0a"},"inLanguage":"pt-BR","potentialAction":[{"@type":"ReadAction","target":["https:\/\/www.pmpf.rs.gov.br\/secretaria-do-gabinete\/2024\/04\/24\/prefeito-pedro-almeida-anuncia-roger-borges-como-secretario-de-captacao-de-recursos\/"]}]},{"@type":"WebSite","@id":"https:\/\/www.pmpf.rs.gov.br\/secretaria-do-gabinete\/#website","url":"https:\/\/www.pmpf.rs.gov.br\/secretaria-do-gabinete\/","name":"Secretaria do Gabinete","description":"S\u00f3 mais um site Prefeitura de Passo Fundo","potentialAction":[{"@type":"SearchAction","target":{"@type":"EntryPoint","urlTemplate":"https:\/\/www.pmpf.rs.gov.br\/secretaria-do-gabinete\/?s={search_term_string}"},"query-input":{"@type":"PropertyValueSpecification","valueRequired":true,"valueName":"search_term_string"}}],"inLanguage":"pt-BR"},{"@type":"Person","@id":"https:\/\/www.pmpf.rs.gov.br\/secretaria-do-gabinete\/#\/schema\/person\/6e93b0ab2174b69f691ac4f278ba2d0a","name":"lilicrivello","image":{"@type":"ImageObject","inLanguage":"pt-BR","@id":"https:\/\/www.pmpf.rs.gov.br\/secretaria-do-gabinete\/#\/schema\/person\/image\/","url":"https:\/\/secure.gravatar.com\/avatar\/0b546b667388f8edb7b67d70a57b5e46?s=96&d=mm&r=g","contentUrl":"https:\/\/secure.gravatar.com\/avatar\/0b546b667388f8edb7b67d70a57b5e46?s=96&d=mm&r=g","caption":"lilicrivello"},"url":"https:\/\/www.pmpf.rs.gov.br\/secretaria-do-gabinete\/author\/lilicrivello\/"}]}},"_links":{"self":[{"href":"https:\/\/www.pmpf.rs.gov.br\/secretaria-do-gabinete\/wp-json\/wp\/v2\/posts\/2306"}],"collection":[{"href":"https:\/\/www.pmpf.rs.gov.br\/secretaria-do-gabinete\/wp-json\/wp\/v2\/posts"}],"about":[{"href":"https:\/\/www.pmpf.rs.gov.br\/secretaria-do-gabinete\/wp-json\/wp\/v2\/types\/post"}],"author":[{"embeddable":true,"href":"https:\/\/www.pmpf.rs.gov.br\/secretaria-do-gabinete\/wp-json\/wp\/v2\/users\/24"}],"replies":[{"embeddable":true,"href":"https:\/\/www.pmpf.rs.gov.br\/secretaria-do-gabinete\/wp-json\/wp\/v2\/comments?post=2306"}],"version-history":[{"count":1,"href":"https:\/\/www.pmpf.rs.gov.br\/secretaria-do-gabinete\/wp-json\/wp\/v2\/posts\/2306\/revisions"}],"predecessor-version":[{"id":2307,"href":"https:\/\/www.pmpf.rs.gov.br\/secretaria-do-gabinete\/wp-json\/wp\/v2\/posts\/2306\/revisions\/2307"}],"wp:attachment":[{"href":"https:\/\/www.pmpf.rs.gov.br\/secretaria-do-gabinete\/wp-json\/wp\/v2\/media?parent=2306"}],"wp:term":[{"taxonomy":"category","embeddable":true,"href":"https:\/\/www.pmpf.rs.gov.br\/secretaria-do-gabinete\/wp-json\/wp\/v2\/categories?post=2306"},{"taxonomy":"post_tag","embeddable":true,"href":"https:\/\/www.pmpf.rs.gov.br\/secretaria-do-gabinete\/wp-json\/wp\/v2\/tags?post=2306"}],"curies":[{"name":"wp","href":"https:\/\/api.w.org\/{rel}","templated":true}]}}