{"id":2266,"date":"2024-01-31T16:21:18","date_gmt":"2024-01-31T19:21:18","guid":{"rendered":"https:\/\/www.pmpf.rs.gov.br\/secretaria-do-gabinete\/?p=2266"},"modified":"2024-01-31T16:21:19","modified_gmt":"2024-01-31T19:21:19","slug":"passo-fundo-e-a-segunda-cidade-do-estado-com-mais-vagas-criadas-com-carteira-assinada-em-2023","status":"publish","type":"post","link":"https:\/\/www.pmpf.rs.gov.br\/secretaria-do-gabinete\/2024\/01\/31\/passo-fundo-e-a-segunda-cidade-do-estado-com-mais-vagas-criadas-com-carteira-assinada-em-2023\/","title":{"rendered":"Passo Fundo \u00e9 a segunda cidade do Estado com mais vagas criadas com carteira assinada em 2023"},"content":{"rendered":"\n<p>Os dados do Cadastro Geral de Empregados e Desempregados (Caged) mostram que houve amplia\u00e7\u00e3o do n\u00famero de postos de trabalho com carteira assinada em Passo Fundo durante o ano de 2023. Programas da Prefeitura, como o Caf\u00e9 com Emprego, que insere o trabalhador no mercado de trabalho e a Escola das Profiss\u00f5es, que qualifica o trabalhador para o mercado de trabalho, fortalecem a gera\u00e7\u00e3o de emprego no munic\u00edpio<\/p>\n\n\n\n<p>O prefeito Pedro Almeida destaca que Passo Fundo ultrapassou Caxias do Sul, demonstrando a capacidade de gera\u00e7\u00e3o de vagas do munic\u00edpio. \u201cSe formos comparar, Caxias do Sul tem mais do que o dobro da nossa popula\u00e7\u00e3o e \u00e9 um polo industrial de refer\u00eancia. Passo Fundo tem uma diversidade econ\u00f4mica com a presta\u00e7\u00e3o de servi\u00e7os, o com\u00e9rcio, a ind\u00fastria, o agroneg\u00f3cio e a constru\u00e7\u00e3o civil, que s\u00e3o segmentos fortes na nossa economia. Por consequ\u00eancia disso, oferecem mais vagas de trabalho e geram mais empregos formais\u201d, afirmou o prefeito. Passo Fundo fechou 2021 com 59 mil carteiras assinadas e passou para 69 mil carteiras assinadas em 2023, um crescimento de mais de 10 mil novos postos de trabalho nesses tr\u00eas anos.<br>De acordo com o Secret\u00e1rio de Desenvolvimento Econ\u00f4mico, Diorges Oliveira, conectar e ampliar o alcance e o acesso da popula\u00e7\u00e3o \u00e0s vagas de empregos e qualifica\u00e7\u00e3o profissional traz um desafio permanente \u00e0 gest\u00e3o municipal. \u201cOferecemos \u00e0 popula\u00e7\u00e3o duas pol\u00edticas p\u00fablicas que impactam diretamente na cria\u00e7\u00e3o de novos empregos formais. A qualifica\u00e7\u00e3o para essa m\u00e3o de obra \u00e9 uma exig\u00eancia cada vez mais evidente nas empresas, por isso, em 2023 formamos na Escola das Profiss\u00f5es mais de mil alunos nos 70 cursos gratuitos nos 3 eixos\u201d, observou, complementando que, no Caf\u00e9 com Emprego, foram preenchidas 400 vagas de trabalho em tr\u00eas edi\u00e7\u00f5es realizadas no ano passado. \u201cO resultado disto \u00e9 que estamos colocando no mercado de trabalho formal profissionais mais qualificados, que entregam melhores resultados para as empresas\u201d, esclareceu o secret\u00e1rio.<br>Com estas duas pol\u00edticas p\u00fablicas, a Prefeitura auxilia a comunidade na busca por vagas de trabalho e constr\u00f3i cursos de qualifica\u00e7\u00e3o e capacita\u00e7\u00e3o profissional, auxiliando os trabalhadores a preencher os postos de trabalho a partir das demandas por m\u00e3o de obra manifestadas pelos setores produtivos e econ\u00f4micos da ind\u00fastria, com\u00e9rcio e presta\u00e7\u00e3o de servi\u00e7os.<\/p>\n\n\n\n<p>Dez munic\u00edpios com maior cria\u00e7\u00e3o de vagas<\/p>\n\n\n\n<pre class=\"wp-block-code\"><code> Porto   Alegre \u2014 14.083\n\nPasso   Fundo \u2014 3.478\n\nCaxias  do Sul \u2014 3.370\n\nCanoas  \u2014 3.348\n\nGravata\u00ed    \u2014 1.892\n\nErechim     \u2014 1.551\n\nRio     Grande \u2014 1.441\n\nParob\u00e9  \u2014 1.044\n\nViam\u00e3o  \u2014 1.041\n\nGua\u00edba  \u2014 979<\/code><\/pre>\n","protected":false},"excerpt":{"rendered":"<p>Programas da Prefeitura como o Caf\u00e9 com Emprego e a Escola das Profiss\u00f5es fortalecem a gera\u00e7\u00e3o de emprego no munic\u00edpio<\/p>\n","protected":false},"author":24,"featured_media":2267,"comment_status":"closed","ping_status":"closed","sticky":false,"template":"","format":"standard","meta":{"footnotes":""},"categories":[1],"tags":[],"class_list":["post-2266","post","type-post","status-publish","format-standard","has-post-thumbnail","hentry","category-sem-categoria"],"yoast_head":"<!-- This site is optimized with the Yoast SEO plugin v23.8 - https:\/\/yoast.com\/wordpress\/plugins\/seo\/ -->\n<title>Passo Fundo \u00e9 a segunda cidade do Estado com mais vagas criadas com carteira assinada em 2023 - Secretaria do Gabinete<\/title>\n<meta name=\"robots\" content=\"index, follow, max-snippet:-1, max-image-preview:large, max-video-preview:-1\" \/>\n<link rel=\"canonical\" href=\"https:\/\/www.pmpf.rs.gov.br\/secretaria-do-gabinete\/2024\/01\/31\/passo-fundo-e-a-segunda-cidade-do-estado-com-mais-vagas-criadas-com-carteira-assinada-em-2023\/\" \/>\n<meta property=\"og:locale\" content=\"pt_BR\" \/>\n<meta property=\"og:type\" content=\"article\" \/>\n<meta property=\"og:title\" content=\"Passo Fundo \u00e9 a segunda cidade do Estado com mais vagas criadas com carteira assinada em 2023 - Secretaria do Gabinete\" \/>\n<meta property=\"og:description\" content=\"Programas da Prefeitura como o Caf\u00e9 com Emprego e a Escola das Profiss\u00f5es fortalecem a gera\u00e7\u00e3o de emprego no munic\u00edpio\" \/>\n<meta property=\"og:url\" content=\"https:\/\/www.pmpf.rs.gov.br\/secretaria-do-gabinete\/2024\/01\/31\/passo-fundo-e-a-segunda-cidade-do-estado-com-mais-vagas-criadas-com-carteira-assinada-em-2023\/\" \/>\n<meta property=\"og:site_name\" content=\"Secretaria do Gabinete\" \/>\n<meta property=\"article:published_time\" content=\"2024-01-31T19:21:18+00:00\" \/>\n<meta property=\"article:modified_time\" content=\"2024-01-31T19:21:19+00:00\" \/>\n<meta name=\"author\" content=\"lilicrivello\" \/>\n<meta name=\"twitter:card\" content=\"summary_large_image\" \/>\n<meta name=\"twitter:label1\" content=\"Escrito por\" \/>\n\t<meta name=\"twitter:data1\" content=\"lilicrivello\" \/>\n\t<meta name=\"twitter:label2\" content=\"Est. tempo de leitura\" \/>\n\t<meta name=\"twitter:data2\" content=\"2 minutos\" \/>\n<script type=\"application\/ld+json\" class=\"yoast-schema-graph\">{\"@context\":\"https:\/\/schema.org\",\"@graph\":[{\"@type\":\"WebPage\",\"@id\":\"https:\/\/www.pmpf.rs.gov.br\/secretaria-do-gabinete\/2024\/01\/31\/passo-fundo-e-a-segunda-cidade-do-estado-com-mais-vagas-criadas-com-carteira-assinada-em-2023\/\",\"url\":\"https:\/\/www.pmpf.rs.gov.br\/secretaria-do-gabinete\/2024\/01\/31\/passo-fundo-e-a-segunda-cidade-do-estado-com-mais-vagas-criadas-com-carteira-assinada-em-2023\/\",\"name\":\"Passo Fundo \u00e9 a segunda cidade do Estado com mais vagas criadas com carteira assinada em 2023 - Secretaria do Gabinete\",\"isPartOf\":{\"@id\":\"https:\/\/www.pmpf.rs.gov.br\/secretaria-do-gabinete\/#website\"},\"primaryImageOfPage\":{\"@id\":\"https:\/\/www.pmpf.rs.gov.br\/secretaria-do-gabinete\/2024\/01\/31\/passo-fundo-e-a-segunda-cidade-do-estado-com-mais-vagas-criadas-com-carteira-assinada-em-2023\/#primaryimage\"},\"image\":{\"@id\":\"https:\/\/www.pmpf.rs.gov.br\/secretaria-do-gabinete\/2024\/01\/31\/passo-fundo-e-a-segunda-cidade-do-estado-com-mais-vagas-criadas-com-carteira-assinada-em-2023\/#primaryimage\"},\"thumbnailUrl\":\"https:\/\/www.pmpf.rs.gov.br\/secretaria-do-gabinete\/wp-content\/uploads\/sites\/46\/2024\/01\/WhatsApp-Image-2024-01-31-at-16.12.44.jpeg\",\"datePublished\":\"2024-01-31T19:21:18+00:00\",\"dateModified\":\"2024-01-31T19:21:19+00:00\",\"author\":{\"@id\":\"https:\/\/www.pmpf.rs.gov.br\/secretaria-do-gabinete\/#\/schema\/person\/6e93b0ab2174b69f691ac4f278ba2d0a\"},\"inLanguage\":\"pt-BR\",\"potentialAction\":[{\"@type\":\"ReadAction\",\"target\":[\"https:\/\/www.pmpf.rs.gov.br\/secretaria-do-gabinete\/2024\/01\/31\/passo-fundo-e-a-segunda-cidade-do-estado-com-mais-vagas-criadas-com-carteira-assinada-em-2023\/\"]}]},{\"@type\":\"ImageObject\",\"inLanguage\":\"pt-BR\",\"@id\":\"https:\/\/www.pmpf.rs.gov.br\/secretaria-do-gabinete\/2024\/01\/31\/passo-fundo-e-a-segunda-cidade-do-estado-com-mais-vagas-criadas-com-carteira-assinada-em-2023\/#primaryimage\",\"url\":\"https:\/\/www.pmpf.rs.gov.br\/secretaria-do-gabinete\/wp-content\/uploads\/sites\/46\/2024\/01\/WhatsApp-Image-2024-01-31-at-16.12.44.jpeg\",\"contentUrl\":\"https:\/\/www.pmpf.rs.gov.br\/secretaria-do-gabinete\/wp-content\/uploads\/sites\/46\/2024\/01\/WhatsApp-Image-2024-01-31-at-16.12.44.jpeg\",\"width\":1600,\"height\":1066},{\"@type\":\"WebSite\",\"@id\":\"https:\/\/www.pmpf.rs.gov.br\/secretaria-do-gabinete\/#website\",\"url\":\"https:\/\/www.pmpf.rs.gov.br\/secretaria-do-gabinete\/\",\"name\":\"Secretaria do Gabinete\",\"description\":\"S\u00f3 mais um site Prefeitura de Passo Fundo\",\"potentialAction\":[{\"@type\":\"SearchAction\",\"target\":{\"@type\":\"EntryPoint\",\"urlTemplate\":\"https:\/\/www.pmpf.rs.gov.br\/secretaria-do-gabinete\/?s={search_term_string}\"},\"query-input\":{\"@type\":\"PropertyValueSpecification\",\"valueRequired\":true,\"valueName\":\"search_term_string\"}}],\"inLanguage\":\"pt-BR\"},{\"@type\":\"Person\",\"@id\":\"https:\/\/www.pmpf.rs.gov.br\/secretaria-do-gabinete\/#\/schema\/person\/6e93b0ab2174b69f691ac4f278ba2d0a\",\"name\":\"lilicrivello\",\"image\":{\"@type\":\"ImageObject\",\"inLanguage\":\"pt-BR\",\"@id\":\"https:\/\/www.pmpf.rs.gov.br\/secretaria-do-gabinete\/#\/schema\/person\/image\/\",\"url\":\"https:\/\/secure.gravatar.com\/avatar\/0b546b667388f8edb7b67d70a57b5e46?s=96&d=mm&r=g\",\"contentUrl\":\"https:\/\/secure.gravatar.com\/avatar\/0b546b667388f8edb7b67d70a57b5e46?s=96&d=mm&r=g\",\"caption\":\"lilicrivello\"},\"url\":\"https:\/\/www.pmpf.rs.gov.br\/secretaria-do-gabinete\/author\/lilicrivello\/\"}]}<\/script>\n<!-- \/ Yoast SEO plugin. -->","yoast_head_json":{"title":"Passo Fundo \u00e9 a segunda cidade do Estado com mais vagas criadas com carteira assinada em 2023 - Secretaria do Gabinete","robots":{"index":"index","follow":"follow","max-snippet":"max-snippet:-1","max-image-preview":"max-image-preview:large","max-video-preview":"max-video-preview:-1"},"canonical":"https:\/\/www.pmpf.rs.gov.br\/secretaria-do-gabinete\/2024\/01\/31\/passo-fundo-e-a-segunda-cidade-do-estado-com-mais-vagas-criadas-com-carteira-assinada-em-2023\/","og_locale":"pt_BR","og_type":"article","og_title":"Passo Fundo \u00e9 a segunda cidade do Estado com mais vagas criadas com carteira assinada em 2023 - Secretaria do Gabinete","og_description":"Programas da Prefeitura como o Caf\u00e9 com Emprego e a Escola das Profiss\u00f5es fortalecem a gera\u00e7\u00e3o de emprego no munic\u00edpio","og_url":"https:\/\/www.pmpf.rs.gov.br\/secretaria-do-gabinete\/2024\/01\/31\/passo-fundo-e-a-segunda-cidade-do-estado-com-mais-vagas-criadas-com-carteira-assinada-em-2023\/","og_site_name":"Secretaria do Gabinete","article_published_time":"2024-01-31T19:21:18+00:00","article_modified_time":"2024-01-31T19:21:19+00:00","author":"lilicrivello","twitter_card":"summary_large_image","twitter_misc":{"Escrito por":"lilicrivello","Est. tempo de leitura":"2 minutos"},"schema":{"@context":"https:\/\/schema.org","@graph":[{"@type":"WebPage","@id":"https:\/\/www.pmpf.rs.gov.br\/secretaria-do-gabinete\/2024\/01\/31\/passo-fundo-e-a-segunda-cidade-do-estado-com-mais-vagas-criadas-com-carteira-assinada-em-2023\/","url":"https:\/\/www.pmpf.rs.gov.br\/secretaria-do-gabinete\/2024\/01\/31\/passo-fundo-e-a-segunda-cidade-do-estado-com-mais-vagas-criadas-com-carteira-assinada-em-2023\/","name":"Passo Fundo \u00e9 a segunda cidade do Estado com mais vagas criadas com carteira assinada em 2023 - Secretaria do Gabinete","isPartOf":{"@id":"https:\/\/www.pmpf.rs.gov.br\/secretaria-do-gabinete\/#website"},"primaryImageOfPage":{"@id":"https:\/\/www.pmpf.rs.gov.br\/secretaria-do-gabinete\/2024\/01\/31\/passo-fundo-e-a-segunda-cidade-do-estado-com-mais-vagas-criadas-com-carteira-assinada-em-2023\/#primaryimage"},"image":{"@id":"https:\/\/www.pmpf.rs.gov.br\/secretaria-do-gabinete\/2024\/01\/31\/passo-fundo-e-a-segunda-cidade-do-estado-com-mais-vagas-criadas-com-carteira-assinada-em-2023\/#primaryimage"},"thumbnailUrl":"https:\/\/www.pmpf.rs.gov.br\/secretaria-do-gabinete\/wp-content\/uploads\/sites\/46\/2024\/01\/WhatsApp-Image-2024-01-31-at-16.12.44.jpeg","datePublished":"2024-01-31T19:21:18+00:00","dateModified":"2024-01-31T19:21:19+00:00","author":{"@id":"https:\/\/www.pmpf.rs.gov.br\/secretaria-do-gabinete\/#\/schema\/person\/6e93b0ab2174b69f691ac4f278ba2d0a"},"inLanguage":"pt-BR","potentialAction":[{"@type":"ReadAction","target":["https:\/\/www.pmpf.rs.gov.br\/secretaria-do-gabinete\/2024\/01\/31\/passo-fundo-e-a-segunda-cidade-do-estado-com-mais-vagas-criadas-com-carteira-assinada-em-2023\/"]}]},{"@type":"ImageObject","inLanguage":"pt-BR","@id":"https:\/\/www.pmpf.rs.gov.br\/secretaria-do-gabinete\/2024\/01\/31\/passo-fundo-e-a-segunda-cidade-do-estado-com-mais-vagas-criadas-com-carteira-assinada-em-2023\/#primaryimage","url":"https:\/\/www.pmpf.rs.gov.br\/secretaria-do-gabinete\/wp-content\/uploads\/sites\/46\/2024\/01\/WhatsApp-Image-2024-01-31-at-16.12.44.jpeg","contentUrl":"https:\/\/www.pmpf.rs.gov.br\/secretaria-do-gabinete\/wp-content\/uploads\/sites\/46\/2024\/01\/WhatsApp-Image-2024-01-31-at-16.12.44.jpeg","width":1600,"height":1066},{"@type":"WebSite","@id":"https:\/\/www.pmpf.rs.gov.br\/secretaria-do-gabinete\/#website","url":"https:\/\/www.pmpf.rs.gov.br\/secretaria-do-gabinete\/","name":"Secretaria do Gabinete","description":"S\u00f3 mais um site Prefeitura de Passo Fundo","potentialAction":[{"@type":"SearchAction","target":{"@type":"EntryPoint","urlTemplate":"https:\/\/www.pmpf.rs.gov.br\/secretaria-do-gabinete\/?s={search_term_string}"},"query-input":{"@type":"PropertyValueSpecification","valueRequired":true,"valueName":"search_term_string"}}],"inLanguage":"pt-BR"},{"@type":"Person","@id":"https:\/\/www.pmpf.rs.gov.br\/secretaria-do-gabinete\/#\/schema\/person\/6e93b0ab2174b69f691ac4f278ba2d0a","name":"lilicrivello","image":{"@type":"ImageObject","inLanguage":"pt-BR","@id":"https:\/\/www.pmpf.rs.gov.br\/secretaria-do-gabinete\/#\/schema\/person\/image\/","url":"https:\/\/secure.gravatar.com\/avatar\/0b546b667388f8edb7b67d70a57b5e46?s=96&d=mm&r=g","contentUrl":"https:\/\/secure.gravatar.com\/avatar\/0b546b667388f8edb7b67d70a57b5e46?s=96&d=mm&r=g","caption":"lilicrivello"},"url":"https:\/\/www.pmpf.rs.gov.br\/secretaria-do-gabinete\/author\/lilicrivello\/"}]}},"_links":{"self":[{"href":"https:\/\/www.pmpf.rs.gov.br\/secretaria-do-gabinete\/wp-json\/wp\/v2\/posts\/2266"}],"collection":[{"href":"https:\/\/www.pmpf.rs.gov.br\/secretaria-do-gabinete\/wp-json\/wp\/v2\/posts"}],"about":[{"href":"https:\/\/www.pmpf.rs.gov.br\/secretaria-do-gabinete\/wp-json\/wp\/v2\/types\/post"}],"author":[{"embeddable":true,"href":"https:\/\/www.pmpf.rs.gov.br\/secretaria-do-gabinete\/wp-json\/wp\/v2\/users\/24"}],"replies":[{"embeddable":true,"href":"https:\/\/www.pmpf.rs.gov.br\/secretaria-do-gabinete\/wp-json\/wp\/v2\/comments?post=2266"}],"version-history":[{"count":1,"href":"https:\/\/www.pmpf.rs.gov.br\/secretaria-do-gabinete\/wp-json\/wp\/v2\/posts\/2266\/revisions"}],"predecessor-version":[{"id":2268,"href":"https:\/\/www.pmpf.rs.gov.br\/secretaria-do-gabinete\/wp-json\/wp\/v2\/posts\/2266\/revisions\/2268"}],"wp:featuredmedia":[{"embeddable":true,"href":"https:\/\/www.pmpf.rs.gov.br\/secretaria-do-gabinete\/wp-json\/wp\/v2\/media\/2267"}],"wp:attachment":[{"href":"https:\/\/www.pmpf.rs.gov.br\/secretaria-do-gabinete\/wp-json\/wp\/v2\/media?parent=2266"}],"wp:term":[{"taxonomy":"category","embeddable":true,"href":"https:\/\/www.pmpf.rs.gov.br\/secretaria-do-gabinete\/wp-json\/wp\/v2\/categories?post=2266"},{"taxonomy":"post_tag","embeddable":true,"href":"https:\/\/www.pmpf.rs.gov.br\/secretaria-do-gabinete\/wp-json\/wp\/v2\/tags?post=2266"}],"curies":[{"name":"wp","href":"https:\/\/api.w.org\/{rel}","templated":true}]}}