{"id":2260,"date":"2024-01-26T15:59:58","date_gmt":"2024-01-26T18:59:58","guid":{"rendered":"https:\/\/www.pmpf.rs.gov.br\/secretaria-do-gabinete\/?p=2260"},"modified":"2024-01-26T16:00:00","modified_gmt":"2024-01-26T19:00:00","slug":"prefeitura-e-governo-do-estado-confirmam-parceria-para-a-construcao-da-cidade-da-policia","status":"publish","type":"post","link":"https:\/\/www.pmpf.rs.gov.br\/secretaria-do-gabinete\/2024\/01\/26\/prefeitura-e-governo-do-estado-confirmam-parceria-para-a-construcao-da-cidade-da-policia\/","title":{"rendered":"Prefeitura e Governo do Estado confirmam parceria para a constru\u00e7\u00e3o da Cidade da Pol\u00edcia"},"content":{"rendered":"\n<p>Durante visita do governador do Estado, Eduardo Leite, a Passo Fundo, nesta sexta-feira (26), o prefeito Pedro Almeida apresentou o projeto de constru\u00e7\u00e3o da Cidade da Pol\u00edcia. O complexo de seguran\u00e7a, que ser\u00e1 constru\u00eddo no antigo Delmar Sitoni, na vila Dona Eliza, abranger\u00e1 cinco delegacias da Pol\u00edcia Civil, a secretaria municipal de Seguran\u00e7a P\u00fablica e o Centro Integrado de Opera\u00e7\u00e3o de Seguran\u00e7a. \u201cO munic\u00edpio tem feito investimentos importantes na \u00e1rea da seguran\u00e7a p\u00fablica e um exemplo disto \u00e9 a inaugura\u00e7\u00e3o, em 2021, do Centro de Opera\u00e7\u00f5es de Videomonitoramento. Agora, mais um projeto articulado, com uma estrutura centralizada para agrupar as pol\u00edcias de Passo Fundo, que visa dar melhores condi\u00e7\u00f5es de trabalho e atua\u00e7\u00e3o das for\u00e7as policiais, garantindo mais seguran\u00e7a para a comunidade\u201d, afirmou o prefeito Pedro Almeida.<\/p>\n\n\n\n<p>Ap\u00f3s conhecer o projeto, o governador enfatizou que o bom retrospecto de parcerias entre Estado e Munic\u00edpio faz com que a iniciativa tenha \u00f3timas perspectivas. \u201cA decis\u00e3o pol\u00edtica est\u00e1 tomada: vamos ter a Cidade da Pol\u00edcia em Passo Fundo. Estivemos juntos com a Prefeitura em obras importantes como do Hospital Municipal, Parque Linear da Avenida Brasil, Parque de Rodeios da Rosel\u00e2ndia e Bom Recreio. Temos agora um caminho burocr\u00e1tico a ser cumprido e estou determinando a maior agilidade da nossa equipe para garantirmos o in\u00edcio das obras\u201d, afirmou, destacando o compromisso com o fortalecimento da Seguran\u00e7a P\u00fablica.<\/p>\n\n\n\n<p>O movimento feito pela Prefeitura em favor da Seguran\u00e7a P\u00fablica foi idealizado pelo deputado federal Luciano Azevedo e constru\u00eddo junto com as for\u00e7as policiais. \u201cSempre pensando no que \u00e9 melhor para Passo Fundo e ouvindo as lideran\u00e7as, levei a sugest\u00e3o ao prefeito. Fico feliz em ver a parceria do Governo do Estado e da Prefeitura se concretizando, pois ser\u00e1 muito positiva para a comunidade\u201d, afirmou o deputado.<\/p>\n\n\n\n<p>O projeto prev\u00ea uma \u00e1rea total de 12 mil metros quadrados, que deve receber duas edifica\u00e7\u00f5es de 3,1 mil metros quadrados, sendo uma para a Pol\u00edcia Civil e outra para a Secretaria Municipal de Seguran\u00e7a P\u00fablica e o Centro Integrado de Opera\u00e7\u00e3o de Seguran\u00e7a, onde todas as for\u00e7as de seguran\u00e7a podem trabalhar de forma colaborativa. O investimento total estimado \u00e9 de R$ 25 milh\u00f5es, incluindo a constru\u00e7\u00e3o dos pr\u00e9dios e a estrutura\u00e7\u00e3o do entorno, ruas internas e \u00e1reas de estacionamento. O prazo de entrega \u00e9 de aproximadamente dois anos, ap\u00f3s o in\u00edcio das obras.<\/p>\n\n\n\n<p>Para a Pol\u00edcia Civil, a proposta \u00e9 a constru\u00e7\u00e3o de uma edifica\u00e7\u00e3o com cinco pavimentos, que receber\u00e1 cinco delegacias, com 612 metros quadrados cada. Est\u00e3o projetados em cada andar um hall e as salas que permitem n\u00e3o s\u00f3 atender as opera\u00e7\u00f5es atuais, mas tamb\u00e9m a amplia\u00e7\u00e3o dos servi\u00e7os no futuro. A primeira parte da obra, com estrutura pr\u00e9-moldada, poder\u00e1 ser licitada ainda no primeiro semestre de 2024. O complexo dever\u00e1 abrigar a Delegacia de Pol\u00edcia Regional Integrada (DPRI), a 1\u00aa Delegacia de Pol\u00edcia, a 2\u00aa Delegacia de Pol\u00edcia, a Delegacia de Homic\u00eddios e Prote\u00e7\u00e3o \u00e0 Pessoa, DHPP e a Delegacia de Pol\u00edcia de Repress\u00e3o \u00e0s A\u00e7\u00f5es Criminosas Organizadas, Draco.<\/p>\n\n\n\n<p>O projeto contou com a participa\u00e7\u00e3o dos delegados da regi\u00e3o e do Departamento de Planejamento e Coordena\u00e7\u00e3o da Pol\u00edcia Civil, de Porto Alegre. Foram realizadas proposi\u00e7\u00f5es de layout da edifica\u00e7\u00e3o de cada um dos andares e validados com os delegados. A partir de agora vai ser constru\u00edda a forma de participa\u00e7\u00e3o e contrapartida do Estado.<br>Governador<br>Al\u00e9m de conhecer o projeto Cidade da Pol\u00edcia, o governador aproveitou a vinda ao munic\u00edpio para visitar obras que est\u00e3o em andamento em Passo Fundo e s\u00e3o executadas por meio de parceria entre a Prefeitura e o Governo do Estado.<\/p>\n\n\n\n<p>O Parque Linear da Avenida Brasil prev\u00ea a qualifica\u00e7\u00e3o de dez canteiros, sendo que quatro j\u00e1 foram finalizados e entregues \u00e0 comunidade.<\/p>\n\n\n\n<p>No Hospital Municipal Dr. C\u00e9sar Santos, os investimentos foram destinados \u00e0 revitaliza\u00e7\u00e3o do Hospital Dia da Crian\u00e7a, reformula\u00e7\u00e3o da Nova Emerg\u00eancia e reforma do segundo pavimento que inclui leitos e bloco cir\u00fargico, al\u00e9m da constru\u00e7\u00e3o da Farm\u00e1cia 24h, no valor de R$ 9,4 milh\u00f5es. A amplia\u00e7\u00e3o permitir\u00e1 mais 3.575 m\u00b2 ao final, com 32 leitos cl\u00ednicos adultos, 16 leitos cl\u00ednicos infantis e 38 leitos de observa\u00e7\u00e3o (seis no bloco, 14 na emerg\u00eancia, 12 no HDC e seis no Centro de Diagn\u00f3stico).<\/p>\n\n\n\n<p>Para o Complexo Tur\u00edstico da Rosel\u00e2ndia s\u00e3o R$ 5,7 milh\u00f5es com itens contemplados de drenagem, pavimenta\u00e7\u00e3o, estrutura\u00e7\u00e3o de r\u00f3tulas, sinaliza\u00e7\u00e3o horizontal e vertical, ilumina\u00e7\u00e3o, caminh\u00f3dromo e ciclovia em 2,2km.<\/p>\n\n\n\n<p>J\u00e1 no Parque de Rodeios, foram realizadas melhorias no p\u00f3rtico, adequa\u00e7\u00e3o \u00e0 legisla\u00e7\u00e3o com constru\u00e7\u00e3o de \u00e1rea de carga e descarga e a inspetoria animal, cercas e port\u00f5es, troca da areia na pista de tiro de la\u00e7o, cabine de ju\u00edzes, cabine de narradores, secretaria geral do parque, secretaria campeira, sala da Prefeitura, sal\u00e3o da churrascaria e acessibilidade das arquibancadas.<\/p>\n","protected":false},"excerpt":{"rendered":"<p>Complexo de Seguran\u00e7a ser\u00e1 constru\u00eddo no antigo Delmar Sitoni e abranger\u00e1 delegacias da Pol\u00edcia Civil, secretaria municipal de Seguran\u00e7a P\u00fablica e Centro Integrado de Opera\u00e7\u00e3o de Seguran\u00e7a<\/p>\n","protected":false},"author":24,"featured_media":2261,"comment_status":"closed","ping_status":"closed","sticky":false,"template":"","format":"standard","meta":{"footnotes":""},"categories":[1],"tags":[],"class_list":["post-2260","post","type-post","status-publish","format-standard","has-post-thumbnail","hentry","category-sem-categoria"],"yoast_head":"<!-- This site is optimized with the Yoast SEO plugin v23.8 - https:\/\/yoast.com\/wordpress\/plugins\/seo\/ -->\n<title>Prefeitura e Governo do Estado confirmam parceria para a constru\u00e7\u00e3o da Cidade da Pol\u00edcia - Secretaria do Gabinete<\/title>\n<meta name=\"robots\" content=\"index, follow, max-snippet:-1, max-image-preview:large, max-video-preview:-1\" \/>\n<link rel=\"canonical\" href=\"https:\/\/www.pmpf.rs.gov.br\/secretaria-do-gabinete\/2024\/01\/26\/prefeitura-e-governo-do-estado-confirmam-parceria-para-a-construcao-da-cidade-da-policia\/\" \/>\n<meta property=\"og:locale\" content=\"pt_BR\" \/>\n<meta property=\"og:type\" content=\"article\" \/>\n<meta property=\"og:title\" content=\"Prefeitura e Governo do Estado confirmam parceria para a constru\u00e7\u00e3o da Cidade da Pol\u00edcia - Secretaria do Gabinete\" \/>\n<meta property=\"og:description\" content=\"Complexo de Seguran\u00e7a ser\u00e1 constru\u00eddo no antigo Delmar Sitoni e abranger\u00e1 delegacias da Pol\u00edcia Civil, secretaria municipal de Seguran\u00e7a P\u00fablica e Centro Integrado de Opera\u00e7\u00e3o de Seguran\u00e7a\" \/>\n<meta property=\"og:url\" content=\"https:\/\/www.pmpf.rs.gov.br\/secretaria-do-gabinete\/2024\/01\/26\/prefeitura-e-governo-do-estado-confirmam-parceria-para-a-construcao-da-cidade-da-policia\/\" \/>\n<meta property=\"og:site_name\" content=\"Secretaria do Gabinete\" \/>\n<meta property=\"article:published_time\" content=\"2024-01-26T18:59:58+00:00\" \/>\n<meta property=\"article:modified_time\" content=\"2024-01-26T19:00:00+00:00\" \/>\n<meta name=\"author\" content=\"lilicrivello\" \/>\n<meta name=\"twitter:card\" content=\"summary_large_image\" \/>\n<meta name=\"twitter:label1\" content=\"Escrito por\" \/>\n\t<meta name=\"twitter:data1\" content=\"lilicrivello\" \/>\n\t<meta name=\"twitter:label2\" content=\"Est. tempo de leitura\" \/>\n\t<meta name=\"twitter:data2\" content=\"4 minutos\" \/>\n<script type=\"application\/ld+json\" class=\"yoast-schema-graph\">{\"@context\":\"https:\/\/schema.org\",\"@graph\":[{\"@type\":\"WebPage\",\"@id\":\"https:\/\/www.pmpf.rs.gov.br\/secretaria-do-gabinete\/2024\/01\/26\/prefeitura-e-governo-do-estado-confirmam-parceria-para-a-construcao-da-cidade-da-policia\/\",\"url\":\"https:\/\/www.pmpf.rs.gov.br\/secretaria-do-gabinete\/2024\/01\/26\/prefeitura-e-governo-do-estado-confirmam-parceria-para-a-construcao-da-cidade-da-policia\/\",\"name\":\"Prefeitura e Governo do Estado confirmam parceria para a constru\u00e7\u00e3o da Cidade da Pol\u00edcia - Secretaria do Gabinete\",\"isPartOf\":{\"@id\":\"https:\/\/www.pmpf.rs.gov.br\/secretaria-do-gabinete\/#website\"},\"primaryImageOfPage\":{\"@id\":\"https:\/\/www.pmpf.rs.gov.br\/secretaria-do-gabinete\/2024\/01\/26\/prefeitura-e-governo-do-estado-confirmam-parceria-para-a-construcao-da-cidade-da-policia\/#primaryimage\"},\"image\":{\"@id\":\"https:\/\/www.pmpf.rs.gov.br\/secretaria-do-gabinete\/2024\/01\/26\/prefeitura-e-governo-do-estado-confirmam-parceria-para-a-construcao-da-cidade-da-policia\/#primaryimage\"},\"thumbnailUrl\":\"https:\/\/www.pmpf.rs.gov.br\/secretaria-do-gabinete\/wp-content\/uploads\/sites\/46\/2024\/01\/WhatsApp-Image-2024-01-26-at-15.57.33.jpeg\",\"datePublished\":\"2024-01-26T18:59:58+00:00\",\"dateModified\":\"2024-01-26T19:00:00+00:00\",\"author\":{\"@id\":\"https:\/\/www.pmpf.rs.gov.br\/secretaria-do-gabinete\/#\/schema\/person\/6e93b0ab2174b69f691ac4f278ba2d0a\"},\"inLanguage\":\"pt-BR\",\"potentialAction\":[{\"@type\":\"ReadAction\",\"target\":[\"https:\/\/www.pmpf.rs.gov.br\/secretaria-do-gabinete\/2024\/01\/26\/prefeitura-e-governo-do-estado-confirmam-parceria-para-a-construcao-da-cidade-da-policia\/\"]}]},{\"@type\":\"ImageObject\",\"inLanguage\":\"pt-BR\",\"@id\":\"https:\/\/www.pmpf.rs.gov.br\/secretaria-do-gabinete\/2024\/01\/26\/prefeitura-e-governo-do-estado-confirmam-parceria-para-a-construcao-da-cidade-da-policia\/#primaryimage\",\"url\":\"https:\/\/www.pmpf.rs.gov.br\/secretaria-do-gabinete\/wp-content\/uploads\/sites\/46\/2024\/01\/WhatsApp-Image-2024-01-26-at-15.57.33.jpeg\",\"contentUrl\":\"https:\/\/www.pmpf.rs.gov.br\/secretaria-do-gabinete\/wp-content\/uploads\/sites\/46\/2024\/01\/WhatsApp-Image-2024-01-26-at-15.57.33.jpeg\",\"width\":1212,\"height\":564},{\"@type\":\"WebSite\",\"@id\":\"https:\/\/www.pmpf.rs.gov.br\/secretaria-do-gabinete\/#website\",\"url\":\"https:\/\/www.pmpf.rs.gov.br\/secretaria-do-gabinete\/\",\"name\":\"Secretaria do Gabinete\",\"description\":\"S\u00f3 mais um site Prefeitura de Passo Fundo\",\"potentialAction\":[{\"@type\":\"SearchAction\",\"target\":{\"@type\":\"EntryPoint\",\"urlTemplate\":\"https:\/\/www.pmpf.rs.gov.br\/secretaria-do-gabinete\/?s={search_term_string}\"},\"query-input\":{\"@type\":\"PropertyValueSpecification\",\"valueRequired\":true,\"valueName\":\"search_term_string\"}}],\"inLanguage\":\"pt-BR\"},{\"@type\":\"Person\",\"@id\":\"https:\/\/www.pmpf.rs.gov.br\/secretaria-do-gabinete\/#\/schema\/person\/6e93b0ab2174b69f691ac4f278ba2d0a\",\"name\":\"lilicrivello\",\"image\":{\"@type\":\"ImageObject\",\"inLanguage\":\"pt-BR\",\"@id\":\"https:\/\/www.pmpf.rs.gov.br\/secretaria-do-gabinete\/#\/schema\/person\/image\/\",\"url\":\"https:\/\/secure.gravatar.com\/avatar\/0b546b667388f8edb7b67d70a57b5e46?s=96&d=mm&r=g\",\"contentUrl\":\"https:\/\/secure.gravatar.com\/avatar\/0b546b667388f8edb7b67d70a57b5e46?s=96&d=mm&r=g\",\"caption\":\"lilicrivello\"},\"url\":\"https:\/\/www.pmpf.rs.gov.br\/secretaria-do-gabinete\/author\/lilicrivello\/\"}]}<\/script>\n<!-- \/ Yoast SEO plugin. -->","yoast_head_json":{"title":"Prefeitura e Governo do Estado confirmam parceria para a constru\u00e7\u00e3o da Cidade da Pol\u00edcia - Secretaria do Gabinete","robots":{"index":"index","follow":"follow","max-snippet":"max-snippet:-1","max-image-preview":"max-image-preview:large","max-video-preview":"max-video-preview:-1"},"canonical":"https:\/\/www.pmpf.rs.gov.br\/secretaria-do-gabinete\/2024\/01\/26\/prefeitura-e-governo-do-estado-confirmam-parceria-para-a-construcao-da-cidade-da-policia\/","og_locale":"pt_BR","og_type":"article","og_title":"Prefeitura e Governo do Estado confirmam parceria para a constru\u00e7\u00e3o da Cidade da Pol\u00edcia - Secretaria do Gabinete","og_description":"Complexo de Seguran\u00e7a ser\u00e1 constru\u00eddo no antigo Delmar Sitoni e abranger\u00e1 delegacias da Pol\u00edcia Civil, secretaria municipal de Seguran\u00e7a P\u00fablica e Centro Integrado de Opera\u00e7\u00e3o de Seguran\u00e7a","og_url":"https:\/\/www.pmpf.rs.gov.br\/secretaria-do-gabinete\/2024\/01\/26\/prefeitura-e-governo-do-estado-confirmam-parceria-para-a-construcao-da-cidade-da-policia\/","og_site_name":"Secretaria do Gabinete","article_published_time":"2024-01-26T18:59:58+00:00","article_modified_time":"2024-01-26T19:00:00+00:00","author":"lilicrivello","twitter_card":"summary_large_image","twitter_misc":{"Escrito por":"lilicrivello","Est. tempo de leitura":"4 minutos"},"schema":{"@context":"https:\/\/schema.org","@graph":[{"@type":"WebPage","@id":"https:\/\/www.pmpf.rs.gov.br\/secretaria-do-gabinete\/2024\/01\/26\/prefeitura-e-governo-do-estado-confirmam-parceria-para-a-construcao-da-cidade-da-policia\/","url":"https:\/\/www.pmpf.rs.gov.br\/secretaria-do-gabinete\/2024\/01\/26\/prefeitura-e-governo-do-estado-confirmam-parceria-para-a-construcao-da-cidade-da-policia\/","name":"Prefeitura e Governo do Estado confirmam parceria para a constru\u00e7\u00e3o da Cidade da Pol\u00edcia - Secretaria do Gabinete","isPartOf":{"@id":"https:\/\/www.pmpf.rs.gov.br\/secretaria-do-gabinete\/#website"},"primaryImageOfPage":{"@id":"https:\/\/www.pmpf.rs.gov.br\/secretaria-do-gabinete\/2024\/01\/26\/prefeitura-e-governo-do-estado-confirmam-parceria-para-a-construcao-da-cidade-da-policia\/#primaryimage"},"image":{"@id":"https:\/\/www.pmpf.rs.gov.br\/secretaria-do-gabinete\/2024\/01\/26\/prefeitura-e-governo-do-estado-confirmam-parceria-para-a-construcao-da-cidade-da-policia\/#primaryimage"},"thumbnailUrl":"https:\/\/www.pmpf.rs.gov.br\/secretaria-do-gabinete\/wp-content\/uploads\/sites\/46\/2024\/01\/WhatsApp-Image-2024-01-26-at-15.57.33.jpeg","datePublished":"2024-01-26T18:59:58+00:00","dateModified":"2024-01-26T19:00:00+00:00","author":{"@id":"https:\/\/www.pmpf.rs.gov.br\/secretaria-do-gabinete\/#\/schema\/person\/6e93b0ab2174b69f691ac4f278ba2d0a"},"inLanguage":"pt-BR","potentialAction":[{"@type":"ReadAction","target":["https:\/\/www.pmpf.rs.gov.br\/secretaria-do-gabinete\/2024\/01\/26\/prefeitura-e-governo-do-estado-confirmam-parceria-para-a-construcao-da-cidade-da-policia\/"]}]},{"@type":"ImageObject","inLanguage":"pt-BR","@id":"https:\/\/www.pmpf.rs.gov.br\/secretaria-do-gabinete\/2024\/01\/26\/prefeitura-e-governo-do-estado-confirmam-parceria-para-a-construcao-da-cidade-da-policia\/#primaryimage","url":"https:\/\/www.pmpf.rs.gov.br\/secretaria-do-gabinete\/wp-content\/uploads\/sites\/46\/2024\/01\/WhatsApp-Image-2024-01-26-at-15.57.33.jpeg","contentUrl":"https:\/\/www.pmpf.rs.gov.br\/secretaria-do-gabinete\/wp-content\/uploads\/sites\/46\/2024\/01\/WhatsApp-Image-2024-01-26-at-15.57.33.jpeg","width":1212,"height":564},{"@type":"WebSite","@id":"https:\/\/www.pmpf.rs.gov.br\/secretaria-do-gabinete\/#website","url":"https:\/\/www.pmpf.rs.gov.br\/secretaria-do-gabinete\/","name":"Secretaria do Gabinete","description":"S\u00f3 mais um site Prefeitura de Passo Fundo","potentialAction":[{"@type":"SearchAction","target":{"@type":"EntryPoint","urlTemplate":"https:\/\/www.pmpf.rs.gov.br\/secretaria-do-gabinete\/?s={search_term_string}"},"query-input":{"@type":"PropertyValueSpecification","valueRequired":true,"valueName":"search_term_string"}}],"inLanguage":"pt-BR"},{"@type":"Person","@id":"https:\/\/www.pmpf.rs.gov.br\/secretaria-do-gabinete\/#\/schema\/person\/6e93b0ab2174b69f691ac4f278ba2d0a","name":"lilicrivello","image":{"@type":"ImageObject","inLanguage":"pt-BR","@id":"https:\/\/www.pmpf.rs.gov.br\/secretaria-do-gabinete\/#\/schema\/person\/image\/","url":"https:\/\/secure.gravatar.com\/avatar\/0b546b667388f8edb7b67d70a57b5e46?s=96&d=mm&r=g","contentUrl":"https:\/\/secure.gravatar.com\/avatar\/0b546b667388f8edb7b67d70a57b5e46?s=96&d=mm&r=g","caption":"lilicrivello"},"url":"https:\/\/www.pmpf.rs.gov.br\/secretaria-do-gabinete\/author\/lilicrivello\/"}]}},"_links":{"self":[{"href":"https:\/\/www.pmpf.rs.gov.br\/secretaria-do-gabinete\/wp-json\/wp\/v2\/posts\/2260"}],"collection":[{"href":"https:\/\/www.pmpf.rs.gov.br\/secretaria-do-gabinete\/wp-json\/wp\/v2\/posts"}],"about":[{"href":"https:\/\/www.pmpf.rs.gov.br\/secretaria-do-gabinete\/wp-json\/wp\/v2\/types\/post"}],"author":[{"embeddable":true,"href":"https:\/\/www.pmpf.rs.gov.br\/secretaria-do-gabinete\/wp-json\/wp\/v2\/users\/24"}],"replies":[{"embeddable":true,"href":"https:\/\/www.pmpf.rs.gov.br\/secretaria-do-gabinete\/wp-json\/wp\/v2\/comments?post=2260"}],"version-history":[{"count":1,"href":"https:\/\/www.pmpf.rs.gov.br\/secretaria-do-gabinete\/wp-json\/wp\/v2\/posts\/2260\/revisions"}],"predecessor-version":[{"id":2262,"href":"https:\/\/www.pmpf.rs.gov.br\/secretaria-do-gabinete\/wp-json\/wp\/v2\/posts\/2260\/revisions\/2262"}],"wp:featuredmedia":[{"embeddable":true,"href":"https:\/\/www.pmpf.rs.gov.br\/secretaria-do-gabinete\/wp-json\/wp\/v2\/media\/2261"}],"wp:attachment":[{"href":"https:\/\/www.pmpf.rs.gov.br\/secretaria-do-gabinete\/wp-json\/wp\/v2\/media?parent=2260"}],"wp:term":[{"taxonomy":"category","embeddable":true,"href":"https:\/\/www.pmpf.rs.gov.br\/secretaria-do-gabinete\/wp-json\/wp\/v2\/categories?post=2260"},{"taxonomy":"post_tag","embeddable":true,"href":"https:\/\/www.pmpf.rs.gov.br\/secretaria-do-gabinete\/wp-json\/wp\/v2\/tags?post=2260"}],"curies":[{"name":"wp","href":"https:\/\/api.w.org\/{rel}","templated":true}]}}