{"id":2244,"date":"2023-10-23T15:57:01","date_gmt":"2023-10-23T18:57:01","guid":{"rendered":"https:\/\/www.pmpf.rs.gov.br\/secretaria-do-gabinete\/?p=2244"},"modified":"2023-10-23T15:57:03","modified_gmt":"2023-10-23T18:57:03","slug":"prefeito-anuncia-novo-vice-lider-do-governo-no-legislativo","status":"publish","type":"post","link":"https:\/\/www.pmpf.rs.gov.br\/secretaria-do-gabinete\/2023\/10\/23\/prefeito-anuncia-novo-vice-lider-do-governo-no-legislativo\/","title":{"rendered":"Prefeito anuncia novo vice-l\u00edder do governo no Legislativo"},"content":{"rendered":"\n<p>O prefeito Pedro Almeida anunciou nesta segunda-feira (23) o nome do vereador que exercer\u00e1 a fun\u00e7\u00e3o de vice-l\u00edder de seu governo na C\u00e2mara de Vereadores. Luizinho Valendorf (PSDB) ir\u00e1 se juntar ao l\u00edder de governo, Gio Krug (PSD) nas atribui\u00e7\u00f5es de defender os projetos e as iniciativas encaminhadas pela Administra\u00e7\u00e3o \u00e0 Casa Legislativa, ampliando a interlocu\u00e7\u00e3o entre o Executivo e o Legislativo municipal.<\/p>\n\n\n\n<p>De acordo com o prefeito Pedro Almeida, uma boa rela\u00e7\u00e3o constru\u00edda entre os poderes \u00e9 reflexo do trabalho dos vereadores que lideram a bancada de situa\u00e7\u00e3o na C\u00e2mara. \u201cEstamos conseguindo trabalhar com muita parceria e compromisso com Passo Fundo, independente de quest\u00f5es partid\u00e1rias, queremos continuar com essa rela\u00e7\u00e3o positiva e, assim, fazer mais por Passo Fundo\u201d, declarou.<\/p>\n","protected":false},"excerpt":{"rendered":"<p>Luizinho Valendorf ir\u00e1 atuar junto ao l\u00edder Gio Krug na interlocuc\u00e3o do Munic\u00edpio com a C\u00e2mara<\/p>\n","protected":false},"author":24,"featured_media":2245,"comment_status":"closed","ping_status":"closed","sticky":true,"template":"","format":"standard","meta":{"footnotes":""},"categories":[1],"tags":[],"class_list":["post-2244","post","type-post","status-publish","format-standard","has-post-thumbnail","hentry","category-sem-categoria"],"yoast_head":"<!-- This site is optimized with the Yoast SEO plugin v23.8 - https:\/\/yoast.com\/wordpress\/plugins\/seo\/ -->\n<title>Prefeito anuncia novo vice-l\u00edder do governo no Legislativo - Secretaria do Gabinete<\/title>\n<meta name=\"robots\" content=\"index, follow, max-snippet:-1, max-image-preview:large, max-video-preview:-1\" \/>\n<link rel=\"canonical\" href=\"https:\/\/www.pmpf.rs.gov.br\/secretaria-do-gabinete\/2023\/10\/23\/prefeito-anuncia-novo-vice-lider-do-governo-no-legislativo\/\" \/>\n<meta property=\"og:locale\" content=\"pt_BR\" \/>\n<meta property=\"og:type\" content=\"article\" \/>\n<meta property=\"og:title\" content=\"Prefeito anuncia novo vice-l\u00edder do governo no Legislativo - Secretaria do Gabinete\" \/>\n<meta property=\"og:description\" content=\"Luizinho Valendorf ir\u00e1 atuar junto ao l\u00edder Gio Krug na interlocuc\u00e3o do Munic\u00edpio com a C\u00e2mara\" \/>\n<meta property=\"og:url\" content=\"https:\/\/www.pmpf.rs.gov.br\/secretaria-do-gabinete\/2023\/10\/23\/prefeito-anuncia-novo-vice-lider-do-governo-no-legislativo\/\" \/>\n<meta property=\"og:site_name\" content=\"Secretaria do Gabinete\" \/>\n<meta property=\"article:published_time\" content=\"2023-10-23T18:57:01+00:00\" \/>\n<meta property=\"article:modified_time\" content=\"2023-10-23T18:57:03+00:00\" \/>\n<meta name=\"author\" content=\"lilicrivello\" \/>\n<meta name=\"twitter:card\" content=\"summary_large_image\" \/>\n<meta name=\"twitter:label1\" content=\"Escrito por\" \/>\n\t<meta name=\"twitter:data1\" content=\"lilicrivello\" \/>\n\t<meta name=\"twitter:label2\" content=\"Est. tempo de leitura\" \/>\n\t<meta name=\"twitter:data2\" content=\"1 minuto\" \/>\n<script type=\"application\/ld+json\" class=\"yoast-schema-graph\">{\"@context\":\"https:\/\/schema.org\",\"@graph\":[{\"@type\":\"WebPage\",\"@id\":\"https:\/\/www.pmpf.rs.gov.br\/secretaria-do-gabinete\/2023\/10\/23\/prefeito-anuncia-novo-vice-lider-do-governo-no-legislativo\/\",\"url\":\"https:\/\/www.pmpf.rs.gov.br\/secretaria-do-gabinete\/2023\/10\/23\/prefeito-anuncia-novo-vice-lider-do-governo-no-legislativo\/\",\"name\":\"Prefeito anuncia novo vice-l\u00edder do governo no Legislativo - Secretaria do Gabinete\",\"isPartOf\":{\"@id\":\"https:\/\/www.pmpf.rs.gov.br\/secretaria-do-gabinete\/#website\"},\"primaryImageOfPage\":{\"@id\":\"https:\/\/www.pmpf.rs.gov.br\/secretaria-do-gabinete\/2023\/10\/23\/prefeito-anuncia-novo-vice-lider-do-governo-no-legislativo\/#primaryimage\"},\"image\":{\"@id\":\"https:\/\/www.pmpf.rs.gov.br\/secretaria-do-gabinete\/2023\/10\/23\/prefeito-anuncia-novo-vice-lider-do-governo-no-legislativo\/#primaryimage\"},\"thumbnailUrl\":\"https:\/\/www.pmpf.rs.gov.br\/secretaria-do-gabinete\/wp-content\/uploads\/sites\/46\/2023\/10\/WhatsApp-Image-2023-10-23-at-15.20.56-scaled.jpeg\",\"datePublished\":\"2023-10-23T18:57:01+00:00\",\"dateModified\":\"2023-10-23T18:57:03+00:00\",\"author\":{\"@id\":\"https:\/\/www.pmpf.rs.gov.br\/secretaria-do-gabinete\/#\/schema\/person\/6e93b0ab2174b69f691ac4f278ba2d0a\"},\"inLanguage\":\"pt-BR\",\"potentialAction\":[{\"@type\":\"ReadAction\",\"target\":[\"https:\/\/www.pmpf.rs.gov.br\/secretaria-do-gabinete\/2023\/10\/23\/prefeito-anuncia-novo-vice-lider-do-governo-no-legislativo\/\"]}]},{\"@type\":\"ImageObject\",\"inLanguage\":\"pt-BR\",\"@id\":\"https:\/\/www.pmpf.rs.gov.br\/secretaria-do-gabinete\/2023\/10\/23\/prefeito-anuncia-novo-vice-lider-do-governo-no-legislativo\/#primaryimage\",\"url\":\"https:\/\/www.pmpf.rs.gov.br\/secretaria-do-gabinete\/wp-content\/uploads\/sites\/46\/2023\/10\/WhatsApp-Image-2023-10-23-at-15.20.56-scaled.jpeg\",\"contentUrl\":\"https:\/\/www.pmpf.rs.gov.br\/secretaria-do-gabinete\/wp-content\/uploads\/sites\/46\/2023\/10\/WhatsApp-Image-2023-10-23-at-15.20.56-scaled.jpeg\",\"width\":2560,\"height\":1707},{\"@type\":\"WebSite\",\"@id\":\"https:\/\/www.pmpf.rs.gov.br\/secretaria-do-gabinete\/#website\",\"url\":\"https:\/\/www.pmpf.rs.gov.br\/secretaria-do-gabinete\/\",\"name\":\"Secretaria do Gabinete\",\"description\":\"S\u00f3 mais um site Prefeitura de Passo Fundo\",\"potentialAction\":[{\"@type\":\"SearchAction\",\"target\":{\"@type\":\"EntryPoint\",\"urlTemplate\":\"https:\/\/www.pmpf.rs.gov.br\/secretaria-do-gabinete\/?s={search_term_string}\"},\"query-input\":{\"@type\":\"PropertyValueSpecification\",\"valueRequired\":true,\"valueName\":\"search_term_string\"}}],\"inLanguage\":\"pt-BR\"},{\"@type\":\"Person\",\"@id\":\"https:\/\/www.pmpf.rs.gov.br\/secretaria-do-gabinete\/#\/schema\/person\/6e93b0ab2174b69f691ac4f278ba2d0a\",\"name\":\"lilicrivello\",\"image\":{\"@type\":\"ImageObject\",\"inLanguage\":\"pt-BR\",\"@id\":\"https:\/\/www.pmpf.rs.gov.br\/secretaria-do-gabinete\/#\/schema\/person\/image\/\",\"url\":\"https:\/\/secure.gravatar.com\/avatar\/0b546b667388f8edb7b67d70a57b5e46?s=96&d=mm&r=g\",\"contentUrl\":\"https:\/\/secure.gravatar.com\/avatar\/0b546b667388f8edb7b67d70a57b5e46?s=96&d=mm&r=g\",\"caption\":\"lilicrivello\"},\"url\":\"https:\/\/www.pmpf.rs.gov.br\/secretaria-do-gabinete\/author\/lilicrivello\/\"}]}<\/script>\n<!-- \/ Yoast SEO plugin. -->","yoast_head_json":{"title":"Prefeito anuncia novo vice-l\u00edder do governo no Legislativo - Secretaria do Gabinete","robots":{"index":"index","follow":"follow","max-snippet":"max-snippet:-1","max-image-preview":"max-image-preview:large","max-video-preview":"max-video-preview:-1"},"canonical":"https:\/\/www.pmpf.rs.gov.br\/secretaria-do-gabinete\/2023\/10\/23\/prefeito-anuncia-novo-vice-lider-do-governo-no-legislativo\/","og_locale":"pt_BR","og_type":"article","og_title":"Prefeito anuncia novo vice-l\u00edder do governo no Legislativo - Secretaria do Gabinete","og_description":"Luizinho Valendorf ir\u00e1 atuar junto ao l\u00edder Gio Krug na interlocuc\u00e3o do Munic\u00edpio com a C\u00e2mara","og_url":"https:\/\/www.pmpf.rs.gov.br\/secretaria-do-gabinete\/2023\/10\/23\/prefeito-anuncia-novo-vice-lider-do-governo-no-legislativo\/","og_site_name":"Secretaria do Gabinete","article_published_time":"2023-10-23T18:57:01+00:00","article_modified_time":"2023-10-23T18:57:03+00:00","author":"lilicrivello","twitter_card":"summary_large_image","twitter_misc":{"Escrito por":"lilicrivello","Est. tempo de leitura":"1 minuto"},"schema":{"@context":"https:\/\/schema.org","@graph":[{"@type":"WebPage","@id":"https:\/\/www.pmpf.rs.gov.br\/secretaria-do-gabinete\/2023\/10\/23\/prefeito-anuncia-novo-vice-lider-do-governo-no-legislativo\/","url":"https:\/\/www.pmpf.rs.gov.br\/secretaria-do-gabinete\/2023\/10\/23\/prefeito-anuncia-novo-vice-lider-do-governo-no-legislativo\/","name":"Prefeito anuncia novo vice-l\u00edder do governo no Legislativo - Secretaria do Gabinete","isPartOf":{"@id":"https:\/\/www.pmpf.rs.gov.br\/secretaria-do-gabinete\/#website"},"primaryImageOfPage":{"@id":"https:\/\/www.pmpf.rs.gov.br\/secretaria-do-gabinete\/2023\/10\/23\/prefeito-anuncia-novo-vice-lider-do-governo-no-legislativo\/#primaryimage"},"image":{"@id":"https:\/\/www.pmpf.rs.gov.br\/secretaria-do-gabinete\/2023\/10\/23\/prefeito-anuncia-novo-vice-lider-do-governo-no-legislativo\/#primaryimage"},"thumbnailUrl":"https:\/\/www.pmpf.rs.gov.br\/secretaria-do-gabinete\/wp-content\/uploads\/sites\/46\/2023\/10\/WhatsApp-Image-2023-10-23-at-15.20.56-scaled.jpeg","datePublished":"2023-10-23T18:57:01+00:00","dateModified":"2023-10-23T18:57:03+00:00","author":{"@id":"https:\/\/www.pmpf.rs.gov.br\/secretaria-do-gabinete\/#\/schema\/person\/6e93b0ab2174b69f691ac4f278ba2d0a"},"inLanguage":"pt-BR","potentialAction":[{"@type":"ReadAction","target":["https:\/\/www.pmpf.rs.gov.br\/secretaria-do-gabinete\/2023\/10\/23\/prefeito-anuncia-novo-vice-lider-do-governo-no-legislativo\/"]}]},{"@type":"ImageObject","inLanguage":"pt-BR","@id":"https:\/\/www.pmpf.rs.gov.br\/secretaria-do-gabinete\/2023\/10\/23\/prefeito-anuncia-novo-vice-lider-do-governo-no-legislativo\/#primaryimage","url":"https:\/\/www.pmpf.rs.gov.br\/secretaria-do-gabinete\/wp-content\/uploads\/sites\/46\/2023\/10\/WhatsApp-Image-2023-10-23-at-15.20.56-scaled.jpeg","contentUrl":"https:\/\/www.pmpf.rs.gov.br\/secretaria-do-gabinete\/wp-content\/uploads\/sites\/46\/2023\/10\/WhatsApp-Image-2023-10-23-at-15.20.56-scaled.jpeg","width":2560,"height":1707},{"@type":"WebSite","@id":"https:\/\/www.pmpf.rs.gov.br\/secretaria-do-gabinete\/#website","url":"https:\/\/www.pmpf.rs.gov.br\/secretaria-do-gabinete\/","name":"Secretaria do Gabinete","description":"S\u00f3 mais um site Prefeitura de Passo Fundo","potentialAction":[{"@type":"SearchAction","target":{"@type":"EntryPoint","urlTemplate":"https:\/\/www.pmpf.rs.gov.br\/secretaria-do-gabinete\/?s={search_term_string}"},"query-input":{"@type":"PropertyValueSpecification","valueRequired":true,"valueName":"search_term_string"}}],"inLanguage":"pt-BR"},{"@type":"Person","@id":"https:\/\/www.pmpf.rs.gov.br\/secretaria-do-gabinete\/#\/schema\/person\/6e93b0ab2174b69f691ac4f278ba2d0a","name":"lilicrivello","image":{"@type":"ImageObject","inLanguage":"pt-BR","@id":"https:\/\/www.pmpf.rs.gov.br\/secretaria-do-gabinete\/#\/schema\/person\/image\/","url":"https:\/\/secure.gravatar.com\/avatar\/0b546b667388f8edb7b67d70a57b5e46?s=96&d=mm&r=g","contentUrl":"https:\/\/secure.gravatar.com\/avatar\/0b546b667388f8edb7b67d70a57b5e46?s=96&d=mm&r=g","caption":"lilicrivello"},"url":"https:\/\/www.pmpf.rs.gov.br\/secretaria-do-gabinete\/author\/lilicrivello\/"}]}},"_links":{"self":[{"href":"https:\/\/www.pmpf.rs.gov.br\/secretaria-do-gabinete\/wp-json\/wp\/v2\/posts\/2244"}],"collection":[{"href":"https:\/\/www.pmpf.rs.gov.br\/secretaria-do-gabinete\/wp-json\/wp\/v2\/posts"}],"about":[{"href":"https:\/\/www.pmpf.rs.gov.br\/secretaria-do-gabinete\/wp-json\/wp\/v2\/types\/post"}],"author":[{"embeddable":true,"href":"https:\/\/www.pmpf.rs.gov.br\/secretaria-do-gabinete\/wp-json\/wp\/v2\/users\/24"}],"replies":[{"embeddable":true,"href":"https:\/\/www.pmpf.rs.gov.br\/secretaria-do-gabinete\/wp-json\/wp\/v2\/comments?post=2244"}],"version-history":[{"count":1,"href":"https:\/\/www.pmpf.rs.gov.br\/secretaria-do-gabinete\/wp-json\/wp\/v2\/posts\/2244\/revisions"}],"predecessor-version":[{"id":2246,"href":"https:\/\/www.pmpf.rs.gov.br\/secretaria-do-gabinete\/wp-json\/wp\/v2\/posts\/2244\/revisions\/2246"}],"wp:featuredmedia":[{"embeddable":true,"href":"https:\/\/www.pmpf.rs.gov.br\/secretaria-do-gabinete\/wp-json\/wp\/v2\/media\/2245"}],"wp:attachment":[{"href":"https:\/\/www.pmpf.rs.gov.br\/secretaria-do-gabinete\/wp-json\/wp\/v2\/media?parent=2244"}],"wp:term":[{"taxonomy":"category","embeddable":true,"href":"https:\/\/www.pmpf.rs.gov.br\/secretaria-do-gabinete\/wp-json\/wp\/v2\/categories?post=2244"},{"taxonomy":"post_tag","embeddable":true,"href":"https:\/\/www.pmpf.rs.gov.br\/secretaria-do-gabinete\/wp-json\/wp\/v2\/tags?post=2244"}],"curies":[{"name":"wp","href":"https:\/\/api.w.org\/{rel}","templated":true}]}}