{"id":2232,"date":"2023-10-02T16:58:19","date_gmt":"2023-10-02T19:58:19","guid":{"rendered":"https:\/\/www.pmpf.rs.gov.br\/secretaria-do-gabinete\/?p=2232"},"modified":"2023-10-02T16:58:29","modified_gmt":"2023-10-02T19:58:29","slug":"coordenadoria-do-idoso-fara-a-1a-olimpiada-dati-comai","status":"publish","type":"post","link":"https:\/\/www.pmpf.rs.gov.br\/secretaria-do-gabinete\/2023\/10\/02\/coordenadoria-do-idoso-fara-a-1a-olimpiada-dati-comai\/","title":{"rendered":"Coordenadoria do Idoso far\u00e1 a 1\u00aa Olimp\u00edada Dati\/Comai"},"content":{"rendered":"\n<p>O Dia do Idoso \u00e9 lembrado neste domingo, 1 de outubro. Para marcar a data, a Coordenadoria Municipal de Aten\u00e7\u00e3o ao Idoso (Comai) far\u00e1, entre segunda-feira (2) e quarta-feira (4), uma olimp\u00edada envolvendo os idosos dos mais de 50 grupos atendidos. Muitas atividades foram programadas e ser\u00e3o realizadas no gin\u00e1sio da Par\u00f3quia da Vila F\u00e1tima.<\/p>\n\n\n\n<p>De acordo com a coordenadora do Idoso, T\u00e2nia Carraro, estes momentos de conviv\u00eancia fazem parte de a\u00e7\u00f5es do Munic\u00edpio que transformam o envelhecimento em um processo assistido e bem-sucedido. \u201cEstimulamos a participa\u00e7\u00e3o da terceira idade em atividades recreativas, ampliando, assim, as perspectivas de uma melhor qualidade de vida\u201d, enfatizou.<\/p>\n\n\n\n<p>A olimp\u00edada contar\u00e1 com: jogo de v\u00f4lei com len\u00e7ol\/ TNT; boliche com garrafas pet; basquete reloginho; ovo na colher; chute a gol; bingo; jogo do palito; jogo pife ou pontinho; pinto na lata.<\/p>\n\n\n\n<p>Durante a olimp\u00edada, cada grupo de conviv\u00eancia dever\u00e1 entregar uma cesta com alimentos e guloseimas para ser doada a crian\u00e7as do Projeto TransformA\u00e7\u00e3o que residem no Bairro Entre Rios, prejudicado pelas inunda\u00e7\u00f5es. A iniciativa \u00e9 voltada ao Dia das Crian\u00e7as.<strong><br><br><br>Valoriza\u00e7\u00e3o dos idosos<br><\/strong>Envelhecer com sa\u00fade oferece \u00e0 popula\u00e7\u00e3o idosa a chance de se manter ativa na sociedade. Essa perspectiva norteia as atividades realizadas pela Coordenadoria do Idoso em Passo Fundo. S\u00e3o disponibilizados aos idosos cursos de Artes, Pintura, Alongamento, Pilates, Yoga, Mem\u00f3ria Ativa, Literatura, Franc\u00eas, Espanhol, Alfabetiza\u00e7\u00e3o, Dan\u00e7a Ga\u00facha, Dan\u00e7a de Mulheres, Coral, Banda, Canto Individual, Viol\u00e3o, Teclado, Gaita, Flauta Doce, C\u00e2mbio, Xadrez, Domin\u00f3, Cartas e Inclus\u00e3o Digital.<\/p>\n\n\n\n<p>Al\u00e9m disso, a Prefeitura criou, em agosto deste ano, a Escola de Gera\u00e7\u00f5es, que possibilita a troca de experi\u00eancias e conhecimento entre idosos e alunos da rede municipal de educa\u00e7\u00e3o. As oficinas abrangem, por exemplo, aspectos de culin\u00e1ria, artesanato e conta\u00e7\u00e3o de hist\u00f3rias. \u201cQueremos mostrar que o idoso j\u00e1 contribuiu muito com o munic\u00edpio e que ainda tem muito a contribuir\u201d, enfatizou T\u00e2nia.<\/p>\n","protected":false},"excerpt":{"rendered":"<p>Iniciativa marcar\u00e1 o Dia do Idoso, lembrado neste domingo, 1 de outubro. O objetivo \u00e9 promover a integra\u00e7\u00e3o, a conviv\u00eancia e a qualidade de vida para a popula\u00e7\u00e3o idosa<\/p>\n","protected":false},"author":24,"featured_media":2233,"comment_status":"closed","ping_status":"closed","sticky":true,"template":"","format":"standard","meta":{"footnotes":""},"categories":[1],"tags":[],"class_list":["post-2232","post","type-post","status-publish","format-standard","has-post-thumbnail","hentry","category-sem-categoria"],"yoast_head":"<!-- This site is optimized with the Yoast SEO plugin v23.8 - https:\/\/yoast.com\/wordpress\/plugins\/seo\/ -->\n<title>Coordenadoria do Idoso far\u00e1 a 1\u00aa Olimp\u00edada Dati\/Comai - Secretaria do Gabinete<\/title>\n<meta name=\"robots\" content=\"index, follow, max-snippet:-1, max-image-preview:large, max-video-preview:-1\" \/>\n<link rel=\"canonical\" href=\"https:\/\/www.pmpf.rs.gov.br\/secretaria-do-gabinete\/2023\/10\/02\/coordenadoria-do-idoso-fara-a-1a-olimpiada-dati-comai\/\" \/>\n<meta property=\"og:locale\" content=\"pt_BR\" \/>\n<meta property=\"og:type\" content=\"article\" \/>\n<meta property=\"og:title\" content=\"Coordenadoria do Idoso far\u00e1 a 1\u00aa Olimp\u00edada Dati\/Comai - Secretaria do Gabinete\" \/>\n<meta property=\"og:description\" content=\"Iniciativa marcar\u00e1 o Dia do Idoso, lembrado neste domingo, 1 de outubro. O objetivo \u00e9 promover a integra\u00e7\u00e3o, a conviv\u00eancia e a qualidade de vida para a popula\u00e7\u00e3o idosa\" \/>\n<meta property=\"og:url\" content=\"https:\/\/www.pmpf.rs.gov.br\/secretaria-do-gabinete\/2023\/10\/02\/coordenadoria-do-idoso-fara-a-1a-olimpiada-dati-comai\/\" \/>\n<meta property=\"og:site_name\" content=\"Secretaria do Gabinete\" \/>\n<meta property=\"article:published_time\" content=\"2023-10-02T19:58:19+00:00\" \/>\n<meta property=\"article:modified_time\" content=\"2023-10-02T19:58:29+00:00\" \/>\n<meta name=\"author\" content=\"lilicrivello\" \/>\n<meta name=\"twitter:card\" content=\"summary_large_image\" \/>\n<meta name=\"twitter:label1\" content=\"Escrito por\" \/>\n\t<meta name=\"twitter:data1\" content=\"lilicrivello\" \/>\n\t<meta name=\"twitter:label2\" content=\"Est. tempo de leitura\" \/>\n\t<meta name=\"twitter:data2\" content=\"2 minutos\" \/>\n<script type=\"application\/ld+json\" class=\"yoast-schema-graph\">{\"@context\":\"https:\/\/schema.org\",\"@graph\":[{\"@type\":\"WebPage\",\"@id\":\"https:\/\/www.pmpf.rs.gov.br\/secretaria-do-gabinete\/2023\/10\/02\/coordenadoria-do-idoso-fara-a-1a-olimpiada-dati-comai\/\",\"url\":\"https:\/\/www.pmpf.rs.gov.br\/secretaria-do-gabinete\/2023\/10\/02\/coordenadoria-do-idoso-fara-a-1a-olimpiada-dati-comai\/\",\"name\":\"Coordenadoria do Idoso far\u00e1 a 1\u00aa Olimp\u00edada Dati\/Comai - Secretaria do Gabinete\",\"isPartOf\":{\"@id\":\"https:\/\/www.pmpf.rs.gov.br\/secretaria-do-gabinete\/#website\"},\"primaryImageOfPage\":{\"@id\":\"https:\/\/www.pmpf.rs.gov.br\/secretaria-do-gabinete\/2023\/10\/02\/coordenadoria-do-idoso-fara-a-1a-olimpiada-dati-comai\/#primaryimage\"},\"image\":{\"@id\":\"https:\/\/www.pmpf.rs.gov.br\/secretaria-do-gabinete\/2023\/10\/02\/coordenadoria-do-idoso-fara-a-1a-olimpiada-dati-comai\/#primaryimage\"},\"thumbnailUrl\":\"https:\/\/www.pmpf.rs.gov.br\/secretaria-do-gabinete\/wp-content\/uploads\/sites\/46\/2023\/10\/MSF09437-scaled.jpg\",\"datePublished\":\"2023-10-02T19:58:19+00:00\",\"dateModified\":\"2023-10-02T19:58:29+00:00\",\"author\":{\"@id\":\"https:\/\/www.pmpf.rs.gov.br\/secretaria-do-gabinete\/#\/schema\/person\/6e93b0ab2174b69f691ac4f278ba2d0a\"},\"inLanguage\":\"pt-BR\",\"potentialAction\":[{\"@type\":\"ReadAction\",\"target\":[\"https:\/\/www.pmpf.rs.gov.br\/secretaria-do-gabinete\/2023\/10\/02\/coordenadoria-do-idoso-fara-a-1a-olimpiada-dati-comai\/\"]}]},{\"@type\":\"ImageObject\",\"inLanguage\":\"pt-BR\",\"@id\":\"https:\/\/www.pmpf.rs.gov.br\/secretaria-do-gabinete\/2023\/10\/02\/coordenadoria-do-idoso-fara-a-1a-olimpiada-dati-comai\/#primaryimage\",\"url\":\"https:\/\/www.pmpf.rs.gov.br\/secretaria-do-gabinete\/wp-content\/uploads\/sites\/46\/2023\/10\/MSF09437-scaled.jpg\",\"contentUrl\":\"https:\/\/www.pmpf.rs.gov.br\/secretaria-do-gabinete\/wp-content\/uploads\/sites\/46\/2023\/10\/MSF09437-scaled.jpg\",\"width\":2560,\"height\":1707},{\"@type\":\"WebSite\",\"@id\":\"https:\/\/www.pmpf.rs.gov.br\/secretaria-do-gabinete\/#website\",\"url\":\"https:\/\/www.pmpf.rs.gov.br\/secretaria-do-gabinete\/\",\"name\":\"Secretaria do Gabinete\",\"description\":\"S\u00f3 mais um site Prefeitura de Passo Fundo\",\"potentialAction\":[{\"@type\":\"SearchAction\",\"target\":{\"@type\":\"EntryPoint\",\"urlTemplate\":\"https:\/\/www.pmpf.rs.gov.br\/secretaria-do-gabinete\/?s={search_term_string}\"},\"query-input\":{\"@type\":\"PropertyValueSpecification\",\"valueRequired\":true,\"valueName\":\"search_term_string\"}}],\"inLanguage\":\"pt-BR\"},{\"@type\":\"Person\",\"@id\":\"https:\/\/www.pmpf.rs.gov.br\/secretaria-do-gabinete\/#\/schema\/person\/6e93b0ab2174b69f691ac4f278ba2d0a\",\"name\":\"lilicrivello\",\"image\":{\"@type\":\"ImageObject\",\"inLanguage\":\"pt-BR\",\"@id\":\"https:\/\/www.pmpf.rs.gov.br\/secretaria-do-gabinete\/#\/schema\/person\/image\/\",\"url\":\"https:\/\/secure.gravatar.com\/avatar\/0b546b667388f8edb7b67d70a57b5e46?s=96&d=mm&r=g\",\"contentUrl\":\"https:\/\/secure.gravatar.com\/avatar\/0b546b667388f8edb7b67d70a57b5e46?s=96&d=mm&r=g\",\"caption\":\"lilicrivello\"},\"url\":\"https:\/\/www.pmpf.rs.gov.br\/secretaria-do-gabinete\/author\/lilicrivello\/\"}]}<\/script>\n<!-- \/ Yoast SEO plugin. -->","yoast_head_json":{"title":"Coordenadoria do Idoso far\u00e1 a 1\u00aa Olimp\u00edada Dati\/Comai - Secretaria do Gabinete","robots":{"index":"index","follow":"follow","max-snippet":"max-snippet:-1","max-image-preview":"max-image-preview:large","max-video-preview":"max-video-preview:-1"},"canonical":"https:\/\/www.pmpf.rs.gov.br\/secretaria-do-gabinete\/2023\/10\/02\/coordenadoria-do-idoso-fara-a-1a-olimpiada-dati-comai\/","og_locale":"pt_BR","og_type":"article","og_title":"Coordenadoria do Idoso far\u00e1 a 1\u00aa Olimp\u00edada Dati\/Comai - Secretaria do Gabinete","og_description":"Iniciativa marcar\u00e1 o Dia do Idoso, lembrado neste domingo, 1 de outubro. O objetivo \u00e9 promover a integra\u00e7\u00e3o, a conviv\u00eancia e a qualidade de vida para a popula\u00e7\u00e3o idosa","og_url":"https:\/\/www.pmpf.rs.gov.br\/secretaria-do-gabinete\/2023\/10\/02\/coordenadoria-do-idoso-fara-a-1a-olimpiada-dati-comai\/","og_site_name":"Secretaria do Gabinete","article_published_time":"2023-10-02T19:58:19+00:00","article_modified_time":"2023-10-02T19:58:29+00:00","author":"lilicrivello","twitter_card":"summary_large_image","twitter_misc":{"Escrito por":"lilicrivello","Est. tempo de leitura":"2 minutos"},"schema":{"@context":"https:\/\/schema.org","@graph":[{"@type":"WebPage","@id":"https:\/\/www.pmpf.rs.gov.br\/secretaria-do-gabinete\/2023\/10\/02\/coordenadoria-do-idoso-fara-a-1a-olimpiada-dati-comai\/","url":"https:\/\/www.pmpf.rs.gov.br\/secretaria-do-gabinete\/2023\/10\/02\/coordenadoria-do-idoso-fara-a-1a-olimpiada-dati-comai\/","name":"Coordenadoria do Idoso far\u00e1 a 1\u00aa Olimp\u00edada Dati\/Comai - Secretaria do Gabinete","isPartOf":{"@id":"https:\/\/www.pmpf.rs.gov.br\/secretaria-do-gabinete\/#website"},"primaryImageOfPage":{"@id":"https:\/\/www.pmpf.rs.gov.br\/secretaria-do-gabinete\/2023\/10\/02\/coordenadoria-do-idoso-fara-a-1a-olimpiada-dati-comai\/#primaryimage"},"image":{"@id":"https:\/\/www.pmpf.rs.gov.br\/secretaria-do-gabinete\/2023\/10\/02\/coordenadoria-do-idoso-fara-a-1a-olimpiada-dati-comai\/#primaryimage"},"thumbnailUrl":"https:\/\/www.pmpf.rs.gov.br\/secretaria-do-gabinete\/wp-content\/uploads\/sites\/46\/2023\/10\/MSF09437-scaled.jpg","datePublished":"2023-10-02T19:58:19+00:00","dateModified":"2023-10-02T19:58:29+00:00","author":{"@id":"https:\/\/www.pmpf.rs.gov.br\/secretaria-do-gabinete\/#\/schema\/person\/6e93b0ab2174b69f691ac4f278ba2d0a"},"inLanguage":"pt-BR","potentialAction":[{"@type":"ReadAction","target":["https:\/\/www.pmpf.rs.gov.br\/secretaria-do-gabinete\/2023\/10\/02\/coordenadoria-do-idoso-fara-a-1a-olimpiada-dati-comai\/"]}]},{"@type":"ImageObject","inLanguage":"pt-BR","@id":"https:\/\/www.pmpf.rs.gov.br\/secretaria-do-gabinete\/2023\/10\/02\/coordenadoria-do-idoso-fara-a-1a-olimpiada-dati-comai\/#primaryimage","url":"https:\/\/www.pmpf.rs.gov.br\/secretaria-do-gabinete\/wp-content\/uploads\/sites\/46\/2023\/10\/MSF09437-scaled.jpg","contentUrl":"https:\/\/www.pmpf.rs.gov.br\/secretaria-do-gabinete\/wp-content\/uploads\/sites\/46\/2023\/10\/MSF09437-scaled.jpg","width":2560,"height":1707},{"@type":"WebSite","@id":"https:\/\/www.pmpf.rs.gov.br\/secretaria-do-gabinete\/#website","url":"https:\/\/www.pmpf.rs.gov.br\/secretaria-do-gabinete\/","name":"Secretaria do Gabinete","description":"S\u00f3 mais um site Prefeitura de Passo Fundo","potentialAction":[{"@type":"SearchAction","target":{"@type":"EntryPoint","urlTemplate":"https:\/\/www.pmpf.rs.gov.br\/secretaria-do-gabinete\/?s={search_term_string}"},"query-input":{"@type":"PropertyValueSpecification","valueRequired":true,"valueName":"search_term_string"}}],"inLanguage":"pt-BR"},{"@type":"Person","@id":"https:\/\/www.pmpf.rs.gov.br\/secretaria-do-gabinete\/#\/schema\/person\/6e93b0ab2174b69f691ac4f278ba2d0a","name":"lilicrivello","image":{"@type":"ImageObject","inLanguage":"pt-BR","@id":"https:\/\/www.pmpf.rs.gov.br\/secretaria-do-gabinete\/#\/schema\/person\/image\/","url":"https:\/\/secure.gravatar.com\/avatar\/0b546b667388f8edb7b67d70a57b5e46?s=96&d=mm&r=g","contentUrl":"https:\/\/secure.gravatar.com\/avatar\/0b546b667388f8edb7b67d70a57b5e46?s=96&d=mm&r=g","caption":"lilicrivello"},"url":"https:\/\/www.pmpf.rs.gov.br\/secretaria-do-gabinete\/author\/lilicrivello\/"}]}},"_links":{"self":[{"href":"https:\/\/www.pmpf.rs.gov.br\/secretaria-do-gabinete\/wp-json\/wp\/v2\/posts\/2232"}],"collection":[{"href":"https:\/\/www.pmpf.rs.gov.br\/secretaria-do-gabinete\/wp-json\/wp\/v2\/posts"}],"about":[{"href":"https:\/\/www.pmpf.rs.gov.br\/secretaria-do-gabinete\/wp-json\/wp\/v2\/types\/post"}],"author":[{"embeddable":true,"href":"https:\/\/www.pmpf.rs.gov.br\/secretaria-do-gabinete\/wp-json\/wp\/v2\/users\/24"}],"replies":[{"embeddable":true,"href":"https:\/\/www.pmpf.rs.gov.br\/secretaria-do-gabinete\/wp-json\/wp\/v2\/comments?post=2232"}],"version-history":[{"count":1,"href":"https:\/\/www.pmpf.rs.gov.br\/secretaria-do-gabinete\/wp-json\/wp\/v2\/posts\/2232\/revisions"}],"predecessor-version":[{"id":2234,"href":"https:\/\/www.pmpf.rs.gov.br\/secretaria-do-gabinete\/wp-json\/wp\/v2\/posts\/2232\/revisions\/2234"}],"wp:featuredmedia":[{"embeddable":true,"href":"https:\/\/www.pmpf.rs.gov.br\/secretaria-do-gabinete\/wp-json\/wp\/v2\/media\/2233"}],"wp:attachment":[{"href":"https:\/\/www.pmpf.rs.gov.br\/secretaria-do-gabinete\/wp-json\/wp\/v2\/media?parent=2232"}],"wp:term":[{"taxonomy":"category","embeddable":true,"href":"https:\/\/www.pmpf.rs.gov.br\/secretaria-do-gabinete\/wp-json\/wp\/v2\/categories?post=2232"},{"taxonomy":"post_tag","embeddable":true,"href":"https:\/\/www.pmpf.rs.gov.br\/secretaria-do-gabinete\/wp-json\/wp\/v2\/tags?post=2232"}],"curies":[{"name":"wp","href":"https:\/\/api.w.org\/{rel}","templated":true}]}}