{"id":2219,"date":"2022-02-16T14:05:01","date_gmt":"2022-02-16T17:05:01","guid":{"rendered":"https:\/\/www.pmpf.rs.gov.br\/secretaria-do-gabinete\/2022\/02\/16\/edicao-do-prefeitura-mais-perto-recebe-musicos\/"},"modified":"2022-03-12T22:06:05","modified_gmt":"2022-03-13T01:06:05","slug":"edicao-do-prefeitura-mais-perto-recebe-musicos","status":"publish","type":"post","link":"https:\/\/www.pmpf.rs.gov.br\/secretaria-do-gabinete\/2022\/02\/16\/edicao-do-prefeitura-mais-perto-recebe-musicos\/","title":{"rendered":"Edi\u00e7\u00e3o do Prefeitura Mais Perto recebe m\u00fasicos"},"content":{"rendered":"\n<p>Ap\u00f3s receber demandas oriundas de mais de 50 lideran\u00e7as comunit\u00e1rias em 2021, o prefeito de Passo Fundo, Pedro Almeida, reuniu-se com m\u00fasicos e artistas independentes nesta ter\u00e7a-feira (15), no Audit\u00f3rio Biom\u00e9dico da Universidade de Passo Fundo (UPF), para dialogar sobre projetos e propostas de fomento e promo\u00e7\u00e3o social da arte e da cultura local, com foco na produ\u00e7\u00e3o musical.<\/p>\n\n\n\n<p>O encontro integra o programa Prefeitura Mais Perto, constru\u00eddo pelo governo municipal com o objetivo de aproximar a Administra\u00e7\u00e3o da comunidade, ampliando o di\u00e1logo a respeito de pautas de interesse social. \u201cO \u2018Prefeitura Mais Perto\u2019 \u00e9 uma iniciativa importante para que possamos nos aproximar cada vez mais das pessoas. Muitas vezes, nestes encontros, s\u00e3o constru\u00eddas alternativas de a\u00e7\u00e3o que geram resultados positivos para todos\u201d, disse o prefeito, citando como exemplo algumas sugest\u00f5es apresentadas pelos presidentes de associa\u00e7\u00f5es de moradores que participaram das reuni\u00f5es no ano passado e que foram atendidas pelo governo.<\/p>\n\n\n\n<p>Aos m\u00fasicos, o prefeito, que tem sua trajet\u00f3ria pessoal e profissional ligada ao setor art\u00edstico, falou sobre os impactos da pandemia na cultura, destacando os preju\u00edzos econ\u00f4micos vividos por m\u00fasicos e artistas independentes. \u201cA cultura n\u00e3o pode ser resumida apenas aos aspectos do lazer e do entretenimento. Cultura gera emprego e renda, movimenta a economia. Por isso, \u00e9 fundamental termos pol\u00edticas de assist\u00eancia para o setor\u201d, afirmou Pedro.<\/p>\n\n\n\n<p>O chefe do Executivo aproveitou a atividade para fazer um balan\u00e7o das a\u00e7\u00f5es da Secretaria Municipal de Cultura e citar os editais lan\u00e7ados com o intuito de viabilizar diferentes programas de trabalho, como o Funcultura que, em sua sexta edi\u00e7\u00e3o, contemplou 30 projetos, totalizando um repasses de R$ 300 mil para a \u00e1rea. \u201cEsta foi a maior premia\u00e7\u00e3o j\u00e1 concedida pelo Fundo, refor\u00e7ando nosso compromisso com a cultura em Passo Fundo\u201d, argumentou o prefeito, elencando ainda a ades\u00e3o do Munic\u00edpio aos aux\u00edlios emergenciais da Cultura, por meio de um programa do Governo do Estado; e a Lei Aldir Blanc, que possibilitou que outros artistas fossem remunerados pelos seus trabalho.<\/p>\n\n\n\n<p>Pedro tamb\u00e9m falou de outros subs\u00eddios investidos na cultura local, como os editais Viva Passo Fundo, que beneficiou 70 projetos, totalizando R$ 100 mil; e o M\u00fasica na Pra\u00e7a Virtual, que contemplou 42 a\u00e7\u00f5es, com recursos de R$ 21 mil. \u201cPara 2022, h\u00e1 uma s\u00e9rie de novos projetos e a\u00e7\u00f5es que tem a m\u00fasica e a cultura como protagonistas\u201d, antecipou o prefeito.<\/p>\n\n\n\n<p><b>Cidade dos Festivais<\/b><\/p>\n\n\n\n<p>Para a secret\u00e1ria de Cultura, Miri\u00ea Tedesco, os investimentos no setor cultural est\u00e3o fazendo com que Passo Fundo retome o protagonismo na \u00e1rea. \u201cSomos um munic\u00edpio que investe e acredita nos seus artistas, nas mais diferentes manifesta\u00e7\u00f5es culturais. A Secretaria tem procurado firmar parcerias para assegurar que possamos, juntos, fazer um grande movimento de retomada das artes locais\u201d, declarou ela, comentando tamb\u00e9m que diversas atividades est\u00e3o previstas para ocorrer em 2022. \u201cVamos retomar o Festival Internacional de Folclore, celebrar a Feira do Livro e reviver outros eventos que consagram Passo Fundo como a Cidade dos Festivais\u201d.<\/p>\n\n\n\n<p>O m\u00fasico Rafael Terres acompanhou o Encontro e observou que o grande n\u00famero de pessoas que estavam participando demonstra a relev\u00e2ncia da iniciativa. \u201cEsta \u00e9 a primeira vez que eu participo de uma atividade em que h\u00e1 um p\u00fablico expressivo disposto a discutir projetos e iniciativas de valoriza\u00e7\u00e3o da nossa atividade profissional. Fico bastante satisfeito ao ver que a Prefeitura est\u00e1 atenta \u00e0s necessidades do setor cultural\u201d, ponderou Terres. O m\u00fasico ainda comemorou os an\u00fancios feitos pelo prefeito. \u201cA iniciativa de levar a m\u00fasica e os artistas locais para as escolas municipais \u00e9 uma \u00f3tima a\u00e7\u00e3o, porque vai aproximar as crian\u00e7as de um cen\u00e1rio diferente\u201d.<\/p>\n\n\n\n<p>O presidente da C\u00e2mara de Vereadores, Evandro Meireles, participou da atividade e destacou que o Legislativo \u00e9 parceiro das iniciativas que possam agregar valor e incentivar o desenvolvimento da arte e da cultura local. \u201cPrecisamos trabalhar juntos e somando esfor\u00e7os para valorizarmos as a\u00e7\u00f5es culturais e art\u00edsticas de Passo Fundo\u201d, falou.<\/p>\n","protected":false},"excerpt":{"rendered":"<p>Proposta \u00e9 ampliar os di\u00e1logos com os diferentes setores da sociedade<\/p>\n","protected":false},"author":1,"featured_media":2226,"comment_status":"open","ping_status":"open","sticky":false,"template":"","format":"standard","meta":{"footnotes":""},"categories":[1],"tags":[],"class_list":["post-2219","post","type-post","status-publish","format-standard","has-post-thumbnail","hentry","category-sem-categoria"],"yoast_head":"<!-- This site is optimized with the Yoast SEO plugin v23.8 - https:\/\/yoast.com\/wordpress\/plugins\/seo\/ -->\n<title>Edi\u00e7\u00e3o do Prefeitura Mais Perto recebe m\u00fasicos - Secretaria do Gabinete<\/title>\n<meta name=\"robots\" content=\"index, follow, max-snippet:-1, max-image-preview:large, max-video-preview:-1\" \/>\n<link rel=\"canonical\" href=\"https:\/\/www.pmpf.rs.gov.br\/secretaria-do-gabinete\/2022\/02\/16\/edicao-do-prefeitura-mais-perto-recebe-musicos\/\" \/>\n<meta property=\"og:locale\" content=\"pt_BR\" \/>\n<meta property=\"og:type\" content=\"article\" \/>\n<meta property=\"og:title\" content=\"Edi\u00e7\u00e3o do Prefeitura Mais Perto recebe m\u00fasicos - Secretaria do Gabinete\" \/>\n<meta property=\"og:description\" content=\"Proposta \u00e9 ampliar os di\u00e1logos com os diferentes setores da sociedade\" \/>\n<meta property=\"og:url\" content=\"https:\/\/www.pmpf.rs.gov.br\/secretaria-do-gabinete\/2022\/02\/16\/edicao-do-prefeitura-mais-perto-recebe-musicos\/\" \/>\n<meta property=\"og:site_name\" content=\"Secretaria do Gabinete\" \/>\n<meta property=\"article:published_time\" content=\"2022-02-16T17:05:01+00:00\" \/>\n<meta property=\"article:modified_time\" content=\"2022-03-13T01:06:05+00:00\" \/>\n<meta property=\"og:image\" content=\"https:\/\/www.pmpf.rs.gov.br\/secretaria-do-gabinete\/wp-content\/uploads\/sites\/46\/2022\/03\/I2022-02-16_11_09_41_338885.jpg\" \/>\n\t<meta property=\"og:image:width\" content=\"1365\" \/>\n\t<meta property=\"og:image:height\" content=\"899\" \/>\n\t<meta property=\"og:image:type\" content=\"image\/jpeg\" \/>\n<meta name=\"author\" content=\"mosite\" \/>\n<meta name=\"twitter:card\" content=\"summary_large_image\" \/>\n<meta name=\"twitter:label1\" content=\"Escrito por\" \/>\n\t<meta name=\"twitter:data1\" content=\"mosite\" \/>\n\t<meta name=\"twitter:label2\" content=\"Est. tempo de leitura\" \/>\n\t<meta name=\"twitter:data2\" content=\"3 minutos\" \/>\n<script type=\"application\/ld+json\" class=\"yoast-schema-graph\">{\"@context\":\"https:\/\/schema.org\",\"@graph\":[{\"@type\":\"WebPage\",\"@id\":\"https:\/\/www.pmpf.rs.gov.br\/secretaria-do-gabinete\/2022\/02\/16\/edicao-do-prefeitura-mais-perto-recebe-musicos\/\",\"url\":\"https:\/\/www.pmpf.rs.gov.br\/secretaria-do-gabinete\/2022\/02\/16\/edicao-do-prefeitura-mais-perto-recebe-musicos\/\",\"name\":\"Edi\u00e7\u00e3o do Prefeitura Mais Perto recebe m\u00fasicos - Secretaria do Gabinete\",\"isPartOf\":{\"@id\":\"https:\/\/www.pmpf.rs.gov.br\/secretaria-do-gabinete\/#website\"},\"primaryImageOfPage\":{\"@id\":\"https:\/\/www.pmpf.rs.gov.br\/secretaria-do-gabinete\/2022\/02\/16\/edicao-do-prefeitura-mais-perto-recebe-musicos\/#primaryimage\"},\"image\":{\"@id\":\"https:\/\/www.pmpf.rs.gov.br\/secretaria-do-gabinete\/2022\/02\/16\/edicao-do-prefeitura-mais-perto-recebe-musicos\/#primaryimage\"},\"thumbnailUrl\":\"https:\/\/www.pmpf.rs.gov.br\/secretaria-do-gabinete\/wp-content\/uploads\/sites\/46\/2022\/03\/I2022-02-16_11_09_41_338885.jpg\",\"datePublished\":\"2022-02-16T17:05:01+00:00\",\"dateModified\":\"2022-03-13T01:06:05+00:00\",\"author\":{\"@id\":\"https:\/\/www.pmpf.rs.gov.br\/secretaria-do-gabinete\/#\/schema\/person\/0c355b0fa68a7aa986c8594f7a60a2d7\"},\"inLanguage\":\"pt-BR\",\"potentialAction\":[{\"@type\":\"ReadAction\",\"target\":[\"https:\/\/www.pmpf.rs.gov.br\/secretaria-do-gabinete\/2022\/02\/16\/edicao-do-prefeitura-mais-perto-recebe-musicos\/\"]}]},{\"@type\":\"ImageObject\",\"inLanguage\":\"pt-BR\",\"@id\":\"https:\/\/www.pmpf.rs.gov.br\/secretaria-do-gabinete\/2022\/02\/16\/edicao-do-prefeitura-mais-perto-recebe-musicos\/#primaryimage\",\"url\":\"https:\/\/www.pmpf.rs.gov.br\/secretaria-do-gabinete\/wp-content\/uploads\/sites\/46\/2022\/03\/I2022-02-16_11_09_41_338885.jpg\",\"contentUrl\":\"https:\/\/www.pmpf.rs.gov.br\/secretaria-do-gabinete\/wp-content\/uploads\/sites\/46\/2022\/03\/I2022-02-16_11_09_41_338885.jpg\",\"width\":1365,\"height\":899},{\"@type\":\"WebSite\",\"@id\":\"https:\/\/www.pmpf.rs.gov.br\/secretaria-do-gabinete\/#website\",\"url\":\"https:\/\/www.pmpf.rs.gov.br\/secretaria-do-gabinete\/\",\"name\":\"Secretaria do Gabinete\",\"description\":\"S\u00f3 mais um site Prefeitura de Passo Fundo\",\"potentialAction\":[{\"@type\":\"SearchAction\",\"target\":{\"@type\":\"EntryPoint\",\"urlTemplate\":\"https:\/\/www.pmpf.rs.gov.br\/secretaria-do-gabinete\/?s={search_term_string}\"},\"query-input\":{\"@type\":\"PropertyValueSpecification\",\"valueRequired\":true,\"valueName\":\"search_term_string\"}}],\"inLanguage\":\"pt-BR\"},{\"@type\":\"Person\",\"@id\":\"https:\/\/www.pmpf.rs.gov.br\/secretaria-do-gabinete\/#\/schema\/person\/0c355b0fa68a7aa986c8594f7a60a2d7\",\"name\":\"mosite\",\"image\":{\"@type\":\"ImageObject\",\"inLanguage\":\"pt-BR\",\"@id\":\"https:\/\/www.pmpf.rs.gov.br\/secretaria-do-gabinete\/#\/schema\/person\/image\/\",\"url\":\"https:\/\/secure.gravatar.com\/avatar\/63d72595d6cecfe12bd8a94829d5a26c?s=96&d=mm&r=g\",\"contentUrl\":\"https:\/\/secure.gravatar.com\/avatar\/63d72595d6cecfe12bd8a94829d5a26c?s=96&d=mm&r=g\",\"caption\":\"mosite\"},\"sameAs\":[\"http:\/\/example.com\"],\"url\":\"https:\/\/www.pmpf.rs.gov.br\/secretaria-do-gabinete\/author\/mosite\/\"}]}<\/script>\n<!-- \/ Yoast SEO plugin. -->","yoast_head_json":{"title":"Edi\u00e7\u00e3o do Prefeitura Mais Perto recebe m\u00fasicos - Secretaria do Gabinete","robots":{"index":"index","follow":"follow","max-snippet":"max-snippet:-1","max-image-preview":"max-image-preview:large","max-video-preview":"max-video-preview:-1"},"canonical":"https:\/\/www.pmpf.rs.gov.br\/secretaria-do-gabinete\/2022\/02\/16\/edicao-do-prefeitura-mais-perto-recebe-musicos\/","og_locale":"pt_BR","og_type":"article","og_title":"Edi\u00e7\u00e3o do Prefeitura Mais Perto recebe m\u00fasicos - Secretaria do Gabinete","og_description":"Proposta \u00e9 ampliar os di\u00e1logos com os diferentes setores da sociedade","og_url":"https:\/\/www.pmpf.rs.gov.br\/secretaria-do-gabinete\/2022\/02\/16\/edicao-do-prefeitura-mais-perto-recebe-musicos\/","og_site_name":"Secretaria do Gabinete","article_published_time":"2022-02-16T17:05:01+00:00","article_modified_time":"2022-03-13T01:06:05+00:00","og_image":[{"width":1365,"height":899,"url":"https:\/\/www.pmpf.rs.gov.br\/secretaria-do-gabinete\/wp-content\/uploads\/sites\/46\/2022\/03\/I2022-02-16_11_09_41_338885.jpg","type":"image\/jpeg"}],"author":"mosite","twitter_card":"summary_large_image","twitter_misc":{"Escrito por":"mosite","Est. tempo de leitura":"3 minutos"},"schema":{"@context":"https:\/\/schema.org","@graph":[{"@type":"WebPage","@id":"https:\/\/www.pmpf.rs.gov.br\/secretaria-do-gabinete\/2022\/02\/16\/edicao-do-prefeitura-mais-perto-recebe-musicos\/","url":"https:\/\/www.pmpf.rs.gov.br\/secretaria-do-gabinete\/2022\/02\/16\/edicao-do-prefeitura-mais-perto-recebe-musicos\/","name":"Edi\u00e7\u00e3o do Prefeitura Mais Perto recebe m\u00fasicos - Secretaria do Gabinete","isPartOf":{"@id":"https:\/\/www.pmpf.rs.gov.br\/secretaria-do-gabinete\/#website"},"primaryImageOfPage":{"@id":"https:\/\/www.pmpf.rs.gov.br\/secretaria-do-gabinete\/2022\/02\/16\/edicao-do-prefeitura-mais-perto-recebe-musicos\/#primaryimage"},"image":{"@id":"https:\/\/www.pmpf.rs.gov.br\/secretaria-do-gabinete\/2022\/02\/16\/edicao-do-prefeitura-mais-perto-recebe-musicos\/#primaryimage"},"thumbnailUrl":"https:\/\/www.pmpf.rs.gov.br\/secretaria-do-gabinete\/wp-content\/uploads\/sites\/46\/2022\/03\/I2022-02-16_11_09_41_338885.jpg","datePublished":"2022-02-16T17:05:01+00:00","dateModified":"2022-03-13T01:06:05+00:00","author":{"@id":"https:\/\/www.pmpf.rs.gov.br\/secretaria-do-gabinete\/#\/schema\/person\/0c355b0fa68a7aa986c8594f7a60a2d7"},"inLanguage":"pt-BR","potentialAction":[{"@type":"ReadAction","target":["https:\/\/www.pmpf.rs.gov.br\/secretaria-do-gabinete\/2022\/02\/16\/edicao-do-prefeitura-mais-perto-recebe-musicos\/"]}]},{"@type":"ImageObject","inLanguage":"pt-BR","@id":"https:\/\/www.pmpf.rs.gov.br\/secretaria-do-gabinete\/2022\/02\/16\/edicao-do-prefeitura-mais-perto-recebe-musicos\/#primaryimage","url":"https:\/\/www.pmpf.rs.gov.br\/secretaria-do-gabinete\/wp-content\/uploads\/sites\/46\/2022\/03\/I2022-02-16_11_09_41_338885.jpg","contentUrl":"https:\/\/www.pmpf.rs.gov.br\/secretaria-do-gabinete\/wp-content\/uploads\/sites\/46\/2022\/03\/I2022-02-16_11_09_41_338885.jpg","width":1365,"height":899},{"@type":"WebSite","@id":"https:\/\/www.pmpf.rs.gov.br\/secretaria-do-gabinete\/#website","url":"https:\/\/www.pmpf.rs.gov.br\/secretaria-do-gabinete\/","name":"Secretaria do Gabinete","description":"S\u00f3 mais um site Prefeitura de Passo Fundo","potentialAction":[{"@type":"SearchAction","target":{"@type":"EntryPoint","urlTemplate":"https:\/\/www.pmpf.rs.gov.br\/secretaria-do-gabinete\/?s={search_term_string}"},"query-input":{"@type":"PropertyValueSpecification","valueRequired":true,"valueName":"search_term_string"}}],"inLanguage":"pt-BR"},{"@type":"Person","@id":"https:\/\/www.pmpf.rs.gov.br\/secretaria-do-gabinete\/#\/schema\/person\/0c355b0fa68a7aa986c8594f7a60a2d7","name":"mosite","image":{"@type":"ImageObject","inLanguage":"pt-BR","@id":"https:\/\/www.pmpf.rs.gov.br\/secretaria-do-gabinete\/#\/schema\/person\/image\/","url":"https:\/\/secure.gravatar.com\/avatar\/63d72595d6cecfe12bd8a94829d5a26c?s=96&d=mm&r=g","contentUrl":"https:\/\/secure.gravatar.com\/avatar\/63d72595d6cecfe12bd8a94829d5a26c?s=96&d=mm&r=g","caption":"mosite"},"sameAs":["http:\/\/example.com"],"url":"https:\/\/www.pmpf.rs.gov.br\/secretaria-do-gabinete\/author\/mosite\/"}]}},"_links":{"self":[{"href":"https:\/\/www.pmpf.rs.gov.br\/secretaria-do-gabinete\/wp-json\/wp\/v2\/posts\/2219"}],"collection":[{"href":"https:\/\/www.pmpf.rs.gov.br\/secretaria-do-gabinete\/wp-json\/wp\/v2\/posts"}],"about":[{"href":"https:\/\/www.pmpf.rs.gov.br\/secretaria-do-gabinete\/wp-json\/wp\/v2\/types\/post"}],"author":[{"embeddable":true,"href":"https:\/\/www.pmpf.rs.gov.br\/secretaria-do-gabinete\/wp-json\/wp\/v2\/users\/1"}],"replies":[{"embeddable":true,"href":"https:\/\/www.pmpf.rs.gov.br\/secretaria-do-gabinete\/wp-json\/wp\/v2\/comments?post=2219"}],"version-history":[{"count":1,"href":"https:\/\/www.pmpf.rs.gov.br\/secretaria-do-gabinete\/wp-json\/wp\/v2\/posts\/2219\/revisions"}],"predecessor-version":[{"id":2222,"href":"https:\/\/www.pmpf.rs.gov.br\/secretaria-do-gabinete\/wp-json\/wp\/v2\/posts\/2219\/revisions\/2222"}],"wp:featuredmedia":[{"embeddable":true,"href":"https:\/\/www.pmpf.rs.gov.br\/secretaria-do-gabinete\/wp-json\/wp\/v2\/media\/2226"}],"wp:attachment":[{"href":"https:\/\/www.pmpf.rs.gov.br\/secretaria-do-gabinete\/wp-json\/wp\/v2\/media?parent=2219"}],"wp:term":[{"taxonomy":"category","embeddable":true,"href":"https:\/\/www.pmpf.rs.gov.br\/secretaria-do-gabinete\/wp-json\/wp\/v2\/categories?post=2219"},{"taxonomy":"post_tag","embeddable":true,"href":"https:\/\/www.pmpf.rs.gov.br\/secretaria-do-gabinete\/wp-json\/wp\/v2\/tags?post=2219"}],"curies":[{"name":"wp","href":"https:\/\/api.w.org\/{rel}","templated":true}]}}