{"id":993,"date":"2023-04-20T17:15:01","date_gmt":"2023-04-20T20:15:01","guid":{"rendered":"https:\/\/www.pmpf.rs.gov.br\/secretaria-de-seguranca-publica\/?p=993"},"modified":"2023-04-24T08:41:43","modified_gmt":"2023-04-24T11:41:43","slug":"prefeitura-instala-novo-dispositivo-de-seguranca-para-as-escolas","status":"publish","type":"post","link":"https:\/\/www.pmpf.rs.gov.br\/secretaria-de-seguranca-publica\/2023\/04\/20\/prefeitura-instala-novo-dispositivo-de-seguranca-para-as-escolas\/","title":{"rendered":"Prefeitura instala novo dispositivo de seguran\u00e7a para as escolas"},"content":{"rendered":"\n<p><\/p>\n\n\n\n<p><\/p>\n\n\n\n<p>Ampliando as a\u00e7\u00f5es voltadas \u00e0 seguran\u00e7a nas escolas da rede municipal, a Prefeitura de Passo Fundo est\u00e1 instalando um dispositivo que dever\u00e1 ser utilizado em casos de emerg\u00eancia para o acionamento de for\u00e7as de Seguran\u00e7a. A dire\u00e7\u00e3o de cada institui\u00e7\u00e3o ter\u00e1 acesso a um aplicativo de celular com um bot\u00e3o de p\u00e2nico. Ao utilizar o recurso, enviar\u00e1 uma notifica\u00e7\u00e3o imediata para o Centro de Opera\u00e7\u00f5es do Munic\u00edpio e a empresa terceirizada respons\u00e1vel pelo sistema de alarme para que haja o contato com a Brigada Militar.<\/p>\n\n\n\n<p>O prefeito Pedro Almeida afirma que esta \u00e9 mais uma medida implementada pelo Munic\u00edpio dentro do programa Escola + Segura. \u201cDesde o ano passado, executamos a\u00e7\u00f5es que qualificam a seguran\u00e7a nas escolas da rede municipal. Fizemos a instala\u00e7\u00e3o de c\u00e2meras nas 72 institui\u00e7\u00f5es, cujas imagens s\u00e3o transmitidas em tempo real para o Centro de Opera\u00e7\u00f5es do Munic\u00edpio, reinstalamos o sistema de alarme e, agora, teremos um novo recurso com o bot\u00e3o de p\u00e2nico. Al\u00e9m disso, as nossas escolas est\u00e3o fazendo um amplo trabalho sobre a cultura de paz com as comunidades\u201d, menciona.<\/p>\n\n\n\n<p>Em um treinamento realizado nesta quinta-feira (20) com diretores de escolas de Educa\u00e7\u00e3o Infantil, o secret\u00e1rio de Educa\u00e7\u00e3o, Adriano Canabarro Teixeira, informou que o aplicativo ser\u00e1 instalado no celular do diretor e coordenador de cada escola e poder\u00e1 ser utilizado quando eles verificarem uma situa\u00e7\u00e3o que coloque em risco a escola. \u201cAt\u00e9 a pr\u00f3xima semana, todas as escolas estar\u00e3o habilitadas com a ferramenta. Destacamos que n\u00e3o temos hist\u00f3rico de situa\u00e7\u00f5es graves e que as for\u00e7as de seguran\u00e7a do munic\u00edpio nos tranquilizam sobre a situa\u00e7\u00e3o de Passo Fundo. Esperamos que o bot\u00e3o nunca seja usado, mas ele est\u00e1 dispon\u00edvel caso seja necess\u00e1rio\u201d, disse.<\/p>\n\n\n\n<p>Conforme o secret\u00e1rio de Seguran\u00e7a, Jo\u00e3o Darci Gon\u00e7alves, as escolas municipais receberam importantes investimentos e est\u00e3o equipadas com recursos de Seguran\u00e7a.\u201cOs acontecimentos nacionais trouxeram preocupa\u00e7\u00e3o, mas n\u00e3o registramos nenhuma situa\u00e7\u00e3o semelhante no munic\u00edpio e na regi\u00e3o. Esse representa mais um mecanismo para dar tranquilidade \u00e0s fam\u00edlias\u201d, pontuou.<\/p>\n\n\n\n<p>Ainda de acordo com Gon\u00e7alves, o n\u00famero de ocorr\u00eancias envolvendo as escolas municipais caiu em mais de 90% ap\u00f3s a instala\u00e7\u00e3o das c\u00e2meras de videomonitoramento no ano passado. \u201cAs imagens s\u00e3o monitoradas durante 24 horas pelo Centro de Opera\u00e7\u00f5es do Munic\u00edpio. Na maioria das institui\u00e7\u00f5es, n\u00f3s n\u00e3o tivemos mais nenhum problema\u201d, salientou, indicando que, dentro do programa Escola + Segura, ser\u00e3o instaladas mais duas c\u00e2meras inteligentes por escola, totalizando 280 equipamentos.<\/p>\n\n\n\n<p><\/p>\n\n\n\n<p><strong>Dia que marcou a paz nas escolas<\/strong><\/p>\n\n\n\n<p>Na contram\u00e3o de boatos espalhados sobre este dia 20 de abril, escolas da rede municipal promoveram a\u00e7\u00f5es para celebrar a paz. A Escola Municipal de Ensino Fundamental Etelvina Rocha Duro, no Bairro Parque Farroupilha, organizou uma corrente do bem com os estudantes, durante o per\u00edodo de entrada tanto no turno da manh\u00e3 quanto na tarde. Professores e equipe diretiva receberam os alunos com um abra\u00e7o e, no p\u00e1tio, deram as m\u00e3os para um momento de reflex\u00e3o.<\/p>\n\n\n\n<p>A coordenadora pedag\u00f3gica da institui\u00e7\u00e3o, Elis\u00e2ngela Stocco, contou que a iniciativa ajudou a tranquilizar e unir as fam\u00edlias com gestos de afeto. \u201c\u00c9 um momento que surgiu com o que a escola come\u00e7ou a viver em decorr\u00eancia do medo dos pais. Muitos alunos disseram que n\u00e3o viriam neste dia 20, ent\u00e3o, n\u00f3s propomos uma a\u00e7\u00e3o pela paz, que envolveu os estudantes, professores e pais para que a comunidade mude o sentimento. Queremos dizer a todos que o bem tem mais for\u00e7a\u201d, relatou.&nbsp;&nbsp;<\/p>\n","protected":false},"excerpt":{"rendered":"<p>Um aplicativo poder\u00e1 ser utilizado pelas institui\u00e7\u00f5es municipais para acionar for\u00e7as de Seguran\u00e7a de forma imediata. No mesmo dia de an\u00fancio do recurso, escolas da rede municipal promoveram a\u00e7\u00f5es que celebram uma cultura de paz<\/p>\n","protected":false},"author":6,"featured_media":996,"comment_status":"closed","ping_status":"closed","sticky":true,"template":"","format":"standard","meta":{"footnotes":""},"categories":[1],"tags":[],"class_list":["post-993","post","type-post","status-publish","format-standard","has-post-thumbnail","hentry","category-sem-categoria"],"yoast_head":"<!-- This site is optimized with the Yoast SEO plugin v23.8 - https:\/\/yoast.com\/wordpress\/plugins\/seo\/ -->\n<title>Prefeitura instala novo dispositivo de seguran\u00e7a para as escolas - Secretaria de Seguran\u00e7a P\u00fablica e Transporte<\/title>\n<meta name=\"robots\" content=\"index, follow, max-snippet:-1, max-image-preview:large, max-video-preview:-1\" \/>\n<link rel=\"canonical\" href=\"https:\/\/www.pmpf.rs.gov.br\/secretaria-de-seguranca-publica\/2023\/04\/20\/prefeitura-instala-novo-dispositivo-de-seguranca-para-as-escolas\/\" \/>\n<meta property=\"og:locale\" content=\"pt_BR\" \/>\n<meta property=\"og:type\" content=\"article\" \/>\n<meta property=\"og:title\" content=\"Prefeitura instala novo dispositivo de seguran\u00e7a para as escolas - Secretaria de Seguran\u00e7a P\u00fablica e Transporte\" \/>\n<meta property=\"og:description\" content=\"Um aplicativo poder\u00e1 ser utilizado pelas institui\u00e7\u00f5es municipais para acionar for\u00e7as de Seguran\u00e7a de forma imediata. No mesmo dia de an\u00fancio do recurso, escolas da rede municipal promoveram a\u00e7\u00f5es que celebram uma cultura de paz\" \/>\n<meta property=\"og:url\" content=\"https:\/\/www.pmpf.rs.gov.br\/secretaria-de-seguranca-publica\/2023\/04\/20\/prefeitura-instala-novo-dispositivo-de-seguranca-para-as-escolas\/\" \/>\n<meta property=\"og:site_name\" content=\"Secretaria de Seguran\u00e7a P\u00fablica e Transporte\" \/>\n<meta property=\"article:published_time\" content=\"2023-04-20T20:15:01+00:00\" \/>\n<meta property=\"article:modified_time\" content=\"2023-04-24T11:41:43+00:00\" \/>\n<meta property=\"og:image\" content=\"https:\/\/www.pmpf.rs.gov.br\/secretaria-de-seguranca-publica\/wp-content\/uploads\/sites\/54\/2023\/04\/MSF08002-640x853-1.jpg\" \/>\n\t<meta property=\"og:image:width\" content=\"640\" \/>\n\t<meta property=\"og:image:height\" content=\"853\" \/>\n\t<meta property=\"og:image:type\" content=\"image\/jpeg\" \/>\n<meta name=\"author\" content=\"andressazorzetto07\" \/>\n<meta name=\"twitter:card\" content=\"summary_large_image\" \/>\n<meta name=\"twitter:label1\" content=\"Escrito por\" \/>\n\t<meta name=\"twitter:data1\" content=\"andressazorzetto07\" \/>\n\t<meta name=\"twitter:label2\" content=\"Est. tempo de leitura\" \/>\n\t<meta name=\"twitter:data2\" content=\"3 minutos\" \/>\n<script type=\"application\/ld+json\" class=\"yoast-schema-graph\">{\"@context\":\"https:\/\/schema.org\",\"@graph\":[{\"@type\":\"WebPage\",\"@id\":\"https:\/\/www.pmpf.rs.gov.br\/secretaria-de-seguranca-publica\/2023\/04\/20\/prefeitura-instala-novo-dispositivo-de-seguranca-para-as-escolas\/\",\"url\":\"https:\/\/www.pmpf.rs.gov.br\/secretaria-de-seguranca-publica\/2023\/04\/20\/prefeitura-instala-novo-dispositivo-de-seguranca-para-as-escolas\/\",\"name\":\"Prefeitura instala novo dispositivo de seguran\u00e7a para as escolas - Secretaria de Seguran\u00e7a P\u00fablica e Transporte\",\"isPartOf\":{\"@id\":\"https:\/\/www.pmpf.rs.gov.br\/secretaria-de-seguranca-publica\/#website\"},\"primaryImageOfPage\":{\"@id\":\"https:\/\/www.pmpf.rs.gov.br\/secretaria-de-seguranca-publica\/2023\/04\/20\/prefeitura-instala-novo-dispositivo-de-seguranca-para-as-escolas\/#primaryimage\"},\"image\":{\"@id\":\"https:\/\/www.pmpf.rs.gov.br\/secretaria-de-seguranca-publica\/2023\/04\/20\/prefeitura-instala-novo-dispositivo-de-seguranca-para-as-escolas\/#primaryimage\"},\"thumbnailUrl\":\"https:\/\/www.pmpf.rs.gov.br\/secretaria-de-seguranca-publica\/wp-content\/uploads\/sites\/54\/2023\/04\/MSF08002-640x853-1.jpg\",\"datePublished\":\"2023-04-20T20:15:01+00:00\",\"dateModified\":\"2023-04-24T11:41:43+00:00\",\"author\":{\"@id\":\"https:\/\/www.pmpf.rs.gov.br\/secretaria-de-seguranca-publica\/#\/schema\/person\/30ee1d1bd74da1469b01fcf086e43351\"},\"breadcrumb\":{\"@id\":\"https:\/\/www.pmpf.rs.gov.br\/secretaria-de-seguranca-publica\/2023\/04\/20\/prefeitura-instala-novo-dispositivo-de-seguranca-para-as-escolas\/#breadcrumb\"},\"inLanguage\":\"pt-BR\",\"potentialAction\":[{\"@type\":\"ReadAction\",\"target\":[\"https:\/\/www.pmpf.rs.gov.br\/secretaria-de-seguranca-publica\/2023\/04\/20\/prefeitura-instala-novo-dispositivo-de-seguranca-para-as-escolas\/\"]}]},{\"@type\":\"ImageObject\",\"inLanguage\":\"pt-BR\",\"@id\":\"https:\/\/www.pmpf.rs.gov.br\/secretaria-de-seguranca-publica\/2023\/04\/20\/prefeitura-instala-novo-dispositivo-de-seguranca-para-as-escolas\/#primaryimage\",\"url\":\"https:\/\/www.pmpf.rs.gov.br\/secretaria-de-seguranca-publica\/wp-content\/uploads\/sites\/54\/2023\/04\/MSF08002-640x853-1.jpg\",\"contentUrl\":\"https:\/\/www.pmpf.rs.gov.br\/secretaria-de-seguranca-publica\/wp-content\/uploads\/sites\/54\/2023\/04\/MSF08002-640x853-1.jpg\",\"width\":640,\"height\":853},{\"@type\":\"BreadcrumbList\",\"@id\":\"https:\/\/www.pmpf.rs.gov.br\/secretaria-de-seguranca-publica\/2023\/04\/20\/prefeitura-instala-novo-dispositivo-de-seguranca-para-as-escolas\/#breadcrumb\",\"itemListElement\":[{\"@type\":\"ListItem\",\"position\":1,\"name\":\"In\u00edcio\",\"item\":\"https:\/\/www.pmpf.rs.gov.br\/secretaria-de-seguranca-publica\/\"},{\"@type\":\"ListItem\",\"position\":2,\"name\":\"Prefeitura instala novo dispositivo de seguran\u00e7a para as escolas\"}]},{\"@type\":\"WebSite\",\"@id\":\"https:\/\/www.pmpf.rs.gov.br\/secretaria-de-seguranca-publica\/#website\",\"url\":\"https:\/\/www.pmpf.rs.gov.br\/secretaria-de-seguranca-publica\/\",\"name\":\"Secretaria de Seguran\u00e7a P\u00fablica e Transporte\",\"description\":\"S\u00f3 mais um site Prefeitura de Passo Fundo\",\"potentialAction\":[{\"@type\":\"SearchAction\",\"target\":{\"@type\":\"EntryPoint\",\"urlTemplate\":\"https:\/\/www.pmpf.rs.gov.br\/secretaria-de-seguranca-publica\/?s={search_term_string}\"},\"query-input\":{\"@type\":\"PropertyValueSpecification\",\"valueRequired\":true,\"valueName\":\"search_term_string\"}}],\"inLanguage\":\"pt-BR\"},{\"@type\":\"Person\",\"@id\":\"https:\/\/www.pmpf.rs.gov.br\/secretaria-de-seguranca-publica\/#\/schema\/person\/30ee1d1bd74da1469b01fcf086e43351\",\"name\":\"andressazorzetto07\",\"image\":{\"@type\":\"ImageObject\",\"inLanguage\":\"pt-BR\",\"@id\":\"https:\/\/www.pmpf.rs.gov.br\/secretaria-de-seguranca-publica\/#\/schema\/person\/image\/\",\"url\":\"https:\/\/secure.gravatar.com\/avatar\/14c5458ed79dc81da99a13b9ff5f9f19?s=96&d=mm&r=g\",\"contentUrl\":\"https:\/\/secure.gravatar.com\/avatar\/14c5458ed79dc81da99a13b9ff5f9f19?s=96&d=mm&r=g\",\"caption\":\"andressazorzetto07\"},\"url\":\"https:\/\/www.pmpf.rs.gov.br\/secretaria-de-seguranca-publica\/author\/andressazorzetto07\/\"}]}<\/script>\n<!-- \/ Yoast SEO plugin. -->","yoast_head_json":{"title":"Prefeitura instala novo dispositivo de seguran\u00e7a para as escolas - Secretaria de Seguran\u00e7a P\u00fablica e Transporte","robots":{"index":"index","follow":"follow","max-snippet":"max-snippet:-1","max-image-preview":"max-image-preview:large","max-video-preview":"max-video-preview:-1"},"canonical":"https:\/\/www.pmpf.rs.gov.br\/secretaria-de-seguranca-publica\/2023\/04\/20\/prefeitura-instala-novo-dispositivo-de-seguranca-para-as-escolas\/","og_locale":"pt_BR","og_type":"article","og_title":"Prefeitura instala novo dispositivo de seguran\u00e7a para as escolas - Secretaria de Seguran\u00e7a P\u00fablica e Transporte","og_description":"Um aplicativo poder\u00e1 ser utilizado pelas institui\u00e7\u00f5es municipais para acionar for\u00e7as de Seguran\u00e7a de forma imediata. No mesmo dia de an\u00fancio do recurso, escolas da rede municipal promoveram a\u00e7\u00f5es que celebram uma cultura de paz","og_url":"https:\/\/www.pmpf.rs.gov.br\/secretaria-de-seguranca-publica\/2023\/04\/20\/prefeitura-instala-novo-dispositivo-de-seguranca-para-as-escolas\/","og_site_name":"Secretaria de Seguran\u00e7a P\u00fablica e Transporte","article_published_time":"2023-04-20T20:15:01+00:00","article_modified_time":"2023-04-24T11:41:43+00:00","og_image":[{"width":640,"height":853,"url":"https:\/\/www.pmpf.rs.gov.br\/secretaria-de-seguranca-publica\/wp-content\/uploads\/sites\/54\/2023\/04\/MSF08002-640x853-1.jpg","type":"image\/jpeg"}],"author":"andressazorzetto07","twitter_card":"summary_large_image","twitter_misc":{"Escrito por":"andressazorzetto07","Est. tempo de leitura":"3 minutos"},"schema":{"@context":"https:\/\/schema.org","@graph":[{"@type":"WebPage","@id":"https:\/\/www.pmpf.rs.gov.br\/secretaria-de-seguranca-publica\/2023\/04\/20\/prefeitura-instala-novo-dispositivo-de-seguranca-para-as-escolas\/","url":"https:\/\/www.pmpf.rs.gov.br\/secretaria-de-seguranca-publica\/2023\/04\/20\/prefeitura-instala-novo-dispositivo-de-seguranca-para-as-escolas\/","name":"Prefeitura instala novo dispositivo de seguran\u00e7a para as escolas - Secretaria de Seguran\u00e7a P\u00fablica e Transporte","isPartOf":{"@id":"https:\/\/www.pmpf.rs.gov.br\/secretaria-de-seguranca-publica\/#website"},"primaryImageOfPage":{"@id":"https:\/\/www.pmpf.rs.gov.br\/secretaria-de-seguranca-publica\/2023\/04\/20\/prefeitura-instala-novo-dispositivo-de-seguranca-para-as-escolas\/#primaryimage"},"image":{"@id":"https:\/\/www.pmpf.rs.gov.br\/secretaria-de-seguranca-publica\/2023\/04\/20\/prefeitura-instala-novo-dispositivo-de-seguranca-para-as-escolas\/#primaryimage"},"thumbnailUrl":"https:\/\/www.pmpf.rs.gov.br\/secretaria-de-seguranca-publica\/wp-content\/uploads\/sites\/54\/2023\/04\/MSF08002-640x853-1.jpg","datePublished":"2023-04-20T20:15:01+00:00","dateModified":"2023-04-24T11:41:43+00:00","author":{"@id":"https:\/\/www.pmpf.rs.gov.br\/secretaria-de-seguranca-publica\/#\/schema\/person\/30ee1d1bd74da1469b01fcf086e43351"},"breadcrumb":{"@id":"https:\/\/www.pmpf.rs.gov.br\/secretaria-de-seguranca-publica\/2023\/04\/20\/prefeitura-instala-novo-dispositivo-de-seguranca-para-as-escolas\/#breadcrumb"},"inLanguage":"pt-BR","potentialAction":[{"@type":"ReadAction","target":["https:\/\/www.pmpf.rs.gov.br\/secretaria-de-seguranca-publica\/2023\/04\/20\/prefeitura-instala-novo-dispositivo-de-seguranca-para-as-escolas\/"]}]},{"@type":"ImageObject","inLanguage":"pt-BR","@id":"https:\/\/www.pmpf.rs.gov.br\/secretaria-de-seguranca-publica\/2023\/04\/20\/prefeitura-instala-novo-dispositivo-de-seguranca-para-as-escolas\/#primaryimage","url":"https:\/\/www.pmpf.rs.gov.br\/secretaria-de-seguranca-publica\/wp-content\/uploads\/sites\/54\/2023\/04\/MSF08002-640x853-1.jpg","contentUrl":"https:\/\/www.pmpf.rs.gov.br\/secretaria-de-seguranca-publica\/wp-content\/uploads\/sites\/54\/2023\/04\/MSF08002-640x853-1.jpg","width":640,"height":853},{"@type":"BreadcrumbList","@id":"https:\/\/www.pmpf.rs.gov.br\/secretaria-de-seguranca-publica\/2023\/04\/20\/prefeitura-instala-novo-dispositivo-de-seguranca-para-as-escolas\/#breadcrumb","itemListElement":[{"@type":"ListItem","position":1,"name":"In\u00edcio","item":"https:\/\/www.pmpf.rs.gov.br\/secretaria-de-seguranca-publica\/"},{"@type":"ListItem","position":2,"name":"Prefeitura instala novo dispositivo de seguran\u00e7a para as escolas"}]},{"@type":"WebSite","@id":"https:\/\/www.pmpf.rs.gov.br\/secretaria-de-seguranca-publica\/#website","url":"https:\/\/www.pmpf.rs.gov.br\/secretaria-de-seguranca-publica\/","name":"Secretaria de Seguran\u00e7a P\u00fablica e Transporte","description":"S\u00f3 mais um site Prefeitura de Passo Fundo","potentialAction":[{"@type":"SearchAction","target":{"@type":"EntryPoint","urlTemplate":"https:\/\/www.pmpf.rs.gov.br\/secretaria-de-seguranca-publica\/?s={search_term_string}"},"query-input":{"@type":"PropertyValueSpecification","valueRequired":true,"valueName":"search_term_string"}}],"inLanguage":"pt-BR"},{"@type":"Person","@id":"https:\/\/www.pmpf.rs.gov.br\/secretaria-de-seguranca-publica\/#\/schema\/person\/30ee1d1bd74da1469b01fcf086e43351","name":"andressazorzetto07","image":{"@type":"ImageObject","inLanguage":"pt-BR","@id":"https:\/\/www.pmpf.rs.gov.br\/secretaria-de-seguranca-publica\/#\/schema\/person\/image\/","url":"https:\/\/secure.gravatar.com\/avatar\/14c5458ed79dc81da99a13b9ff5f9f19?s=96&d=mm&r=g","contentUrl":"https:\/\/secure.gravatar.com\/avatar\/14c5458ed79dc81da99a13b9ff5f9f19?s=96&d=mm&r=g","caption":"andressazorzetto07"},"url":"https:\/\/www.pmpf.rs.gov.br\/secretaria-de-seguranca-publica\/author\/andressazorzetto07\/"}]}},"_links":{"self":[{"href":"https:\/\/www.pmpf.rs.gov.br\/secretaria-de-seguranca-publica\/wp-json\/wp\/v2\/posts\/993"}],"collection":[{"href":"https:\/\/www.pmpf.rs.gov.br\/secretaria-de-seguranca-publica\/wp-json\/wp\/v2\/posts"}],"about":[{"href":"https:\/\/www.pmpf.rs.gov.br\/secretaria-de-seguranca-publica\/wp-json\/wp\/v2\/types\/post"}],"author":[{"embeddable":true,"href":"https:\/\/www.pmpf.rs.gov.br\/secretaria-de-seguranca-publica\/wp-json\/wp\/v2\/users\/6"}],"replies":[{"embeddable":true,"href":"https:\/\/www.pmpf.rs.gov.br\/secretaria-de-seguranca-publica\/wp-json\/wp\/v2\/comments?post=993"}],"version-history":[{"count":1,"href":"https:\/\/www.pmpf.rs.gov.br\/secretaria-de-seguranca-publica\/wp-json\/wp\/v2\/posts\/993\/revisions"}],"predecessor-version":[{"id":994,"href":"https:\/\/www.pmpf.rs.gov.br\/secretaria-de-seguranca-publica\/wp-json\/wp\/v2\/posts\/993\/revisions\/994"}],"wp:featuredmedia":[{"embeddable":true,"href":"https:\/\/www.pmpf.rs.gov.br\/secretaria-de-seguranca-publica\/wp-json\/wp\/v2\/media\/996"}],"wp:attachment":[{"href":"https:\/\/www.pmpf.rs.gov.br\/secretaria-de-seguranca-publica\/wp-json\/wp\/v2\/media?parent=993"}],"wp:term":[{"taxonomy":"category","embeddable":true,"href":"https:\/\/www.pmpf.rs.gov.br\/secretaria-de-seguranca-publica\/wp-json\/wp\/v2\/categories?post=993"},{"taxonomy":"post_tag","embeddable":true,"href":"https:\/\/www.pmpf.rs.gov.br\/secretaria-de-seguranca-publica\/wp-json\/wp\/v2\/tags?post=993"}],"curies":[{"name":"wp","href":"https:\/\/api.w.org\/{rel}","templated":true}]}}