{"id":986,"date":"2023-04-12T10:48:53","date_gmt":"2023-04-12T13:48:53","guid":{"rendered":"https:\/\/www.pmpf.rs.gov.br\/secretaria-de-seguranca-publica\/?p=986"},"modified":"2023-04-12T10:48:55","modified_gmt":"2023-04-12T13:48:55","slug":"prefeito-pedro-reune-forcas-policiais-e-entidades-ligadas-a-educacao-para-tratar-da-seguranca-nas-escolas","status":"publish","type":"post","link":"https:\/\/www.pmpf.rs.gov.br\/secretaria-de-seguranca-publica\/2023\/04\/12\/prefeito-pedro-reune-forcas-policiais-e-entidades-ligadas-a-educacao-para-tratar-da-seguranca-nas-escolas\/","title":{"rendered":"Prefeito Pedro re\u00fane for\u00e7as policiais e entidades ligadas \u00e0 Educa\u00e7\u00e3o para tratar da seguran\u00e7a nas escolas"},"content":{"rendered":"\n<p><\/p>\n\n\n\n<p><br>Em reuni\u00e3o convocada pelo prefeito Pedro Almeida nesta quarta-feira (12), for\u00e7as policiais, entidades ligadas \u00e0 Educa\u00e7\u00e3o e vereadores trataram da seguran\u00e7a nas escolas. Uma s\u00e9rie de medidas para ampliar a seguran\u00e7a na rede municipal j\u00e1 havia sido anunciada pelo prefeito na ter\u00e7a-feira e foi refor\u00e7ada durante o encontro, que tamb\u00e9m foi pautado por uma avalia\u00e7\u00e3o do cen\u00e1rio local e o combate \u00e0s fake news.<\/p>\n\n\n\n<p>\u201cO Munic\u00edpio trabalha de forma integrada com as for\u00e7as policiais a fim de proteger as crian\u00e7as, professores e demais profissionais e busca tomar medidas conjuntas com todos os envolvidos na quest\u00e3o da seguran\u00e7a nas escolas Temos plena confian\u00e7a nos nossos \u00f3rg\u00e3os de seguran\u00e7a e pedimos que as pessoas auxiliem neste trabalho dos policiais, sem espalhar not\u00edcias falsas que geram p\u00e2nico na comunidade\u201d, afirmou o prefeito, lembrando que a seguran\u00e7a nas escolas j\u00e1 vem sendo trabalhada com a\u00e7\u00f5es concretas, como a instala\u00e7\u00e3o de videomonitoramento em todas as institui\u00e7\u00f5es da rede municipal.<\/p>\n\n\n\n<p>O delegado regional de Pol\u00edcia, Adroaldo Schenkel, destacou que, at\u00e9 o momento, nenhuma ocorr\u00eancia grave foi registrada em escolas de Passo Fundo. Ele pediu a contribui\u00e7\u00e3o da comunidade para n\u00e3o repasse informa\u00e7\u00f5es falsas. \u201cA nossa palavra aqui no munic\u00edpio \u00e9 de tranquilidade, assim como o resto do Estado do Rio Grande do Sul. N\u00e3o h\u00e1 nenhum indicativo de fatos graves. Pedimos \u00e0 popula\u00e7\u00e3o que n\u00e3o divulgue informa\u00e7\u00f5es duvidosas ou claramente falsas, evitando fazer alarmes indevidos e criar p\u00e2nico. Qualquer situa\u00e7\u00e3o ser\u00e1 tratada pelas intelig\u00eancias da Pol\u00edcia Civil, da Brigada Militar e da Secretaria Municipal de Seguran\u00e7a P\u00fablica\u201d, pontuou<\/p>\n\n\n\n<p>O comandante da Brigada Militar, tenente-coronel Cilon Freitas, enfatizou que a presen\u00e7a da Brigada Militar nas escolas faz parte de um trabalho preventivo, constru\u00eddo h\u00e1 anos para ampliar a seguran\u00e7a nas escolas, e que segue sendo realizado diariamente. \u201cA Brigada continua fazendo seguran\u00e7a como sempre tem feito. Faz parte da nossa rotina e das estrat\u00e9gias de seguran\u00e7a essa prote\u00e7\u00e3o \u00e0s escolas. Temos a patrulha escolar, que percorre todas as escolas, p\u00fablicas e privadas, de todos os n\u00edveis, e a presen\u00e7a policial seguir\u00e1 sendo realizada\u201d, afirmou.<\/p>\n\n\n\n<p>L\u00edder do governo na C\u00e2mara, o vereador Gio Krug enalteceu o trabalho desenvolvido pelas for\u00e7as policiais e pelo Munic\u00edpio, destacando a import\u00e2ncia de a comunidade ser uma aliada. \u201cTodas as den\u00fancias s\u00e3o monitoradas e as fake news acabam atrapalhando o trabalho. \u00c9 um momento delicado e n\u00f3s pedimos que as escolas transmitam tranquilidade \u00e0 comunidade e que a popula\u00e7\u00e3o n\u00e3o compartilhe fake news sobre ocorr\u00eancias nas escolas\u201d, salientou.<\/p>\n\n\n\n<p><\/p>\n\n\n\n<p><strong>Escola + Segura<\/strong><\/p>\n\n\n\n<p>O secret\u00e1rio de Educa\u00e7\u00e3o, Adriano Canabarro Teixeira elencou as medidas adotadas dentro do programa Escola + Segura. As principais foram apresentadas pelo prefeito nessa ter\u00e7a-feira (11) e corroboradas durante a reuni\u00e3o. \u201cEstamos atuando em diversas frentes para ampliar a seguran\u00e7a dos alunos, professores, servidores e fam\u00edlias. O Munic\u00edpio instalou c\u00e2meras nas 72 institui\u00e7\u00f5es, fez uma atualiza\u00e7\u00e3o do sistema de alarme e est\u00e1 efetuando o cercamento das escolas. Tamb\u00e9m intensificar\u00e1 o projeto antibullying e a conscientiza\u00e7\u00e3o da comunidade escolar sobre a preven\u00e7\u00e3o da viol\u00eancia. Al\u00e9m disso, estuda a contrata\u00e7\u00e3o de uma guarda escolar terceirizada\u201d, elenca o secret\u00e1rio.<\/p>\n\n\n\n<p>As c\u00e2meras de videomonitoramento impactaram em uma redu\u00e7\u00e3o significativa de ocorr\u00eancias registradas nas escolas, conforme o secret\u00e1rio de Seguran\u00e7a, Jo\u00e3o Darci Gon\u00e7alves. As imagens s\u00e3o monitoradas pelo Centro de Opera\u00e7\u00f5es do Munic\u00edpio e conectadas com a Brigada Militar. \u201cFicamos 24 horas monitorando essas c\u00e2meras. Todo e qualquer problema que surge\u00a0de ordem policial \u00e9 encaminhado \u00e0 Brigada Militar, que sempre tem uma viatura na redondeza. As ocorr\u00eancias diminu\u00edram em mais de 90% somente com a coloca\u00e7\u00e3o dos equipamentos\u201d, avaliou.<\/p>\n\n\n\n<p><\/p>\n\n\n\n<p><strong>Den\u00fancias<\/strong><\/p>\n\n\n\n<p>Situa\u00e7\u00f5es que envolvam ocorr\u00eancias em escolas podem ser reportadas \u00e0s for\u00e7as policiais a partir dos seguintes contatos:<\/p>\n\n\n\n<p>190 \u2013 Brigada Militar<\/p>\n\n\n\n<p>197 \u2013 Pol\u00edcia Civil<\/p>\n\n\n\n<p>181 \u2013 Disque-Den\u00fancia<\/p>\n\n\n\n<p><\/p>\n\n\n\n<p><strong>Foto: Michel Sanderi<\/strong><\/p>\n","protected":false},"excerpt":{"rendered":"<p>Uma s\u00e9rie de medidas para ampliar a seguran\u00e7a na rede municipal j\u00e1 havia sido anunciada pelo prefeito na ter\u00e7a-feira e foi refor\u00e7ada durante o encontro, que tamb\u00e9m foi pautado por uma avalia\u00e7\u00e3o do cen\u00e1rio local e o combate \u00e0s fake news<\/p>\n","protected":false},"author":6,"featured_media":987,"comment_status":"closed","ping_status":"closed","sticky":true,"template":"","format":"standard","meta":{"footnotes":""},"categories":[1],"tags":[],"class_list":["post-986","post","type-post","status-publish","format-standard","has-post-thumbnail","hentry","category-sem-categoria"],"yoast_head":"<!-- This site is optimized with the Yoast SEO plugin v23.8 - https:\/\/yoast.com\/wordpress\/plugins\/seo\/ -->\n<title>Prefeito Pedro re\u00fane for\u00e7as policiais e entidades ligadas \u00e0 Educa\u00e7\u00e3o para tratar da seguran\u00e7a nas escolas - Secretaria de Seguran\u00e7a P\u00fablica e Transporte<\/title>\n<meta name=\"robots\" content=\"index, follow, max-snippet:-1, max-image-preview:large, max-video-preview:-1\" \/>\n<link rel=\"canonical\" href=\"https:\/\/www.pmpf.rs.gov.br\/secretaria-de-seguranca-publica\/2023\/04\/12\/prefeito-pedro-reune-forcas-policiais-e-entidades-ligadas-a-educacao-para-tratar-da-seguranca-nas-escolas\/\" \/>\n<meta property=\"og:locale\" content=\"pt_BR\" \/>\n<meta property=\"og:type\" content=\"article\" \/>\n<meta property=\"og:title\" content=\"Prefeito Pedro re\u00fane for\u00e7as policiais e entidades ligadas \u00e0 Educa\u00e7\u00e3o para tratar da seguran\u00e7a nas escolas - Secretaria de Seguran\u00e7a P\u00fablica e Transporte\" \/>\n<meta property=\"og:description\" content=\"Uma s\u00e9rie de medidas para ampliar a seguran\u00e7a na rede municipal j\u00e1 havia sido anunciada pelo prefeito na ter\u00e7a-feira e foi refor\u00e7ada durante o encontro, que tamb\u00e9m foi pautado por uma avalia\u00e7\u00e3o do cen\u00e1rio local e o combate \u00e0s fake news\" \/>\n<meta property=\"og:url\" content=\"https:\/\/www.pmpf.rs.gov.br\/secretaria-de-seguranca-publica\/2023\/04\/12\/prefeito-pedro-reune-forcas-policiais-e-entidades-ligadas-a-educacao-para-tratar-da-seguranca-nas-escolas\/\" \/>\n<meta property=\"og:site_name\" content=\"Secretaria de Seguran\u00e7a P\u00fablica e Transporte\" \/>\n<meta property=\"article:published_time\" content=\"2023-04-12T13:48:53+00:00\" \/>\n<meta property=\"article:modified_time\" content=\"2023-04-12T13:48:55+00:00\" \/>\n<meta name=\"author\" content=\"andressazorzetto07\" \/>\n<meta name=\"twitter:card\" content=\"summary_large_image\" \/>\n<meta name=\"twitter:label1\" content=\"Escrito por\" \/>\n\t<meta name=\"twitter:data1\" content=\"andressazorzetto07\" \/>\n\t<meta name=\"twitter:label2\" content=\"Est. tempo de leitura\" \/>\n\t<meta name=\"twitter:data2\" content=\"3 minutos\" \/>\n<script type=\"application\/ld+json\" class=\"yoast-schema-graph\">{\"@context\":\"https:\/\/schema.org\",\"@graph\":[{\"@type\":\"WebPage\",\"@id\":\"https:\/\/www.pmpf.rs.gov.br\/secretaria-de-seguranca-publica\/2023\/04\/12\/prefeito-pedro-reune-forcas-policiais-e-entidades-ligadas-a-educacao-para-tratar-da-seguranca-nas-escolas\/\",\"url\":\"https:\/\/www.pmpf.rs.gov.br\/secretaria-de-seguranca-publica\/2023\/04\/12\/prefeito-pedro-reune-forcas-policiais-e-entidades-ligadas-a-educacao-para-tratar-da-seguranca-nas-escolas\/\",\"name\":\"Prefeito Pedro re\u00fane for\u00e7as policiais e entidades ligadas \u00e0 Educa\u00e7\u00e3o para tratar da seguran\u00e7a nas escolas - Secretaria de Seguran\u00e7a P\u00fablica e Transporte\",\"isPartOf\":{\"@id\":\"https:\/\/www.pmpf.rs.gov.br\/secretaria-de-seguranca-publica\/#website\"},\"primaryImageOfPage\":{\"@id\":\"https:\/\/www.pmpf.rs.gov.br\/secretaria-de-seguranca-publica\/2023\/04\/12\/prefeito-pedro-reune-forcas-policiais-e-entidades-ligadas-a-educacao-para-tratar-da-seguranca-nas-escolas\/#primaryimage\"},\"image\":{\"@id\":\"https:\/\/www.pmpf.rs.gov.br\/secretaria-de-seguranca-publica\/2023\/04\/12\/prefeito-pedro-reune-forcas-policiais-e-entidades-ligadas-a-educacao-para-tratar-da-seguranca-nas-escolas\/#primaryimage\"},\"thumbnailUrl\":\"https:\/\/www.pmpf.rs.gov.br\/secretaria-de-seguranca-publica\/wp-content\/uploads\/sites\/54\/2023\/04\/reuniao-seguranca-escolas.jpeg\",\"datePublished\":\"2023-04-12T13:48:53+00:00\",\"dateModified\":\"2023-04-12T13:48:55+00:00\",\"author\":{\"@id\":\"https:\/\/www.pmpf.rs.gov.br\/secretaria-de-seguranca-publica\/#\/schema\/person\/30ee1d1bd74da1469b01fcf086e43351\"},\"breadcrumb\":{\"@id\":\"https:\/\/www.pmpf.rs.gov.br\/secretaria-de-seguranca-publica\/2023\/04\/12\/prefeito-pedro-reune-forcas-policiais-e-entidades-ligadas-a-educacao-para-tratar-da-seguranca-nas-escolas\/#breadcrumb\"},\"inLanguage\":\"pt-BR\",\"potentialAction\":[{\"@type\":\"ReadAction\",\"target\":[\"https:\/\/www.pmpf.rs.gov.br\/secretaria-de-seguranca-publica\/2023\/04\/12\/prefeito-pedro-reune-forcas-policiais-e-entidades-ligadas-a-educacao-para-tratar-da-seguranca-nas-escolas\/\"]}]},{\"@type\":\"ImageObject\",\"inLanguage\":\"pt-BR\",\"@id\":\"https:\/\/www.pmpf.rs.gov.br\/secretaria-de-seguranca-publica\/2023\/04\/12\/prefeito-pedro-reune-forcas-policiais-e-entidades-ligadas-a-educacao-para-tratar-da-seguranca-nas-escolas\/#primaryimage\",\"url\":\"https:\/\/www.pmpf.rs.gov.br\/secretaria-de-seguranca-publica\/wp-content\/uploads\/sites\/54\/2023\/04\/reuniao-seguranca-escolas.jpeg\",\"contentUrl\":\"https:\/\/www.pmpf.rs.gov.br\/secretaria-de-seguranca-publica\/wp-content\/uploads\/sites\/54\/2023\/04\/reuniao-seguranca-escolas.jpeg\",\"width\":1600,\"height\":1066},{\"@type\":\"BreadcrumbList\",\"@id\":\"https:\/\/www.pmpf.rs.gov.br\/secretaria-de-seguranca-publica\/2023\/04\/12\/prefeito-pedro-reune-forcas-policiais-e-entidades-ligadas-a-educacao-para-tratar-da-seguranca-nas-escolas\/#breadcrumb\",\"itemListElement\":[{\"@type\":\"ListItem\",\"position\":1,\"name\":\"In\u00edcio\",\"item\":\"https:\/\/www.pmpf.rs.gov.br\/secretaria-de-seguranca-publica\/\"},{\"@type\":\"ListItem\",\"position\":2,\"name\":\"Prefeito Pedro re\u00fane for\u00e7as policiais e entidades ligadas \u00e0 Educa\u00e7\u00e3o para tratar da seguran\u00e7a nas escolas\"}]},{\"@type\":\"WebSite\",\"@id\":\"https:\/\/www.pmpf.rs.gov.br\/secretaria-de-seguranca-publica\/#website\",\"url\":\"https:\/\/www.pmpf.rs.gov.br\/secretaria-de-seguranca-publica\/\",\"name\":\"Secretaria de Seguran\u00e7a P\u00fablica e Transporte\",\"description\":\"S\u00f3 mais um site Prefeitura de Passo Fundo\",\"potentialAction\":[{\"@type\":\"SearchAction\",\"target\":{\"@type\":\"EntryPoint\",\"urlTemplate\":\"https:\/\/www.pmpf.rs.gov.br\/secretaria-de-seguranca-publica\/?s={search_term_string}\"},\"query-input\":{\"@type\":\"PropertyValueSpecification\",\"valueRequired\":true,\"valueName\":\"search_term_string\"}}],\"inLanguage\":\"pt-BR\"},{\"@type\":\"Person\",\"@id\":\"https:\/\/www.pmpf.rs.gov.br\/secretaria-de-seguranca-publica\/#\/schema\/person\/30ee1d1bd74da1469b01fcf086e43351\",\"name\":\"andressazorzetto07\",\"image\":{\"@type\":\"ImageObject\",\"inLanguage\":\"pt-BR\",\"@id\":\"https:\/\/www.pmpf.rs.gov.br\/secretaria-de-seguranca-publica\/#\/schema\/person\/image\/\",\"url\":\"https:\/\/secure.gravatar.com\/avatar\/14c5458ed79dc81da99a13b9ff5f9f19?s=96&d=mm&r=g\",\"contentUrl\":\"https:\/\/secure.gravatar.com\/avatar\/14c5458ed79dc81da99a13b9ff5f9f19?s=96&d=mm&r=g\",\"caption\":\"andressazorzetto07\"},\"url\":\"https:\/\/www.pmpf.rs.gov.br\/secretaria-de-seguranca-publica\/author\/andressazorzetto07\/\"}]}<\/script>\n<!-- \/ Yoast SEO plugin. -->","yoast_head_json":{"title":"Prefeito Pedro re\u00fane for\u00e7as policiais e entidades ligadas \u00e0 Educa\u00e7\u00e3o para tratar da seguran\u00e7a nas escolas - Secretaria de Seguran\u00e7a P\u00fablica e Transporte","robots":{"index":"index","follow":"follow","max-snippet":"max-snippet:-1","max-image-preview":"max-image-preview:large","max-video-preview":"max-video-preview:-1"},"canonical":"https:\/\/www.pmpf.rs.gov.br\/secretaria-de-seguranca-publica\/2023\/04\/12\/prefeito-pedro-reune-forcas-policiais-e-entidades-ligadas-a-educacao-para-tratar-da-seguranca-nas-escolas\/","og_locale":"pt_BR","og_type":"article","og_title":"Prefeito Pedro re\u00fane for\u00e7as policiais e entidades ligadas \u00e0 Educa\u00e7\u00e3o para tratar da seguran\u00e7a nas escolas - Secretaria de Seguran\u00e7a P\u00fablica e Transporte","og_description":"Uma s\u00e9rie de medidas para ampliar a seguran\u00e7a na rede municipal j\u00e1 havia sido anunciada pelo prefeito na ter\u00e7a-feira e foi refor\u00e7ada durante o encontro, que tamb\u00e9m foi pautado por uma avalia\u00e7\u00e3o do cen\u00e1rio local e o combate \u00e0s fake news","og_url":"https:\/\/www.pmpf.rs.gov.br\/secretaria-de-seguranca-publica\/2023\/04\/12\/prefeito-pedro-reune-forcas-policiais-e-entidades-ligadas-a-educacao-para-tratar-da-seguranca-nas-escolas\/","og_site_name":"Secretaria de Seguran\u00e7a P\u00fablica e Transporte","article_published_time":"2023-04-12T13:48:53+00:00","article_modified_time":"2023-04-12T13:48:55+00:00","author":"andressazorzetto07","twitter_card":"summary_large_image","twitter_misc":{"Escrito por":"andressazorzetto07","Est. tempo de leitura":"3 minutos"},"schema":{"@context":"https:\/\/schema.org","@graph":[{"@type":"WebPage","@id":"https:\/\/www.pmpf.rs.gov.br\/secretaria-de-seguranca-publica\/2023\/04\/12\/prefeito-pedro-reune-forcas-policiais-e-entidades-ligadas-a-educacao-para-tratar-da-seguranca-nas-escolas\/","url":"https:\/\/www.pmpf.rs.gov.br\/secretaria-de-seguranca-publica\/2023\/04\/12\/prefeito-pedro-reune-forcas-policiais-e-entidades-ligadas-a-educacao-para-tratar-da-seguranca-nas-escolas\/","name":"Prefeito Pedro re\u00fane for\u00e7as policiais e entidades ligadas \u00e0 Educa\u00e7\u00e3o para tratar da seguran\u00e7a nas escolas - Secretaria de Seguran\u00e7a P\u00fablica e Transporte","isPartOf":{"@id":"https:\/\/www.pmpf.rs.gov.br\/secretaria-de-seguranca-publica\/#website"},"primaryImageOfPage":{"@id":"https:\/\/www.pmpf.rs.gov.br\/secretaria-de-seguranca-publica\/2023\/04\/12\/prefeito-pedro-reune-forcas-policiais-e-entidades-ligadas-a-educacao-para-tratar-da-seguranca-nas-escolas\/#primaryimage"},"image":{"@id":"https:\/\/www.pmpf.rs.gov.br\/secretaria-de-seguranca-publica\/2023\/04\/12\/prefeito-pedro-reune-forcas-policiais-e-entidades-ligadas-a-educacao-para-tratar-da-seguranca-nas-escolas\/#primaryimage"},"thumbnailUrl":"https:\/\/www.pmpf.rs.gov.br\/secretaria-de-seguranca-publica\/wp-content\/uploads\/sites\/54\/2023\/04\/reuniao-seguranca-escolas.jpeg","datePublished":"2023-04-12T13:48:53+00:00","dateModified":"2023-04-12T13:48:55+00:00","author":{"@id":"https:\/\/www.pmpf.rs.gov.br\/secretaria-de-seguranca-publica\/#\/schema\/person\/30ee1d1bd74da1469b01fcf086e43351"},"breadcrumb":{"@id":"https:\/\/www.pmpf.rs.gov.br\/secretaria-de-seguranca-publica\/2023\/04\/12\/prefeito-pedro-reune-forcas-policiais-e-entidades-ligadas-a-educacao-para-tratar-da-seguranca-nas-escolas\/#breadcrumb"},"inLanguage":"pt-BR","potentialAction":[{"@type":"ReadAction","target":["https:\/\/www.pmpf.rs.gov.br\/secretaria-de-seguranca-publica\/2023\/04\/12\/prefeito-pedro-reune-forcas-policiais-e-entidades-ligadas-a-educacao-para-tratar-da-seguranca-nas-escolas\/"]}]},{"@type":"ImageObject","inLanguage":"pt-BR","@id":"https:\/\/www.pmpf.rs.gov.br\/secretaria-de-seguranca-publica\/2023\/04\/12\/prefeito-pedro-reune-forcas-policiais-e-entidades-ligadas-a-educacao-para-tratar-da-seguranca-nas-escolas\/#primaryimage","url":"https:\/\/www.pmpf.rs.gov.br\/secretaria-de-seguranca-publica\/wp-content\/uploads\/sites\/54\/2023\/04\/reuniao-seguranca-escolas.jpeg","contentUrl":"https:\/\/www.pmpf.rs.gov.br\/secretaria-de-seguranca-publica\/wp-content\/uploads\/sites\/54\/2023\/04\/reuniao-seguranca-escolas.jpeg","width":1600,"height":1066},{"@type":"BreadcrumbList","@id":"https:\/\/www.pmpf.rs.gov.br\/secretaria-de-seguranca-publica\/2023\/04\/12\/prefeito-pedro-reune-forcas-policiais-e-entidades-ligadas-a-educacao-para-tratar-da-seguranca-nas-escolas\/#breadcrumb","itemListElement":[{"@type":"ListItem","position":1,"name":"In\u00edcio","item":"https:\/\/www.pmpf.rs.gov.br\/secretaria-de-seguranca-publica\/"},{"@type":"ListItem","position":2,"name":"Prefeito Pedro re\u00fane for\u00e7as policiais e entidades ligadas \u00e0 Educa\u00e7\u00e3o para tratar da seguran\u00e7a nas escolas"}]},{"@type":"WebSite","@id":"https:\/\/www.pmpf.rs.gov.br\/secretaria-de-seguranca-publica\/#website","url":"https:\/\/www.pmpf.rs.gov.br\/secretaria-de-seguranca-publica\/","name":"Secretaria de Seguran\u00e7a P\u00fablica e Transporte","description":"S\u00f3 mais um site Prefeitura de Passo Fundo","potentialAction":[{"@type":"SearchAction","target":{"@type":"EntryPoint","urlTemplate":"https:\/\/www.pmpf.rs.gov.br\/secretaria-de-seguranca-publica\/?s={search_term_string}"},"query-input":{"@type":"PropertyValueSpecification","valueRequired":true,"valueName":"search_term_string"}}],"inLanguage":"pt-BR"},{"@type":"Person","@id":"https:\/\/www.pmpf.rs.gov.br\/secretaria-de-seguranca-publica\/#\/schema\/person\/30ee1d1bd74da1469b01fcf086e43351","name":"andressazorzetto07","image":{"@type":"ImageObject","inLanguage":"pt-BR","@id":"https:\/\/www.pmpf.rs.gov.br\/secretaria-de-seguranca-publica\/#\/schema\/person\/image\/","url":"https:\/\/secure.gravatar.com\/avatar\/14c5458ed79dc81da99a13b9ff5f9f19?s=96&d=mm&r=g","contentUrl":"https:\/\/secure.gravatar.com\/avatar\/14c5458ed79dc81da99a13b9ff5f9f19?s=96&d=mm&r=g","caption":"andressazorzetto07"},"url":"https:\/\/www.pmpf.rs.gov.br\/secretaria-de-seguranca-publica\/author\/andressazorzetto07\/"}]}},"_links":{"self":[{"href":"https:\/\/www.pmpf.rs.gov.br\/secretaria-de-seguranca-publica\/wp-json\/wp\/v2\/posts\/986"}],"collection":[{"href":"https:\/\/www.pmpf.rs.gov.br\/secretaria-de-seguranca-publica\/wp-json\/wp\/v2\/posts"}],"about":[{"href":"https:\/\/www.pmpf.rs.gov.br\/secretaria-de-seguranca-publica\/wp-json\/wp\/v2\/types\/post"}],"author":[{"embeddable":true,"href":"https:\/\/www.pmpf.rs.gov.br\/secretaria-de-seguranca-publica\/wp-json\/wp\/v2\/users\/6"}],"replies":[{"embeddable":true,"href":"https:\/\/www.pmpf.rs.gov.br\/secretaria-de-seguranca-publica\/wp-json\/wp\/v2\/comments?post=986"}],"version-history":[{"count":1,"href":"https:\/\/www.pmpf.rs.gov.br\/secretaria-de-seguranca-publica\/wp-json\/wp\/v2\/posts\/986\/revisions"}],"predecessor-version":[{"id":988,"href":"https:\/\/www.pmpf.rs.gov.br\/secretaria-de-seguranca-publica\/wp-json\/wp\/v2\/posts\/986\/revisions\/988"}],"wp:featuredmedia":[{"embeddable":true,"href":"https:\/\/www.pmpf.rs.gov.br\/secretaria-de-seguranca-publica\/wp-json\/wp\/v2\/media\/987"}],"wp:attachment":[{"href":"https:\/\/www.pmpf.rs.gov.br\/secretaria-de-seguranca-publica\/wp-json\/wp\/v2\/media?parent=986"}],"wp:term":[{"taxonomy":"category","embeddable":true,"href":"https:\/\/www.pmpf.rs.gov.br\/secretaria-de-seguranca-publica\/wp-json\/wp\/v2\/categories?post=986"},{"taxonomy":"post_tag","embeddable":true,"href":"https:\/\/www.pmpf.rs.gov.br\/secretaria-de-seguranca-publica\/wp-json\/wp\/v2\/tags?post=986"}],"curies":[{"name":"wp","href":"https:\/\/api.w.org\/{rel}","templated":true}]}}