{"id":969,"date":"2022-12-07T14:19:45","date_gmt":"2022-12-07T17:19:45","guid":{"rendered":"https:\/\/www.pmpf.rs.gov.br\/secretaria-de-seguranca-publica\/?p=969"},"modified":"2022-12-07T14:19:46","modified_gmt":"2022-12-07T17:19:46","slug":"prefeitura-entrega-de-premiacao-do-concurso-da-semana-nacional-de-transito","status":"publish","type":"post","link":"https:\/\/www.pmpf.rs.gov.br\/secretaria-de-seguranca-publica\/2022\/12\/07\/prefeitura-entrega-de-premiacao-do-concurso-da-semana-nacional-de-transito\/","title":{"rendered":"<strong>Prefeitura entrega de premia\u00e7\u00e3o do Concurso da Semana Nacional de Tr\u00e2nsito<\/strong>"},"content":{"rendered":"\n<p><br>Para comemorar e tamb\u00e9m conscientizar a comunidade sobre os cuidados que devem ser observados no tr\u00e2nsito, a Prefeitura de Passo Fundo, atrav\u00e9s da Secretaria Municipal de Seguran\u00e7a P\u00fablica e do N\u00facleo de Educa\u00e7\u00e3o para o Tr\u00e2nsito, com apoio de outros parceiros, realizou, durante o m\u00eas de setembro, o Concurso da Semana Nacional de Tr\u00e2nsito, que neste ano abordou o tema \u201cJuntos Salvamos Vidas\u201d.<\/p>\n\n\n\n<p>O concurso teve a participa\u00e7\u00e3o de alunos do Ensino Fundamental das escolas p\u00fablicas e privadas do munic\u00edpio de Passo Fundo, onde deviam produzir v\u00eddeos educativos, com produ\u00e7\u00f5es audiovisuais com som e \u00e1udio abordando o tema Juntos Salvamos Vidas. Durante essa semana, a comiss\u00e3o organizadora e entidades apoiadoras iniciaram a entrega da premia\u00e7\u00e3o e dos certificados \u00e0s escolas que participaram e aos alunos vencedores do concurso. Nesta quarta-feira (07), a premia\u00e7\u00e3o foi feita na Escola Municipal de Ensino Fundamental Padre Jos\u00e9 de Anchieta.<\/p>\n\n\n\n<p>Conforme o Chefe do N\u00facleo de Educa\u00e7\u00e3o para o Tr\u00e2nsito, Emerson Drebes, o concurso \u00e9 uma forma de estimular os jovens no cuidado e aten\u00e7\u00e3o no tr\u00e2nsito, evitando acidentes e mortes, tanto para quem dirige um autom\u00f3vel, como para os pedestres. \u201cTivemos uma participa\u00e7\u00e3o positiva das escolas com muitos v\u00eddeos com conte\u00fado completo e importante tratando dos temas propostos. Com certeza, atingimos nosso objetivo\u201d, disse Drebes.<\/p>\n\n\n\n<p><\/p>\n\n\n\n<p><strong>Escolas participantes<br><\/strong>Escola Estadual Gerv\u00e1sio Lucas Annes<br>Escola Estadual de Ensino M\u00e9dio Prestes Guimar\u00e3es<br>Escola Municipal de Ensino Fundamental Arlindo Luiz Os\u00f3rio<br>Escola Municipal de Ensino Fundamental Cohab Sechi<br>Escola Municipal de Ensino Fundamental Dom Jos\u00e9 Gomes<br>Escola Municipal de Ensino Fundamental Eloy Pinheiro Machado<br>Escola Municipal de Ensino Fundamental Etelvina Rocha Duro<br>Escola Municipal de Ensino Fundamental Padre Jos\u00e9 de Anchieta<br>Col\u00e9gio Notre Dame Passo Fundo<br>Escola Notre Dame\/Menino Jesus<\/p>\n\n\n\n<p><\/p>\n\n\n\n<p><strong>Alunos Premiados<br><\/strong>Ana J\u00falia da Luz<br>Nat\u00e1lia Camargo da Silva<br>Sthefani Camargo Drum<br>Saymon Souza Lima<br>Ariadne Stella Orso Badalotti<br>Murilo Willian Garcia Borges<br>Cassiano Esteves de Azevedo<br>Camila Contessa Betim<br>Ana Clara Aparecida Correa dos Santos<br>Massimus Bianco Lopes Dal Bosco<\/p>\n\n\n\n<p><strong>Fotos: Michel Sanderi<\/strong><\/p>\n","protected":false},"excerpt":{"rendered":"<p>Realizada no m\u00eas de setembro, atividade abordou o tema \u201cJuntos Salvamos Vidas\u201d<\/p>\n","protected":false},"author":6,"featured_media":970,"comment_status":"closed","ping_status":"closed","sticky":true,"template":"","format":"standard","meta":{"footnotes":""},"categories":[13],"tags":[],"class_list":["post-969","post","type-post","status-publish","format-standard","has-post-thumbnail","hentry","category-transito"],"yoast_head":"<!-- This site is optimized with the Yoast SEO plugin v23.8 - https:\/\/yoast.com\/wordpress\/plugins\/seo\/ -->\n<title>Prefeitura entrega de premia\u00e7\u00e3o do Concurso da Semana Nacional de Tr\u00e2nsito - Secretaria de Seguran\u00e7a P\u00fablica e Transporte<\/title>\n<meta name=\"robots\" content=\"index, follow, max-snippet:-1, max-image-preview:large, max-video-preview:-1\" \/>\n<link rel=\"canonical\" href=\"https:\/\/www.pmpf.rs.gov.br\/secretaria-de-seguranca-publica\/2022\/12\/07\/prefeitura-entrega-de-premiacao-do-concurso-da-semana-nacional-de-transito\/\" \/>\n<meta property=\"og:locale\" content=\"pt_BR\" \/>\n<meta property=\"og:type\" content=\"article\" \/>\n<meta property=\"og:title\" content=\"Prefeitura entrega de premia\u00e7\u00e3o do Concurso da Semana Nacional de Tr\u00e2nsito - Secretaria de Seguran\u00e7a P\u00fablica e Transporte\" \/>\n<meta property=\"og:description\" content=\"Realizada no m\u00eas de setembro, atividade abordou o tema \u201cJuntos Salvamos Vidas\u201d\" \/>\n<meta property=\"og:url\" content=\"https:\/\/www.pmpf.rs.gov.br\/secretaria-de-seguranca-publica\/2022\/12\/07\/prefeitura-entrega-de-premiacao-do-concurso-da-semana-nacional-de-transito\/\" \/>\n<meta property=\"og:site_name\" content=\"Secretaria de Seguran\u00e7a P\u00fablica e Transporte\" \/>\n<meta property=\"article:published_time\" content=\"2022-12-07T17:19:45+00:00\" \/>\n<meta property=\"article:modified_time\" content=\"2022-12-07T17:19:46+00:00\" \/>\n<meta name=\"author\" content=\"andressazorzetto07\" \/>\n<meta name=\"twitter:card\" content=\"summary_large_image\" \/>\n<meta name=\"twitter:label1\" content=\"Escrito por\" \/>\n\t<meta name=\"twitter:data1\" content=\"andressazorzetto07\" \/>\n\t<meta name=\"twitter:label2\" content=\"Est. tempo de leitura\" \/>\n\t<meta name=\"twitter:data2\" content=\"2 minutos\" \/>\n<script type=\"application\/ld+json\" class=\"yoast-schema-graph\">{\"@context\":\"https:\/\/schema.org\",\"@graph\":[{\"@type\":\"WebPage\",\"@id\":\"https:\/\/www.pmpf.rs.gov.br\/secretaria-de-seguranca-publica\/2022\/12\/07\/prefeitura-entrega-de-premiacao-do-concurso-da-semana-nacional-de-transito\/\",\"url\":\"https:\/\/www.pmpf.rs.gov.br\/secretaria-de-seguranca-publica\/2022\/12\/07\/prefeitura-entrega-de-premiacao-do-concurso-da-semana-nacional-de-transito\/\",\"name\":\"Prefeitura entrega de premia\u00e7\u00e3o do Concurso da Semana Nacional de Tr\u00e2nsito - Secretaria de Seguran\u00e7a P\u00fablica e Transporte\",\"isPartOf\":{\"@id\":\"https:\/\/www.pmpf.rs.gov.br\/secretaria-de-seguranca-publica\/#website\"},\"primaryImageOfPage\":{\"@id\":\"https:\/\/www.pmpf.rs.gov.br\/secretaria-de-seguranca-publica\/2022\/12\/07\/prefeitura-entrega-de-premiacao-do-concurso-da-semana-nacional-de-transito\/#primaryimage\"},\"image\":{\"@id\":\"https:\/\/www.pmpf.rs.gov.br\/secretaria-de-seguranca-publica\/2022\/12\/07\/prefeitura-entrega-de-premiacao-do-concurso-da-semana-nacional-de-transito\/#primaryimage\"},\"thumbnailUrl\":\"https:\/\/www.pmpf.rs.gov.br\/secretaria-de-seguranca-publica\/wp-content\/uploads\/sites\/54\/2022\/12\/premiacao-transito.jpg\",\"datePublished\":\"2022-12-07T17:19:45+00:00\",\"dateModified\":\"2022-12-07T17:19:46+00:00\",\"author\":{\"@id\":\"https:\/\/www.pmpf.rs.gov.br\/secretaria-de-seguranca-publica\/#\/schema\/person\/30ee1d1bd74da1469b01fcf086e43351\"},\"breadcrumb\":{\"@id\":\"https:\/\/www.pmpf.rs.gov.br\/secretaria-de-seguranca-publica\/2022\/12\/07\/prefeitura-entrega-de-premiacao-do-concurso-da-semana-nacional-de-transito\/#breadcrumb\"},\"inLanguage\":\"pt-BR\",\"potentialAction\":[{\"@type\":\"ReadAction\",\"target\":[\"https:\/\/www.pmpf.rs.gov.br\/secretaria-de-seguranca-publica\/2022\/12\/07\/prefeitura-entrega-de-premiacao-do-concurso-da-semana-nacional-de-transito\/\"]}]},{\"@type\":\"ImageObject\",\"inLanguage\":\"pt-BR\",\"@id\":\"https:\/\/www.pmpf.rs.gov.br\/secretaria-de-seguranca-publica\/2022\/12\/07\/prefeitura-entrega-de-premiacao-do-concurso-da-semana-nacional-de-transito\/#primaryimage\",\"url\":\"https:\/\/www.pmpf.rs.gov.br\/secretaria-de-seguranca-publica\/wp-content\/uploads\/sites\/54\/2022\/12\/premiacao-transito.jpg\",\"contentUrl\":\"https:\/\/www.pmpf.rs.gov.br\/secretaria-de-seguranca-publica\/wp-content\/uploads\/sites\/54\/2022\/12\/premiacao-transito.jpg\",\"width\":1600,\"height\":1066},{\"@type\":\"BreadcrumbList\",\"@id\":\"https:\/\/www.pmpf.rs.gov.br\/secretaria-de-seguranca-publica\/2022\/12\/07\/prefeitura-entrega-de-premiacao-do-concurso-da-semana-nacional-de-transito\/#breadcrumb\",\"itemListElement\":[{\"@type\":\"ListItem\",\"position\":1,\"name\":\"In\u00edcio\",\"item\":\"https:\/\/www.pmpf.rs.gov.br\/secretaria-de-seguranca-publica\/\"},{\"@type\":\"ListItem\",\"position\":2,\"name\":\"Prefeitura entrega de premia\u00e7\u00e3o do Concurso da Semana Nacional de Tr\u00e2nsito\"}]},{\"@type\":\"WebSite\",\"@id\":\"https:\/\/www.pmpf.rs.gov.br\/secretaria-de-seguranca-publica\/#website\",\"url\":\"https:\/\/www.pmpf.rs.gov.br\/secretaria-de-seguranca-publica\/\",\"name\":\"Secretaria de Seguran\u00e7a P\u00fablica e Transporte\",\"description\":\"S\u00f3 mais um site Prefeitura de Passo Fundo\",\"potentialAction\":[{\"@type\":\"SearchAction\",\"target\":{\"@type\":\"EntryPoint\",\"urlTemplate\":\"https:\/\/www.pmpf.rs.gov.br\/secretaria-de-seguranca-publica\/?s={search_term_string}\"},\"query-input\":{\"@type\":\"PropertyValueSpecification\",\"valueRequired\":true,\"valueName\":\"search_term_string\"}}],\"inLanguage\":\"pt-BR\"},{\"@type\":\"Person\",\"@id\":\"https:\/\/www.pmpf.rs.gov.br\/secretaria-de-seguranca-publica\/#\/schema\/person\/30ee1d1bd74da1469b01fcf086e43351\",\"name\":\"andressazorzetto07\",\"image\":{\"@type\":\"ImageObject\",\"inLanguage\":\"pt-BR\",\"@id\":\"https:\/\/www.pmpf.rs.gov.br\/secretaria-de-seguranca-publica\/#\/schema\/person\/image\/\",\"url\":\"https:\/\/secure.gravatar.com\/avatar\/14c5458ed79dc81da99a13b9ff5f9f19?s=96&d=mm&r=g\",\"contentUrl\":\"https:\/\/secure.gravatar.com\/avatar\/14c5458ed79dc81da99a13b9ff5f9f19?s=96&d=mm&r=g\",\"caption\":\"andressazorzetto07\"},\"url\":\"https:\/\/www.pmpf.rs.gov.br\/secretaria-de-seguranca-publica\/author\/andressazorzetto07\/\"}]}<\/script>\n<!-- \/ Yoast SEO plugin. -->","yoast_head_json":{"title":"Prefeitura entrega de premia\u00e7\u00e3o do Concurso da Semana Nacional de Tr\u00e2nsito - Secretaria de Seguran\u00e7a P\u00fablica e Transporte","robots":{"index":"index","follow":"follow","max-snippet":"max-snippet:-1","max-image-preview":"max-image-preview:large","max-video-preview":"max-video-preview:-1"},"canonical":"https:\/\/www.pmpf.rs.gov.br\/secretaria-de-seguranca-publica\/2022\/12\/07\/prefeitura-entrega-de-premiacao-do-concurso-da-semana-nacional-de-transito\/","og_locale":"pt_BR","og_type":"article","og_title":"Prefeitura entrega de premia\u00e7\u00e3o do Concurso da Semana Nacional de Tr\u00e2nsito - Secretaria de Seguran\u00e7a P\u00fablica e Transporte","og_description":"Realizada no m\u00eas de setembro, atividade abordou o tema \u201cJuntos Salvamos Vidas\u201d","og_url":"https:\/\/www.pmpf.rs.gov.br\/secretaria-de-seguranca-publica\/2022\/12\/07\/prefeitura-entrega-de-premiacao-do-concurso-da-semana-nacional-de-transito\/","og_site_name":"Secretaria de Seguran\u00e7a P\u00fablica e Transporte","article_published_time":"2022-12-07T17:19:45+00:00","article_modified_time":"2022-12-07T17:19:46+00:00","author":"andressazorzetto07","twitter_card":"summary_large_image","twitter_misc":{"Escrito por":"andressazorzetto07","Est. tempo de leitura":"2 minutos"},"schema":{"@context":"https:\/\/schema.org","@graph":[{"@type":"WebPage","@id":"https:\/\/www.pmpf.rs.gov.br\/secretaria-de-seguranca-publica\/2022\/12\/07\/prefeitura-entrega-de-premiacao-do-concurso-da-semana-nacional-de-transito\/","url":"https:\/\/www.pmpf.rs.gov.br\/secretaria-de-seguranca-publica\/2022\/12\/07\/prefeitura-entrega-de-premiacao-do-concurso-da-semana-nacional-de-transito\/","name":"Prefeitura entrega de premia\u00e7\u00e3o do Concurso da Semana Nacional de Tr\u00e2nsito - Secretaria de Seguran\u00e7a P\u00fablica e Transporte","isPartOf":{"@id":"https:\/\/www.pmpf.rs.gov.br\/secretaria-de-seguranca-publica\/#website"},"primaryImageOfPage":{"@id":"https:\/\/www.pmpf.rs.gov.br\/secretaria-de-seguranca-publica\/2022\/12\/07\/prefeitura-entrega-de-premiacao-do-concurso-da-semana-nacional-de-transito\/#primaryimage"},"image":{"@id":"https:\/\/www.pmpf.rs.gov.br\/secretaria-de-seguranca-publica\/2022\/12\/07\/prefeitura-entrega-de-premiacao-do-concurso-da-semana-nacional-de-transito\/#primaryimage"},"thumbnailUrl":"https:\/\/www.pmpf.rs.gov.br\/secretaria-de-seguranca-publica\/wp-content\/uploads\/sites\/54\/2022\/12\/premiacao-transito.jpg","datePublished":"2022-12-07T17:19:45+00:00","dateModified":"2022-12-07T17:19:46+00:00","author":{"@id":"https:\/\/www.pmpf.rs.gov.br\/secretaria-de-seguranca-publica\/#\/schema\/person\/30ee1d1bd74da1469b01fcf086e43351"},"breadcrumb":{"@id":"https:\/\/www.pmpf.rs.gov.br\/secretaria-de-seguranca-publica\/2022\/12\/07\/prefeitura-entrega-de-premiacao-do-concurso-da-semana-nacional-de-transito\/#breadcrumb"},"inLanguage":"pt-BR","potentialAction":[{"@type":"ReadAction","target":["https:\/\/www.pmpf.rs.gov.br\/secretaria-de-seguranca-publica\/2022\/12\/07\/prefeitura-entrega-de-premiacao-do-concurso-da-semana-nacional-de-transito\/"]}]},{"@type":"ImageObject","inLanguage":"pt-BR","@id":"https:\/\/www.pmpf.rs.gov.br\/secretaria-de-seguranca-publica\/2022\/12\/07\/prefeitura-entrega-de-premiacao-do-concurso-da-semana-nacional-de-transito\/#primaryimage","url":"https:\/\/www.pmpf.rs.gov.br\/secretaria-de-seguranca-publica\/wp-content\/uploads\/sites\/54\/2022\/12\/premiacao-transito.jpg","contentUrl":"https:\/\/www.pmpf.rs.gov.br\/secretaria-de-seguranca-publica\/wp-content\/uploads\/sites\/54\/2022\/12\/premiacao-transito.jpg","width":1600,"height":1066},{"@type":"BreadcrumbList","@id":"https:\/\/www.pmpf.rs.gov.br\/secretaria-de-seguranca-publica\/2022\/12\/07\/prefeitura-entrega-de-premiacao-do-concurso-da-semana-nacional-de-transito\/#breadcrumb","itemListElement":[{"@type":"ListItem","position":1,"name":"In\u00edcio","item":"https:\/\/www.pmpf.rs.gov.br\/secretaria-de-seguranca-publica\/"},{"@type":"ListItem","position":2,"name":"Prefeitura entrega de premia\u00e7\u00e3o do Concurso da Semana Nacional de Tr\u00e2nsito"}]},{"@type":"WebSite","@id":"https:\/\/www.pmpf.rs.gov.br\/secretaria-de-seguranca-publica\/#website","url":"https:\/\/www.pmpf.rs.gov.br\/secretaria-de-seguranca-publica\/","name":"Secretaria de Seguran\u00e7a P\u00fablica e Transporte","description":"S\u00f3 mais um site Prefeitura de Passo Fundo","potentialAction":[{"@type":"SearchAction","target":{"@type":"EntryPoint","urlTemplate":"https:\/\/www.pmpf.rs.gov.br\/secretaria-de-seguranca-publica\/?s={search_term_string}"},"query-input":{"@type":"PropertyValueSpecification","valueRequired":true,"valueName":"search_term_string"}}],"inLanguage":"pt-BR"},{"@type":"Person","@id":"https:\/\/www.pmpf.rs.gov.br\/secretaria-de-seguranca-publica\/#\/schema\/person\/30ee1d1bd74da1469b01fcf086e43351","name":"andressazorzetto07","image":{"@type":"ImageObject","inLanguage":"pt-BR","@id":"https:\/\/www.pmpf.rs.gov.br\/secretaria-de-seguranca-publica\/#\/schema\/person\/image\/","url":"https:\/\/secure.gravatar.com\/avatar\/14c5458ed79dc81da99a13b9ff5f9f19?s=96&d=mm&r=g","contentUrl":"https:\/\/secure.gravatar.com\/avatar\/14c5458ed79dc81da99a13b9ff5f9f19?s=96&d=mm&r=g","caption":"andressazorzetto07"},"url":"https:\/\/www.pmpf.rs.gov.br\/secretaria-de-seguranca-publica\/author\/andressazorzetto07\/"}]}},"_links":{"self":[{"href":"https:\/\/www.pmpf.rs.gov.br\/secretaria-de-seguranca-publica\/wp-json\/wp\/v2\/posts\/969"}],"collection":[{"href":"https:\/\/www.pmpf.rs.gov.br\/secretaria-de-seguranca-publica\/wp-json\/wp\/v2\/posts"}],"about":[{"href":"https:\/\/www.pmpf.rs.gov.br\/secretaria-de-seguranca-publica\/wp-json\/wp\/v2\/types\/post"}],"author":[{"embeddable":true,"href":"https:\/\/www.pmpf.rs.gov.br\/secretaria-de-seguranca-publica\/wp-json\/wp\/v2\/users\/6"}],"replies":[{"embeddable":true,"href":"https:\/\/www.pmpf.rs.gov.br\/secretaria-de-seguranca-publica\/wp-json\/wp\/v2\/comments?post=969"}],"version-history":[{"count":1,"href":"https:\/\/www.pmpf.rs.gov.br\/secretaria-de-seguranca-publica\/wp-json\/wp\/v2\/posts\/969\/revisions"}],"predecessor-version":[{"id":971,"href":"https:\/\/www.pmpf.rs.gov.br\/secretaria-de-seguranca-publica\/wp-json\/wp\/v2\/posts\/969\/revisions\/971"}],"wp:featuredmedia":[{"embeddable":true,"href":"https:\/\/www.pmpf.rs.gov.br\/secretaria-de-seguranca-publica\/wp-json\/wp\/v2\/media\/970"}],"wp:attachment":[{"href":"https:\/\/www.pmpf.rs.gov.br\/secretaria-de-seguranca-publica\/wp-json\/wp\/v2\/media?parent=969"}],"wp:term":[{"taxonomy":"category","embeddable":true,"href":"https:\/\/www.pmpf.rs.gov.br\/secretaria-de-seguranca-publica\/wp-json\/wp\/v2\/categories?post=969"},{"taxonomy":"post_tag","embeddable":true,"href":"https:\/\/www.pmpf.rs.gov.br\/secretaria-de-seguranca-publica\/wp-json\/wp\/v2\/tags?post=969"}],"curies":[{"name":"wp","href":"https:\/\/api.w.org\/{rel}","templated":true}]}}