{"id":959,"date":"2022-10-07T15:23:03","date_gmt":"2022-10-07T18:23:03","guid":{"rendered":"https:\/\/www.pmpf.rs.gov.br\/secretaria-de-seguranca-publica\/?p=959"},"modified":"2022-10-07T15:24:18","modified_gmt":"2022-10-07T18:24:18","slug":"utilidade-publica-vias-de-transito-bloqueadas-no-sabado-e-domingo","status":"publish","type":"post","link":"https:\/\/www.pmpf.rs.gov.br\/secretaria-de-seguranca-publica\/2022\/10\/07\/utilidade-publica-vias-de-transito-bloqueadas-no-sabado-e-domingo\/","title":{"rendered":"Utilidade p\u00fablica: vias de tr\u00e2nsito bloqueadas no s\u00e1bado e domingo"},"content":{"rendered":"\n<p>A Secretaria de Seguran\u00e7a P\u00fablica informa que, em raz\u00e3o de eventos comunit\u00e1rios em diferentes espa\u00e7os da cidade, haver\u00e1 bloqueio de vias de tr\u00e2nsito neste s\u00e1bado e domingo. No s\u00e1bado, 08, durante o turno da tarde, haver\u00e1 interrup\u00e7\u00e3o do tr\u00e2nsito na Avenida Presidente Vargas, no trecho entre as ruas Valentin Grazziotin e Clementino L. Vieira, no sentido do bairro S\u00e3o Crist\u00f3v\u00e3o \/ Centro. O tr\u00e2nsito ser\u00e1 interrompido em raz\u00e3o de um evento organizado pelo com\u00e9rcio local.<\/p>\n\n\n\n<p>J\u00e1 no domingo (09), em virtude da 41\u00aa Romaria de Nossa Senhora Aparecida, o tr\u00e2nsito da Avenida Brasil, no sentido Boqueir\u00e3o \/ Centro, estar\u00e1 totalmente bloqueado a partir das 6h, entre o trevo da Caravela e a rua Bento Gon\u00e7alves. O tr\u00e2nsito est\u00e1 previsto para ser liberado at\u00e9 \u00e0s 12h.<\/p>\n","protected":false},"excerpt":{"rendered":"<p>A Secretaria de Seguran\u00e7a P\u00fablica informa que, em raz\u00e3o de eventos comunit\u00e1rios em diferentes espa\u00e7os da cidade, haver\u00e1 bloqueio de vias de tr\u00e2nsito neste s\u00e1bado e domingo. No s\u00e1bado, 08, durante o [&hellip;]<\/p>\n","protected":false},"author":14,"featured_media":0,"comment_status":"closed","ping_status":"closed","sticky":false,"template":"","format":"standard","meta":{"footnotes":""},"categories":[10,13],"tags":[],"class_list":["post-959","post","type-post","status-publish","format-standard","hentry","category-seguranca-publica","category-transito"],"yoast_head":"<!-- This site is optimized with the Yoast SEO plugin v23.8 - https:\/\/yoast.com\/wordpress\/plugins\/seo\/ -->\n<title>Utilidade p\u00fablica: vias de tr\u00e2nsito bloqueadas no s\u00e1bado e domingo - Secretaria de Seguran\u00e7a P\u00fablica e Transporte<\/title>\n<meta name=\"robots\" content=\"index, follow, max-snippet:-1, max-image-preview:large, max-video-preview:-1\" \/>\n<link rel=\"canonical\" href=\"https:\/\/www.pmpf.rs.gov.br\/secretaria-de-seguranca-publica\/2022\/10\/07\/utilidade-publica-vias-de-transito-bloqueadas-no-sabado-e-domingo\/\" \/>\n<meta property=\"og:locale\" content=\"pt_BR\" \/>\n<meta property=\"og:type\" content=\"article\" \/>\n<meta property=\"og:title\" content=\"Utilidade p\u00fablica: vias de tr\u00e2nsito bloqueadas no s\u00e1bado e domingo - Secretaria de Seguran\u00e7a P\u00fablica e Transporte\" \/>\n<meta property=\"og:description\" content=\"A Secretaria de Seguran\u00e7a P\u00fablica informa que, em raz\u00e3o de eventos comunit\u00e1rios em diferentes espa\u00e7os da cidade, haver\u00e1 bloqueio de vias de tr\u00e2nsito neste s\u00e1bado e domingo. No s\u00e1bado, 08, durante o [&hellip;]\" \/>\n<meta property=\"og:url\" content=\"https:\/\/www.pmpf.rs.gov.br\/secretaria-de-seguranca-publica\/2022\/10\/07\/utilidade-publica-vias-de-transito-bloqueadas-no-sabado-e-domingo\/\" \/>\n<meta property=\"og:site_name\" content=\"Secretaria de Seguran\u00e7a P\u00fablica e Transporte\" \/>\n<meta property=\"article:published_time\" content=\"2022-10-07T18:23:03+00:00\" \/>\n<meta property=\"article:modified_time\" content=\"2022-10-07T18:24:18+00:00\" \/>\n<meta name=\"author\" content=\"crispuhll\" \/>\n<meta name=\"twitter:card\" content=\"summary_large_image\" \/>\n<meta name=\"twitter:label1\" content=\"Escrito por\" \/>\n\t<meta name=\"twitter:data1\" content=\"crispuhll\" \/>\n\t<meta name=\"twitter:label2\" content=\"Est. tempo de leitura\" \/>\n\t<meta name=\"twitter:data2\" content=\"1 minuto\" \/>\n<script type=\"application\/ld+json\" class=\"yoast-schema-graph\">{\"@context\":\"https:\/\/schema.org\",\"@graph\":[{\"@type\":\"WebPage\",\"@id\":\"https:\/\/www.pmpf.rs.gov.br\/secretaria-de-seguranca-publica\/2022\/10\/07\/utilidade-publica-vias-de-transito-bloqueadas-no-sabado-e-domingo\/\",\"url\":\"https:\/\/www.pmpf.rs.gov.br\/secretaria-de-seguranca-publica\/2022\/10\/07\/utilidade-publica-vias-de-transito-bloqueadas-no-sabado-e-domingo\/\",\"name\":\"Utilidade p\u00fablica: vias de tr\u00e2nsito bloqueadas no s\u00e1bado e domingo - Secretaria de Seguran\u00e7a P\u00fablica e Transporte\",\"isPartOf\":{\"@id\":\"https:\/\/www.pmpf.rs.gov.br\/secretaria-de-seguranca-publica\/#website\"},\"datePublished\":\"2022-10-07T18:23:03+00:00\",\"dateModified\":\"2022-10-07T18:24:18+00:00\",\"author\":{\"@id\":\"https:\/\/www.pmpf.rs.gov.br\/secretaria-de-seguranca-publica\/#\/schema\/person\/d5e03c9407acc37371a3fc616069ca6b\"},\"breadcrumb\":{\"@id\":\"https:\/\/www.pmpf.rs.gov.br\/secretaria-de-seguranca-publica\/2022\/10\/07\/utilidade-publica-vias-de-transito-bloqueadas-no-sabado-e-domingo\/#breadcrumb\"},\"inLanguage\":\"pt-BR\",\"potentialAction\":[{\"@type\":\"ReadAction\",\"target\":[\"https:\/\/www.pmpf.rs.gov.br\/secretaria-de-seguranca-publica\/2022\/10\/07\/utilidade-publica-vias-de-transito-bloqueadas-no-sabado-e-domingo\/\"]}]},{\"@type\":\"BreadcrumbList\",\"@id\":\"https:\/\/www.pmpf.rs.gov.br\/secretaria-de-seguranca-publica\/2022\/10\/07\/utilidade-publica-vias-de-transito-bloqueadas-no-sabado-e-domingo\/#breadcrumb\",\"itemListElement\":[{\"@type\":\"ListItem\",\"position\":1,\"name\":\"In\u00edcio\",\"item\":\"https:\/\/www.pmpf.rs.gov.br\/secretaria-de-seguranca-publica\/\"},{\"@type\":\"ListItem\",\"position\":2,\"name\":\"Utilidade p\u00fablica: vias de tr\u00e2nsito bloqueadas no s\u00e1bado e domingo\"}]},{\"@type\":\"WebSite\",\"@id\":\"https:\/\/www.pmpf.rs.gov.br\/secretaria-de-seguranca-publica\/#website\",\"url\":\"https:\/\/www.pmpf.rs.gov.br\/secretaria-de-seguranca-publica\/\",\"name\":\"Secretaria de Seguran\u00e7a P\u00fablica e Transporte\",\"description\":\"S\u00f3 mais um site Prefeitura de Passo Fundo\",\"potentialAction\":[{\"@type\":\"SearchAction\",\"target\":{\"@type\":\"EntryPoint\",\"urlTemplate\":\"https:\/\/www.pmpf.rs.gov.br\/secretaria-de-seguranca-publica\/?s={search_term_string}\"},\"query-input\":{\"@type\":\"PropertyValueSpecification\",\"valueRequired\":true,\"valueName\":\"search_term_string\"}}],\"inLanguage\":\"pt-BR\"},{\"@type\":\"Person\",\"@id\":\"https:\/\/www.pmpf.rs.gov.br\/secretaria-de-seguranca-publica\/#\/schema\/person\/d5e03c9407acc37371a3fc616069ca6b\",\"name\":\"crispuhll\",\"image\":{\"@type\":\"ImageObject\",\"inLanguage\":\"pt-BR\",\"@id\":\"https:\/\/www.pmpf.rs.gov.br\/secretaria-de-seguranca-publica\/#\/schema\/person\/image\/\",\"url\":\"https:\/\/secure.gravatar.com\/avatar\/345741ad9625b2854df5b938a77f8d85?s=96&d=mm&r=g\",\"contentUrl\":\"https:\/\/secure.gravatar.com\/avatar\/345741ad9625b2854df5b938a77f8d85?s=96&d=mm&r=g\",\"caption\":\"crispuhll\"},\"url\":\"https:\/\/www.pmpf.rs.gov.br\/secretaria-de-seguranca-publica\/author\/crispuhll\/\"}]}<\/script>\n<!-- \/ Yoast SEO plugin. -->","yoast_head_json":{"title":"Utilidade p\u00fablica: vias de tr\u00e2nsito bloqueadas no s\u00e1bado e domingo - Secretaria de Seguran\u00e7a P\u00fablica e Transporte","robots":{"index":"index","follow":"follow","max-snippet":"max-snippet:-1","max-image-preview":"max-image-preview:large","max-video-preview":"max-video-preview:-1"},"canonical":"https:\/\/www.pmpf.rs.gov.br\/secretaria-de-seguranca-publica\/2022\/10\/07\/utilidade-publica-vias-de-transito-bloqueadas-no-sabado-e-domingo\/","og_locale":"pt_BR","og_type":"article","og_title":"Utilidade p\u00fablica: vias de tr\u00e2nsito bloqueadas no s\u00e1bado e domingo - Secretaria de Seguran\u00e7a P\u00fablica e Transporte","og_description":"A Secretaria de Seguran\u00e7a P\u00fablica informa que, em raz\u00e3o de eventos comunit\u00e1rios em diferentes espa\u00e7os da cidade, haver\u00e1 bloqueio de vias de tr\u00e2nsito neste s\u00e1bado e domingo. No s\u00e1bado, 08, durante o [&hellip;]","og_url":"https:\/\/www.pmpf.rs.gov.br\/secretaria-de-seguranca-publica\/2022\/10\/07\/utilidade-publica-vias-de-transito-bloqueadas-no-sabado-e-domingo\/","og_site_name":"Secretaria de Seguran\u00e7a P\u00fablica e Transporte","article_published_time":"2022-10-07T18:23:03+00:00","article_modified_time":"2022-10-07T18:24:18+00:00","author":"crispuhll","twitter_card":"summary_large_image","twitter_misc":{"Escrito por":"crispuhll","Est. tempo de leitura":"1 minuto"},"schema":{"@context":"https:\/\/schema.org","@graph":[{"@type":"WebPage","@id":"https:\/\/www.pmpf.rs.gov.br\/secretaria-de-seguranca-publica\/2022\/10\/07\/utilidade-publica-vias-de-transito-bloqueadas-no-sabado-e-domingo\/","url":"https:\/\/www.pmpf.rs.gov.br\/secretaria-de-seguranca-publica\/2022\/10\/07\/utilidade-publica-vias-de-transito-bloqueadas-no-sabado-e-domingo\/","name":"Utilidade p\u00fablica: vias de tr\u00e2nsito bloqueadas no s\u00e1bado e domingo - Secretaria de Seguran\u00e7a P\u00fablica e Transporte","isPartOf":{"@id":"https:\/\/www.pmpf.rs.gov.br\/secretaria-de-seguranca-publica\/#website"},"datePublished":"2022-10-07T18:23:03+00:00","dateModified":"2022-10-07T18:24:18+00:00","author":{"@id":"https:\/\/www.pmpf.rs.gov.br\/secretaria-de-seguranca-publica\/#\/schema\/person\/d5e03c9407acc37371a3fc616069ca6b"},"breadcrumb":{"@id":"https:\/\/www.pmpf.rs.gov.br\/secretaria-de-seguranca-publica\/2022\/10\/07\/utilidade-publica-vias-de-transito-bloqueadas-no-sabado-e-domingo\/#breadcrumb"},"inLanguage":"pt-BR","potentialAction":[{"@type":"ReadAction","target":["https:\/\/www.pmpf.rs.gov.br\/secretaria-de-seguranca-publica\/2022\/10\/07\/utilidade-publica-vias-de-transito-bloqueadas-no-sabado-e-domingo\/"]}]},{"@type":"BreadcrumbList","@id":"https:\/\/www.pmpf.rs.gov.br\/secretaria-de-seguranca-publica\/2022\/10\/07\/utilidade-publica-vias-de-transito-bloqueadas-no-sabado-e-domingo\/#breadcrumb","itemListElement":[{"@type":"ListItem","position":1,"name":"In\u00edcio","item":"https:\/\/www.pmpf.rs.gov.br\/secretaria-de-seguranca-publica\/"},{"@type":"ListItem","position":2,"name":"Utilidade p\u00fablica: vias de tr\u00e2nsito bloqueadas no s\u00e1bado e domingo"}]},{"@type":"WebSite","@id":"https:\/\/www.pmpf.rs.gov.br\/secretaria-de-seguranca-publica\/#website","url":"https:\/\/www.pmpf.rs.gov.br\/secretaria-de-seguranca-publica\/","name":"Secretaria de Seguran\u00e7a P\u00fablica e Transporte","description":"S\u00f3 mais um site Prefeitura de Passo Fundo","potentialAction":[{"@type":"SearchAction","target":{"@type":"EntryPoint","urlTemplate":"https:\/\/www.pmpf.rs.gov.br\/secretaria-de-seguranca-publica\/?s={search_term_string}"},"query-input":{"@type":"PropertyValueSpecification","valueRequired":true,"valueName":"search_term_string"}}],"inLanguage":"pt-BR"},{"@type":"Person","@id":"https:\/\/www.pmpf.rs.gov.br\/secretaria-de-seguranca-publica\/#\/schema\/person\/d5e03c9407acc37371a3fc616069ca6b","name":"crispuhll","image":{"@type":"ImageObject","inLanguage":"pt-BR","@id":"https:\/\/www.pmpf.rs.gov.br\/secretaria-de-seguranca-publica\/#\/schema\/person\/image\/","url":"https:\/\/secure.gravatar.com\/avatar\/345741ad9625b2854df5b938a77f8d85?s=96&d=mm&r=g","contentUrl":"https:\/\/secure.gravatar.com\/avatar\/345741ad9625b2854df5b938a77f8d85?s=96&d=mm&r=g","caption":"crispuhll"},"url":"https:\/\/www.pmpf.rs.gov.br\/secretaria-de-seguranca-publica\/author\/crispuhll\/"}]}},"_links":{"self":[{"href":"https:\/\/www.pmpf.rs.gov.br\/secretaria-de-seguranca-publica\/wp-json\/wp\/v2\/posts\/959"}],"collection":[{"href":"https:\/\/www.pmpf.rs.gov.br\/secretaria-de-seguranca-publica\/wp-json\/wp\/v2\/posts"}],"about":[{"href":"https:\/\/www.pmpf.rs.gov.br\/secretaria-de-seguranca-publica\/wp-json\/wp\/v2\/types\/post"}],"author":[{"embeddable":true,"href":"https:\/\/www.pmpf.rs.gov.br\/secretaria-de-seguranca-publica\/wp-json\/wp\/v2\/users\/14"}],"replies":[{"embeddable":true,"href":"https:\/\/www.pmpf.rs.gov.br\/secretaria-de-seguranca-publica\/wp-json\/wp\/v2\/comments?post=959"}],"version-history":[{"count":1,"href":"https:\/\/www.pmpf.rs.gov.br\/secretaria-de-seguranca-publica\/wp-json\/wp\/v2\/posts\/959\/revisions"}],"predecessor-version":[{"id":960,"href":"https:\/\/www.pmpf.rs.gov.br\/secretaria-de-seguranca-publica\/wp-json\/wp\/v2\/posts\/959\/revisions\/960"}],"wp:attachment":[{"href":"https:\/\/www.pmpf.rs.gov.br\/secretaria-de-seguranca-publica\/wp-json\/wp\/v2\/media?parent=959"}],"wp:term":[{"taxonomy":"category","embeddable":true,"href":"https:\/\/www.pmpf.rs.gov.br\/secretaria-de-seguranca-publica\/wp-json\/wp\/v2\/categories?post=959"},{"taxonomy":"post_tag","embeddable":true,"href":"https:\/\/www.pmpf.rs.gov.br\/secretaria-de-seguranca-publica\/wp-json\/wp\/v2\/tags?post=959"}],"curies":[{"name":"wp","href":"https:\/\/api.w.org\/{rel}","templated":true}]}}