{"id":949,"date":"2022-09-12T16:45:04","date_gmt":"2022-09-12T19:45:04","guid":{"rendered":"https:\/\/www.pmpf.rs.gov.br\/secretaria-de-seguranca-publica\/?p=949"},"modified":"2022-09-12T16:45:05","modified_gmt":"2022-09-12T19:45:05","slug":"educacao-para-o-transito-concurso-juntos-salvamos-vidas-envolvera-alunos-do-ensino-fundamental","status":"publish","type":"post","link":"https:\/\/www.pmpf.rs.gov.br\/secretaria-de-seguranca-publica\/2022\/09\/12\/educacao-para-o-transito-concurso-juntos-salvamos-vidas-envolvera-alunos-do-ensino-fundamental\/","title":{"rendered":"Educa\u00e7\u00e3o para o tr\u00e2nsito: concurso \u201cJuntos Salvamos Vidas\u201d envolver\u00e1 alunos do Ensino Fundamental"},"content":{"rendered":"\n<p><br>Para estimular a educa\u00e7\u00e3o para o tr\u00e2nsito nas escolas, a Prefeitura ir\u00e1 promover o Concurso Semana Nacional de Tr\u00e2nsito \u201cJuntos Salvamos Vidas\u201d. A iniciativa \u00e9 do N\u00facleo de Educa\u00e7\u00e3o para o Tr\u00e2nsito da Secretaria Municipal da Seguran\u00e7a P\u00fablica, com apoio de parceiros. O concurso ser\u00e1 realizado de 18 de setembro a 25 de setembro de 2022.<\/p>\n\n\n\n<p>Conforme o agente de tr\u00e2nsito, Emerson Drebes, o concurso destina-se a alunos regularmente matriculados no Ensino Fundamental das escolas p\u00fablicas e privadas do munic\u00edpio de Passo Fundo e consiste na produ\u00e7\u00e3o de v\u00eddeos educativos abordando o tema Juntos Salvamos Vidas e respeitando os pilares: Gest\u00e3o na Seguran\u00e7a no Tr\u00e2nsito, Vias Seguras, Seguran\u00e7a Veicular, Educa\u00e7\u00e3o para o Tr\u00e2nsito, Atendimento \u00e0s V\u00edtimas e Normatiza\u00e7\u00e3o e Fiscaliza\u00e7\u00e3o. \u201c\u00c9 muito importante a participa\u00e7\u00e3o do Ensino Fundamental, porque antes de pensar em sermos condutores, temos que pensar em sermos bons pedestres e bons passageiros. Assim, teremos uma cultura de seguran\u00e7a no tr\u00e2nsito\u201d, afirmou Drebes. &nbsp;<\/p>\n\n\n\n<p>Os alunos devem participar individualmente produzindo um v\u00eddeo relacionado ao tema proposto para ser divulgado nas redes sociais do N\u00facleo de Educa\u00e7\u00e3o para o Tr\u00e2nsito (Facebook e Instagram). Mais informa\u00e7\u00f5es podem ser obtidas pelo fone 54-3311.1195.<\/p>\n\n\n\n<p>Ser\u00e3o premiados os tr\u00eas v\u00eddeos que mais se destacarem conforme os crit\u00e9rios de avalia\u00e7\u00e3o. O concurso tem apoio da Secretaria Municipal de Educa\u00e7\u00e3o, 7\u00aa Coordenadoria Regional de Educa\u00e7\u00e3o, CFC Autotec, Sest Senat e Planalto Associa\u00e7\u00e3o de Benef\u00edcios.<\/p>\n","protected":false},"excerpt":{"rendered":"<p> O concurso ser\u00e1 realizado de 18 de setembro a 25 de setembro de 2022.<\/p>\n","protected":false},"author":6,"featured_media":0,"comment_status":"closed","ping_status":"closed","sticky":true,"template":"","format":"standard","meta":{"footnotes":""},"categories":[1],"tags":[],"class_list":["post-949","post","type-post","status-publish","format-standard","hentry","category-sem-categoria"],"yoast_head":"<!-- This site is optimized with the Yoast SEO plugin v23.8 - https:\/\/yoast.com\/wordpress\/plugins\/seo\/ -->\n<title>Educa\u00e7\u00e3o para o tr\u00e2nsito: concurso \u201cJuntos Salvamos Vidas\u201d envolver\u00e1 alunos do Ensino Fundamental - Secretaria de Seguran\u00e7a P\u00fablica e Transporte<\/title>\n<meta name=\"robots\" content=\"index, follow, max-snippet:-1, max-image-preview:large, max-video-preview:-1\" \/>\n<link rel=\"canonical\" href=\"https:\/\/www.pmpf.rs.gov.br\/secretaria-de-seguranca-publica\/2022\/09\/12\/educacao-para-o-transito-concurso-juntos-salvamos-vidas-envolvera-alunos-do-ensino-fundamental\/\" \/>\n<meta property=\"og:locale\" content=\"pt_BR\" \/>\n<meta property=\"og:type\" content=\"article\" \/>\n<meta property=\"og:title\" content=\"Educa\u00e7\u00e3o para o tr\u00e2nsito: concurso \u201cJuntos Salvamos Vidas\u201d envolver\u00e1 alunos do Ensino Fundamental - Secretaria de Seguran\u00e7a P\u00fablica e Transporte\" \/>\n<meta property=\"og:description\" content=\"O concurso ser\u00e1 realizado de 18 de setembro a 25 de setembro de 2022.\" \/>\n<meta property=\"og:url\" content=\"https:\/\/www.pmpf.rs.gov.br\/secretaria-de-seguranca-publica\/2022\/09\/12\/educacao-para-o-transito-concurso-juntos-salvamos-vidas-envolvera-alunos-do-ensino-fundamental\/\" \/>\n<meta property=\"og:site_name\" content=\"Secretaria de Seguran\u00e7a P\u00fablica e Transporte\" \/>\n<meta property=\"article:published_time\" content=\"2022-09-12T19:45:04+00:00\" \/>\n<meta property=\"article:modified_time\" content=\"2022-09-12T19:45:05+00:00\" \/>\n<meta name=\"author\" content=\"andressazorzetto07\" \/>\n<meta name=\"twitter:card\" content=\"summary_large_image\" \/>\n<meta name=\"twitter:label1\" content=\"Escrito por\" \/>\n\t<meta name=\"twitter:data1\" content=\"andressazorzetto07\" \/>\n\t<meta name=\"twitter:label2\" content=\"Est. tempo de leitura\" \/>\n\t<meta name=\"twitter:data2\" content=\"1 minuto\" \/>\n<script type=\"application\/ld+json\" class=\"yoast-schema-graph\">{\"@context\":\"https:\/\/schema.org\",\"@graph\":[{\"@type\":\"WebPage\",\"@id\":\"https:\/\/www.pmpf.rs.gov.br\/secretaria-de-seguranca-publica\/2022\/09\/12\/educacao-para-o-transito-concurso-juntos-salvamos-vidas-envolvera-alunos-do-ensino-fundamental\/\",\"url\":\"https:\/\/www.pmpf.rs.gov.br\/secretaria-de-seguranca-publica\/2022\/09\/12\/educacao-para-o-transito-concurso-juntos-salvamos-vidas-envolvera-alunos-do-ensino-fundamental\/\",\"name\":\"Educa\u00e7\u00e3o para o tr\u00e2nsito: concurso \u201cJuntos Salvamos Vidas\u201d envolver\u00e1 alunos do Ensino Fundamental - Secretaria de Seguran\u00e7a P\u00fablica e Transporte\",\"isPartOf\":{\"@id\":\"https:\/\/www.pmpf.rs.gov.br\/secretaria-de-seguranca-publica\/#website\"},\"datePublished\":\"2022-09-12T19:45:04+00:00\",\"dateModified\":\"2022-09-12T19:45:05+00:00\",\"author\":{\"@id\":\"https:\/\/www.pmpf.rs.gov.br\/secretaria-de-seguranca-publica\/#\/schema\/person\/30ee1d1bd74da1469b01fcf086e43351\"},\"breadcrumb\":{\"@id\":\"https:\/\/www.pmpf.rs.gov.br\/secretaria-de-seguranca-publica\/2022\/09\/12\/educacao-para-o-transito-concurso-juntos-salvamos-vidas-envolvera-alunos-do-ensino-fundamental\/#breadcrumb\"},\"inLanguage\":\"pt-BR\",\"potentialAction\":[{\"@type\":\"ReadAction\",\"target\":[\"https:\/\/www.pmpf.rs.gov.br\/secretaria-de-seguranca-publica\/2022\/09\/12\/educacao-para-o-transito-concurso-juntos-salvamos-vidas-envolvera-alunos-do-ensino-fundamental\/\"]}]},{\"@type\":\"BreadcrumbList\",\"@id\":\"https:\/\/www.pmpf.rs.gov.br\/secretaria-de-seguranca-publica\/2022\/09\/12\/educacao-para-o-transito-concurso-juntos-salvamos-vidas-envolvera-alunos-do-ensino-fundamental\/#breadcrumb\",\"itemListElement\":[{\"@type\":\"ListItem\",\"position\":1,\"name\":\"In\u00edcio\",\"item\":\"https:\/\/www.pmpf.rs.gov.br\/secretaria-de-seguranca-publica\/\"},{\"@type\":\"ListItem\",\"position\":2,\"name\":\"Educa\u00e7\u00e3o para o tr\u00e2nsito: concurso \u201cJuntos Salvamos Vidas\u201d envolver\u00e1 alunos do Ensino Fundamental\"}]},{\"@type\":\"WebSite\",\"@id\":\"https:\/\/www.pmpf.rs.gov.br\/secretaria-de-seguranca-publica\/#website\",\"url\":\"https:\/\/www.pmpf.rs.gov.br\/secretaria-de-seguranca-publica\/\",\"name\":\"Secretaria de Seguran\u00e7a P\u00fablica e Transporte\",\"description\":\"S\u00f3 mais um site Prefeitura de Passo Fundo\",\"potentialAction\":[{\"@type\":\"SearchAction\",\"target\":{\"@type\":\"EntryPoint\",\"urlTemplate\":\"https:\/\/www.pmpf.rs.gov.br\/secretaria-de-seguranca-publica\/?s={search_term_string}\"},\"query-input\":{\"@type\":\"PropertyValueSpecification\",\"valueRequired\":true,\"valueName\":\"search_term_string\"}}],\"inLanguage\":\"pt-BR\"},{\"@type\":\"Person\",\"@id\":\"https:\/\/www.pmpf.rs.gov.br\/secretaria-de-seguranca-publica\/#\/schema\/person\/30ee1d1bd74da1469b01fcf086e43351\",\"name\":\"andressazorzetto07\",\"image\":{\"@type\":\"ImageObject\",\"inLanguage\":\"pt-BR\",\"@id\":\"https:\/\/www.pmpf.rs.gov.br\/secretaria-de-seguranca-publica\/#\/schema\/person\/image\/\",\"url\":\"https:\/\/secure.gravatar.com\/avatar\/14c5458ed79dc81da99a13b9ff5f9f19?s=96&d=mm&r=g\",\"contentUrl\":\"https:\/\/secure.gravatar.com\/avatar\/14c5458ed79dc81da99a13b9ff5f9f19?s=96&d=mm&r=g\",\"caption\":\"andressazorzetto07\"},\"url\":\"https:\/\/www.pmpf.rs.gov.br\/secretaria-de-seguranca-publica\/author\/andressazorzetto07\/\"}]}<\/script>\n<!-- \/ Yoast SEO plugin. -->","yoast_head_json":{"title":"Educa\u00e7\u00e3o para o tr\u00e2nsito: concurso \u201cJuntos Salvamos Vidas\u201d envolver\u00e1 alunos do Ensino Fundamental - Secretaria de Seguran\u00e7a P\u00fablica e Transporte","robots":{"index":"index","follow":"follow","max-snippet":"max-snippet:-1","max-image-preview":"max-image-preview:large","max-video-preview":"max-video-preview:-1"},"canonical":"https:\/\/www.pmpf.rs.gov.br\/secretaria-de-seguranca-publica\/2022\/09\/12\/educacao-para-o-transito-concurso-juntos-salvamos-vidas-envolvera-alunos-do-ensino-fundamental\/","og_locale":"pt_BR","og_type":"article","og_title":"Educa\u00e7\u00e3o para o tr\u00e2nsito: concurso \u201cJuntos Salvamos Vidas\u201d envolver\u00e1 alunos do Ensino Fundamental - Secretaria de Seguran\u00e7a P\u00fablica e Transporte","og_description":"O concurso ser\u00e1 realizado de 18 de setembro a 25 de setembro de 2022.","og_url":"https:\/\/www.pmpf.rs.gov.br\/secretaria-de-seguranca-publica\/2022\/09\/12\/educacao-para-o-transito-concurso-juntos-salvamos-vidas-envolvera-alunos-do-ensino-fundamental\/","og_site_name":"Secretaria de Seguran\u00e7a P\u00fablica e Transporte","article_published_time":"2022-09-12T19:45:04+00:00","article_modified_time":"2022-09-12T19:45:05+00:00","author":"andressazorzetto07","twitter_card":"summary_large_image","twitter_misc":{"Escrito por":"andressazorzetto07","Est. tempo de leitura":"1 minuto"},"schema":{"@context":"https:\/\/schema.org","@graph":[{"@type":"WebPage","@id":"https:\/\/www.pmpf.rs.gov.br\/secretaria-de-seguranca-publica\/2022\/09\/12\/educacao-para-o-transito-concurso-juntos-salvamos-vidas-envolvera-alunos-do-ensino-fundamental\/","url":"https:\/\/www.pmpf.rs.gov.br\/secretaria-de-seguranca-publica\/2022\/09\/12\/educacao-para-o-transito-concurso-juntos-salvamos-vidas-envolvera-alunos-do-ensino-fundamental\/","name":"Educa\u00e7\u00e3o para o tr\u00e2nsito: concurso \u201cJuntos Salvamos Vidas\u201d envolver\u00e1 alunos do Ensino Fundamental - Secretaria de Seguran\u00e7a P\u00fablica e Transporte","isPartOf":{"@id":"https:\/\/www.pmpf.rs.gov.br\/secretaria-de-seguranca-publica\/#website"},"datePublished":"2022-09-12T19:45:04+00:00","dateModified":"2022-09-12T19:45:05+00:00","author":{"@id":"https:\/\/www.pmpf.rs.gov.br\/secretaria-de-seguranca-publica\/#\/schema\/person\/30ee1d1bd74da1469b01fcf086e43351"},"breadcrumb":{"@id":"https:\/\/www.pmpf.rs.gov.br\/secretaria-de-seguranca-publica\/2022\/09\/12\/educacao-para-o-transito-concurso-juntos-salvamos-vidas-envolvera-alunos-do-ensino-fundamental\/#breadcrumb"},"inLanguage":"pt-BR","potentialAction":[{"@type":"ReadAction","target":["https:\/\/www.pmpf.rs.gov.br\/secretaria-de-seguranca-publica\/2022\/09\/12\/educacao-para-o-transito-concurso-juntos-salvamos-vidas-envolvera-alunos-do-ensino-fundamental\/"]}]},{"@type":"BreadcrumbList","@id":"https:\/\/www.pmpf.rs.gov.br\/secretaria-de-seguranca-publica\/2022\/09\/12\/educacao-para-o-transito-concurso-juntos-salvamos-vidas-envolvera-alunos-do-ensino-fundamental\/#breadcrumb","itemListElement":[{"@type":"ListItem","position":1,"name":"In\u00edcio","item":"https:\/\/www.pmpf.rs.gov.br\/secretaria-de-seguranca-publica\/"},{"@type":"ListItem","position":2,"name":"Educa\u00e7\u00e3o para o tr\u00e2nsito: concurso \u201cJuntos Salvamos Vidas\u201d envolver\u00e1 alunos do Ensino Fundamental"}]},{"@type":"WebSite","@id":"https:\/\/www.pmpf.rs.gov.br\/secretaria-de-seguranca-publica\/#website","url":"https:\/\/www.pmpf.rs.gov.br\/secretaria-de-seguranca-publica\/","name":"Secretaria de Seguran\u00e7a P\u00fablica e Transporte","description":"S\u00f3 mais um site Prefeitura de Passo Fundo","potentialAction":[{"@type":"SearchAction","target":{"@type":"EntryPoint","urlTemplate":"https:\/\/www.pmpf.rs.gov.br\/secretaria-de-seguranca-publica\/?s={search_term_string}"},"query-input":{"@type":"PropertyValueSpecification","valueRequired":true,"valueName":"search_term_string"}}],"inLanguage":"pt-BR"},{"@type":"Person","@id":"https:\/\/www.pmpf.rs.gov.br\/secretaria-de-seguranca-publica\/#\/schema\/person\/30ee1d1bd74da1469b01fcf086e43351","name":"andressazorzetto07","image":{"@type":"ImageObject","inLanguage":"pt-BR","@id":"https:\/\/www.pmpf.rs.gov.br\/secretaria-de-seguranca-publica\/#\/schema\/person\/image\/","url":"https:\/\/secure.gravatar.com\/avatar\/14c5458ed79dc81da99a13b9ff5f9f19?s=96&d=mm&r=g","contentUrl":"https:\/\/secure.gravatar.com\/avatar\/14c5458ed79dc81da99a13b9ff5f9f19?s=96&d=mm&r=g","caption":"andressazorzetto07"},"url":"https:\/\/www.pmpf.rs.gov.br\/secretaria-de-seguranca-publica\/author\/andressazorzetto07\/"}]}},"_links":{"self":[{"href":"https:\/\/www.pmpf.rs.gov.br\/secretaria-de-seguranca-publica\/wp-json\/wp\/v2\/posts\/949"}],"collection":[{"href":"https:\/\/www.pmpf.rs.gov.br\/secretaria-de-seguranca-publica\/wp-json\/wp\/v2\/posts"}],"about":[{"href":"https:\/\/www.pmpf.rs.gov.br\/secretaria-de-seguranca-publica\/wp-json\/wp\/v2\/types\/post"}],"author":[{"embeddable":true,"href":"https:\/\/www.pmpf.rs.gov.br\/secretaria-de-seguranca-publica\/wp-json\/wp\/v2\/users\/6"}],"replies":[{"embeddable":true,"href":"https:\/\/www.pmpf.rs.gov.br\/secretaria-de-seguranca-publica\/wp-json\/wp\/v2\/comments?post=949"}],"version-history":[{"count":1,"href":"https:\/\/www.pmpf.rs.gov.br\/secretaria-de-seguranca-publica\/wp-json\/wp\/v2\/posts\/949\/revisions"}],"predecessor-version":[{"id":950,"href":"https:\/\/www.pmpf.rs.gov.br\/secretaria-de-seguranca-publica\/wp-json\/wp\/v2\/posts\/949\/revisions\/950"}],"wp:attachment":[{"href":"https:\/\/www.pmpf.rs.gov.br\/secretaria-de-seguranca-publica\/wp-json\/wp\/v2\/media?parent=949"}],"wp:term":[{"taxonomy":"category","embeddable":true,"href":"https:\/\/www.pmpf.rs.gov.br\/secretaria-de-seguranca-publica\/wp-json\/wp\/v2\/categories?post=949"},{"taxonomy":"post_tag","embeddable":true,"href":"https:\/\/www.pmpf.rs.gov.br\/secretaria-de-seguranca-publica\/wp-json\/wp\/v2\/tags?post=949"}],"curies":[{"name":"wp","href":"https:\/\/api.w.org\/{rel}","templated":true}]}}