{"id":898,"date":"2022-03-24T14:05:45","date_gmt":"2022-03-24T17:05:45","guid":{"rendered":"https:\/\/www.pmpf.rs.gov.br\/secretaria-de-seguranca-publica\/?p=898"},"modified":"2022-03-24T14:05:46","modified_gmt":"2022-03-24T17:05:46","slug":"prefeitura-escuta-demandas-da-associacao-dos-taxistas-de-passo-fundo","status":"publish","type":"post","link":"https:\/\/www.pmpf.rs.gov.br\/secretaria-de-seguranca-publica\/2022\/03\/24\/prefeitura-escuta-demandas-da-associacao-dos-taxistas-de-passo-fundo\/","title":{"rendered":"Prefeitura escuta demandas da Associa\u00e7\u00e3o dos Taxistas de Passo Fundo"},"content":{"rendered":"\n<p><\/p>\n\n\n\n<p>Em reuni\u00e3o realizada na manh\u00e3 desta quinta-feira (24), a Associa\u00e7\u00e3o dos Taxistas de Passo Fundo e apresentou demandas da categoria \u00e0 Prefeitura. Entre os pedidos, est\u00e3o a fiscaliza\u00e7\u00e3o de transportes clandestinos e refor\u00e7os na demarca\u00e7\u00e3o dos estacionamentos exclusivos para t\u00e1xis.<\/p>\n\n\n\n<p>O prefeito, Pedro Almeida, considerou que o Munic\u00edpio est\u00e1 aberto para ouvir e trazer solu\u00e7\u00f5es aos setores dentro de suas compet\u00eancias. \u201cAcolhemos as reivindica\u00e7\u00f5es dos taxistas e avaliamos o que o Munic\u00edpio pode fazer para contribuir. Foram feitos apontamentos pertinentes e que t\u00eam aten\u00e7\u00e3o da Prefeitura\u201d, declarou.<\/p>\n\n\n\n<p>Para o presidente da Associa\u00e7\u00e3o dos Taxistas, Jair Embarach, hoje, uma das interfer\u00eancias que a categoria enfrenta \u00e9 a atua\u00e7\u00e3o de transportes clandestinos que utilizam sinalizadores luminosos. Por esse ser um dispositivo irregular, ele solicita rigor do Munic\u00edpio na fiscaliza\u00e7\u00e3o. \u201cN\u00e3o somos contr\u00e1rios \u00e0s empresas de aplicativos, porque as mudan\u00e7as est\u00e3o a\u00ed e as pessoas podem escolher. Somos contr\u00e1rios \u00e0 clandestinidade de transportes que utilizam a identifica\u00e7\u00e3o visual e n\u00e3o s\u00e3o chamados pelas plataformas, n\u00e3o garantindo seguran\u00e7a aos usu\u00e1rios\u201d, defendeu.<\/p>\n\n\n\n<p>De acordo com o secret\u00e1rio adjunto de Seguran\u00e7a, Ruberson Stieven, essa demanda apontada pela categoria j\u00e1 \u00e9 alvo de a\u00e7\u00f5es da pasta e dever\u00e1 ser intensificada. \u201cO luminoso \u00e9 um dispositivo irregular e proibido, que os transportes est\u00e3o usando para chamar os clientes. Efetuamos v\u00e1rias multas dentro da cidade e temos o apoio da Pol\u00edcia Rodovi\u00e1ria Federal para a abordagem nas rodovias\u201d, afirmou.<\/p>\n\n\n\n<p>Al\u00e9m de mais rigorosidade na fiscaliza\u00e7\u00e3o do luminoso, a categoria pediu refor\u00e7os na sinaliza\u00e7\u00e3o que demarca as vagas de estacionamento reservadas aos t\u00e1xis. \u201cMuitas vezes, os taxistas n\u00e3o conseguem estacionar porque h\u00e1 outros ve\u00edculos estacionados nos pontos\u201d, considerou Jair.<\/p>\n\n\n\n<p>Stieven certificou que a Secretaria de Seguran\u00e7a poder\u00e1 executar a pintura das vagas nas vias a fim de estabelecer mais visibilidade ao estacionamento exclusivo para t\u00e1xis. Para isso, a Associa\u00e7\u00e3o dever\u00e1 encaminhar um of\u00edcio relacionando os pontos que necessitam dessa interven\u00e7\u00e3o. \u201cEm alguns locais, j\u00e1 realizamos a pintura na via, chamando a aten\u00e7\u00e3o para a palavra \u2018t\u00e1xi\u2019. Poderemos implementar essa mesma medida em outros pontos\u201d, salientou.<\/p>\n\n\n\n<p><strong>Foto: Michel Sanderi<\/strong><\/p>\n","protected":false},"excerpt":{"rendered":"<p>Entre as solicita\u00e7\u00f5es, a categoria pede por mais rigor na fiscaliza\u00e7\u00e3o dos transportes clandestinos e refor\u00e7os na demarca\u00e7\u00e3o das vagas de estacionamento para t\u00e1xis<\/p>\n","protected":false},"author":6,"featured_media":899,"comment_status":"closed","ping_status":"closed","sticky":true,"template":"","format":"standard","meta":{"footnotes":""},"categories":[1],"tags":[],"class_list":["post-898","post","type-post","status-publish","format-standard","has-post-thumbnail","hentry","category-sem-categoria"],"yoast_head":"<!-- This site is optimized with the Yoast SEO plugin v23.8 - https:\/\/yoast.com\/wordpress\/plugins\/seo\/ -->\n<title>Prefeitura escuta demandas da Associa\u00e7\u00e3o dos Taxistas de Passo Fundo - Secretaria de Seguran\u00e7a P\u00fablica e Transporte<\/title>\n<meta name=\"robots\" content=\"index, follow, max-snippet:-1, max-image-preview:large, max-video-preview:-1\" \/>\n<link rel=\"canonical\" href=\"https:\/\/www.pmpf.rs.gov.br\/secretaria-de-seguranca-publica\/2022\/03\/24\/prefeitura-escuta-demandas-da-associacao-dos-taxistas-de-passo-fundo\/\" \/>\n<meta property=\"og:locale\" content=\"pt_BR\" \/>\n<meta property=\"og:type\" content=\"article\" \/>\n<meta property=\"og:title\" content=\"Prefeitura escuta demandas da Associa\u00e7\u00e3o dos Taxistas de Passo Fundo - Secretaria de Seguran\u00e7a P\u00fablica e Transporte\" \/>\n<meta property=\"og:description\" content=\"Entre as solicita\u00e7\u00f5es, a categoria pede por mais rigor na fiscaliza\u00e7\u00e3o dos transportes clandestinos e refor\u00e7os na demarca\u00e7\u00e3o das vagas de estacionamento para t\u00e1xis\" \/>\n<meta property=\"og:url\" content=\"https:\/\/www.pmpf.rs.gov.br\/secretaria-de-seguranca-publica\/2022\/03\/24\/prefeitura-escuta-demandas-da-associacao-dos-taxistas-de-passo-fundo\/\" \/>\n<meta property=\"og:site_name\" content=\"Secretaria de Seguran\u00e7a P\u00fablica e Transporte\" \/>\n<meta property=\"article:published_time\" content=\"2022-03-24T17:05:45+00:00\" \/>\n<meta property=\"article:modified_time\" content=\"2022-03-24T17:05:46+00:00\" \/>\n<meta name=\"author\" content=\"andressazorzetto07\" \/>\n<meta name=\"twitter:card\" content=\"summary_large_image\" \/>\n<meta name=\"twitter:label1\" content=\"Escrito por\" \/>\n\t<meta name=\"twitter:data1\" content=\"andressazorzetto07\" \/>\n\t<meta name=\"twitter:label2\" content=\"Est. tempo de leitura\" \/>\n\t<meta name=\"twitter:data2\" content=\"2 minutos\" \/>\n<script type=\"application\/ld+json\" class=\"yoast-schema-graph\">{\"@context\":\"https:\/\/schema.org\",\"@graph\":[{\"@type\":\"WebPage\",\"@id\":\"https:\/\/www.pmpf.rs.gov.br\/secretaria-de-seguranca-publica\/2022\/03\/24\/prefeitura-escuta-demandas-da-associacao-dos-taxistas-de-passo-fundo\/\",\"url\":\"https:\/\/www.pmpf.rs.gov.br\/secretaria-de-seguranca-publica\/2022\/03\/24\/prefeitura-escuta-demandas-da-associacao-dos-taxistas-de-passo-fundo\/\",\"name\":\"Prefeitura escuta demandas da Associa\u00e7\u00e3o dos Taxistas de Passo Fundo - Secretaria de Seguran\u00e7a P\u00fablica e Transporte\",\"isPartOf\":{\"@id\":\"https:\/\/www.pmpf.rs.gov.br\/secretaria-de-seguranca-publica\/#website\"},\"primaryImageOfPage\":{\"@id\":\"https:\/\/www.pmpf.rs.gov.br\/secretaria-de-seguranca-publica\/2022\/03\/24\/prefeitura-escuta-demandas-da-associacao-dos-taxistas-de-passo-fundo\/#primaryimage\"},\"image\":{\"@id\":\"https:\/\/www.pmpf.rs.gov.br\/secretaria-de-seguranca-publica\/2022\/03\/24\/prefeitura-escuta-demandas-da-associacao-dos-taxistas-de-passo-fundo\/#primaryimage\"},\"thumbnailUrl\":\"https:\/\/www.pmpf.rs.gov.br\/secretaria-de-seguranca-publica\/wp-content\/uploads\/sites\/54\/2022\/03\/taxistas.jpg\",\"datePublished\":\"2022-03-24T17:05:45+00:00\",\"dateModified\":\"2022-03-24T17:05:46+00:00\",\"author\":{\"@id\":\"https:\/\/www.pmpf.rs.gov.br\/secretaria-de-seguranca-publica\/#\/schema\/person\/30ee1d1bd74da1469b01fcf086e43351\"},\"breadcrumb\":{\"@id\":\"https:\/\/www.pmpf.rs.gov.br\/secretaria-de-seguranca-publica\/2022\/03\/24\/prefeitura-escuta-demandas-da-associacao-dos-taxistas-de-passo-fundo\/#breadcrumb\"},\"inLanguage\":\"pt-BR\",\"potentialAction\":[{\"@type\":\"ReadAction\",\"target\":[\"https:\/\/www.pmpf.rs.gov.br\/secretaria-de-seguranca-publica\/2022\/03\/24\/prefeitura-escuta-demandas-da-associacao-dos-taxistas-de-passo-fundo\/\"]}]},{\"@type\":\"ImageObject\",\"inLanguage\":\"pt-BR\",\"@id\":\"https:\/\/www.pmpf.rs.gov.br\/secretaria-de-seguranca-publica\/2022\/03\/24\/prefeitura-escuta-demandas-da-associacao-dos-taxistas-de-passo-fundo\/#primaryimage\",\"url\":\"https:\/\/www.pmpf.rs.gov.br\/secretaria-de-seguranca-publica\/wp-content\/uploads\/sites\/54\/2022\/03\/taxistas.jpg\",\"contentUrl\":\"https:\/\/www.pmpf.rs.gov.br\/secretaria-de-seguranca-publica\/wp-content\/uploads\/sites\/54\/2022\/03\/taxistas.jpg\",\"width\":1280,\"height\":853},{\"@type\":\"BreadcrumbList\",\"@id\":\"https:\/\/www.pmpf.rs.gov.br\/secretaria-de-seguranca-publica\/2022\/03\/24\/prefeitura-escuta-demandas-da-associacao-dos-taxistas-de-passo-fundo\/#breadcrumb\",\"itemListElement\":[{\"@type\":\"ListItem\",\"position\":1,\"name\":\"In\u00edcio\",\"item\":\"https:\/\/www.pmpf.rs.gov.br\/secretaria-de-seguranca-publica\/\"},{\"@type\":\"ListItem\",\"position\":2,\"name\":\"Prefeitura escuta demandas da Associa\u00e7\u00e3o dos Taxistas de Passo Fundo\"}]},{\"@type\":\"WebSite\",\"@id\":\"https:\/\/www.pmpf.rs.gov.br\/secretaria-de-seguranca-publica\/#website\",\"url\":\"https:\/\/www.pmpf.rs.gov.br\/secretaria-de-seguranca-publica\/\",\"name\":\"Secretaria de Seguran\u00e7a P\u00fablica e Transporte\",\"description\":\"S\u00f3 mais um site Prefeitura de Passo Fundo\",\"potentialAction\":[{\"@type\":\"SearchAction\",\"target\":{\"@type\":\"EntryPoint\",\"urlTemplate\":\"https:\/\/www.pmpf.rs.gov.br\/secretaria-de-seguranca-publica\/?s={search_term_string}\"},\"query-input\":{\"@type\":\"PropertyValueSpecification\",\"valueRequired\":true,\"valueName\":\"search_term_string\"}}],\"inLanguage\":\"pt-BR\"},{\"@type\":\"Person\",\"@id\":\"https:\/\/www.pmpf.rs.gov.br\/secretaria-de-seguranca-publica\/#\/schema\/person\/30ee1d1bd74da1469b01fcf086e43351\",\"name\":\"andressazorzetto07\",\"image\":{\"@type\":\"ImageObject\",\"inLanguage\":\"pt-BR\",\"@id\":\"https:\/\/www.pmpf.rs.gov.br\/secretaria-de-seguranca-publica\/#\/schema\/person\/image\/\",\"url\":\"https:\/\/secure.gravatar.com\/avatar\/14c5458ed79dc81da99a13b9ff5f9f19?s=96&d=mm&r=g\",\"contentUrl\":\"https:\/\/secure.gravatar.com\/avatar\/14c5458ed79dc81da99a13b9ff5f9f19?s=96&d=mm&r=g\",\"caption\":\"andressazorzetto07\"},\"url\":\"https:\/\/www.pmpf.rs.gov.br\/secretaria-de-seguranca-publica\/author\/andressazorzetto07\/\"}]}<\/script>\n<!-- \/ Yoast SEO plugin. -->","yoast_head_json":{"title":"Prefeitura escuta demandas da Associa\u00e7\u00e3o dos Taxistas de Passo Fundo - Secretaria de Seguran\u00e7a P\u00fablica e Transporte","robots":{"index":"index","follow":"follow","max-snippet":"max-snippet:-1","max-image-preview":"max-image-preview:large","max-video-preview":"max-video-preview:-1"},"canonical":"https:\/\/www.pmpf.rs.gov.br\/secretaria-de-seguranca-publica\/2022\/03\/24\/prefeitura-escuta-demandas-da-associacao-dos-taxistas-de-passo-fundo\/","og_locale":"pt_BR","og_type":"article","og_title":"Prefeitura escuta demandas da Associa\u00e7\u00e3o dos Taxistas de Passo Fundo - Secretaria de Seguran\u00e7a P\u00fablica e Transporte","og_description":"Entre as solicita\u00e7\u00f5es, a categoria pede por mais rigor na fiscaliza\u00e7\u00e3o dos transportes clandestinos e refor\u00e7os na demarca\u00e7\u00e3o das vagas de estacionamento para t\u00e1xis","og_url":"https:\/\/www.pmpf.rs.gov.br\/secretaria-de-seguranca-publica\/2022\/03\/24\/prefeitura-escuta-demandas-da-associacao-dos-taxistas-de-passo-fundo\/","og_site_name":"Secretaria de Seguran\u00e7a P\u00fablica e Transporte","article_published_time":"2022-03-24T17:05:45+00:00","article_modified_time":"2022-03-24T17:05:46+00:00","author":"andressazorzetto07","twitter_card":"summary_large_image","twitter_misc":{"Escrito por":"andressazorzetto07","Est. tempo de leitura":"2 minutos"},"schema":{"@context":"https:\/\/schema.org","@graph":[{"@type":"WebPage","@id":"https:\/\/www.pmpf.rs.gov.br\/secretaria-de-seguranca-publica\/2022\/03\/24\/prefeitura-escuta-demandas-da-associacao-dos-taxistas-de-passo-fundo\/","url":"https:\/\/www.pmpf.rs.gov.br\/secretaria-de-seguranca-publica\/2022\/03\/24\/prefeitura-escuta-demandas-da-associacao-dos-taxistas-de-passo-fundo\/","name":"Prefeitura escuta demandas da Associa\u00e7\u00e3o dos Taxistas de Passo Fundo - Secretaria de Seguran\u00e7a P\u00fablica e Transporte","isPartOf":{"@id":"https:\/\/www.pmpf.rs.gov.br\/secretaria-de-seguranca-publica\/#website"},"primaryImageOfPage":{"@id":"https:\/\/www.pmpf.rs.gov.br\/secretaria-de-seguranca-publica\/2022\/03\/24\/prefeitura-escuta-demandas-da-associacao-dos-taxistas-de-passo-fundo\/#primaryimage"},"image":{"@id":"https:\/\/www.pmpf.rs.gov.br\/secretaria-de-seguranca-publica\/2022\/03\/24\/prefeitura-escuta-demandas-da-associacao-dos-taxistas-de-passo-fundo\/#primaryimage"},"thumbnailUrl":"https:\/\/www.pmpf.rs.gov.br\/secretaria-de-seguranca-publica\/wp-content\/uploads\/sites\/54\/2022\/03\/taxistas.jpg","datePublished":"2022-03-24T17:05:45+00:00","dateModified":"2022-03-24T17:05:46+00:00","author":{"@id":"https:\/\/www.pmpf.rs.gov.br\/secretaria-de-seguranca-publica\/#\/schema\/person\/30ee1d1bd74da1469b01fcf086e43351"},"breadcrumb":{"@id":"https:\/\/www.pmpf.rs.gov.br\/secretaria-de-seguranca-publica\/2022\/03\/24\/prefeitura-escuta-demandas-da-associacao-dos-taxistas-de-passo-fundo\/#breadcrumb"},"inLanguage":"pt-BR","potentialAction":[{"@type":"ReadAction","target":["https:\/\/www.pmpf.rs.gov.br\/secretaria-de-seguranca-publica\/2022\/03\/24\/prefeitura-escuta-demandas-da-associacao-dos-taxistas-de-passo-fundo\/"]}]},{"@type":"ImageObject","inLanguage":"pt-BR","@id":"https:\/\/www.pmpf.rs.gov.br\/secretaria-de-seguranca-publica\/2022\/03\/24\/prefeitura-escuta-demandas-da-associacao-dos-taxistas-de-passo-fundo\/#primaryimage","url":"https:\/\/www.pmpf.rs.gov.br\/secretaria-de-seguranca-publica\/wp-content\/uploads\/sites\/54\/2022\/03\/taxistas.jpg","contentUrl":"https:\/\/www.pmpf.rs.gov.br\/secretaria-de-seguranca-publica\/wp-content\/uploads\/sites\/54\/2022\/03\/taxistas.jpg","width":1280,"height":853},{"@type":"BreadcrumbList","@id":"https:\/\/www.pmpf.rs.gov.br\/secretaria-de-seguranca-publica\/2022\/03\/24\/prefeitura-escuta-demandas-da-associacao-dos-taxistas-de-passo-fundo\/#breadcrumb","itemListElement":[{"@type":"ListItem","position":1,"name":"In\u00edcio","item":"https:\/\/www.pmpf.rs.gov.br\/secretaria-de-seguranca-publica\/"},{"@type":"ListItem","position":2,"name":"Prefeitura escuta demandas da Associa\u00e7\u00e3o dos Taxistas de Passo Fundo"}]},{"@type":"WebSite","@id":"https:\/\/www.pmpf.rs.gov.br\/secretaria-de-seguranca-publica\/#website","url":"https:\/\/www.pmpf.rs.gov.br\/secretaria-de-seguranca-publica\/","name":"Secretaria de Seguran\u00e7a P\u00fablica e Transporte","description":"S\u00f3 mais um site Prefeitura de Passo Fundo","potentialAction":[{"@type":"SearchAction","target":{"@type":"EntryPoint","urlTemplate":"https:\/\/www.pmpf.rs.gov.br\/secretaria-de-seguranca-publica\/?s={search_term_string}"},"query-input":{"@type":"PropertyValueSpecification","valueRequired":true,"valueName":"search_term_string"}}],"inLanguage":"pt-BR"},{"@type":"Person","@id":"https:\/\/www.pmpf.rs.gov.br\/secretaria-de-seguranca-publica\/#\/schema\/person\/30ee1d1bd74da1469b01fcf086e43351","name":"andressazorzetto07","image":{"@type":"ImageObject","inLanguage":"pt-BR","@id":"https:\/\/www.pmpf.rs.gov.br\/secretaria-de-seguranca-publica\/#\/schema\/person\/image\/","url":"https:\/\/secure.gravatar.com\/avatar\/14c5458ed79dc81da99a13b9ff5f9f19?s=96&d=mm&r=g","contentUrl":"https:\/\/secure.gravatar.com\/avatar\/14c5458ed79dc81da99a13b9ff5f9f19?s=96&d=mm&r=g","caption":"andressazorzetto07"},"url":"https:\/\/www.pmpf.rs.gov.br\/secretaria-de-seguranca-publica\/author\/andressazorzetto07\/"}]}},"_links":{"self":[{"href":"https:\/\/www.pmpf.rs.gov.br\/secretaria-de-seguranca-publica\/wp-json\/wp\/v2\/posts\/898"}],"collection":[{"href":"https:\/\/www.pmpf.rs.gov.br\/secretaria-de-seguranca-publica\/wp-json\/wp\/v2\/posts"}],"about":[{"href":"https:\/\/www.pmpf.rs.gov.br\/secretaria-de-seguranca-publica\/wp-json\/wp\/v2\/types\/post"}],"author":[{"embeddable":true,"href":"https:\/\/www.pmpf.rs.gov.br\/secretaria-de-seguranca-publica\/wp-json\/wp\/v2\/users\/6"}],"replies":[{"embeddable":true,"href":"https:\/\/www.pmpf.rs.gov.br\/secretaria-de-seguranca-publica\/wp-json\/wp\/v2\/comments?post=898"}],"version-history":[{"count":1,"href":"https:\/\/www.pmpf.rs.gov.br\/secretaria-de-seguranca-publica\/wp-json\/wp\/v2\/posts\/898\/revisions"}],"predecessor-version":[{"id":900,"href":"https:\/\/www.pmpf.rs.gov.br\/secretaria-de-seguranca-publica\/wp-json\/wp\/v2\/posts\/898\/revisions\/900"}],"wp:featuredmedia":[{"embeddable":true,"href":"https:\/\/www.pmpf.rs.gov.br\/secretaria-de-seguranca-publica\/wp-json\/wp\/v2\/media\/899"}],"wp:attachment":[{"href":"https:\/\/www.pmpf.rs.gov.br\/secretaria-de-seguranca-publica\/wp-json\/wp\/v2\/media?parent=898"}],"wp:term":[{"taxonomy":"category","embeddable":true,"href":"https:\/\/www.pmpf.rs.gov.br\/secretaria-de-seguranca-publica\/wp-json\/wp\/v2\/categories?post=898"},{"taxonomy":"post_tag","embeddable":true,"href":"https:\/\/www.pmpf.rs.gov.br\/secretaria-de-seguranca-publica\/wp-json\/wp\/v2\/tags?post=898"}],"curies":[{"name":"wp","href":"https:\/\/api.w.org\/{rel}","templated":true}]}}