{"id":895,"date":"2022-03-23T12:07:26","date_gmt":"2022-03-23T15:07:26","guid":{"rendered":"https:\/\/www.pmpf.rs.gov.br\/secretaria-de-seguranca-publica\/?p=895"},"modified":"2022-03-23T12:07:26","modified_gmt":"2022-03-23T15:07:26","slug":"prefeitura-e-prf-assinam-termo-de-cooperacao-para-o-compartilhamento-de-informacoes","status":"publish","type":"post","link":"https:\/\/www.pmpf.rs.gov.br\/secretaria-de-seguranca-publica\/2022\/03\/23\/prefeitura-e-prf-assinam-termo-de-cooperacao-para-o-compartilhamento-de-informacoes\/","title":{"rendered":"Prefeitura e PRF assinam Termo de Coopera\u00e7\u00e3o para o compartilhamento de informa\u00e7\u00f5es"},"content":{"rendered":"\n<p><\/p>\n\n\n\n<p>Nesta quarta-feira (23), a Prefeitura de Passo Fundo e a Pol\u00edcia Rodovi\u00e1ria Federal assinaram um Termo de Coopera\u00e7\u00e3o que possibilitar\u00e1 o compartilhamento de plataformas digitais e a troca de informa\u00e7\u00f5es. A medida ampliar\u00e1 a atua\u00e7\u00e3o do Munic\u00edpio e do \u00f3rg\u00e3o, impactando diretamente em mais seguran\u00e7a para a popula\u00e7\u00e3o.<\/p>\n\n\n\n<p>O prefeito, Pedro Almeida, salientou que o governo municipal tem feito grandes investimentos em tecnologia a fim de trazer resultados \u00e0 comunidade em todas as \u00e1reas, o que tamb\u00e9m interfere na Seguran\u00e7a P\u00fablica. \u201cTemos uma gest\u00e3o que \u00e9 voltada \u00e0 tecnologia e que tem proporcionado a moderniza\u00e7\u00e3o de processos com 100 servi\u00e7os digitais. Essa parceria vem em boa hora para facilitar a atua\u00e7\u00e3o tanto da PRF quanto das equipes da Seguran\u00e7a P\u00fablica Municipal\u201d, enfatizou.<\/p>\n\n\n\n<p>O secret\u00e1rio municipal de Seguran\u00e7a, Jo\u00e3o Darci Gon\u00e7alves, explicou como essa integra\u00e7\u00e3o fortalecer\u00e1 o trabalho do setor. \u201cUtilizar uma plataforma da PRF para fazer registros de ocorr\u00eancia de tr\u00e2nsito, e esses dados ser\u00e3o compartilhados com o \u00f3rg\u00e3o. Em contrapartida, a PRF poder\u00e1 acessar nossos equipamentos de videomonitoramento, especialmente, as c\u00e2meras OCR, que permitem a leitura de placas de ve\u00edculos e que identificam ve\u00edculos furtados, roubados ou que possuem algum outro problema e s\u00e3o solicitados judicialmente\u201d, considerou.<\/p>\n\n\n\n<p>Tendo em vista como as ferramentas poder\u00e3o ser utilizadas, o superintendente da Pol\u00edcia Federal, Lu\u00eds Carlos Reischak J\u00fanior, avaliou que a coopera\u00e7\u00e3o traz resultados para a regi\u00e3o. \u201cPasso Fundo tem a maior delegacia da PRF no Estado. \u00c9 dif\u00edcil vermos uma sinergia t\u00e3o grande como essa da regi\u00e3o, e os resultados disso s\u00e3o representativos com a\u00e7\u00f5es que beneficiam a popula\u00e7\u00e3o\u201d, acrescentou.<\/p>\n\n\n\n<p>Ele tamb\u00e9m lembrou de uma conquista importante que ser\u00e1 efetivada para a PRF de Passo Fundo e que teve a participa\u00e7\u00e3o da Prefeitura: a reestrutura\u00e7\u00e3o da delegacia. \u201cA PRF existe h\u00e1 94 anos, mas somente com a constitui\u00e7\u00e3o de 88 adquiriu independ\u00eancia. E, neste processo, contamos com a ajuda dos munic\u00edpios para que tiv\u00e9ssemos condi\u00e7\u00f5es para operar. Tamb\u00e9m, recebemos recentemente a confirma\u00e7\u00e3o de R$ 4 milh\u00f5es em recursos federais para a reestrutura\u00e7\u00e3o da unidade, um investimento muito importante para a regi\u00e3o cujo projeto teve apoio do Munic\u00edpio\u201d, disse.<\/p>\n\n\n\n<p>Conforme o prefeito, o Munic\u00edpio est\u00e1 ao lado das iniciativas que contribuem com os avan\u00e7os nos servi\u00e7os que envolvem a cidade e a comunidade. \u201cA PRF est\u00e1 pr\u00f3xima da Prefeitura e dos passo-fundenses. Por isso, fomentamos essa parceria\u201d, afirmou.<\/p>\n\n\n\n<p>Acompanharam o ato o secret\u00e1rio adjunto de Seguran\u00e7a, Ruberson Stieven e o chefe de gabinete, Fernando Carlos Bica. Ainda, a chefe de Gabinete e assessora parlamentar, Fernanda S\u00e1, o Chefe de Servi\u00e7o de Opera\u00e7\u00f5es da PRF\/RS, Andr\u00e9 Benedetti, o superintendente Executivo da PRF\/RS, \u00c9merson Roberto Muniz, o chefe da Delegacia de Passo Fundo, Fabr\u00edcio Moises Ziani, o chefe substituto da Delegacia, Rodrigo Garcia Calegari, e o chefe do NPF, L\u00facio Jos\u00e9 Finkler J\u00fanior.<\/p>\n\n\n\n<p><strong>Fotos: Michel Sanderi<\/strong><\/p>\n","protected":false},"excerpt":{"rendered":"<p>A medida fortalecer\u00e1 a atua\u00e7\u00e3o do Munic\u00edpio e do \u00f3rg\u00e3o, impactando diretamente em mais seguran\u00e7a para a popula\u00e7\u00e3o<\/p>\n","protected":false},"author":6,"featured_media":896,"comment_status":"closed","ping_status":"closed","sticky":true,"template":"","format":"standard","meta":{"footnotes":""},"categories":[10],"tags":[],"class_list":["post-895","post","type-post","status-publish","format-standard","has-post-thumbnail","hentry","category-seguranca-publica"],"yoast_head":"<!-- This site is optimized with the Yoast SEO plugin v23.8 - https:\/\/yoast.com\/wordpress\/plugins\/seo\/ -->\n<title>Prefeitura e PRF assinam Termo de Coopera\u00e7\u00e3o para o compartilhamento de informa\u00e7\u00f5es - Secretaria de Seguran\u00e7a P\u00fablica e Transporte<\/title>\n<meta name=\"robots\" content=\"index, follow, max-snippet:-1, max-image-preview:large, max-video-preview:-1\" \/>\n<link rel=\"canonical\" href=\"https:\/\/www.pmpf.rs.gov.br\/secretaria-de-seguranca-publica\/2022\/03\/23\/prefeitura-e-prf-assinam-termo-de-cooperacao-para-o-compartilhamento-de-informacoes\/\" \/>\n<meta property=\"og:locale\" content=\"pt_BR\" \/>\n<meta property=\"og:type\" content=\"article\" \/>\n<meta property=\"og:title\" content=\"Prefeitura e PRF assinam Termo de Coopera\u00e7\u00e3o para o compartilhamento de informa\u00e7\u00f5es - Secretaria de Seguran\u00e7a P\u00fablica e Transporte\" \/>\n<meta property=\"og:description\" content=\"A medida fortalecer\u00e1 a atua\u00e7\u00e3o do Munic\u00edpio e do \u00f3rg\u00e3o, impactando diretamente em mais seguran\u00e7a para a popula\u00e7\u00e3o\" \/>\n<meta property=\"og:url\" content=\"https:\/\/www.pmpf.rs.gov.br\/secretaria-de-seguranca-publica\/2022\/03\/23\/prefeitura-e-prf-assinam-termo-de-cooperacao-para-o-compartilhamento-de-informacoes\/\" \/>\n<meta property=\"og:site_name\" content=\"Secretaria de Seguran\u00e7a P\u00fablica e Transporte\" \/>\n<meta property=\"article:published_time\" content=\"2022-03-23T15:07:26+00:00\" \/>\n<meta name=\"author\" content=\"andressazorzetto07\" \/>\n<meta name=\"twitter:card\" content=\"summary_large_image\" \/>\n<meta name=\"twitter:label1\" content=\"Escrito por\" \/>\n\t<meta name=\"twitter:data1\" content=\"andressazorzetto07\" \/>\n\t<meta name=\"twitter:label2\" content=\"Est. tempo de leitura\" \/>\n\t<meta name=\"twitter:data2\" content=\"3 minutos\" \/>\n<script type=\"application\/ld+json\" class=\"yoast-schema-graph\">{\"@context\":\"https:\/\/schema.org\",\"@graph\":[{\"@type\":\"WebPage\",\"@id\":\"https:\/\/www.pmpf.rs.gov.br\/secretaria-de-seguranca-publica\/2022\/03\/23\/prefeitura-e-prf-assinam-termo-de-cooperacao-para-o-compartilhamento-de-informacoes\/\",\"url\":\"https:\/\/www.pmpf.rs.gov.br\/secretaria-de-seguranca-publica\/2022\/03\/23\/prefeitura-e-prf-assinam-termo-de-cooperacao-para-o-compartilhamento-de-informacoes\/\",\"name\":\"Prefeitura e PRF assinam Termo de Coopera\u00e7\u00e3o para o compartilhamento de informa\u00e7\u00f5es - Secretaria de Seguran\u00e7a P\u00fablica e Transporte\",\"isPartOf\":{\"@id\":\"https:\/\/www.pmpf.rs.gov.br\/secretaria-de-seguranca-publica\/#website\"},\"primaryImageOfPage\":{\"@id\":\"https:\/\/www.pmpf.rs.gov.br\/secretaria-de-seguranca-publica\/2022\/03\/23\/prefeitura-e-prf-assinam-termo-de-cooperacao-para-o-compartilhamento-de-informacoes\/#primaryimage\"},\"image\":{\"@id\":\"https:\/\/www.pmpf.rs.gov.br\/secretaria-de-seguranca-publica\/2022\/03\/23\/prefeitura-e-prf-assinam-termo-de-cooperacao-para-o-compartilhamento-de-informacoes\/#primaryimage\"},\"thumbnailUrl\":\"https:\/\/www.pmpf.rs.gov.br\/secretaria-de-seguranca-publica\/wp-content\/uploads\/sites\/54\/2022\/03\/MUNICIPIO-E-PRF3.jpg\",\"datePublished\":\"2022-03-23T15:07:26+00:00\",\"dateModified\":\"2022-03-23T15:07:26+00:00\",\"author\":{\"@id\":\"https:\/\/www.pmpf.rs.gov.br\/secretaria-de-seguranca-publica\/#\/schema\/person\/30ee1d1bd74da1469b01fcf086e43351\"},\"breadcrumb\":{\"@id\":\"https:\/\/www.pmpf.rs.gov.br\/secretaria-de-seguranca-publica\/2022\/03\/23\/prefeitura-e-prf-assinam-termo-de-cooperacao-para-o-compartilhamento-de-informacoes\/#breadcrumb\"},\"inLanguage\":\"pt-BR\",\"potentialAction\":[{\"@type\":\"ReadAction\",\"target\":[\"https:\/\/www.pmpf.rs.gov.br\/secretaria-de-seguranca-publica\/2022\/03\/23\/prefeitura-e-prf-assinam-termo-de-cooperacao-para-o-compartilhamento-de-informacoes\/\"]}]},{\"@type\":\"ImageObject\",\"inLanguage\":\"pt-BR\",\"@id\":\"https:\/\/www.pmpf.rs.gov.br\/secretaria-de-seguranca-publica\/2022\/03\/23\/prefeitura-e-prf-assinam-termo-de-cooperacao-para-o-compartilhamento-de-informacoes\/#primaryimage\",\"url\":\"https:\/\/www.pmpf.rs.gov.br\/secretaria-de-seguranca-publica\/wp-content\/uploads\/sites\/54\/2022\/03\/MUNICIPIO-E-PRF3.jpg\",\"contentUrl\":\"https:\/\/www.pmpf.rs.gov.br\/secretaria-de-seguranca-publica\/wp-content\/uploads\/sites\/54\/2022\/03\/MUNICIPIO-E-PRF3.jpg\",\"width\":1280,\"height\":853},{\"@type\":\"BreadcrumbList\",\"@id\":\"https:\/\/www.pmpf.rs.gov.br\/secretaria-de-seguranca-publica\/2022\/03\/23\/prefeitura-e-prf-assinam-termo-de-cooperacao-para-o-compartilhamento-de-informacoes\/#breadcrumb\",\"itemListElement\":[{\"@type\":\"ListItem\",\"position\":1,\"name\":\"In\u00edcio\",\"item\":\"https:\/\/www.pmpf.rs.gov.br\/secretaria-de-seguranca-publica\/\"},{\"@type\":\"ListItem\",\"position\":2,\"name\":\"Prefeitura e PRF assinam Termo de Coopera\u00e7\u00e3o para o compartilhamento de informa\u00e7\u00f5es\"}]},{\"@type\":\"WebSite\",\"@id\":\"https:\/\/www.pmpf.rs.gov.br\/secretaria-de-seguranca-publica\/#website\",\"url\":\"https:\/\/www.pmpf.rs.gov.br\/secretaria-de-seguranca-publica\/\",\"name\":\"Secretaria de Seguran\u00e7a P\u00fablica e Transporte\",\"description\":\"S\u00f3 mais um site Prefeitura de Passo Fundo\",\"potentialAction\":[{\"@type\":\"SearchAction\",\"target\":{\"@type\":\"EntryPoint\",\"urlTemplate\":\"https:\/\/www.pmpf.rs.gov.br\/secretaria-de-seguranca-publica\/?s={search_term_string}\"},\"query-input\":{\"@type\":\"PropertyValueSpecification\",\"valueRequired\":true,\"valueName\":\"search_term_string\"}}],\"inLanguage\":\"pt-BR\"},{\"@type\":\"Person\",\"@id\":\"https:\/\/www.pmpf.rs.gov.br\/secretaria-de-seguranca-publica\/#\/schema\/person\/30ee1d1bd74da1469b01fcf086e43351\",\"name\":\"andressazorzetto07\",\"image\":{\"@type\":\"ImageObject\",\"inLanguage\":\"pt-BR\",\"@id\":\"https:\/\/www.pmpf.rs.gov.br\/secretaria-de-seguranca-publica\/#\/schema\/person\/image\/\",\"url\":\"https:\/\/secure.gravatar.com\/avatar\/14c5458ed79dc81da99a13b9ff5f9f19?s=96&d=mm&r=g\",\"contentUrl\":\"https:\/\/secure.gravatar.com\/avatar\/14c5458ed79dc81da99a13b9ff5f9f19?s=96&d=mm&r=g\",\"caption\":\"andressazorzetto07\"},\"url\":\"https:\/\/www.pmpf.rs.gov.br\/secretaria-de-seguranca-publica\/author\/andressazorzetto07\/\"}]}<\/script>\n<!-- \/ Yoast SEO plugin. -->","yoast_head_json":{"title":"Prefeitura e PRF assinam Termo de Coopera\u00e7\u00e3o para o compartilhamento de informa\u00e7\u00f5es - Secretaria de Seguran\u00e7a P\u00fablica e Transporte","robots":{"index":"index","follow":"follow","max-snippet":"max-snippet:-1","max-image-preview":"max-image-preview:large","max-video-preview":"max-video-preview:-1"},"canonical":"https:\/\/www.pmpf.rs.gov.br\/secretaria-de-seguranca-publica\/2022\/03\/23\/prefeitura-e-prf-assinam-termo-de-cooperacao-para-o-compartilhamento-de-informacoes\/","og_locale":"pt_BR","og_type":"article","og_title":"Prefeitura e PRF assinam Termo de Coopera\u00e7\u00e3o para o compartilhamento de informa\u00e7\u00f5es - Secretaria de Seguran\u00e7a P\u00fablica e Transporte","og_description":"A medida fortalecer\u00e1 a atua\u00e7\u00e3o do Munic\u00edpio e do \u00f3rg\u00e3o, impactando diretamente em mais seguran\u00e7a para a popula\u00e7\u00e3o","og_url":"https:\/\/www.pmpf.rs.gov.br\/secretaria-de-seguranca-publica\/2022\/03\/23\/prefeitura-e-prf-assinam-termo-de-cooperacao-para-o-compartilhamento-de-informacoes\/","og_site_name":"Secretaria de Seguran\u00e7a P\u00fablica e Transporte","article_published_time":"2022-03-23T15:07:26+00:00","author":"andressazorzetto07","twitter_card":"summary_large_image","twitter_misc":{"Escrito por":"andressazorzetto07","Est. tempo de leitura":"3 minutos"},"schema":{"@context":"https:\/\/schema.org","@graph":[{"@type":"WebPage","@id":"https:\/\/www.pmpf.rs.gov.br\/secretaria-de-seguranca-publica\/2022\/03\/23\/prefeitura-e-prf-assinam-termo-de-cooperacao-para-o-compartilhamento-de-informacoes\/","url":"https:\/\/www.pmpf.rs.gov.br\/secretaria-de-seguranca-publica\/2022\/03\/23\/prefeitura-e-prf-assinam-termo-de-cooperacao-para-o-compartilhamento-de-informacoes\/","name":"Prefeitura e PRF assinam Termo de Coopera\u00e7\u00e3o para o compartilhamento de informa\u00e7\u00f5es - Secretaria de Seguran\u00e7a P\u00fablica e Transporte","isPartOf":{"@id":"https:\/\/www.pmpf.rs.gov.br\/secretaria-de-seguranca-publica\/#website"},"primaryImageOfPage":{"@id":"https:\/\/www.pmpf.rs.gov.br\/secretaria-de-seguranca-publica\/2022\/03\/23\/prefeitura-e-prf-assinam-termo-de-cooperacao-para-o-compartilhamento-de-informacoes\/#primaryimage"},"image":{"@id":"https:\/\/www.pmpf.rs.gov.br\/secretaria-de-seguranca-publica\/2022\/03\/23\/prefeitura-e-prf-assinam-termo-de-cooperacao-para-o-compartilhamento-de-informacoes\/#primaryimage"},"thumbnailUrl":"https:\/\/www.pmpf.rs.gov.br\/secretaria-de-seguranca-publica\/wp-content\/uploads\/sites\/54\/2022\/03\/MUNICIPIO-E-PRF3.jpg","datePublished":"2022-03-23T15:07:26+00:00","dateModified":"2022-03-23T15:07:26+00:00","author":{"@id":"https:\/\/www.pmpf.rs.gov.br\/secretaria-de-seguranca-publica\/#\/schema\/person\/30ee1d1bd74da1469b01fcf086e43351"},"breadcrumb":{"@id":"https:\/\/www.pmpf.rs.gov.br\/secretaria-de-seguranca-publica\/2022\/03\/23\/prefeitura-e-prf-assinam-termo-de-cooperacao-para-o-compartilhamento-de-informacoes\/#breadcrumb"},"inLanguage":"pt-BR","potentialAction":[{"@type":"ReadAction","target":["https:\/\/www.pmpf.rs.gov.br\/secretaria-de-seguranca-publica\/2022\/03\/23\/prefeitura-e-prf-assinam-termo-de-cooperacao-para-o-compartilhamento-de-informacoes\/"]}]},{"@type":"ImageObject","inLanguage":"pt-BR","@id":"https:\/\/www.pmpf.rs.gov.br\/secretaria-de-seguranca-publica\/2022\/03\/23\/prefeitura-e-prf-assinam-termo-de-cooperacao-para-o-compartilhamento-de-informacoes\/#primaryimage","url":"https:\/\/www.pmpf.rs.gov.br\/secretaria-de-seguranca-publica\/wp-content\/uploads\/sites\/54\/2022\/03\/MUNICIPIO-E-PRF3.jpg","contentUrl":"https:\/\/www.pmpf.rs.gov.br\/secretaria-de-seguranca-publica\/wp-content\/uploads\/sites\/54\/2022\/03\/MUNICIPIO-E-PRF3.jpg","width":1280,"height":853},{"@type":"BreadcrumbList","@id":"https:\/\/www.pmpf.rs.gov.br\/secretaria-de-seguranca-publica\/2022\/03\/23\/prefeitura-e-prf-assinam-termo-de-cooperacao-para-o-compartilhamento-de-informacoes\/#breadcrumb","itemListElement":[{"@type":"ListItem","position":1,"name":"In\u00edcio","item":"https:\/\/www.pmpf.rs.gov.br\/secretaria-de-seguranca-publica\/"},{"@type":"ListItem","position":2,"name":"Prefeitura e PRF assinam Termo de Coopera\u00e7\u00e3o para o compartilhamento de informa\u00e7\u00f5es"}]},{"@type":"WebSite","@id":"https:\/\/www.pmpf.rs.gov.br\/secretaria-de-seguranca-publica\/#website","url":"https:\/\/www.pmpf.rs.gov.br\/secretaria-de-seguranca-publica\/","name":"Secretaria de Seguran\u00e7a P\u00fablica e Transporte","description":"S\u00f3 mais um site Prefeitura de Passo Fundo","potentialAction":[{"@type":"SearchAction","target":{"@type":"EntryPoint","urlTemplate":"https:\/\/www.pmpf.rs.gov.br\/secretaria-de-seguranca-publica\/?s={search_term_string}"},"query-input":{"@type":"PropertyValueSpecification","valueRequired":true,"valueName":"search_term_string"}}],"inLanguage":"pt-BR"},{"@type":"Person","@id":"https:\/\/www.pmpf.rs.gov.br\/secretaria-de-seguranca-publica\/#\/schema\/person\/30ee1d1bd74da1469b01fcf086e43351","name":"andressazorzetto07","image":{"@type":"ImageObject","inLanguage":"pt-BR","@id":"https:\/\/www.pmpf.rs.gov.br\/secretaria-de-seguranca-publica\/#\/schema\/person\/image\/","url":"https:\/\/secure.gravatar.com\/avatar\/14c5458ed79dc81da99a13b9ff5f9f19?s=96&d=mm&r=g","contentUrl":"https:\/\/secure.gravatar.com\/avatar\/14c5458ed79dc81da99a13b9ff5f9f19?s=96&d=mm&r=g","caption":"andressazorzetto07"},"url":"https:\/\/www.pmpf.rs.gov.br\/secretaria-de-seguranca-publica\/author\/andressazorzetto07\/"}]}},"_links":{"self":[{"href":"https:\/\/www.pmpf.rs.gov.br\/secretaria-de-seguranca-publica\/wp-json\/wp\/v2\/posts\/895"}],"collection":[{"href":"https:\/\/www.pmpf.rs.gov.br\/secretaria-de-seguranca-publica\/wp-json\/wp\/v2\/posts"}],"about":[{"href":"https:\/\/www.pmpf.rs.gov.br\/secretaria-de-seguranca-publica\/wp-json\/wp\/v2\/types\/post"}],"author":[{"embeddable":true,"href":"https:\/\/www.pmpf.rs.gov.br\/secretaria-de-seguranca-publica\/wp-json\/wp\/v2\/users\/6"}],"replies":[{"embeddable":true,"href":"https:\/\/www.pmpf.rs.gov.br\/secretaria-de-seguranca-publica\/wp-json\/wp\/v2\/comments?post=895"}],"version-history":[{"count":1,"href":"https:\/\/www.pmpf.rs.gov.br\/secretaria-de-seguranca-publica\/wp-json\/wp\/v2\/posts\/895\/revisions"}],"predecessor-version":[{"id":897,"href":"https:\/\/www.pmpf.rs.gov.br\/secretaria-de-seguranca-publica\/wp-json\/wp\/v2\/posts\/895\/revisions\/897"}],"wp:featuredmedia":[{"embeddable":true,"href":"https:\/\/www.pmpf.rs.gov.br\/secretaria-de-seguranca-publica\/wp-json\/wp\/v2\/media\/896"}],"wp:attachment":[{"href":"https:\/\/www.pmpf.rs.gov.br\/secretaria-de-seguranca-publica\/wp-json\/wp\/v2\/media?parent=895"}],"wp:term":[{"taxonomy":"category","embeddable":true,"href":"https:\/\/www.pmpf.rs.gov.br\/secretaria-de-seguranca-publica\/wp-json\/wp\/v2\/categories?post=895"},{"taxonomy":"post_tag","embeddable":true,"href":"https:\/\/www.pmpf.rs.gov.br\/secretaria-de-seguranca-publica\/wp-json\/wp\/v2\/tags?post=895"}],"curies":[{"name":"wp","href":"https:\/\/api.w.org\/{rel}","templated":true}]}}