{"id":882,"date":"2022-01-28T20:13:54","date_gmt":"2022-01-28T23:13:54","guid":{"rendered":"https:\/\/www.pmpf.rs.gov.br\/secretaria-de-seguranca-publica\/2022\/01\/28\/campanha-ambiente-seguro\/"},"modified":"2022-03-12T22:31:23","modified_gmt":"2022-03-13T01:31:23","slug":"campanha-ambiente-seguro","status":"publish","type":"post","link":"https:\/\/www.pmpf.rs.gov.br\/secretaria-de-seguranca-publica\/2022\/01\/28\/campanha-ambiente-seguro\/","title":{"rendered":"Campanha Ambiente Seguro"},"content":{"rendered":"<div id=\":rg\" class=\"Ar Au Ao\">\n<p style=\"direction: ltr; min-height: 159px;\">Com a campanha Ambiente Seguro, a Prefeitura de Passo Fundo est\u00e1 intensificando as medidas de preven\u00e7\u00e3o da Covid-19 na cidade. Uma delas \u00e9 garantir que os estabelecimentos comerciais cumpram os cuidados como disponibilizar \u00e1lcool gel e exigir o uso de m\u00e1scaras pelos colaboradores e clientes. Nesta sexta-feira (28), servidores da Secretaria de Seguran\u00e7a realizaram uma a\u00e7\u00e3o orientativa com foco nos mercados e supermercados.<\/p>\n<p style=\"direction: ltr; min-height: 159px;\"><span style=\" \">O prefeito, Pedro Almeida, afirma que o munic\u00edpio registra o aumento de casos da doen\u00e7a e que s\u00e3o necess\u00e1rios esfor\u00e7os coletivos para combater a dissemina\u00e7\u00e3o do v\u00edrus. &#8220;;;A proposta da campanha Ambiente Seguro \u00e9 conscientizar o com\u00e9rcio, os colaboradores e os clientes sobre a import\u00e2ncia de cada um estar fazendo a sua parte. O Munic\u00edpio, al\u00e9m de articular essa a\u00e7\u00e3o e distribuir materiais gr\u00e1ficos para serem afixados nos estabelecimentos, est\u00e1 orientando de forma direta as empresas&#8221;;;, salientou.<\/span><\/p>\n<p style=\"direction: ltr; min-height: 159px;\"><span style=\" \"><br \/>\n<\/span>Todos os segmentos do com\u00e9rcio dever\u00e3o receber as orienta\u00e7\u00f5es e o material gr\u00e1fico, como destaca o secret\u00e1rio adjunto de Seguran\u00e7a, Ruberson Stieven. &#8220;;;Iniciamos com os mercados e supermercados e vamos avan\u00e7ar nas a\u00e7\u00f5es por categoria de com\u00e9rcio&#8221;;;, enfatizou.<\/p>\n<p style=\"direction: ltr; min-height: 159px;\">Stiven pontuou, ainda, que, no in\u00edcio do ano letivo, as escolas municipais, estaduais e particulares tamb\u00e9m receber\u00e3o a\u00e7\u00f5es. &#8220;;;Esse \u00e9 um trabalho que vai continuar at\u00e9 que os n\u00fameros da pandemia reduzam, buscando conscientizar a popula\u00e7\u00e3o sobre a import\u00e2ncia dos cuidados&#8221;;;, mencionou.<\/p>\n<div id=\":rc\" class=\"Am Al editable LW-avf tS-tW tS-tY\" hidefocus=\"true\" aria-label=\"Corpo da mensagem\" g_editable=\"true\" role=\"textbox\" aria-multiline=\"true\" tabindex=\"1\" style=\"direction: ltr; min-height: 159px;\" spellcheck=\"false\"><b>Onde solicitar materiais<br \/>\n<\/b>Em reuni\u00e3o realizada no dia 18 de janeiro, o Munic\u00edpio reafirmou com entidades representativas a necessidade de que todos os estabelecimentos promovam os cuidados como o uso de m\u00e1scara e higieniza\u00e7\u00e3o das m\u00e3os. Conforme o prefeito, neste momento, o Munic\u00edpio n\u00e3o pretende emitir decretos restritivos, mas a sociedade deve intensificar a preven\u00e7\u00e3o. &#8220;;;N\u00e3o h\u00e1 inten\u00e7\u00e3o de restringir. Por enquanto, continuaremos seguindo as determina\u00e7\u00f5es federais e estaduais. Mas queremos convocar a todos para que nos ajudem na conscientiza\u00e7\u00e3o&#8221;;;, declarou.<br \/>\nO secret\u00e1rio de Desenvolvimento Econ\u00f4mico, Diorges de Oliveira, considerou que a pasta est\u00e1 \u00e0 disposi\u00e7\u00e3o para fornecer informa\u00e7\u00f5es e distribuir materiais. &#8220;;;A Secretaria ir\u00e1 auxiliar as entidades e os estabelecimentos com o que for preciso. \u00c9 muito importante estarmos pr\u00f3ximos&#8221;;;, avaliou.<\/div>\n<div id=\":rc\" class=\"Am Al editable LW-avf tS-tW tS-tY\" hidefocus=\"true\" aria-label=\"Corpo da mensagem\" g_editable=\"true\" role=\"textbox\" aria-multiline=\"true\" tabindex=\"1\" style=\"direction: ltr; min-height: 159px;\" spellcheck=\"false\"><\/div>\n<div id=\":rc\" class=\"Am Al editable LW-avf tS-tW tS-tY\" hidefocus=\"true\" aria-label=\"Corpo da mensagem\" g_editable=\"true\" role=\"textbox\" aria-multiline=\"true\" tabindex=\"1\" style=\"direction: ltr; min-height: 159px;\" spellcheck=\"false\">O presidente da CDL, Fernando de Carli, considerou a import\u00e2ncia da campanha. \u201cAo longo de quase dois anos, as medidas de combate da Covid-19 s\u00e3o conhecidas por todos, mas acreditamos que \u00e9 importante destacar que os ambientes se tornam seguros quando todos colaboram. Assim, as empresas seguem atendendo os consumidores com todos os produtos e servi\u00e7os que eles desejam e com a seguran\u00e7a que todos precisam\u201d, lembrou.<\/div>\n<div id=\":rc\" class=\"Am Al editable LW-avf tS-tW tS-tY\" hidefocus=\"true\" aria-label=\"Corpo da mensagem\" g_editable=\"true\" role=\"textbox\" aria-multiline=\"true\" tabindex=\"1\" style=\"direction: ltr; min-height: 159px;\" spellcheck=\"false\">\n<div><b>Fotos: Jean Mognon<\/b><\/div>\n<\/div>\n<\/div>\n","protected":false},"excerpt":{"rendered":"<p>Equipe da Prefeitura orienta supermercados e com\u00e9rcio sobre preven\u00e7\u00e3o da Covid-19<\/p>\n","protected":false},"author":1,"featured_media":890,"comment_status":"open","ping_status":"open","sticky":false,"template":"","format":"standard","meta":{"footnotes":""},"categories":[1],"tags":[],"class_list":["post-882","post","type-post","status-publish","format-standard","has-post-thumbnail","hentry","category-sem-categoria"],"yoast_head":"<!-- This site is optimized with the Yoast SEO plugin v23.8 - https:\/\/yoast.com\/wordpress\/plugins\/seo\/ -->\n<title>Campanha Ambiente Seguro - Secretaria de Seguran\u00e7a P\u00fablica e Transporte<\/title>\n<meta name=\"robots\" content=\"index, follow, max-snippet:-1, max-image-preview:large, max-video-preview:-1\" \/>\n<link rel=\"canonical\" href=\"https:\/\/www.pmpf.rs.gov.br\/secretaria-de-seguranca-publica\/2022\/01\/28\/campanha-ambiente-seguro\/\" \/>\n<meta property=\"og:locale\" content=\"pt_BR\" \/>\n<meta property=\"og:type\" content=\"article\" \/>\n<meta property=\"og:title\" content=\"Campanha Ambiente Seguro - Secretaria de Seguran\u00e7a P\u00fablica e Transporte\" \/>\n<meta property=\"og:description\" content=\"Equipe da Prefeitura orienta supermercados e com\u00e9rcio sobre preven\u00e7\u00e3o da Covid-19\" \/>\n<meta property=\"og:url\" content=\"https:\/\/www.pmpf.rs.gov.br\/secretaria-de-seguranca-publica\/2022\/01\/28\/campanha-ambiente-seguro\/\" \/>\n<meta property=\"og:site_name\" content=\"Secretaria de Seguran\u00e7a P\u00fablica e Transporte\" \/>\n<meta property=\"article:published_time\" content=\"2022-01-28T23:13:54+00:00\" \/>\n<meta property=\"article:modified_time\" content=\"2022-03-13T01:31:23+00:00\" \/>\n<meta name=\"author\" content=\"mosite\" \/>\n<meta name=\"twitter:card\" content=\"summary_large_image\" \/>\n<meta name=\"twitter:label1\" content=\"Escrito por\" \/>\n\t<meta name=\"twitter:data1\" content=\"mosite\" \/>\n\t<meta name=\"twitter:label2\" content=\"Est. tempo de leitura\" \/>\n\t<meta name=\"twitter:data2\" content=\"2 minutos\" \/>\n<script type=\"application\/ld+json\" class=\"yoast-schema-graph\">{\"@context\":\"https:\/\/schema.org\",\"@graph\":[{\"@type\":\"WebPage\",\"@id\":\"https:\/\/www.pmpf.rs.gov.br\/secretaria-de-seguranca-publica\/2022\/01\/28\/campanha-ambiente-seguro\/\",\"url\":\"https:\/\/www.pmpf.rs.gov.br\/secretaria-de-seguranca-publica\/2022\/01\/28\/campanha-ambiente-seguro\/\",\"name\":\"Campanha Ambiente Seguro - Secretaria de Seguran\u00e7a P\u00fablica e Transporte\",\"isPartOf\":{\"@id\":\"https:\/\/www.pmpf.rs.gov.br\/secretaria-de-seguranca-publica\/#website\"},\"primaryImageOfPage\":{\"@id\":\"https:\/\/www.pmpf.rs.gov.br\/secretaria-de-seguranca-publica\/2022\/01\/28\/campanha-ambiente-seguro\/#primaryimage\"},\"image\":{\"@id\":\"https:\/\/www.pmpf.rs.gov.br\/secretaria-de-seguranca-publica\/2022\/01\/28\/campanha-ambiente-seguro\/#primaryimage\"},\"thumbnailUrl\":\"https:\/\/www.pmpf.rs.gov.br\/secretaria-de-seguranca-publica\/wp-content\/uploads\/sites\/54\/2022\/03\/I2022-01-28_17_15_13_402193.jpg\",\"datePublished\":\"2022-01-28T23:13:54+00:00\",\"dateModified\":\"2022-03-13T01:31:23+00:00\",\"author\":{\"@id\":\"https:\/\/www.pmpf.rs.gov.br\/secretaria-de-seguranca-publica\/#\/schema\/person\/0c355b0fa68a7aa986c8594f7a60a2d7\"},\"breadcrumb\":{\"@id\":\"https:\/\/www.pmpf.rs.gov.br\/secretaria-de-seguranca-publica\/2022\/01\/28\/campanha-ambiente-seguro\/#breadcrumb\"},\"inLanguage\":\"pt-BR\",\"potentialAction\":[{\"@type\":\"ReadAction\",\"target\":[\"https:\/\/www.pmpf.rs.gov.br\/secretaria-de-seguranca-publica\/2022\/01\/28\/campanha-ambiente-seguro\/\"]}]},{\"@type\":\"ImageObject\",\"inLanguage\":\"pt-BR\",\"@id\":\"https:\/\/www.pmpf.rs.gov.br\/secretaria-de-seguranca-publica\/2022\/01\/28\/campanha-ambiente-seguro\/#primaryimage\",\"url\":\"https:\/\/www.pmpf.rs.gov.br\/secretaria-de-seguranca-publica\/wp-content\/uploads\/sites\/54\/2022\/03\/I2022-01-28_17_15_13_402193.jpg\",\"contentUrl\":\"https:\/\/www.pmpf.rs.gov.br\/secretaria-de-seguranca-publica\/wp-content\/uploads\/sites\/54\/2022\/03\/I2022-01-28_17_15_13_402193.jpg\",\"width\":1280,\"height\":853},{\"@type\":\"BreadcrumbList\",\"@id\":\"https:\/\/www.pmpf.rs.gov.br\/secretaria-de-seguranca-publica\/2022\/01\/28\/campanha-ambiente-seguro\/#breadcrumb\",\"itemListElement\":[{\"@type\":\"ListItem\",\"position\":1,\"name\":\"In\u00edcio\",\"item\":\"https:\/\/www.pmpf.rs.gov.br\/secretaria-de-seguranca-publica\/\"},{\"@type\":\"ListItem\",\"position\":2,\"name\":\"Campanha Ambiente Seguro\"}]},{\"@type\":\"WebSite\",\"@id\":\"https:\/\/www.pmpf.rs.gov.br\/secretaria-de-seguranca-publica\/#website\",\"url\":\"https:\/\/www.pmpf.rs.gov.br\/secretaria-de-seguranca-publica\/\",\"name\":\"Secretaria de Seguran\u00e7a P\u00fablica e Transporte\",\"description\":\"S\u00f3 mais um site Prefeitura de Passo Fundo\",\"potentialAction\":[{\"@type\":\"SearchAction\",\"target\":{\"@type\":\"EntryPoint\",\"urlTemplate\":\"https:\/\/www.pmpf.rs.gov.br\/secretaria-de-seguranca-publica\/?s={search_term_string}\"},\"query-input\":{\"@type\":\"PropertyValueSpecification\",\"valueRequired\":true,\"valueName\":\"search_term_string\"}}],\"inLanguage\":\"pt-BR\"},{\"@type\":\"Person\",\"@id\":\"https:\/\/www.pmpf.rs.gov.br\/secretaria-de-seguranca-publica\/#\/schema\/person\/0c355b0fa68a7aa986c8594f7a60a2d7\",\"name\":\"mosite\",\"image\":{\"@type\":\"ImageObject\",\"inLanguage\":\"pt-BR\",\"@id\":\"https:\/\/www.pmpf.rs.gov.br\/secretaria-de-seguranca-publica\/#\/schema\/person\/image\/\",\"url\":\"https:\/\/secure.gravatar.com\/avatar\/63d72595d6cecfe12bd8a94829d5a26c?s=96&d=mm&r=g\",\"contentUrl\":\"https:\/\/secure.gravatar.com\/avatar\/63d72595d6cecfe12bd8a94829d5a26c?s=96&d=mm&r=g\",\"caption\":\"mosite\"},\"sameAs\":[\"http:\/\/example.com\"],\"url\":\"https:\/\/www.pmpf.rs.gov.br\/secretaria-de-seguranca-publica\/author\/mosite\/\"}]}<\/script>\n<!-- \/ Yoast SEO plugin. -->","yoast_head_json":{"title":"Campanha Ambiente Seguro - Secretaria de Seguran\u00e7a P\u00fablica e Transporte","robots":{"index":"index","follow":"follow","max-snippet":"max-snippet:-1","max-image-preview":"max-image-preview:large","max-video-preview":"max-video-preview:-1"},"canonical":"https:\/\/www.pmpf.rs.gov.br\/secretaria-de-seguranca-publica\/2022\/01\/28\/campanha-ambiente-seguro\/","og_locale":"pt_BR","og_type":"article","og_title":"Campanha Ambiente Seguro - Secretaria de Seguran\u00e7a P\u00fablica e Transporte","og_description":"Equipe da Prefeitura orienta supermercados e com\u00e9rcio sobre preven\u00e7\u00e3o da Covid-19","og_url":"https:\/\/www.pmpf.rs.gov.br\/secretaria-de-seguranca-publica\/2022\/01\/28\/campanha-ambiente-seguro\/","og_site_name":"Secretaria de Seguran\u00e7a P\u00fablica e Transporte","article_published_time":"2022-01-28T23:13:54+00:00","article_modified_time":"2022-03-13T01:31:23+00:00","author":"mosite","twitter_card":"summary_large_image","twitter_misc":{"Escrito por":"mosite","Est. tempo de leitura":"2 minutos"},"schema":{"@context":"https:\/\/schema.org","@graph":[{"@type":"WebPage","@id":"https:\/\/www.pmpf.rs.gov.br\/secretaria-de-seguranca-publica\/2022\/01\/28\/campanha-ambiente-seguro\/","url":"https:\/\/www.pmpf.rs.gov.br\/secretaria-de-seguranca-publica\/2022\/01\/28\/campanha-ambiente-seguro\/","name":"Campanha Ambiente Seguro - Secretaria de Seguran\u00e7a P\u00fablica e Transporte","isPartOf":{"@id":"https:\/\/www.pmpf.rs.gov.br\/secretaria-de-seguranca-publica\/#website"},"primaryImageOfPage":{"@id":"https:\/\/www.pmpf.rs.gov.br\/secretaria-de-seguranca-publica\/2022\/01\/28\/campanha-ambiente-seguro\/#primaryimage"},"image":{"@id":"https:\/\/www.pmpf.rs.gov.br\/secretaria-de-seguranca-publica\/2022\/01\/28\/campanha-ambiente-seguro\/#primaryimage"},"thumbnailUrl":"https:\/\/www.pmpf.rs.gov.br\/secretaria-de-seguranca-publica\/wp-content\/uploads\/sites\/54\/2022\/03\/I2022-01-28_17_15_13_402193.jpg","datePublished":"2022-01-28T23:13:54+00:00","dateModified":"2022-03-13T01:31:23+00:00","author":{"@id":"https:\/\/www.pmpf.rs.gov.br\/secretaria-de-seguranca-publica\/#\/schema\/person\/0c355b0fa68a7aa986c8594f7a60a2d7"},"breadcrumb":{"@id":"https:\/\/www.pmpf.rs.gov.br\/secretaria-de-seguranca-publica\/2022\/01\/28\/campanha-ambiente-seguro\/#breadcrumb"},"inLanguage":"pt-BR","potentialAction":[{"@type":"ReadAction","target":["https:\/\/www.pmpf.rs.gov.br\/secretaria-de-seguranca-publica\/2022\/01\/28\/campanha-ambiente-seguro\/"]}]},{"@type":"ImageObject","inLanguage":"pt-BR","@id":"https:\/\/www.pmpf.rs.gov.br\/secretaria-de-seguranca-publica\/2022\/01\/28\/campanha-ambiente-seguro\/#primaryimage","url":"https:\/\/www.pmpf.rs.gov.br\/secretaria-de-seguranca-publica\/wp-content\/uploads\/sites\/54\/2022\/03\/I2022-01-28_17_15_13_402193.jpg","contentUrl":"https:\/\/www.pmpf.rs.gov.br\/secretaria-de-seguranca-publica\/wp-content\/uploads\/sites\/54\/2022\/03\/I2022-01-28_17_15_13_402193.jpg","width":1280,"height":853},{"@type":"BreadcrumbList","@id":"https:\/\/www.pmpf.rs.gov.br\/secretaria-de-seguranca-publica\/2022\/01\/28\/campanha-ambiente-seguro\/#breadcrumb","itemListElement":[{"@type":"ListItem","position":1,"name":"In\u00edcio","item":"https:\/\/www.pmpf.rs.gov.br\/secretaria-de-seguranca-publica\/"},{"@type":"ListItem","position":2,"name":"Campanha Ambiente Seguro"}]},{"@type":"WebSite","@id":"https:\/\/www.pmpf.rs.gov.br\/secretaria-de-seguranca-publica\/#website","url":"https:\/\/www.pmpf.rs.gov.br\/secretaria-de-seguranca-publica\/","name":"Secretaria de Seguran\u00e7a P\u00fablica e Transporte","description":"S\u00f3 mais um site Prefeitura de Passo Fundo","potentialAction":[{"@type":"SearchAction","target":{"@type":"EntryPoint","urlTemplate":"https:\/\/www.pmpf.rs.gov.br\/secretaria-de-seguranca-publica\/?s={search_term_string}"},"query-input":{"@type":"PropertyValueSpecification","valueRequired":true,"valueName":"search_term_string"}}],"inLanguage":"pt-BR"},{"@type":"Person","@id":"https:\/\/www.pmpf.rs.gov.br\/secretaria-de-seguranca-publica\/#\/schema\/person\/0c355b0fa68a7aa986c8594f7a60a2d7","name":"mosite","image":{"@type":"ImageObject","inLanguage":"pt-BR","@id":"https:\/\/www.pmpf.rs.gov.br\/secretaria-de-seguranca-publica\/#\/schema\/person\/image\/","url":"https:\/\/secure.gravatar.com\/avatar\/63d72595d6cecfe12bd8a94829d5a26c?s=96&d=mm&r=g","contentUrl":"https:\/\/secure.gravatar.com\/avatar\/63d72595d6cecfe12bd8a94829d5a26c?s=96&d=mm&r=g","caption":"mosite"},"sameAs":["http:\/\/example.com"],"url":"https:\/\/www.pmpf.rs.gov.br\/secretaria-de-seguranca-publica\/author\/mosite\/"}]}},"_links":{"self":[{"href":"https:\/\/www.pmpf.rs.gov.br\/secretaria-de-seguranca-publica\/wp-json\/wp\/v2\/posts\/882"}],"collection":[{"href":"https:\/\/www.pmpf.rs.gov.br\/secretaria-de-seguranca-publica\/wp-json\/wp\/v2\/posts"}],"about":[{"href":"https:\/\/www.pmpf.rs.gov.br\/secretaria-de-seguranca-publica\/wp-json\/wp\/v2\/types\/post"}],"author":[{"embeddable":true,"href":"https:\/\/www.pmpf.rs.gov.br\/secretaria-de-seguranca-publica\/wp-json\/wp\/v2\/users\/1"}],"replies":[{"embeddable":true,"href":"https:\/\/www.pmpf.rs.gov.br\/secretaria-de-seguranca-publica\/wp-json\/wp\/v2\/comments?post=882"}],"version-history":[{"count":1,"href":"https:\/\/www.pmpf.rs.gov.br\/secretaria-de-seguranca-publica\/wp-json\/wp\/v2\/posts\/882\/revisions"}],"predecessor-version":[{"id":891,"href":"https:\/\/www.pmpf.rs.gov.br\/secretaria-de-seguranca-publica\/wp-json\/wp\/v2\/posts\/882\/revisions\/891"}],"wp:featuredmedia":[{"embeddable":true,"href":"https:\/\/www.pmpf.rs.gov.br\/secretaria-de-seguranca-publica\/wp-json\/wp\/v2\/media\/890"}],"wp:attachment":[{"href":"https:\/\/www.pmpf.rs.gov.br\/secretaria-de-seguranca-publica\/wp-json\/wp\/v2\/media?parent=882"}],"wp:term":[{"taxonomy":"category","embeddable":true,"href":"https:\/\/www.pmpf.rs.gov.br\/secretaria-de-seguranca-publica\/wp-json\/wp\/v2\/categories?post=882"},{"taxonomy":"post_tag","embeddable":true,"href":"https:\/\/www.pmpf.rs.gov.br\/secretaria-de-seguranca-publica\/wp-json\/wp\/v2\/tags?post=882"}],"curies":[{"name":"wp","href":"https:\/\/api.w.org\/{rel}","templated":true}]}}