{"id":881,"date":"2021-12-27T21:12:44","date_gmt":"2021-12-28T00:12:44","guid":{"rendered":"https:\/\/www.pmpf.rs.gov.br\/secretaria-de-seguranca-publica\/2021\/12\/27\/seguranca-centro-de-operacoes-do-municipio\/"},"modified":"2022-03-12T22:32:19","modified_gmt":"2022-03-13T01:32:19","slug":"seguranca-centro-de-operacoes-do-municipio","status":"publish","type":"post","link":"https:\/\/www.pmpf.rs.gov.br\/secretaria-de-seguranca-publica\/2021\/12\/27\/seguranca-centro-de-operacoes-do-municipio\/","title":{"rendered":"Seguran\u00e7a: Centro de Opera\u00e7\u00f5es do Munic\u00edpio"},"content":{"rendered":"<p style=\"margin-bottom: 0cm; line-height: 100%;\"><span style=\"\">Os investimentos da Prefeitura de Passo Fundo em videomonitoramento tem contribu\u00eddo com o aumento da seguran\u00e7a nas \u00e1reas centrais e nos bairros. Hoje, o Munic\u00edpio possui o pr\u00f3prio Centro de Opera\u00e7\u00f5es e realiza o acompanhamento em tempo integral de imagens captadas por 343 c\u00e2meras.<\/span><\/p>\n<p style=\"margin-bottom: 0cm; line-height: 100%;\">O secret\u00e1rio de Seguran\u00e7a, Jo\u00e3o Darci Gon\u00e7alves, <span style=\"font-variant-numeric: normal; font-variant-east-asian: normal;\">destaca que todas as imagen<\/span><span style=\"font-variant-numeric: normal; font-variant-east-asian: normal;\">s obtidas f<\/span><span style=\"font-variant-numeric: normal; font-variant-east-asian: normal;\">icam armazenadas e \u00e0 disposi\u00e7\u00e3o dos \u00f3rg\u00e3os de seguran\u00e7a. \u201cCom as c\u00e2meras e o Centro de Opera\u00e7\u00f5es do Munic\u00edpio, podemos demandar imagens de diversos pontos durante 24 horas. Oportunizamos, assim, um farto material aos \u00f3rg\u00e3os policiais e \u00e0 justi\u00e7a para a an\u00e1lise de fatos que ocorrem no per\u00edmetro das imagens recebidas no sistema\u201d, avalia.<\/span><\/p>\n<p style=\"margin-bottom: 0cm; line-height: 100%;\">S\u00e3o 217 c\u00e2meras instaladas em pontos estrat\u00e9gicos da cidade, cujas imagens s\u00e3o recebidas pela Central de Videomonitoramento da Brigada Militar e espelhadas no Centro de Opera\u00e7\u00f5es do Munic\u00edpio. Conforme Gon\u00e7alves, esses dispositivos possuem tecnologia avan\u00e7ada. \u201cS\u00e3o 69 c\u00e2meras PTZ, que fornecem cobertura de \u00e1reas amplas, 142 c\u00e2meras fixas e 06 c\u00e2meras OCR, <span style=\"font-variant-numeric: normal; font-variant-east-asian: normal;\">com l<\/span><span style=\"font-variant-numeric: normal; font-variant-east-asian: normal;\">eitor \u00f3ptico de caracteres. <\/span>Desse n\u00famero, o Munic\u00edpio adquiriu e\/ou locou 37 c\u00e2meras PTZ, 66 Fixas e 06 OCR, totalizando 109 equipamentos\u201d, menciona.<\/p>\n<p style=\"margin-bottom: 0cm; line-height: 100%;\">Ainda, a Prefeitura tem trabalhado para levar mais seguran\u00e7a aos bairros por meio da instala\u00e7\u00e3o de c\u00e2meras em todas as escolas municipais e nos espa\u00e7os p\u00fablicos revitalizados pelo programa Viva a Pra\u00e7a. \u201cHoje j\u00e1 temos 60 das 72 escolas prontas, com as imagens chegando no Centro de Opera\u00e7\u00f5es. Considerando que s\u00e3o duas c\u00e2meras por escolas, podemos afirmar que j\u00e1 foram instaladas 120 c\u00e2meras nas escolas. Ainda, estamos com as tr\u00eas pra\u00e7as j\u00e1 inauguradas com duas c\u00e2meras cada, somando mais 06 c\u00e2meras\u201d, enumera.<\/p>\n<p style=\"margin-bottom: 0cm; line-height: 100%;\">Gon\u00e7alves reafirma a import\u00e2ncia dos investimentos para a comunidade.  \u201cSabemos que possu\u00edmos regi\u00f5es da cidade que necessitam de um cuidado maior devido \u00e0s suas peculiaridades. Portanto, essas ferramenta trar\u00e1 mais tranquilidade, uma vez que pode ser utilizada de forma preventiva e investigativa\u201d, enfatiza.<\/p>\n<p style=\"margin-bottom: 0cm; line-height: 100%;\">\n<p style=\"margin-bottom: 0cm; line-height: 100%;\"><i><b>FOTO: MICHEL SANDERI<\/b><\/i><\/p>\n","protected":false},"excerpt":{"rendered":"<p>Centro de Opera\u00e7\u00f5es do Munic\u00edpio acompanha imagens de mais de 340 c\u00e2meras<\/p>\n","protected":false},"author":1,"featured_media":893,"comment_status":"open","ping_status":"open","sticky":false,"template":"","format":"standard","meta":{"footnotes":""},"categories":[1],"tags":[],"class_list":["post-881","post","type-post","status-publish","format-standard","has-post-thumbnail","hentry","category-sem-categoria"],"yoast_head":"<!-- This site is optimized with the Yoast SEO plugin v23.8 - https:\/\/yoast.com\/wordpress\/plugins\/seo\/ -->\n<title>Seguran\u00e7a: Centro de Opera\u00e7\u00f5es do Munic\u00edpio - Secretaria de Seguran\u00e7a P\u00fablica e Transporte<\/title>\n<meta name=\"robots\" content=\"index, follow, max-snippet:-1, max-image-preview:large, max-video-preview:-1\" \/>\n<link rel=\"canonical\" href=\"https:\/\/www.pmpf.rs.gov.br\/secretaria-de-seguranca-publica\/2021\/12\/27\/seguranca-centro-de-operacoes-do-municipio\/\" \/>\n<meta property=\"og:locale\" content=\"pt_BR\" \/>\n<meta property=\"og:type\" content=\"article\" \/>\n<meta property=\"og:title\" content=\"Seguran\u00e7a: Centro de Opera\u00e7\u00f5es do Munic\u00edpio - Secretaria de Seguran\u00e7a P\u00fablica e Transporte\" \/>\n<meta property=\"og:description\" content=\"Centro de Opera\u00e7\u00f5es do Munic\u00edpio acompanha imagens de mais de 340 c\u00e2meras\" \/>\n<meta property=\"og:url\" content=\"https:\/\/www.pmpf.rs.gov.br\/secretaria-de-seguranca-publica\/2021\/12\/27\/seguranca-centro-de-operacoes-do-municipio\/\" \/>\n<meta property=\"og:site_name\" content=\"Secretaria de Seguran\u00e7a P\u00fablica e Transporte\" \/>\n<meta property=\"article:published_time\" content=\"2021-12-28T00:12:44+00:00\" \/>\n<meta property=\"article:modified_time\" content=\"2022-03-13T01:32:19+00:00\" \/>\n<meta name=\"author\" content=\"mosite\" \/>\n<meta name=\"twitter:card\" content=\"summary_large_image\" \/>\n<meta name=\"twitter:label1\" content=\"Escrito por\" \/>\n\t<meta name=\"twitter:data1\" content=\"mosite\" \/>\n\t<meta name=\"twitter:label2\" content=\"Est. tempo de leitura\" \/>\n\t<meta name=\"twitter:data2\" content=\"2 minutos\" \/>\n<script type=\"application\/ld+json\" class=\"yoast-schema-graph\">{\"@context\":\"https:\/\/schema.org\",\"@graph\":[{\"@type\":\"WebPage\",\"@id\":\"https:\/\/www.pmpf.rs.gov.br\/secretaria-de-seguranca-publica\/2021\/12\/27\/seguranca-centro-de-operacoes-do-municipio\/\",\"url\":\"https:\/\/www.pmpf.rs.gov.br\/secretaria-de-seguranca-publica\/2021\/12\/27\/seguranca-centro-de-operacoes-do-municipio\/\",\"name\":\"Seguran\u00e7a: Centro de Opera\u00e7\u00f5es do Munic\u00edpio - Secretaria de Seguran\u00e7a P\u00fablica e Transporte\",\"isPartOf\":{\"@id\":\"https:\/\/www.pmpf.rs.gov.br\/secretaria-de-seguranca-publica\/#website\"},\"primaryImageOfPage\":{\"@id\":\"https:\/\/www.pmpf.rs.gov.br\/secretaria-de-seguranca-publica\/2021\/12\/27\/seguranca-centro-de-operacoes-do-municipio\/#primaryimage\"},\"image\":{\"@id\":\"https:\/\/www.pmpf.rs.gov.br\/secretaria-de-seguranca-publica\/2021\/12\/27\/seguranca-centro-de-operacoes-do-municipio\/#primaryimage\"},\"thumbnailUrl\":\"https:\/\/www.pmpf.rs.gov.br\/secretaria-de-seguranca-publica\/wp-content\/uploads\/sites\/54\/2022\/03\/I2021-12-27_18_13_56_402193-1.jpg\",\"datePublished\":\"2021-12-28T00:12:44+00:00\",\"dateModified\":\"2022-03-13T01:32:19+00:00\",\"author\":{\"@id\":\"https:\/\/www.pmpf.rs.gov.br\/secretaria-de-seguranca-publica\/#\/schema\/person\/0c355b0fa68a7aa986c8594f7a60a2d7\"},\"breadcrumb\":{\"@id\":\"https:\/\/www.pmpf.rs.gov.br\/secretaria-de-seguranca-publica\/2021\/12\/27\/seguranca-centro-de-operacoes-do-municipio\/#breadcrumb\"},\"inLanguage\":\"pt-BR\",\"potentialAction\":[{\"@type\":\"ReadAction\",\"target\":[\"https:\/\/www.pmpf.rs.gov.br\/secretaria-de-seguranca-publica\/2021\/12\/27\/seguranca-centro-de-operacoes-do-municipio\/\"]}]},{\"@type\":\"ImageObject\",\"inLanguage\":\"pt-BR\",\"@id\":\"https:\/\/www.pmpf.rs.gov.br\/secretaria-de-seguranca-publica\/2021\/12\/27\/seguranca-centro-de-operacoes-do-municipio\/#primaryimage\",\"url\":\"https:\/\/www.pmpf.rs.gov.br\/secretaria-de-seguranca-publica\/wp-content\/uploads\/sites\/54\/2022\/03\/I2021-12-27_18_13_56_402193-1.jpg\",\"contentUrl\":\"https:\/\/www.pmpf.rs.gov.br\/secretaria-de-seguranca-publica\/wp-content\/uploads\/sites\/54\/2022\/03\/I2021-12-27_18_13_56_402193-1.jpg\",\"width\":1280,\"height\":853},{\"@type\":\"BreadcrumbList\",\"@id\":\"https:\/\/www.pmpf.rs.gov.br\/secretaria-de-seguranca-publica\/2021\/12\/27\/seguranca-centro-de-operacoes-do-municipio\/#breadcrumb\",\"itemListElement\":[{\"@type\":\"ListItem\",\"position\":1,\"name\":\"In\u00edcio\",\"item\":\"https:\/\/www.pmpf.rs.gov.br\/secretaria-de-seguranca-publica\/\"},{\"@type\":\"ListItem\",\"position\":2,\"name\":\"Seguran\u00e7a: Centro de Opera\u00e7\u00f5es do Munic\u00edpio\"}]},{\"@type\":\"WebSite\",\"@id\":\"https:\/\/www.pmpf.rs.gov.br\/secretaria-de-seguranca-publica\/#website\",\"url\":\"https:\/\/www.pmpf.rs.gov.br\/secretaria-de-seguranca-publica\/\",\"name\":\"Secretaria de Seguran\u00e7a P\u00fablica e Transporte\",\"description\":\"S\u00f3 mais um site Prefeitura de Passo Fundo\",\"potentialAction\":[{\"@type\":\"SearchAction\",\"target\":{\"@type\":\"EntryPoint\",\"urlTemplate\":\"https:\/\/www.pmpf.rs.gov.br\/secretaria-de-seguranca-publica\/?s={search_term_string}\"},\"query-input\":{\"@type\":\"PropertyValueSpecification\",\"valueRequired\":true,\"valueName\":\"search_term_string\"}}],\"inLanguage\":\"pt-BR\"},{\"@type\":\"Person\",\"@id\":\"https:\/\/www.pmpf.rs.gov.br\/secretaria-de-seguranca-publica\/#\/schema\/person\/0c355b0fa68a7aa986c8594f7a60a2d7\",\"name\":\"mosite\",\"image\":{\"@type\":\"ImageObject\",\"inLanguage\":\"pt-BR\",\"@id\":\"https:\/\/www.pmpf.rs.gov.br\/secretaria-de-seguranca-publica\/#\/schema\/person\/image\/\",\"url\":\"https:\/\/secure.gravatar.com\/avatar\/63d72595d6cecfe12bd8a94829d5a26c?s=96&d=mm&r=g\",\"contentUrl\":\"https:\/\/secure.gravatar.com\/avatar\/63d72595d6cecfe12bd8a94829d5a26c?s=96&d=mm&r=g\",\"caption\":\"mosite\"},\"sameAs\":[\"http:\/\/example.com\"],\"url\":\"https:\/\/www.pmpf.rs.gov.br\/secretaria-de-seguranca-publica\/author\/mosite\/\"}]}<\/script>\n<!-- \/ Yoast SEO plugin. -->","yoast_head_json":{"title":"Seguran\u00e7a: Centro de Opera\u00e7\u00f5es do Munic\u00edpio - Secretaria de Seguran\u00e7a P\u00fablica e Transporte","robots":{"index":"index","follow":"follow","max-snippet":"max-snippet:-1","max-image-preview":"max-image-preview:large","max-video-preview":"max-video-preview:-1"},"canonical":"https:\/\/www.pmpf.rs.gov.br\/secretaria-de-seguranca-publica\/2021\/12\/27\/seguranca-centro-de-operacoes-do-municipio\/","og_locale":"pt_BR","og_type":"article","og_title":"Seguran\u00e7a: Centro de Opera\u00e7\u00f5es do Munic\u00edpio - Secretaria de Seguran\u00e7a P\u00fablica e Transporte","og_description":"Centro de Opera\u00e7\u00f5es do Munic\u00edpio acompanha imagens de mais de 340 c\u00e2meras","og_url":"https:\/\/www.pmpf.rs.gov.br\/secretaria-de-seguranca-publica\/2021\/12\/27\/seguranca-centro-de-operacoes-do-municipio\/","og_site_name":"Secretaria de Seguran\u00e7a P\u00fablica e Transporte","article_published_time":"2021-12-28T00:12:44+00:00","article_modified_time":"2022-03-13T01:32:19+00:00","author":"mosite","twitter_card":"summary_large_image","twitter_misc":{"Escrito por":"mosite","Est. tempo de leitura":"2 minutos"},"schema":{"@context":"https:\/\/schema.org","@graph":[{"@type":"WebPage","@id":"https:\/\/www.pmpf.rs.gov.br\/secretaria-de-seguranca-publica\/2021\/12\/27\/seguranca-centro-de-operacoes-do-municipio\/","url":"https:\/\/www.pmpf.rs.gov.br\/secretaria-de-seguranca-publica\/2021\/12\/27\/seguranca-centro-de-operacoes-do-municipio\/","name":"Seguran\u00e7a: Centro de Opera\u00e7\u00f5es do Munic\u00edpio - Secretaria de Seguran\u00e7a P\u00fablica e Transporte","isPartOf":{"@id":"https:\/\/www.pmpf.rs.gov.br\/secretaria-de-seguranca-publica\/#website"},"primaryImageOfPage":{"@id":"https:\/\/www.pmpf.rs.gov.br\/secretaria-de-seguranca-publica\/2021\/12\/27\/seguranca-centro-de-operacoes-do-municipio\/#primaryimage"},"image":{"@id":"https:\/\/www.pmpf.rs.gov.br\/secretaria-de-seguranca-publica\/2021\/12\/27\/seguranca-centro-de-operacoes-do-municipio\/#primaryimage"},"thumbnailUrl":"https:\/\/www.pmpf.rs.gov.br\/secretaria-de-seguranca-publica\/wp-content\/uploads\/sites\/54\/2022\/03\/I2021-12-27_18_13_56_402193-1.jpg","datePublished":"2021-12-28T00:12:44+00:00","dateModified":"2022-03-13T01:32:19+00:00","author":{"@id":"https:\/\/www.pmpf.rs.gov.br\/secretaria-de-seguranca-publica\/#\/schema\/person\/0c355b0fa68a7aa986c8594f7a60a2d7"},"breadcrumb":{"@id":"https:\/\/www.pmpf.rs.gov.br\/secretaria-de-seguranca-publica\/2021\/12\/27\/seguranca-centro-de-operacoes-do-municipio\/#breadcrumb"},"inLanguage":"pt-BR","potentialAction":[{"@type":"ReadAction","target":["https:\/\/www.pmpf.rs.gov.br\/secretaria-de-seguranca-publica\/2021\/12\/27\/seguranca-centro-de-operacoes-do-municipio\/"]}]},{"@type":"ImageObject","inLanguage":"pt-BR","@id":"https:\/\/www.pmpf.rs.gov.br\/secretaria-de-seguranca-publica\/2021\/12\/27\/seguranca-centro-de-operacoes-do-municipio\/#primaryimage","url":"https:\/\/www.pmpf.rs.gov.br\/secretaria-de-seguranca-publica\/wp-content\/uploads\/sites\/54\/2022\/03\/I2021-12-27_18_13_56_402193-1.jpg","contentUrl":"https:\/\/www.pmpf.rs.gov.br\/secretaria-de-seguranca-publica\/wp-content\/uploads\/sites\/54\/2022\/03\/I2021-12-27_18_13_56_402193-1.jpg","width":1280,"height":853},{"@type":"BreadcrumbList","@id":"https:\/\/www.pmpf.rs.gov.br\/secretaria-de-seguranca-publica\/2021\/12\/27\/seguranca-centro-de-operacoes-do-municipio\/#breadcrumb","itemListElement":[{"@type":"ListItem","position":1,"name":"In\u00edcio","item":"https:\/\/www.pmpf.rs.gov.br\/secretaria-de-seguranca-publica\/"},{"@type":"ListItem","position":2,"name":"Seguran\u00e7a: Centro de Opera\u00e7\u00f5es do Munic\u00edpio"}]},{"@type":"WebSite","@id":"https:\/\/www.pmpf.rs.gov.br\/secretaria-de-seguranca-publica\/#website","url":"https:\/\/www.pmpf.rs.gov.br\/secretaria-de-seguranca-publica\/","name":"Secretaria de Seguran\u00e7a P\u00fablica e Transporte","description":"S\u00f3 mais um site Prefeitura de Passo Fundo","potentialAction":[{"@type":"SearchAction","target":{"@type":"EntryPoint","urlTemplate":"https:\/\/www.pmpf.rs.gov.br\/secretaria-de-seguranca-publica\/?s={search_term_string}"},"query-input":{"@type":"PropertyValueSpecification","valueRequired":true,"valueName":"search_term_string"}}],"inLanguage":"pt-BR"},{"@type":"Person","@id":"https:\/\/www.pmpf.rs.gov.br\/secretaria-de-seguranca-publica\/#\/schema\/person\/0c355b0fa68a7aa986c8594f7a60a2d7","name":"mosite","image":{"@type":"ImageObject","inLanguage":"pt-BR","@id":"https:\/\/www.pmpf.rs.gov.br\/secretaria-de-seguranca-publica\/#\/schema\/person\/image\/","url":"https:\/\/secure.gravatar.com\/avatar\/63d72595d6cecfe12bd8a94829d5a26c?s=96&d=mm&r=g","contentUrl":"https:\/\/secure.gravatar.com\/avatar\/63d72595d6cecfe12bd8a94829d5a26c?s=96&d=mm&r=g","caption":"mosite"},"sameAs":["http:\/\/example.com"],"url":"https:\/\/www.pmpf.rs.gov.br\/secretaria-de-seguranca-publica\/author\/mosite\/"}]}},"_links":{"self":[{"href":"https:\/\/www.pmpf.rs.gov.br\/secretaria-de-seguranca-publica\/wp-json\/wp\/v2\/posts\/881"}],"collection":[{"href":"https:\/\/www.pmpf.rs.gov.br\/secretaria-de-seguranca-publica\/wp-json\/wp\/v2\/posts"}],"about":[{"href":"https:\/\/www.pmpf.rs.gov.br\/secretaria-de-seguranca-publica\/wp-json\/wp\/v2\/types\/post"}],"author":[{"embeddable":true,"href":"https:\/\/www.pmpf.rs.gov.br\/secretaria-de-seguranca-publica\/wp-json\/wp\/v2\/users\/1"}],"replies":[{"embeddable":true,"href":"https:\/\/www.pmpf.rs.gov.br\/secretaria-de-seguranca-publica\/wp-json\/wp\/v2\/comments?post=881"}],"version-history":[{"count":1,"href":"https:\/\/www.pmpf.rs.gov.br\/secretaria-de-seguranca-publica\/wp-json\/wp\/v2\/posts\/881\/revisions"}],"predecessor-version":[{"id":894,"href":"https:\/\/www.pmpf.rs.gov.br\/secretaria-de-seguranca-publica\/wp-json\/wp\/v2\/posts\/881\/revisions\/894"}],"wp:featuredmedia":[{"embeddable":true,"href":"https:\/\/www.pmpf.rs.gov.br\/secretaria-de-seguranca-publica\/wp-json\/wp\/v2\/media\/893"}],"wp:attachment":[{"href":"https:\/\/www.pmpf.rs.gov.br\/secretaria-de-seguranca-publica\/wp-json\/wp\/v2\/media?parent=881"}],"wp:term":[{"taxonomy":"category","embeddable":true,"href":"https:\/\/www.pmpf.rs.gov.br\/secretaria-de-seguranca-publica\/wp-json\/wp\/v2\/categories?post=881"},{"taxonomy":"post_tag","embeddable":true,"href":"https:\/\/www.pmpf.rs.gov.br\/secretaria-de-seguranca-publica\/wp-json\/wp\/v2\/tags?post=881"}],"curies":[{"name":"wp","href":"https:\/\/api.w.org\/{rel}","templated":true}]}}