{"id":391,"date":"2012-10-23T02:00:00","date_gmt":"2012-10-23T04:00:00","guid":{"rendered":"https:\/\/www.pmpf.rs.gov.br\/secretaria-de-seguranca-publica\/2012\/10\/23\/nucleo-de-justica-comunitaria-recebe-apoio-da-faculdade-anhanguera-5974\/"},"modified":"2012-10-23T02:00:00","modified_gmt":"2012-10-23T04:00:00","slug":"nucleo-de-justica-comunitaria-recebe-apoio-da-faculdade-anhanguera-5974","status":"publish","type":"post","link":"https:\/\/www.pmpf.rs.gov.br\/secretaria-de-seguranca-publica\/2012\/10\/23\/nucleo-de-justica-comunitaria-recebe-apoio-da-faculdade-anhanguera-5974\/","title":{"rendered":"N\u00facleo de Justi\u00e7a Comunit\u00e1ria recebe apoio da Faculdade Anhanguera"},"content":{"rendered":"<div align=\"justify\">\n<p>\u00a0\u00a0 \u00a0Os N\u00facleos de Justi\u00e7a Comunit\u00e1ria de Passo Fundo, cujas sedes ficam nos bairros Valinhos e Z\u00e1cchia, recebem a partir desta semana a parceria do curso de Direito da Faculdade Anhanguera.<br \/>\u00a0\u00a0 \u00a0Na tarde desta ter\u00e7a-feira, os alunos e coordenadores do curso foram recepcionados pelas mediadoras de conflitos do bairro Z\u00e1cchia, onde puderam conhecer o trabalho, que come\u00e7ou em 2011, atrav\u00e9s de um conv\u00eanio entre a Prefeitura Municipal e o governo federal, pelo Pronasci.<br \/>\u00a0\u00a0 \u00a0O programa teve inicialmente a parceria do munic\u00edpio com a Imed, contrato que teve a dura\u00e7\u00e3o de 15 meses. Os conflitos s\u00e3o mediados atrav\u00e9s de profissionais capacitados pelo Minist\u00e9rio da Justi\u00e7a em Assist\u00eancia Social, Psicologia e Direito.<br \/>\u00a0\u00a0 \u00a0At\u00e9 o momento, quase mil casos j\u00e1 foram atendidos e acompanhados pelos profissionais, sendo que boa parte deles foi solucionada.<br \/>Marisa R\u00e9 de Rocco, coordenadora das a\u00e7\u00f5es da Secretaria de Seguran\u00e7a, falou que o programa tem dado \u00f3timos resultados nas comunidades assistidas, tendo em vista a disciplina dos mediadores na condu\u00e7\u00e3o de cada caso, que v\u00e3o desde brigas entre fam\u00edlias e vizinhos at\u00e9 a discuss\u00f5es de cunho judicial, como atraso em alugu\u00e9is e outras d\u00edvidas.<br \/>\u00a0\u00a0 \u00a0Os N\u00facleos funcionam de segunda \u00e0 s\u00e1bado, pela manh\u00e3, onde moradores podem tirar d\u00favidas, acompanhar o andamento de suas solicita\u00e7\u00f5es e ter suas media\u00e7\u00f5es agendadas.<br \/>\u00a0\u00a0 \u00a0A partir de agora, os assistentes sociais e psic\u00f3logos ser\u00e3o disponibilizados pela prefeitura municipal, e atender\u00e3o nos CRAS (Centro de Refer\u00eancia em Assist\u00eancia Social) e a parte jur\u00eddica fica por conta da Anhanguera, que no primeiro momento, atender\u00e1 na pr\u00f3pria faculdade, com hor\u00e1rio agendado pelas mediadoras dos N\u00facleos.<\/div>\n<p><\/p>\n","protected":false},"excerpt":{"rendered":"<p>Alunos e coordenadores do curso foram recepcionados pelas mediadoras de conflitos do bairro Z\u00e1cchia, onde puderam conhecer o trabalho, que come\u00e7ou em 2011<\/p>\n","protected":false},"author":1,"featured_media":0,"comment_status":"open","ping_status":"open","sticky":false,"template":"","format":"standard","meta":{"footnotes":""},"categories":[],"tags":[],"class_list":["post-391","post","type-post","status-publish","format-standard","hentry"],"yoast_head":"<!-- This site is optimized with the Yoast SEO plugin v23.8 - https:\/\/yoast.com\/wordpress\/plugins\/seo\/ -->\n<title>N\u00facleo de Justi\u00e7a Comunit\u00e1ria recebe apoio da Faculdade Anhanguera - Secretaria de Seguran\u00e7a P\u00fablica e Transporte<\/title>\n<meta name=\"robots\" content=\"index, follow, max-snippet:-1, max-image-preview:large, max-video-preview:-1\" \/>\n<link rel=\"canonical\" href=\"https:\/\/www.pmpf.rs.gov.br\/secretaria-de-seguranca-publica\/2012\/10\/23\/nucleo-de-justica-comunitaria-recebe-apoio-da-faculdade-anhanguera-5974\/\" \/>\n<meta property=\"og:locale\" content=\"pt_BR\" \/>\n<meta property=\"og:type\" content=\"article\" \/>\n<meta property=\"og:title\" content=\"N\u00facleo de Justi\u00e7a Comunit\u00e1ria recebe apoio da Faculdade Anhanguera - Secretaria de Seguran\u00e7a P\u00fablica e Transporte\" \/>\n<meta property=\"og:description\" content=\"Alunos e coordenadores do curso foram recepcionados pelas mediadoras de conflitos do bairro Z\u00e1cchia, onde puderam conhecer o trabalho, que come\u00e7ou em 2011\" \/>\n<meta property=\"og:url\" content=\"https:\/\/www.pmpf.rs.gov.br\/secretaria-de-seguranca-publica\/2012\/10\/23\/nucleo-de-justica-comunitaria-recebe-apoio-da-faculdade-anhanguera-5974\/\" \/>\n<meta property=\"og:site_name\" content=\"Secretaria de Seguran\u00e7a P\u00fablica e Transporte\" \/>\n<meta property=\"article:published_time\" content=\"2012-10-23T04:00:00+00:00\" \/>\n<meta name=\"author\" content=\"mosite\" \/>\n<meta name=\"twitter:card\" content=\"summary_large_image\" \/>\n<meta name=\"twitter:label1\" content=\"Escrito por\" \/>\n\t<meta name=\"twitter:data1\" content=\"mosite\" \/>\n\t<meta name=\"twitter:label2\" content=\"Est. tempo de leitura\" \/>\n\t<meta name=\"twitter:data2\" content=\"1 minuto\" \/>\n<script type=\"application\/ld+json\" class=\"yoast-schema-graph\">{\"@context\":\"https:\/\/schema.org\",\"@graph\":[{\"@type\":\"WebPage\",\"@id\":\"https:\/\/www.pmpf.rs.gov.br\/secretaria-de-seguranca-publica\/2012\/10\/23\/nucleo-de-justica-comunitaria-recebe-apoio-da-faculdade-anhanguera-5974\/\",\"url\":\"https:\/\/www.pmpf.rs.gov.br\/secretaria-de-seguranca-publica\/2012\/10\/23\/nucleo-de-justica-comunitaria-recebe-apoio-da-faculdade-anhanguera-5974\/\",\"name\":\"N\u00facleo de Justi\u00e7a Comunit\u00e1ria recebe apoio da Faculdade Anhanguera - Secretaria de Seguran\u00e7a P\u00fablica e Transporte\",\"isPartOf\":{\"@id\":\"https:\/\/www.pmpf.rs.gov.br\/secretaria-de-seguranca-publica\/#website\"},\"datePublished\":\"2012-10-23T04:00:00+00:00\",\"dateModified\":\"2012-10-23T04:00:00+00:00\",\"author\":{\"@id\":\"https:\/\/www.pmpf.rs.gov.br\/secretaria-de-seguranca-publica\/#\/schema\/person\/0c355b0fa68a7aa986c8594f7a60a2d7\"},\"breadcrumb\":{\"@id\":\"https:\/\/www.pmpf.rs.gov.br\/secretaria-de-seguranca-publica\/2012\/10\/23\/nucleo-de-justica-comunitaria-recebe-apoio-da-faculdade-anhanguera-5974\/#breadcrumb\"},\"inLanguage\":\"pt-BR\",\"potentialAction\":[{\"@type\":\"ReadAction\",\"target\":[\"https:\/\/www.pmpf.rs.gov.br\/secretaria-de-seguranca-publica\/2012\/10\/23\/nucleo-de-justica-comunitaria-recebe-apoio-da-faculdade-anhanguera-5974\/\"]}]},{\"@type\":\"BreadcrumbList\",\"@id\":\"https:\/\/www.pmpf.rs.gov.br\/secretaria-de-seguranca-publica\/2012\/10\/23\/nucleo-de-justica-comunitaria-recebe-apoio-da-faculdade-anhanguera-5974\/#breadcrumb\",\"itemListElement\":[{\"@type\":\"ListItem\",\"position\":1,\"name\":\"In\u00edcio\",\"item\":\"https:\/\/www.pmpf.rs.gov.br\/secretaria-de-seguranca-publica\/\"},{\"@type\":\"ListItem\",\"position\":2,\"name\":\"N\u00facleo de Justi\u00e7a Comunit\u00e1ria recebe apoio da Faculdade Anhanguera\"}]},{\"@type\":\"WebSite\",\"@id\":\"https:\/\/www.pmpf.rs.gov.br\/secretaria-de-seguranca-publica\/#website\",\"url\":\"https:\/\/www.pmpf.rs.gov.br\/secretaria-de-seguranca-publica\/\",\"name\":\"Secretaria de Seguran\u00e7a P\u00fablica e Transporte\",\"description\":\"S\u00f3 mais um site Prefeitura de Passo Fundo\",\"potentialAction\":[{\"@type\":\"SearchAction\",\"target\":{\"@type\":\"EntryPoint\",\"urlTemplate\":\"https:\/\/www.pmpf.rs.gov.br\/secretaria-de-seguranca-publica\/?s={search_term_string}\"},\"query-input\":{\"@type\":\"PropertyValueSpecification\",\"valueRequired\":true,\"valueName\":\"search_term_string\"}}],\"inLanguage\":\"pt-BR\"},{\"@type\":\"Person\",\"@id\":\"https:\/\/www.pmpf.rs.gov.br\/secretaria-de-seguranca-publica\/#\/schema\/person\/0c355b0fa68a7aa986c8594f7a60a2d7\",\"name\":\"mosite\",\"image\":{\"@type\":\"ImageObject\",\"inLanguage\":\"pt-BR\",\"@id\":\"https:\/\/www.pmpf.rs.gov.br\/secretaria-de-seguranca-publica\/#\/schema\/person\/image\/\",\"url\":\"https:\/\/secure.gravatar.com\/avatar\/63d72595d6cecfe12bd8a94829d5a26c?s=96&d=mm&r=g\",\"contentUrl\":\"https:\/\/secure.gravatar.com\/avatar\/63d72595d6cecfe12bd8a94829d5a26c?s=96&d=mm&r=g\",\"caption\":\"mosite\"},\"sameAs\":[\"http:\/\/example.com\"],\"url\":\"https:\/\/www.pmpf.rs.gov.br\/secretaria-de-seguranca-publica\/author\/mosite\/\"}]}<\/script>\n<!-- \/ Yoast SEO plugin. -->","yoast_head_json":{"title":"N\u00facleo de Justi\u00e7a Comunit\u00e1ria recebe apoio da Faculdade Anhanguera - Secretaria de Seguran\u00e7a P\u00fablica e Transporte","robots":{"index":"index","follow":"follow","max-snippet":"max-snippet:-1","max-image-preview":"max-image-preview:large","max-video-preview":"max-video-preview:-1"},"canonical":"https:\/\/www.pmpf.rs.gov.br\/secretaria-de-seguranca-publica\/2012\/10\/23\/nucleo-de-justica-comunitaria-recebe-apoio-da-faculdade-anhanguera-5974\/","og_locale":"pt_BR","og_type":"article","og_title":"N\u00facleo de Justi\u00e7a Comunit\u00e1ria recebe apoio da Faculdade Anhanguera - Secretaria de Seguran\u00e7a P\u00fablica e Transporte","og_description":"Alunos e coordenadores do curso foram recepcionados pelas mediadoras de conflitos do bairro Z\u00e1cchia, onde puderam conhecer o trabalho, que come\u00e7ou em 2011","og_url":"https:\/\/www.pmpf.rs.gov.br\/secretaria-de-seguranca-publica\/2012\/10\/23\/nucleo-de-justica-comunitaria-recebe-apoio-da-faculdade-anhanguera-5974\/","og_site_name":"Secretaria de Seguran\u00e7a P\u00fablica e Transporte","article_published_time":"2012-10-23T04:00:00+00:00","author":"mosite","twitter_card":"summary_large_image","twitter_misc":{"Escrito por":"mosite","Est. tempo de leitura":"1 minuto"},"schema":{"@context":"https:\/\/schema.org","@graph":[{"@type":"WebPage","@id":"https:\/\/www.pmpf.rs.gov.br\/secretaria-de-seguranca-publica\/2012\/10\/23\/nucleo-de-justica-comunitaria-recebe-apoio-da-faculdade-anhanguera-5974\/","url":"https:\/\/www.pmpf.rs.gov.br\/secretaria-de-seguranca-publica\/2012\/10\/23\/nucleo-de-justica-comunitaria-recebe-apoio-da-faculdade-anhanguera-5974\/","name":"N\u00facleo de Justi\u00e7a Comunit\u00e1ria recebe apoio da Faculdade Anhanguera - Secretaria de Seguran\u00e7a P\u00fablica e Transporte","isPartOf":{"@id":"https:\/\/www.pmpf.rs.gov.br\/secretaria-de-seguranca-publica\/#website"},"datePublished":"2012-10-23T04:00:00+00:00","dateModified":"2012-10-23T04:00:00+00:00","author":{"@id":"https:\/\/www.pmpf.rs.gov.br\/secretaria-de-seguranca-publica\/#\/schema\/person\/0c355b0fa68a7aa986c8594f7a60a2d7"},"breadcrumb":{"@id":"https:\/\/www.pmpf.rs.gov.br\/secretaria-de-seguranca-publica\/2012\/10\/23\/nucleo-de-justica-comunitaria-recebe-apoio-da-faculdade-anhanguera-5974\/#breadcrumb"},"inLanguage":"pt-BR","potentialAction":[{"@type":"ReadAction","target":["https:\/\/www.pmpf.rs.gov.br\/secretaria-de-seguranca-publica\/2012\/10\/23\/nucleo-de-justica-comunitaria-recebe-apoio-da-faculdade-anhanguera-5974\/"]}]},{"@type":"BreadcrumbList","@id":"https:\/\/www.pmpf.rs.gov.br\/secretaria-de-seguranca-publica\/2012\/10\/23\/nucleo-de-justica-comunitaria-recebe-apoio-da-faculdade-anhanguera-5974\/#breadcrumb","itemListElement":[{"@type":"ListItem","position":1,"name":"In\u00edcio","item":"https:\/\/www.pmpf.rs.gov.br\/secretaria-de-seguranca-publica\/"},{"@type":"ListItem","position":2,"name":"N\u00facleo de Justi\u00e7a Comunit\u00e1ria recebe apoio da Faculdade Anhanguera"}]},{"@type":"WebSite","@id":"https:\/\/www.pmpf.rs.gov.br\/secretaria-de-seguranca-publica\/#website","url":"https:\/\/www.pmpf.rs.gov.br\/secretaria-de-seguranca-publica\/","name":"Secretaria de Seguran\u00e7a P\u00fablica e Transporte","description":"S\u00f3 mais um site Prefeitura de Passo Fundo","potentialAction":[{"@type":"SearchAction","target":{"@type":"EntryPoint","urlTemplate":"https:\/\/www.pmpf.rs.gov.br\/secretaria-de-seguranca-publica\/?s={search_term_string}"},"query-input":{"@type":"PropertyValueSpecification","valueRequired":true,"valueName":"search_term_string"}}],"inLanguage":"pt-BR"},{"@type":"Person","@id":"https:\/\/www.pmpf.rs.gov.br\/secretaria-de-seguranca-publica\/#\/schema\/person\/0c355b0fa68a7aa986c8594f7a60a2d7","name":"mosite","image":{"@type":"ImageObject","inLanguage":"pt-BR","@id":"https:\/\/www.pmpf.rs.gov.br\/secretaria-de-seguranca-publica\/#\/schema\/person\/image\/","url":"https:\/\/secure.gravatar.com\/avatar\/63d72595d6cecfe12bd8a94829d5a26c?s=96&d=mm&r=g","contentUrl":"https:\/\/secure.gravatar.com\/avatar\/63d72595d6cecfe12bd8a94829d5a26c?s=96&d=mm&r=g","caption":"mosite"},"sameAs":["http:\/\/example.com"],"url":"https:\/\/www.pmpf.rs.gov.br\/secretaria-de-seguranca-publica\/author\/mosite\/"}]}},"_links":{"self":[{"href":"https:\/\/www.pmpf.rs.gov.br\/secretaria-de-seguranca-publica\/wp-json\/wp\/v2\/posts\/391"}],"collection":[{"href":"https:\/\/www.pmpf.rs.gov.br\/secretaria-de-seguranca-publica\/wp-json\/wp\/v2\/posts"}],"about":[{"href":"https:\/\/www.pmpf.rs.gov.br\/secretaria-de-seguranca-publica\/wp-json\/wp\/v2\/types\/post"}],"author":[{"embeddable":true,"href":"https:\/\/www.pmpf.rs.gov.br\/secretaria-de-seguranca-publica\/wp-json\/wp\/v2\/users\/1"}],"replies":[{"embeddable":true,"href":"https:\/\/www.pmpf.rs.gov.br\/secretaria-de-seguranca-publica\/wp-json\/wp\/v2\/comments?post=391"}],"version-history":[{"count":0,"href":"https:\/\/www.pmpf.rs.gov.br\/secretaria-de-seguranca-publica\/wp-json\/wp\/v2\/posts\/391\/revisions"}],"wp:attachment":[{"href":"https:\/\/www.pmpf.rs.gov.br\/secretaria-de-seguranca-publica\/wp-json\/wp\/v2\/media?parent=391"}],"wp:term":[{"taxonomy":"category","embeddable":true,"href":"https:\/\/www.pmpf.rs.gov.br\/secretaria-de-seguranca-publica\/wp-json\/wp\/v2\/categories?post=391"},{"taxonomy":"post_tag","embeddable":true,"href":"https:\/\/www.pmpf.rs.gov.br\/secretaria-de-seguranca-publica\/wp-json\/wp\/v2\/tags?post=391"}],"curies":[{"name":"wp","href":"https:\/\/api.w.org\/{rel}","templated":true}]}}