{"id":389,"date":"2011-02-11T02:00:00","date_gmt":"2011-02-11T04:00:00","guid":{"rendered":"https:\/\/www.pmpf.rs.gov.br\/secretaria-de-seguranca-publica\/2011\/02\/11\/agentes-fiscais-de-transito-comemoram-11-anos-de-atuacao-333\/"},"modified":"2011-02-11T02:00:00","modified_gmt":"2011-02-11T04:00:00","slug":"agentes-fiscais-de-transito-comemoram-11-anos-de-atuacao-333","status":"publish","type":"post","link":"https:\/\/www.pmpf.rs.gov.br\/secretaria-de-seguranca-publica\/2011\/02\/11\/agentes-fiscais-de-transito-comemoram-11-anos-de-atuacao-333\/","title":{"rendered":"Agentes Fiscais de Tr\u00e2nsito comemoram 11 anos de atua\u00e7\u00e3o"},"content":{"rendered":"<div style=\"text-align: justify;\">\n<p>Sob a orienta\u00e7\u00e3o da Secretaria de Seguran\u00e7a do munic\u00edpio, os agentes fiscais de tr\u00e2nsito, comemoraram na noite de quinta-feira, onze anos de atua\u00e7\u00e3o no munic\u00edpio. Cumprimentando os profissionais o prefeito Airton Dipp disse, que comemorar 11 anos de uma atividade importante em defesa da vida, \u00e9 de muita relev\u00e2ncia para todos os passofundenses. Por isso fez quest\u00e3o de levar o seu abra\u00e7o a equipe e desejar que continuem\u00a0 realizando o trabalho de preven\u00e7\u00e3o e firmeza na orienta\u00e7\u00e3o e fiscaliza\u00e7\u00e3o. Lembrou que v\u00e1rios investimentos foram feitos ao longo dos anos em carros, motos, reorganiza\u00e7\u00e3o do tr\u00e2nsito, sem\u00e1foros e lombadas eletr\u00f4nicas.<br \/>O prefeito anunciou que novas c\u00e2meras de v\u00eddeo devem ser instaladas, bem como novas depend\u00eancias para a equipe. Ao final agradeceu o apoio da C\u00e2mara de Vereadores\u00a0 salientando que \u201cn\u00e3o podemos nos omitir aos anseios dos passsofundenses\u201d.<br \/>O secret\u00e1rio de Seguran\u00e7a, M\u00e1rcio Patussi, destacou a parceria forte com a Brigada Militar que tem feito atua\u00e7\u00f5es conjuntas nas quest\u00f5es do sossego p\u00fablico. Patussi prometeu avan\u00e7ar na opera\u00e7\u00e3o contra o barulho, que \u00e9 uma grande \u00e1rea de conflito. \u201cPrecisamos oferecer um ambiente sadio a comunidade, disse, parabenizando todos os agentes, pelas a\u00e7\u00f5es desenvolvidas nestes onze anos de atua\u00e7\u00e3o.<br \/>Cristiano Novello, presidente da Associa\u00e7\u00e3o dos Agentes\u00a0 Fiscais de Tr\u00e2nsito, agradeceu a presen\u00e7a do prefeito Airton Dipp, lembrando que a maior miss\u00e3o dos agentes \u00e9 buscar a seguran\u00e7a das pessoas no tr\u00e2nsito. \u201cPra isso temos a finalidade de educar e orientar. Tamb\u00e9m est\u00e1 em projeto, campanha contra a perturba\u00e7\u00e3o do sossego p\u00fablico, que\u00a0 faremos junto com a Brigada Militar, de quem temos recebido grande apoio\u201d.<br \/>O efetivo atual \u00e9 composto por 74 agentes fiscais, que trabalham 24 horas, divididos em quatro turnos.<\/div>\n<p><\/p>\n","protected":false},"excerpt":{"rendered":"<p>Sob a orienta\u00e7\u00e3o da Secretaria de Seguran\u00e7a do munic\u00edpio, os agentes fiscais de tr\u00e2nsito, comemoraram na noite de quinta-feira, onze anos de atua\u00e7\u00e3o no munic\u00edpio. Cumprimentando os profissionais o prefeito Airton Dipp disse, que comemorar 11 anos de uma atividade importante em defesa da vida, \u00e9 de muita relev\u00e2ncia para todos os passofundenses.<\/p>\n","protected":false},"author":1,"featured_media":390,"comment_status":"open","ping_status":"open","sticky":false,"template":"","format":"standard","meta":{"footnotes":""},"categories":[],"tags":[],"class_list":["post-389","post","type-post","status-publish","format-standard","has-post-thumbnail","hentry"],"yoast_head":"<!-- This site is optimized with the Yoast SEO plugin v23.8 - https:\/\/yoast.com\/wordpress\/plugins\/seo\/ -->\n<title>Agentes Fiscais de Tr\u00e2nsito comemoram 11 anos de atua\u00e7\u00e3o - Secretaria de Seguran\u00e7a P\u00fablica e Transporte<\/title>\n<meta name=\"robots\" content=\"index, follow, max-snippet:-1, max-image-preview:large, max-video-preview:-1\" \/>\n<link rel=\"canonical\" href=\"https:\/\/www.pmpf.rs.gov.br\/secretaria-de-seguranca-publica\/2011\/02\/11\/agentes-fiscais-de-transito-comemoram-11-anos-de-atuacao-333\/\" \/>\n<meta property=\"og:locale\" content=\"pt_BR\" \/>\n<meta property=\"og:type\" content=\"article\" \/>\n<meta property=\"og:title\" content=\"Agentes Fiscais de Tr\u00e2nsito comemoram 11 anos de atua\u00e7\u00e3o - Secretaria de Seguran\u00e7a P\u00fablica e Transporte\" \/>\n<meta property=\"og:description\" content=\"Sob a orienta\u00e7\u00e3o da Secretaria de Seguran\u00e7a do munic\u00edpio, os agentes fiscais de tr\u00e2nsito, comemoraram na noite de quinta-feira, onze anos de atua\u00e7\u00e3o no munic\u00edpio. Cumprimentando os profissionais o prefeito Airton Dipp disse, que comemorar 11 anos de uma atividade importante em defesa da vida, \u00e9 de muita relev\u00e2ncia para todos os passofundenses.\" \/>\n<meta property=\"og:url\" content=\"https:\/\/www.pmpf.rs.gov.br\/secretaria-de-seguranca-publica\/2011\/02\/11\/agentes-fiscais-de-transito-comemoram-11-anos-de-atuacao-333\/\" \/>\n<meta property=\"og:site_name\" content=\"Secretaria de Seguran\u00e7a P\u00fablica e Transporte\" \/>\n<meta property=\"article:published_time\" content=\"2011-02-11T04:00:00+00:00\" \/>\n<meta property=\"og:image\" content=\"https:\/\/www.pmpf.rs.gov.br\/secretaria-de-seguranca-publica\/wp-content\/uploads\/sites\/54\/2021\/12\/I2013-05-07_062648_c7770.jpg\" \/>\n\t<meta property=\"og:image:width\" content=\"640\" \/>\n\t<meta property=\"og:image:height\" content=\"480\" \/>\n\t<meta property=\"og:image:type\" content=\"image\/jpeg\" \/>\n<meta name=\"author\" content=\"mosite\" \/>\n<meta name=\"twitter:card\" content=\"summary_large_image\" \/>\n<meta name=\"twitter:label1\" content=\"Escrito por\" \/>\n\t<meta name=\"twitter:data1\" content=\"mosite\" \/>\n\t<meta name=\"twitter:label2\" content=\"Est. tempo de leitura\" \/>\n\t<meta name=\"twitter:data2\" content=\"2 minutos\" \/>\n<script type=\"application\/ld+json\" class=\"yoast-schema-graph\">{\"@context\":\"https:\/\/schema.org\",\"@graph\":[{\"@type\":\"WebPage\",\"@id\":\"https:\/\/www.pmpf.rs.gov.br\/secretaria-de-seguranca-publica\/2011\/02\/11\/agentes-fiscais-de-transito-comemoram-11-anos-de-atuacao-333\/\",\"url\":\"https:\/\/www.pmpf.rs.gov.br\/secretaria-de-seguranca-publica\/2011\/02\/11\/agentes-fiscais-de-transito-comemoram-11-anos-de-atuacao-333\/\",\"name\":\"Agentes Fiscais de Tr\u00e2nsito comemoram 11 anos de atua\u00e7\u00e3o - Secretaria de Seguran\u00e7a P\u00fablica e Transporte\",\"isPartOf\":{\"@id\":\"https:\/\/www.pmpf.rs.gov.br\/secretaria-de-seguranca-publica\/#website\"},\"primaryImageOfPage\":{\"@id\":\"https:\/\/www.pmpf.rs.gov.br\/secretaria-de-seguranca-publica\/2011\/02\/11\/agentes-fiscais-de-transito-comemoram-11-anos-de-atuacao-333\/#primaryimage\"},\"image\":{\"@id\":\"https:\/\/www.pmpf.rs.gov.br\/secretaria-de-seguranca-publica\/2011\/02\/11\/agentes-fiscais-de-transito-comemoram-11-anos-de-atuacao-333\/#primaryimage\"},\"thumbnailUrl\":\"https:\/\/www.pmpf.rs.gov.br\/secretaria-de-seguranca-publica\/wp-content\/uploads\/sites\/54\/2021\/12\/I2013-05-07_062648_c7770.jpg\",\"datePublished\":\"2011-02-11T04:00:00+00:00\",\"dateModified\":\"2011-02-11T04:00:00+00:00\",\"author\":{\"@id\":\"https:\/\/www.pmpf.rs.gov.br\/secretaria-de-seguranca-publica\/#\/schema\/person\/0c355b0fa68a7aa986c8594f7a60a2d7\"},\"breadcrumb\":{\"@id\":\"https:\/\/www.pmpf.rs.gov.br\/secretaria-de-seguranca-publica\/2011\/02\/11\/agentes-fiscais-de-transito-comemoram-11-anos-de-atuacao-333\/#breadcrumb\"},\"inLanguage\":\"pt-BR\",\"potentialAction\":[{\"@type\":\"ReadAction\",\"target\":[\"https:\/\/www.pmpf.rs.gov.br\/secretaria-de-seguranca-publica\/2011\/02\/11\/agentes-fiscais-de-transito-comemoram-11-anos-de-atuacao-333\/\"]}]},{\"@type\":\"ImageObject\",\"inLanguage\":\"pt-BR\",\"@id\":\"https:\/\/www.pmpf.rs.gov.br\/secretaria-de-seguranca-publica\/2011\/02\/11\/agentes-fiscais-de-transito-comemoram-11-anos-de-atuacao-333\/#primaryimage\",\"url\":\"https:\/\/www.pmpf.rs.gov.br\/secretaria-de-seguranca-publica\/wp-content\/uploads\/sites\/54\/2021\/12\/I2013-05-07_062648_c7770.jpg\",\"contentUrl\":\"https:\/\/www.pmpf.rs.gov.br\/secretaria-de-seguranca-publica\/wp-content\/uploads\/sites\/54\/2021\/12\/I2013-05-07_062648_c7770.jpg\",\"width\":640,\"height\":480},{\"@type\":\"BreadcrumbList\",\"@id\":\"https:\/\/www.pmpf.rs.gov.br\/secretaria-de-seguranca-publica\/2011\/02\/11\/agentes-fiscais-de-transito-comemoram-11-anos-de-atuacao-333\/#breadcrumb\",\"itemListElement\":[{\"@type\":\"ListItem\",\"position\":1,\"name\":\"In\u00edcio\",\"item\":\"https:\/\/www.pmpf.rs.gov.br\/secretaria-de-seguranca-publica\/\"},{\"@type\":\"ListItem\",\"position\":2,\"name\":\"Agentes Fiscais de Tr\u00e2nsito comemoram 11 anos de atua\u00e7\u00e3o\"}]},{\"@type\":\"WebSite\",\"@id\":\"https:\/\/www.pmpf.rs.gov.br\/secretaria-de-seguranca-publica\/#website\",\"url\":\"https:\/\/www.pmpf.rs.gov.br\/secretaria-de-seguranca-publica\/\",\"name\":\"Secretaria de Seguran\u00e7a P\u00fablica e Transporte\",\"description\":\"S\u00f3 mais um site Prefeitura de Passo Fundo\",\"potentialAction\":[{\"@type\":\"SearchAction\",\"target\":{\"@type\":\"EntryPoint\",\"urlTemplate\":\"https:\/\/www.pmpf.rs.gov.br\/secretaria-de-seguranca-publica\/?s={search_term_string}\"},\"query-input\":{\"@type\":\"PropertyValueSpecification\",\"valueRequired\":true,\"valueName\":\"search_term_string\"}}],\"inLanguage\":\"pt-BR\"},{\"@type\":\"Person\",\"@id\":\"https:\/\/www.pmpf.rs.gov.br\/secretaria-de-seguranca-publica\/#\/schema\/person\/0c355b0fa68a7aa986c8594f7a60a2d7\",\"name\":\"mosite\",\"image\":{\"@type\":\"ImageObject\",\"inLanguage\":\"pt-BR\",\"@id\":\"https:\/\/www.pmpf.rs.gov.br\/secretaria-de-seguranca-publica\/#\/schema\/person\/image\/\",\"url\":\"https:\/\/secure.gravatar.com\/avatar\/63d72595d6cecfe12bd8a94829d5a26c?s=96&d=mm&r=g\",\"contentUrl\":\"https:\/\/secure.gravatar.com\/avatar\/63d72595d6cecfe12bd8a94829d5a26c?s=96&d=mm&r=g\",\"caption\":\"mosite\"},\"sameAs\":[\"http:\/\/example.com\"],\"url\":\"https:\/\/www.pmpf.rs.gov.br\/secretaria-de-seguranca-publica\/author\/mosite\/\"}]}<\/script>\n<!-- \/ Yoast SEO plugin. -->","yoast_head_json":{"title":"Agentes Fiscais de Tr\u00e2nsito comemoram 11 anos de atua\u00e7\u00e3o - Secretaria de Seguran\u00e7a P\u00fablica e Transporte","robots":{"index":"index","follow":"follow","max-snippet":"max-snippet:-1","max-image-preview":"max-image-preview:large","max-video-preview":"max-video-preview:-1"},"canonical":"https:\/\/www.pmpf.rs.gov.br\/secretaria-de-seguranca-publica\/2011\/02\/11\/agentes-fiscais-de-transito-comemoram-11-anos-de-atuacao-333\/","og_locale":"pt_BR","og_type":"article","og_title":"Agentes Fiscais de Tr\u00e2nsito comemoram 11 anos de atua\u00e7\u00e3o - Secretaria de Seguran\u00e7a P\u00fablica e Transporte","og_description":"Sob a orienta\u00e7\u00e3o da Secretaria de Seguran\u00e7a do munic\u00edpio, os agentes fiscais de tr\u00e2nsito, comemoraram na noite de quinta-feira, onze anos de atua\u00e7\u00e3o no munic\u00edpio. Cumprimentando os profissionais o prefeito Airton Dipp disse, que comemorar 11 anos de uma atividade importante em defesa da vida, \u00e9 de muita relev\u00e2ncia para todos os passofundenses.","og_url":"https:\/\/www.pmpf.rs.gov.br\/secretaria-de-seguranca-publica\/2011\/02\/11\/agentes-fiscais-de-transito-comemoram-11-anos-de-atuacao-333\/","og_site_name":"Secretaria de Seguran\u00e7a P\u00fablica e Transporte","article_published_time":"2011-02-11T04:00:00+00:00","og_image":[{"width":640,"height":480,"url":"https:\/\/www.pmpf.rs.gov.br\/secretaria-de-seguranca-publica\/wp-content\/uploads\/sites\/54\/2021\/12\/I2013-05-07_062648_c7770.jpg","type":"image\/jpeg"}],"author":"mosite","twitter_card":"summary_large_image","twitter_misc":{"Escrito por":"mosite","Est. tempo de leitura":"2 minutos"},"schema":{"@context":"https:\/\/schema.org","@graph":[{"@type":"WebPage","@id":"https:\/\/www.pmpf.rs.gov.br\/secretaria-de-seguranca-publica\/2011\/02\/11\/agentes-fiscais-de-transito-comemoram-11-anos-de-atuacao-333\/","url":"https:\/\/www.pmpf.rs.gov.br\/secretaria-de-seguranca-publica\/2011\/02\/11\/agentes-fiscais-de-transito-comemoram-11-anos-de-atuacao-333\/","name":"Agentes Fiscais de Tr\u00e2nsito comemoram 11 anos de atua\u00e7\u00e3o - Secretaria de Seguran\u00e7a P\u00fablica e Transporte","isPartOf":{"@id":"https:\/\/www.pmpf.rs.gov.br\/secretaria-de-seguranca-publica\/#website"},"primaryImageOfPage":{"@id":"https:\/\/www.pmpf.rs.gov.br\/secretaria-de-seguranca-publica\/2011\/02\/11\/agentes-fiscais-de-transito-comemoram-11-anos-de-atuacao-333\/#primaryimage"},"image":{"@id":"https:\/\/www.pmpf.rs.gov.br\/secretaria-de-seguranca-publica\/2011\/02\/11\/agentes-fiscais-de-transito-comemoram-11-anos-de-atuacao-333\/#primaryimage"},"thumbnailUrl":"https:\/\/www.pmpf.rs.gov.br\/secretaria-de-seguranca-publica\/wp-content\/uploads\/sites\/54\/2021\/12\/I2013-05-07_062648_c7770.jpg","datePublished":"2011-02-11T04:00:00+00:00","dateModified":"2011-02-11T04:00:00+00:00","author":{"@id":"https:\/\/www.pmpf.rs.gov.br\/secretaria-de-seguranca-publica\/#\/schema\/person\/0c355b0fa68a7aa986c8594f7a60a2d7"},"breadcrumb":{"@id":"https:\/\/www.pmpf.rs.gov.br\/secretaria-de-seguranca-publica\/2011\/02\/11\/agentes-fiscais-de-transito-comemoram-11-anos-de-atuacao-333\/#breadcrumb"},"inLanguage":"pt-BR","potentialAction":[{"@type":"ReadAction","target":["https:\/\/www.pmpf.rs.gov.br\/secretaria-de-seguranca-publica\/2011\/02\/11\/agentes-fiscais-de-transito-comemoram-11-anos-de-atuacao-333\/"]}]},{"@type":"ImageObject","inLanguage":"pt-BR","@id":"https:\/\/www.pmpf.rs.gov.br\/secretaria-de-seguranca-publica\/2011\/02\/11\/agentes-fiscais-de-transito-comemoram-11-anos-de-atuacao-333\/#primaryimage","url":"https:\/\/www.pmpf.rs.gov.br\/secretaria-de-seguranca-publica\/wp-content\/uploads\/sites\/54\/2021\/12\/I2013-05-07_062648_c7770.jpg","contentUrl":"https:\/\/www.pmpf.rs.gov.br\/secretaria-de-seguranca-publica\/wp-content\/uploads\/sites\/54\/2021\/12\/I2013-05-07_062648_c7770.jpg","width":640,"height":480},{"@type":"BreadcrumbList","@id":"https:\/\/www.pmpf.rs.gov.br\/secretaria-de-seguranca-publica\/2011\/02\/11\/agentes-fiscais-de-transito-comemoram-11-anos-de-atuacao-333\/#breadcrumb","itemListElement":[{"@type":"ListItem","position":1,"name":"In\u00edcio","item":"https:\/\/www.pmpf.rs.gov.br\/secretaria-de-seguranca-publica\/"},{"@type":"ListItem","position":2,"name":"Agentes Fiscais de Tr\u00e2nsito comemoram 11 anos de atua\u00e7\u00e3o"}]},{"@type":"WebSite","@id":"https:\/\/www.pmpf.rs.gov.br\/secretaria-de-seguranca-publica\/#website","url":"https:\/\/www.pmpf.rs.gov.br\/secretaria-de-seguranca-publica\/","name":"Secretaria de Seguran\u00e7a P\u00fablica e Transporte","description":"S\u00f3 mais um site Prefeitura de Passo Fundo","potentialAction":[{"@type":"SearchAction","target":{"@type":"EntryPoint","urlTemplate":"https:\/\/www.pmpf.rs.gov.br\/secretaria-de-seguranca-publica\/?s={search_term_string}"},"query-input":{"@type":"PropertyValueSpecification","valueRequired":true,"valueName":"search_term_string"}}],"inLanguage":"pt-BR"},{"@type":"Person","@id":"https:\/\/www.pmpf.rs.gov.br\/secretaria-de-seguranca-publica\/#\/schema\/person\/0c355b0fa68a7aa986c8594f7a60a2d7","name":"mosite","image":{"@type":"ImageObject","inLanguage":"pt-BR","@id":"https:\/\/www.pmpf.rs.gov.br\/secretaria-de-seguranca-publica\/#\/schema\/person\/image\/","url":"https:\/\/secure.gravatar.com\/avatar\/63d72595d6cecfe12bd8a94829d5a26c?s=96&d=mm&r=g","contentUrl":"https:\/\/secure.gravatar.com\/avatar\/63d72595d6cecfe12bd8a94829d5a26c?s=96&d=mm&r=g","caption":"mosite"},"sameAs":["http:\/\/example.com"],"url":"https:\/\/www.pmpf.rs.gov.br\/secretaria-de-seguranca-publica\/author\/mosite\/"}]}},"_links":{"self":[{"href":"https:\/\/www.pmpf.rs.gov.br\/secretaria-de-seguranca-publica\/wp-json\/wp\/v2\/posts\/389"}],"collection":[{"href":"https:\/\/www.pmpf.rs.gov.br\/secretaria-de-seguranca-publica\/wp-json\/wp\/v2\/posts"}],"about":[{"href":"https:\/\/www.pmpf.rs.gov.br\/secretaria-de-seguranca-publica\/wp-json\/wp\/v2\/types\/post"}],"author":[{"embeddable":true,"href":"https:\/\/www.pmpf.rs.gov.br\/secretaria-de-seguranca-publica\/wp-json\/wp\/v2\/users\/1"}],"replies":[{"embeddable":true,"href":"https:\/\/www.pmpf.rs.gov.br\/secretaria-de-seguranca-publica\/wp-json\/wp\/v2\/comments?post=389"}],"version-history":[{"count":0,"href":"https:\/\/www.pmpf.rs.gov.br\/secretaria-de-seguranca-publica\/wp-json\/wp\/v2\/posts\/389\/revisions"}],"wp:featuredmedia":[{"embeddable":true,"href":"https:\/\/www.pmpf.rs.gov.br\/secretaria-de-seguranca-publica\/wp-json\/wp\/v2\/media\/390"}],"wp:attachment":[{"href":"https:\/\/www.pmpf.rs.gov.br\/secretaria-de-seguranca-publica\/wp-json\/wp\/v2\/media?parent=389"}],"wp:term":[{"taxonomy":"category","embeddable":true,"href":"https:\/\/www.pmpf.rs.gov.br\/secretaria-de-seguranca-publica\/wp-json\/wp\/v2\/categories?post=389"},{"taxonomy":"post_tag","embeddable":true,"href":"https:\/\/www.pmpf.rs.gov.br\/secretaria-de-seguranca-publica\/wp-json\/wp\/v2\/tags?post=389"}],"curies":[{"name":"wp","href":"https:\/\/api.w.org\/{rel}","templated":true}]}}