{"id":339,"date":"2013-05-22T03:00:00","date_gmt":"2013-05-22T06:00:00","guid":{"rendered":"https:\/\/www.pmpf.rs.gov.br\/secretaria-de-seguranca-publica\/2013\/05\/22\/formatura-reconhece-trabalho-de-130-mulheres-da-paz-em-passo-fundo-6843\/"},"modified":"2013-05-22T03:00:00","modified_gmt":"2013-05-22T06:00:00","slug":"formatura-reconhece-trabalho-de-130-mulheres-da-paz-em-passo-fundo-6843","status":"publish","type":"post","link":"https:\/\/www.pmpf.rs.gov.br\/secretaria-de-seguranca-publica\/2013\/05\/22\/formatura-reconhece-trabalho-de-130-mulheres-da-paz-em-passo-fundo-6843\/","title":{"rendered":"Formatura reconhece trabalho de 130 Mulheres da Paz em Passo Fundo"},"content":{"rendered":"<p style=\"margin-bottom: 0cm;  text-align: justify;\" class=\"western\">As 130 Mulheres da Paz que foram capacitadas durante o per\u00edodo de um ano em Passo Fundo como Agentes da Paz, em vinte diferentes bairros da cidade, tiveram o reconhecimento pelo seu trabalho reafirmado na noite de ter\u00e7a-feira, 21, quando ocorreu a formatura do Projeto. \u201cAs Agentes da Paz ou Mediadoras da Paz tem a fun\u00e7\u00e3o de serem orientadoras de media\u00e7\u00e3o de conflito, de direitos humanos, al\u00e9m do cumprimento das leis e seus direitos e deveres. A formatura foi um momento onde puderam sentir o reconhecimento dado por v\u00e1rios integrantes da comunidade e, ao mesmo tempo, puderam mostrar o carinho que t\u00eam por ser esta representante\u201d, disse a coordenadora do Projeto na cidade, Marisa R\u00e9 De Rocco.  <\/p>\n<p style=\"margin-bottom: 0cm;  text-align: justify;\" class=\"western\">\u201cO nosso trabalho social, atrav\u00e9s das visitas nas casas, dos encaminhamentos para a rede de atendimento \u00e0 cidadania e da participa\u00e7\u00e3o nas reuni\u00f5es de nossa comunidade nos tornaram refer\u00eancia como mulheres que atuam como defensoras de direitos humanos e articuladoras sociais de cidadania\u201d, afirmou Juscemara, uma das integrantes do Projeto.<\/p>\n<p style=\"margin-bottom: 0cm;  text-align: justify;\" class=\"western\">\n<p style=\"margin-bottom: 0cm;  text-align: justify;\" class=\"western\">As atividades tiveram 15 meses de vig\u00eancia, sendo que nos tr\u00eas primeiros meses houve a contrata\u00e7\u00e3o e capacita\u00e7\u00e3o da equipe de profissionais e, em seguida, a sele\u00e7\u00e3o. Foram identificadas mais de 500 mulheres para a participa\u00e7\u00e3o, sendo que mais de 300 fizeram a inscri\u00e7\u00e3o e, destas, 200 foram selecionadas para  a capacita\u00e7\u00e3o, como Agentes de Paz em seus bairros, com dura\u00e7\u00e3o de doze meses. Destas, 130 conseguiram se formar. No total, foram 175 horas de atividades presenciais e outras atividades de forma\u00e7\u00e3o, como participa\u00e7\u00e3o em oficinas e palestras, num total de 483 horas executadas no per\u00edodo. Conforme a coordenadora, neste momento encerra-se a parte sistematizada do projeto, com atividades presenciais.  <\/p>\n<p style=\"margin-bottom: 0cm;  text-align: justify;\" class=\"western\">\u201cO conhecimento que cada uma adquiriu faz parte de sua caminhada e ser\u00e1 utilizado quando a intui\u00e7\u00e3o de agente de paz mostrar que \u00e9 necess\u00e1rio\u201d, ressaltou Marisa. \u201cO projeto nos empoderou e nos encorajou a seguirmos firmes na luta contra todas as formas de viol\u00eancia. (\u2026) Acreditamos ser preciso reeducar a sociedade para que as mulheres n\u00e3o tenham mais seus direitos violados e possam, junto com suas fam\u00edlias e suas comunidades, construir uma vida que tenha por base a felicidade e a dignidade que todo ser humano precisa\u201d, ressaltou a Mulher da Paz, Maria de F\u00e1tima Fazolo.  <\/p>\n<p style=\"margin-bottom: 0cm;  text-align: justify;\" class=\"western\">Durante a formatura, tamb\u00e9m foi ressaltada a participa\u00e7\u00e3o dos ESFs, CRAS, Assist\u00eancia Social Diocesana Le\u00e3o XIII e da Comiss\u00e3o de Direitos Humanos, como essenciais durante o per\u00edodo de realiza\u00e7\u00e3o da capacita\u00e7\u00e3o.  <\/p>\n<p style=\"margin-bottom: 0cm;  text-align: justify;\" class=\"western\">Uma das A\u00e7\u00f5es do Programa Nacional de Seguran\u00e7a com Cidadania \u2013 Pronasci, atrav\u00e9s de uma parceria realizada entre a Prefeitura e o Governo Federal, o Projeto Mulheres da Paz \u00e9 acompanhado pelo Minist\u00e9rio da Justi\u00e7a e coordenado pela Secretaria Municipal de Seguran\u00e7a P\u00fablica.  <\/p>\n","protected":false},"excerpt":{"rendered":"<p>Formatura reconhece trabalho de 130 Mulheres da Paz em Passo Fundo<\/p>\n","protected":false},"author":1,"featured_media":340,"comment_status":"open","ping_status":"open","sticky":false,"template":"","format":"standard","meta":{"footnotes":""},"categories":[],"tags":[],"class_list":["post-339","post","type-post","status-publish","format-standard","has-post-thumbnail","hentry"],"yoast_head":"<!-- This site is optimized with the Yoast SEO plugin v23.8 - https:\/\/yoast.com\/wordpress\/plugins\/seo\/ -->\n<title>Formatura reconhece trabalho de 130 Mulheres da Paz em Passo Fundo - Secretaria de Seguran\u00e7a P\u00fablica e Transporte<\/title>\n<meta name=\"robots\" content=\"index, follow, max-snippet:-1, max-image-preview:large, max-video-preview:-1\" \/>\n<link rel=\"canonical\" href=\"https:\/\/www.pmpf.rs.gov.br\/secretaria-de-seguranca-publica\/2013\/05\/22\/formatura-reconhece-trabalho-de-130-mulheres-da-paz-em-passo-fundo-6843\/\" \/>\n<meta property=\"og:locale\" content=\"pt_BR\" \/>\n<meta property=\"og:type\" content=\"article\" \/>\n<meta property=\"og:title\" content=\"Formatura reconhece trabalho de 130 Mulheres da Paz em Passo Fundo - Secretaria de Seguran\u00e7a P\u00fablica e Transporte\" \/>\n<meta property=\"og:description\" content=\"Formatura reconhece trabalho de 130 Mulheres da Paz em Passo Fundo\" \/>\n<meta property=\"og:url\" content=\"https:\/\/www.pmpf.rs.gov.br\/secretaria-de-seguranca-publica\/2013\/05\/22\/formatura-reconhece-trabalho-de-130-mulheres-da-paz-em-passo-fundo-6843\/\" \/>\n<meta property=\"og:site_name\" content=\"Secretaria de Seguran\u00e7a P\u00fablica e Transporte\" \/>\n<meta property=\"article:published_time\" content=\"2013-05-22T06:00:00+00:00\" \/>\n<meta property=\"og:image\" content=\"https:\/\/www.pmpf.rs.gov.br\/secretaria-de-seguranca-publica\/wp-content\/uploads\/sites\/54\/2021\/12\/I2013-12-11_033915_c9858.jpg\" \/>\n\t<meta property=\"og:image:width\" content=\"350\" \/>\n\t<meta property=\"og:image:height\" content=\"215\" \/>\n\t<meta property=\"og:image:type\" content=\"image\/jpeg\" \/>\n<meta name=\"author\" content=\"mosite\" \/>\n<meta name=\"twitter:card\" content=\"summary_large_image\" \/>\n<meta name=\"twitter:label1\" content=\"Escrito por\" \/>\n\t<meta name=\"twitter:data1\" content=\"mosite\" \/>\n\t<meta name=\"twitter:label2\" content=\"Est. tempo de leitura\" \/>\n\t<meta name=\"twitter:data2\" content=\"2 minutos\" \/>\n<script type=\"application\/ld+json\" class=\"yoast-schema-graph\">{\"@context\":\"https:\/\/schema.org\",\"@graph\":[{\"@type\":\"WebPage\",\"@id\":\"https:\/\/www.pmpf.rs.gov.br\/secretaria-de-seguranca-publica\/2013\/05\/22\/formatura-reconhece-trabalho-de-130-mulheres-da-paz-em-passo-fundo-6843\/\",\"url\":\"https:\/\/www.pmpf.rs.gov.br\/secretaria-de-seguranca-publica\/2013\/05\/22\/formatura-reconhece-trabalho-de-130-mulheres-da-paz-em-passo-fundo-6843\/\",\"name\":\"Formatura reconhece trabalho de 130 Mulheres da Paz em Passo Fundo - Secretaria de Seguran\u00e7a P\u00fablica e Transporte\",\"isPartOf\":{\"@id\":\"https:\/\/www.pmpf.rs.gov.br\/secretaria-de-seguranca-publica\/#website\"},\"primaryImageOfPage\":{\"@id\":\"https:\/\/www.pmpf.rs.gov.br\/secretaria-de-seguranca-publica\/2013\/05\/22\/formatura-reconhece-trabalho-de-130-mulheres-da-paz-em-passo-fundo-6843\/#primaryimage\"},\"image\":{\"@id\":\"https:\/\/www.pmpf.rs.gov.br\/secretaria-de-seguranca-publica\/2013\/05\/22\/formatura-reconhece-trabalho-de-130-mulheres-da-paz-em-passo-fundo-6843\/#primaryimage\"},\"thumbnailUrl\":\"https:\/\/www.pmpf.rs.gov.br\/secretaria-de-seguranca-publica\/wp-content\/uploads\/sites\/54\/2021\/12\/I2013-12-11_033915_c9858.jpg\",\"datePublished\":\"2013-05-22T06:00:00+00:00\",\"dateModified\":\"2013-05-22T06:00:00+00:00\",\"author\":{\"@id\":\"https:\/\/www.pmpf.rs.gov.br\/secretaria-de-seguranca-publica\/#\/schema\/person\/0c355b0fa68a7aa986c8594f7a60a2d7\"},\"breadcrumb\":{\"@id\":\"https:\/\/www.pmpf.rs.gov.br\/secretaria-de-seguranca-publica\/2013\/05\/22\/formatura-reconhece-trabalho-de-130-mulheres-da-paz-em-passo-fundo-6843\/#breadcrumb\"},\"inLanguage\":\"pt-BR\",\"potentialAction\":[{\"@type\":\"ReadAction\",\"target\":[\"https:\/\/www.pmpf.rs.gov.br\/secretaria-de-seguranca-publica\/2013\/05\/22\/formatura-reconhece-trabalho-de-130-mulheres-da-paz-em-passo-fundo-6843\/\"]}]},{\"@type\":\"ImageObject\",\"inLanguage\":\"pt-BR\",\"@id\":\"https:\/\/www.pmpf.rs.gov.br\/secretaria-de-seguranca-publica\/2013\/05\/22\/formatura-reconhece-trabalho-de-130-mulheres-da-paz-em-passo-fundo-6843\/#primaryimage\",\"url\":\"https:\/\/www.pmpf.rs.gov.br\/secretaria-de-seguranca-publica\/wp-content\/uploads\/sites\/54\/2021\/12\/I2013-12-11_033915_c9858.jpg\",\"contentUrl\":\"https:\/\/www.pmpf.rs.gov.br\/secretaria-de-seguranca-publica\/wp-content\/uploads\/sites\/54\/2021\/12\/I2013-12-11_033915_c9858.jpg\",\"width\":350,\"height\":215},{\"@type\":\"BreadcrumbList\",\"@id\":\"https:\/\/www.pmpf.rs.gov.br\/secretaria-de-seguranca-publica\/2013\/05\/22\/formatura-reconhece-trabalho-de-130-mulheres-da-paz-em-passo-fundo-6843\/#breadcrumb\",\"itemListElement\":[{\"@type\":\"ListItem\",\"position\":1,\"name\":\"In\u00edcio\",\"item\":\"https:\/\/www.pmpf.rs.gov.br\/secretaria-de-seguranca-publica\/\"},{\"@type\":\"ListItem\",\"position\":2,\"name\":\"Formatura reconhece trabalho de 130 Mulheres da Paz em Passo Fundo\"}]},{\"@type\":\"WebSite\",\"@id\":\"https:\/\/www.pmpf.rs.gov.br\/secretaria-de-seguranca-publica\/#website\",\"url\":\"https:\/\/www.pmpf.rs.gov.br\/secretaria-de-seguranca-publica\/\",\"name\":\"Secretaria de Seguran\u00e7a P\u00fablica e Transporte\",\"description\":\"S\u00f3 mais um site Prefeitura de Passo Fundo\",\"potentialAction\":[{\"@type\":\"SearchAction\",\"target\":{\"@type\":\"EntryPoint\",\"urlTemplate\":\"https:\/\/www.pmpf.rs.gov.br\/secretaria-de-seguranca-publica\/?s={search_term_string}\"},\"query-input\":{\"@type\":\"PropertyValueSpecification\",\"valueRequired\":true,\"valueName\":\"search_term_string\"}}],\"inLanguage\":\"pt-BR\"},{\"@type\":\"Person\",\"@id\":\"https:\/\/www.pmpf.rs.gov.br\/secretaria-de-seguranca-publica\/#\/schema\/person\/0c355b0fa68a7aa986c8594f7a60a2d7\",\"name\":\"mosite\",\"image\":{\"@type\":\"ImageObject\",\"inLanguage\":\"pt-BR\",\"@id\":\"https:\/\/www.pmpf.rs.gov.br\/secretaria-de-seguranca-publica\/#\/schema\/person\/image\/\",\"url\":\"https:\/\/secure.gravatar.com\/avatar\/63d72595d6cecfe12bd8a94829d5a26c?s=96&d=mm&r=g\",\"contentUrl\":\"https:\/\/secure.gravatar.com\/avatar\/63d72595d6cecfe12bd8a94829d5a26c?s=96&d=mm&r=g\",\"caption\":\"mosite\"},\"sameAs\":[\"http:\/\/example.com\"],\"url\":\"https:\/\/www.pmpf.rs.gov.br\/secretaria-de-seguranca-publica\/author\/mosite\/\"}]}<\/script>\n<!-- \/ Yoast SEO plugin. -->","yoast_head_json":{"title":"Formatura reconhece trabalho de 130 Mulheres da Paz em Passo Fundo - Secretaria de Seguran\u00e7a P\u00fablica e Transporte","robots":{"index":"index","follow":"follow","max-snippet":"max-snippet:-1","max-image-preview":"max-image-preview:large","max-video-preview":"max-video-preview:-1"},"canonical":"https:\/\/www.pmpf.rs.gov.br\/secretaria-de-seguranca-publica\/2013\/05\/22\/formatura-reconhece-trabalho-de-130-mulheres-da-paz-em-passo-fundo-6843\/","og_locale":"pt_BR","og_type":"article","og_title":"Formatura reconhece trabalho de 130 Mulheres da Paz em Passo Fundo - Secretaria de Seguran\u00e7a P\u00fablica e Transporte","og_description":"Formatura reconhece trabalho de 130 Mulheres da Paz em Passo Fundo","og_url":"https:\/\/www.pmpf.rs.gov.br\/secretaria-de-seguranca-publica\/2013\/05\/22\/formatura-reconhece-trabalho-de-130-mulheres-da-paz-em-passo-fundo-6843\/","og_site_name":"Secretaria de Seguran\u00e7a P\u00fablica e Transporte","article_published_time":"2013-05-22T06:00:00+00:00","og_image":[{"width":350,"height":215,"url":"https:\/\/www.pmpf.rs.gov.br\/secretaria-de-seguranca-publica\/wp-content\/uploads\/sites\/54\/2021\/12\/I2013-12-11_033915_c9858.jpg","type":"image\/jpeg"}],"author":"mosite","twitter_card":"summary_large_image","twitter_misc":{"Escrito por":"mosite","Est. tempo de leitura":"2 minutos"},"schema":{"@context":"https:\/\/schema.org","@graph":[{"@type":"WebPage","@id":"https:\/\/www.pmpf.rs.gov.br\/secretaria-de-seguranca-publica\/2013\/05\/22\/formatura-reconhece-trabalho-de-130-mulheres-da-paz-em-passo-fundo-6843\/","url":"https:\/\/www.pmpf.rs.gov.br\/secretaria-de-seguranca-publica\/2013\/05\/22\/formatura-reconhece-trabalho-de-130-mulheres-da-paz-em-passo-fundo-6843\/","name":"Formatura reconhece trabalho de 130 Mulheres da Paz em Passo Fundo - Secretaria de Seguran\u00e7a P\u00fablica e Transporte","isPartOf":{"@id":"https:\/\/www.pmpf.rs.gov.br\/secretaria-de-seguranca-publica\/#website"},"primaryImageOfPage":{"@id":"https:\/\/www.pmpf.rs.gov.br\/secretaria-de-seguranca-publica\/2013\/05\/22\/formatura-reconhece-trabalho-de-130-mulheres-da-paz-em-passo-fundo-6843\/#primaryimage"},"image":{"@id":"https:\/\/www.pmpf.rs.gov.br\/secretaria-de-seguranca-publica\/2013\/05\/22\/formatura-reconhece-trabalho-de-130-mulheres-da-paz-em-passo-fundo-6843\/#primaryimage"},"thumbnailUrl":"https:\/\/www.pmpf.rs.gov.br\/secretaria-de-seguranca-publica\/wp-content\/uploads\/sites\/54\/2021\/12\/I2013-12-11_033915_c9858.jpg","datePublished":"2013-05-22T06:00:00+00:00","dateModified":"2013-05-22T06:00:00+00:00","author":{"@id":"https:\/\/www.pmpf.rs.gov.br\/secretaria-de-seguranca-publica\/#\/schema\/person\/0c355b0fa68a7aa986c8594f7a60a2d7"},"breadcrumb":{"@id":"https:\/\/www.pmpf.rs.gov.br\/secretaria-de-seguranca-publica\/2013\/05\/22\/formatura-reconhece-trabalho-de-130-mulheres-da-paz-em-passo-fundo-6843\/#breadcrumb"},"inLanguage":"pt-BR","potentialAction":[{"@type":"ReadAction","target":["https:\/\/www.pmpf.rs.gov.br\/secretaria-de-seguranca-publica\/2013\/05\/22\/formatura-reconhece-trabalho-de-130-mulheres-da-paz-em-passo-fundo-6843\/"]}]},{"@type":"ImageObject","inLanguage":"pt-BR","@id":"https:\/\/www.pmpf.rs.gov.br\/secretaria-de-seguranca-publica\/2013\/05\/22\/formatura-reconhece-trabalho-de-130-mulheres-da-paz-em-passo-fundo-6843\/#primaryimage","url":"https:\/\/www.pmpf.rs.gov.br\/secretaria-de-seguranca-publica\/wp-content\/uploads\/sites\/54\/2021\/12\/I2013-12-11_033915_c9858.jpg","contentUrl":"https:\/\/www.pmpf.rs.gov.br\/secretaria-de-seguranca-publica\/wp-content\/uploads\/sites\/54\/2021\/12\/I2013-12-11_033915_c9858.jpg","width":350,"height":215},{"@type":"BreadcrumbList","@id":"https:\/\/www.pmpf.rs.gov.br\/secretaria-de-seguranca-publica\/2013\/05\/22\/formatura-reconhece-trabalho-de-130-mulheres-da-paz-em-passo-fundo-6843\/#breadcrumb","itemListElement":[{"@type":"ListItem","position":1,"name":"In\u00edcio","item":"https:\/\/www.pmpf.rs.gov.br\/secretaria-de-seguranca-publica\/"},{"@type":"ListItem","position":2,"name":"Formatura reconhece trabalho de 130 Mulheres da Paz em Passo Fundo"}]},{"@type":"WebSite","@id":"https:\/\/www.pmpf.rs.gov.br\/secretaria-de-seguranca-publica\/#website","url":"https:\/\/www.pmpf.rs.gov.br\/secretaria-de-seguranca-publica\/","name":"Secretaria de Seguran\u00e7a P\u00fablica e Transporte","description":"S\u00f3 mais um site Prefeitura de Passo Fundo","potentialAction":[{"@type":"SearchAction","target":{"@type":"EntryPoint","urlTemplate":"https:\/\/www.pmpf.rs.gov.br\/secretaria-de-seguranca-publica\/?s={search_term_string}"},"query-input":{"@type":"PropertyValueSpecification","valueRequired":true,"valueName":"search_term_string"}}],"inLanguage":"pt-BR"},{"@type":"Person","@id":"https:\/\/www.pmpf.rs.gov.br\/secretaria-de-seguranca-publica\/#\/schema\/person\/0c355b0fa68a7aa986c8594f7a60a2d7","name":"mosite","image":{"@type":"ImageObject","inLanguage":"pt-BR","@id":"https:\/\/www.pmpf.rs.gov.br\/secretaria-de-seguranca-publica\/#\/schema\/person\/image\/","url":"https:\/\/secure.gravatar.com\/avatar\/63d72595d6cecfe12bd8a94829d5a26c?s=96&d=mm&r=g","contentUrl":"https:\/\/secure.gravatar.com\/avatar\/63d72595d6cecfe12bd8a94829d5a26c?s=96&d=mm&r=g","caption":"mosite"},"sameAs":["http:\/\/example.com"],"url":"https:\/\/www.pmpf.rs.gov.br\/secretaria-de-seguranca-publica\/author\/mosite\/"}]}},"_links":{"self":[{"href":"https:\/\/www.pmpf.rs.gov.br\/secretaria-de-seguranca-publica\/wp-json\/wp\/v2\/posts\/339"}],"collection":[{"href":"https:\/\/www.pmpf.rs.gov.br\/secretaria-de-seguranca-publica\/wp-json\/wp\/v2\/posts"}],"about":[{"href":"https:\/\/www.pmpf.rs.gov.br\/secretaria-de-seguranca-publica\/wp-json\/wp\/v2\/types\/post"}],"author":[{"embeddable":true,"href":"https:\/\/www.pmpf.rs.gov.br\/secretaria-de-seguranca-publica\/wp-json\/wp\/v2\/users\/1"}],"replies":[{"embeddable":true,"href":"https:\/\/www.pmpf.rs.gov.br\/secretaria-de-seguranca-publica\/wp-json\/wp\/v2\/comments?post=339"}],"version-history":[{"count":0,"href":"https:\/\/www.pmpf.rs.gov.br\/secretaria-de-seguranca-publica\/wp-json\/wp\/v2\/posts\/339\/revisions"}],"wp:featuredmedia":[{"embeddable":true,"href":"https:\/\/www.pmpf.rs.gov.br\/secretaria-de-seguranca-publica\/wp-json\/wp\/v2\/media\/340"}],"wp:attachment":[{"href":"https:\/\/www.pmpf.rs.gov.br\/secretaria-de-seguranca-publica\/wp-json\/wp\/v2\/media?parent=339"}],"wp:term":[{"taxonomy":"category","embeddable":true,"href":"https:\/\/www.pmpf.rs.gov.br\/secretaria-de-seguranca-publica\/wp-json\/wp\/v2\/categories?post=339"},{"taxonomy":"post_tag","embeddable":true,"href":"https:\/\/www.pmpf.rs.gov.br\/secretaria-de-seguranca-publica\/wp-json\/wp\/v2\/tags?post=339"}],"curies":[{"name":"wp","href":"https:\/\/api.w.org\/{rel}","templated":true}]}}