{"id":333,"date":"2012-09-17T03:00:00","date_gmt":"2012-09-17T06:00:00","guid":{"rendered":"https:\/\/www.pmpf.rs.gov.br\/secretaria-de-seguranca-publica\/2012\/09\/17\/prefeitura-lanca-programacao-para-a-semana-nacional-do-transito-5894\/"},"modified":"2012-09-17T03:00:00","modified_gmt":"2012-09-17T06:00:00","slug":"prefeitura-lanca-programacao-para-a-semana-nacional-do-transito-5894","status":"publish","type":"post","link":"https:\/\/www.pmpf.rs.gov.br\/secretaria-de-seguranca-publica\/2012\/09\/17\/prefeitura-lanca-programacao-para-a-semana-nacional-do-transito-5894\/","title":{"rendered":"Prefeitura lan\u00e7a programa\u00e7\u00e3o para a Semana Nacional do Tr\u00e2nsito"},"content":{"rendered":"<p>A Prefeitura Municipal, atrav\u00e9s dos Agentes Fiscais de Tr\u00e2nsito do Setor da Educa\u00e7\u00e3o da Secretaria de Seguran\u00e7a P\u00fablica, realiza durante todo o ano a\u00e7\u00f5es em favor de um tr\u00e2nsito mais seguro e solid\u00e1rio em Passo Fundo, mas, para a Semana Nacional do Tr\u00e2nsito pretende dar \u00eanfase ao assunto com a realiza\u00e7\u00e3o de atividades diferenciadas. <\/p>\n<p align=\"JUSTIFY\" style=\"margin-bottom: 0cm;\" class=\"western\">A Semana Nacional do Tr\u00e2nsito vai do dia 18 ao dia 25 de setembro e \u00e9 prevista no C\u00f3digo de Tr\u00e2nsito Brasileiro (CTB). Este ano o tema estabelecido pelo CONTRAN \u00e9 \u201cN\u00e3o exceda a velocidade, preserve a vida\u201d. Para tanto, os Agentes de Tr\u00e2nsito realizar\u00e3o v\u00e1rias a\u00e7\u00f5es na cidade divulgando, al\u00e9m do tema proposto, outros  temas importantes para alcan\u00e7ar o objetivo da a\u00e7\u00e3o educativa, que \u00e9 salvar vidas!<\/p>\n<p align=\"JUSTIFY\" style=\"margin-bottom: 0cm;\" class=\"western\">Conforme o presidente do CONTRAN, Julio Ferraz Arcoverde, atualmente cerca de dois milh\u00f5es de pessoas morrem por ano v\u00edtimas da viol\u00eancia no tr\u00e2nsito, e o n\u00famero de feridos \u00e9 ainda mais alarmante. Segundo ele, o tema para a Semana Nacional do Tr\u00e2nsito 2012 foi definido levando-se em conta os principais fatores que influenciam no crescimento da taxa de mortalidade no tr\u00e2nsito: o comportamento\/seguran\u00e7a dos usu\u00e1rios e o excesso de velocidade. O principal foco ser\u00e1 a conscientiza\u00e7\u00e3o de jovens entre 18 e 25 anos, por ser o grupo mais vulner\u00e1vel e de maior exposi\u00e7\u00e3o ao risco de acidentes.  <\/p>\n<p align=\"JUSTIFY\" style=\"margin-bottom: 0cm;\" class=\"western\">A\u00e7\u00f5es que ser\u00e3o realizadas pela Prefeitura:<\/p>\n<p align=\"JUSTIFY\" style=\"margin-bottom: 0cm;\" class=\"western\">22\/09 \u2013 09h<\/p>\n<p align=\"JUSTIFY\" style=\"margin-bottom: 0cm;\" class=\"western\">Atividade: Blitz Educativa<\/p>\n<p align=\"JUSTIFY\" style=\"margin-bottom: 0cm;\" class=\"western\">Local: Parque da Gare<\/p>\n<p align=\"JUSTIFY\" style=\"margin-bottom: 0cm;\" class=\"western\">Descri\u00e7\u00e3o: Ser\u00e3o distribu\u00eddos juntamente com o CFCs de Passo Fundo materiais e folders educativos.<\/p>\n<p align=\"JUSTIFY\" style=\"margin-bottom: 0cm;\" class=\"western\"> <\/p>\n<p align=\"JUSTIFY\" style=\"margin-bottom: 0cm;\" class=\"western\">22\/09 &#8211; tarde<\/p>\n<p align=\"JUSTIFY\" style=\"margin-bottom: 0cm;\" class=\"western\">Atividade: Repintura das \u201cBorboletas pela vida\u201d<\/p>\n<p align=\"JUSTIFY\" style=\"margin-bottom: 0cm;\" class=\"western\">Local: &#8211; Rua S\u00e3o Sebasti\u00e3o \u2013 bairro Vera Cruz; &#8211; Rua Independ\u00eancia com rua Capit\u00e3o Eleut\u00e9rio; &#8211; Av Brasil com Angelo Preto<\/p>\n<p align=\"JUSTIFY\" style=\"margin-bottom: 0cm;\" class=\"western\">Descri\u00e7\u00e3o: Nos locais onde j\u00e1 foram pintadas Borboletas do Programa Vida Urgente, as quais simbolizam vidas que se perderam, estaremos repintando para lembrar das v\u00edtimas e assim conscientizar a import\u00e2ncia de se ter cuidados no tr\u00e2nsito.<\/p>\n<p align=\"JUSTIFY\" style=\"margin-bottom: 0cm;\" class=\"western\"> <\/p>\n<p align=\"JUSTIFY\" style=\"margin-bottom: 0cm;\" class=\"western\">23\/09 \u2013 14h  <\/p>\n<p align=\"JUSTIFY\" style=\"margin-bottom: 0cm;\" class=\"western\">Atividade: Evento Semana Nacional do Tr\u00e2nsito<\/p>\n<p align=\"JUSTIFY\" style=\"margin-bottom: 0cm;\" class=\"western\">Local: Parque da GARE<\/p>\n<p align=\"JUSTIFY\" style=\"margin-bottom: 0cm;\" class=\"western\">Descri\u00e7\u00e3o: Entrega da Premia\u00e7\u00e3o do Concurso 1\u00ba Pr\u00eamio de Educa\u00e7\u00e3o para o Tr\u00e2nsito Passo Fundo, o qual recebeu mais de 5300 inscri\u00e7\u00f5es e Diversas Atra\u00e7\u00f5es<\/p>\n<p align=\"JUSTIFY\" style=\"margin-bottom: 0cm;\" class=\"western\"> <\/p>\n<p align=\"JUSTIFY\" style=\"margin-bottom: 0cm;\" class=\"western\">25\/09 \u2013 14h<\/p>\n<p align=\"JUSTIFY\" style=\"margin-bottom: 0cm;\" class=\"western\">Atividade: Encerramento da Semana Nacional do tr\u00e2nsito<\/p>\n<p align=\"JUSTIFY\" style=\"margin-bottom: 0cm;\" class=\"western\">Local: Pra\u00e7a Santa Teresinha<\/p>\n<p align=\"JUSTIFY\" style=\"margin-bottom: 0cm;\" class=\"western\">Descri\u00e7\u00e3o: Campanha \u201cSe liga na Faixa\u201d  <\/p>\n","protected":false},"excerpt":{"rendered":"<p>Prefeitura lan\u00e7a programa\u00e7\u00e3o para a Semana Nacional do Tr\u00e2nsito<\/p>\n","protected":false},"author":1,"featured_media":0,"comment_status":"open","ping_status":"open","sticky":false,"template":"","format":"standard","meta":{"footnotes":""},"categories":[],"tags":[],"class_list":["post-333","post","type-post","status-publish","format-standard","hentry"],"yoast_head":"<!-- This site is optimized with the Yoast SEO plugin v23.8 - https:\/\/yoast.com\/wordpress\/plugins\/seo\/ -->\n<title>Prefeitura lan\u00e7a programa\u00e7\u00e3o para a Semana Nacional do Tr\u00e2nsito - Secretaria de Seguran\u00e7a P\u00fablica e Transporte<\/title>\n<meta name=\"robots\" content=\"index, follow, max-snippet:-1, max-image-preview:large, max-video-preview:-1\" \/>\n<link rel=\"canonical\" href=\"https:\/\/www.pmpf.rs.gov.br\/secretaria-de-seguranca-publica\/2012\/09\/17\/prefeitura-lanca-programacao-para-a-semana-nacional-do-transito-5894\/\" \/>\n<meta property=\"og:locale\" content=\"pt_BR\" \/>\n<meta property=\"og:type\" content=\"article\" \/>\n<meta property=\"og:title\" content=\"Prefeitura lan\u00e7a programa\u00e7\u00e3o para a Semana Nacional do Tr\u00e2nsito - Secretaria de Seguran\u00e7a P\u00fablica e Transporte\" \/>\n<meta property=\"og:description\" content=\"Prefeitura lan\u00e7a programa\u00e7\u00e3o para a Semana Nacional do Tr\u00e2nsito\" \/>\n<meta property=\"og:url\" content=\"https:\/\/www.pmpf.rs.gov.br\/secretaria-de-seguranca-publica\/2012\/09\/17\/prefeitura-lanca-programacao-para-a-semana-nacional-do-transito-5894\/\" \/>\n<meta property=\"og:site_name\" content=\"Secretaria de Seguran\u00e7a P\u00fablica e Transporte\" \/>\n<meta property=\"article:published_time\" content=\"2012-09-17T06:00:00+00:00\" \/>\n<meta name=\"author\" content=\"mosite\" \/>\n<meta name=\"twitter:card\" content=\"summary_large_image\" \/>\n<meta name=\"twitter:label1\" content=\"Escrito por\" \/>\n\t<meta name=\"twitter:data1\" content=\"mosite\" \/>\n\t<meta name=\"twitter:label2\" content=\"Est. tempo de leitura\" \/>\n\t<meta name=\"twitter:data2\" content=\"2 minutos\" \/>\n<script type=\"application\/ld+json\" class=\"yoast-schema-graph\">{\"@context\":\"https:\/\/schema.org\",\"@graph\":[{\"@type\":\"WebPage\",\"@id\":\"https:\/\/www.pmpf.rs.gov.br\/secretaria-de-seguranca-publica\/2012\/09\/17\/prefeitura-lanca-programacao-para-a-semana-nacional-do-transito-5894\/\",\"url\":\"https:\/\/www.pmpf.rs.gov.br\/secretaria-de-seguranca-publica\/2012\/09\/17\/prefeitura-lanca-programacao-para-a-semana-nacional-do-transito-5894\/\",\"name\":\"Prefeitura lan\u00e7a programa\u00e7\u00e3o para a Semana Nacional do Tr\u00e2nsito - Secretaria de Seguran\u00e7a P\u00fablica e Transporte\",\"isPartOf\":{\"@id\":\"https:\/\/www.pmpf.rs.gov.br\/secretaria-de-seguranca-publica\/#website\"},\"datePublished\":\"2012-09-17T06:00:00+00:00\",\"dateModified\":\"2012-09-17T06:00:00+00:00\",\"author\":{\"@id\":\"https:\/\/www.pmpf.rs.gov.br\/secretaria-de-seguranca-publica\/#\/schema\/person\/0c355b0fa68a7aa986c8594f7a60a2d7\"},\"breadcrumb\":{\"@id\":\"https:\/\/www.pmpf.rs.gov.br\/secretaria-de-seguranca-publica\/2012\/09\/17\/prefeitura-lanca-programacao-para-a-semana-nacional-do-transito-5894\/#breadcrumb\"},\"inLanguage\":\"pt-BR\",\"potentialAction\":[{\"@type\":\"ReadAction\",\"target\":[\"https:\/\/www.pmpf.rs.gov.br\/secretaria-de-seguranca-publica\/2012\/09\/17\/prefeitura-lanca-programacao-para-a-semana-nacional-do-transito-5894\/\"]}]},{\"@type\":\"BreadcrumbList\",\"@id\":\"https:\/\/www.pmpf.rs.gov.br\/secretaria-de-seguranca-publica\/2012\/09\/17\/prefeitura-lanca-programacao-para-a-semana-nacional-do-transito-5894\/#breadcrumb\",\"itemListElement\":[{\"@type\":\"ListItem\",\"position\":1,\"name\":\"In\u00edcio\",\"item\":\"https:\/\/www.pmpf.rs.gov.br\/secretaria-de-seguranca-publica\/\"},{\"@type\":\"ListItem\",\"position\":2,\"name\":\"Prefeitura lan\u00e7a programa\u00e7\u00e3o para a Semana Nacional do Tr\u00e2nsito\"}]},{\"@type\":\"WebSite\",\"@id\":\"https:\/\/www.pmpf.rs.gov.br\/secretaria-de-seguranca-publica\/#website\",\"url\":\"https:\/\/www.pmpf.rs.gov.br\/secretaria-de-seguranca-publica\/\",\"name\":\"Secretaria de Seguran\u00e7a P\u00fablica e Transporte\",\"description\":\"S\u00f3 mais um site Prefeitura de Passo Fundo\",\"potentialAction\":[{\"@type\":\"SearchAction\",\"target\":{\"@type\":\"EntryPoint\",\"urlTemplate\":\"https:\/\/www.pmpf.rs.gov.br\/secretaria-de-seguranca-publica\/?s={search_term_string}\"},\"query-input\":{\"@type\":\"PropertyValueSpecification\",\"valueRequired\":true,\"valueName\":\"search_term_string\"}}],\"inLanguage\":\"pt-BR\"},{\"@type\":\"Person\",\"@id\":\"https:\/\/www.pmpf.rs.gov.br\/secretaria-de-seguranca-publica\/#\/schema\/person\/0c355b0fa68a7aa986c8594f7a60a2d7\",\"name\":\"mosite\",\"image\":{\"@type\":\"ImageObject\",\"inLanguage\":\"pt-BR\",\"@id\":\"https:\/\/www.pmpf.rs.gov.br\/secretaria-de-seguranca-publica\/#\/schema\/person\/image\/\",\"url\":\"https:\/\/secure.gravatar.com\/avatar\/63d72595d6cecfe12bd8a94829d5a26c?s=96&d=mm&r=g\",\"contentUrl\":\"https:\/\/secure.gravatar.com\/avatar\/63d72595d6cecfe12bd8a94829d5a26c?s=96&d=mm&r=g\",\"caption\":\"mosite\"},\"sameAs\":[\"http:\/\/example.com\"],\"url\":\"https:\/\/www.pmpf.rs.gov.br\/secretaria-de-seguranca-publica\/author\/mosite\/\"}]}<\/script>\n<!-- \/ Yoast SEO plugin. -->","yoast_head_json":{"title":"Prefeitura lan\u00e7a programa\u00e7\u00e3o para a Semana Nacional do Tr\u00e2nsito - Secretaria de Seguran\u00e7a P\u00fablica e Transporte","robots":{"index":"index","follow":"follow","max-snippet":"max-snippet:-1","max-image-preview":"max-image-preview:large","max-video-preview":"max-video-preview:-1"},"canonical":"https:\/\/www.pmpf.rs.gov.br\/secretaria-de-seguranca-publica\/2012\/09\/17\/prefeitura-lanca-programacao-para-a-semana-nacional-do-transito-5894\/","og_locale":"pt_BR","og_type":"article","og_title":"Prefeitura lan\u00e7a programa\u00e7\u00e3o para a Semana Nacional do Tr\u00e2nsito - Secretaria de Seguran\u00e7a P\u00fablica e Transporte","og_description":"Prefeitura lan\u00e7a programa\u00e7\u00e3o para a Semana Nacional do Tr\u00e2nsito","og_url":"https:\/\/www.pmpf.rs.gov.br\/secretaria-de-seguranca-publica\/2012\/09\/17\/prefeitura-lanca-programacao-para-a-semana-nacional-do-transito-5894\/","og_site_name":"Secretaria de Seguran\u00e7a P\u00fablica e Transporte","article_published_time":"2012-09-17T06:00:00+00:00","author":"mosite","twitter_card":"summary_large_image","twitter_misc":{"Escrito por":"mosite","Est. tempo de leitura":"2 minutos"},"schema":{"@context":"https:\/\/schema.org","@graph":[{"@type":"WebPage","@id":"https:\/\/www.pmpf.rs.gov.br\/secretaria-de-seguranca-publica\/2012\/09\/17\/prefeitura-lanca-programacao-para-a-semana-nacional-do-transito-5894\/","url":"https:\/\/www.pmpf.rs.gov.br\/secretaria-de-seguranca-publica\/2012\/09\/17\/prefeitura-lanca-programacao-para-a-semana-nacional-do-transito-5894\/","name":"Prefeitura lan\u00e7a programa\u00e7\u00e3o para a Semana Nacional do Tr\u00e2nsito - Secretaria de Seguran\u00e7a P\u00fablica e Transporte","isPartOf":{"@id":"https:\/\/www.pmpf.rs.gov.br\/secretaria-de-seguranca-publica\/#website"},"datePublished":"2012-09-17T06:00:00+00:00","dateModified":"2012-09-17T06:00:00+00:00","author":{"@id":"https:\/\/www.pmpf.rs.gov.br\/secretaria-de-seguranca-publica\/#\/schema\/person\/0c355b0fa68a7aa986c8594f7a60a2d7"},"breadcrumb":{"@id":"https:\/\/www.pmpf.rs.gov.br\/secretaria-de-seguranca-publica\/2012\/09\/17\/prefeitura-lanca-programacao-para-a-semana-nacional-do-transito-5894\/#breadcrumb"},"inLanguage":"pt-BR","potentialAction":[{"@type":"ReadAction","target":["https:\/\/www.pmpf.rs.gov.br\/secretaria-de-seguranca-publica\/2012\/09\/17\/prefeitura-lanca-programacao-para-a-semana-nacional-do-transito-5894\/"]}]},{"@type":"BreadcrumbList","@id":"https:\/\/www.pmpf.rs.gov.br\/secretaria-de-seguranca-publica\/2012\/09\/17\/prefeitura-lanca-programacao-para-a-semana-nacional-do-transito-5894\/#breadcrumb","itemListElement":[{"@type":"ListItem","position":1,"name":"In\u00edcio","item":"https:\/\/www.pmpf.rs.gov.br\/secretaria-de-seguranca-publica\/"},{"@type":"ListItem","position":2,"name":"Prefeitura lan\u00e7a programa\u00e7\u00e3o para a Semana Nacional do Tr\u00e2nsito"}]},{"@type":"WebSite","@id":"https:\/\/www.pmpf.rs.gov.br\/secretaria-de-seguranca-publica\/#website","url":"https:\/\/www.pmpf.rs.gov.br\/secretaria-de-seguranca-publica\/","name":"Secretaria de Seguran\u00e7a P\u00fablica e Transporte","description":"S\u00f3 mais um site Prefeitura de Passo Fundo","potentialAction":[{"@type":"SearchAction","target":{"@type":"EntryPoint","urlTemplate":"https:\/\/www.pmpf.rs.gov.br\/secretaria-de-seguranca-publica\/?s={search_term_string}"},"query-input":{"@type":"PropertyValueSpecification","valueRequired":true,"valueName":"search_term_string"}}],"inLanguage":"pt-BR"},{"@type":"Person","@id":"https:\/\/www.pmpf.rs.gov.br\/secretaria-de-seguranca-publica\/#\/schema\/person\/0c355b0fa68a7aa986c8594f7a60a2d7","name":"mosite","image":{"@type":"ImageObject","inLanguage":"pt-BR","@id":"https:\/\/www.pmpf.rs.gov.br\/secretaria-de-seguranca-publica\/#\/schema\/person\/image\/","url":"https:\/\/secure.gravatar.com\/avatar\/63d72595d6cecfe12bd8a94829d5a26c?s=96&d=mm&r=g","contentUrl":"https:\/\/secure.gravatar.com\/avatar\/63d72595d6cecfe12bd8a94829d5a26c?s=96&d=mm&r=g","caption":"mosite"},"sameAs":["http:\/\/example.com"],"url":"https:\/\/www.pmpf.rs.gov.br\/secretaria-de-seguranca-publica\/author\/mosite\/"}]}},"_links":{"self":[{"href":"https:\/\/www.pmpf.rs.gov.br\/secretaria-de-seguranca-publica\/wp-json\/wp\/v2\/posts\/333"}],"collection":[{"href":"https:\/\/www.pmpf.rs.gov.br\/secretaria-de-seguranca-publica\/wp-json\/wp\/v2\/posts"}],"about":[{"href":"https:\/\/www.pmpf.rs.gov.br\/secretaria-de-seguranca-publica\/wp-json\/wp\/v2\/types\/post"}],"author":[{"embeddable":true,"href":"https:\/\/www.pmpf.rs.gov.br\/secretaria-de-seguranca-publica\/wp-json\/wp\/v2\/users\/1"}],"replies":[{"embeddable":true,"href":"https:\/\/www.pmpf.rs.gov.br\/secretaria-de-seguranca-publica\/wp-json\/wp\/v2\/comments?post=333"}],"version-history":[{"count":0,"href":"https:\/\/www.pmpf.rs.gov.br\/secretaria-de-seguranca-publica\/wp-json\/wp\/v2\/posts\/333\/revisions"}],"wp:attachment":[{"href":"https:\/\/www.pmpf.rs.gov.br\/secretaria-de-seguranca-publica\/wp-json\/wp\/v2\/media?parent=333"}],"wp:term":[{"taxonomy":"category","embeddable":true,"href":"https:\/\/www.pmpf.rs.gov.br\/secretaria-de-seguranca-publica\/wp-json\/wp\/v2\/categories?post=333"},{"taxonomy":"post_tag","embeddable":true,"href":"https:\/\/www.pmpf.rs.gov.br\/secretaria-de-seguranca-publica\/wp-json\/wp\/v2\/tags?post=333"}],"curies":[{"name":"wp","href":"https:\/\/api.w.org\/{rel}","templated":true}]}}