{"id":331,"date":"2013-03-15T03:00:00","date_gmt":"2013-03-15T06:00:00","guid":{"rendered":"https:\/\/www.pmpf.rs.gov.br\/secretaria-de-seguranca-publica\/2013\/03\/15\/governo-do-estado-convida-passo-fundo-para-integrar-o-rs-na-paz-6080\/"},"modified":"2013-03-15T03:00:00","modified_gmt":"2013-03-15T06:00:00","slug":"governo-do-estado-convida-passo-fundo-para-integrar-o-rs-na-paz-6080","status":"publish","type":"post","link":"https:\/\/www.pmpf.rs.gov.br\/secretaria-de-seguranca-publica\/2013\/03\/15\/governo-do-estado-convida-passo-fundo-para-integrar-o-rs-na-paz-6080\/","title":{"rendered":"Governo do Estado convida Passo Fundo para integrar o RS na Paz"},"content":{"rendered":"<p>O coordenador dos Territ\u00f3rios da Paz da Secretaria Estadual de Seguran\u00e7a P\u00fablica, Tenente Coronel Carlos Alberto Souto, juntamente com o comandante do CRPO\/Planalto, Coronel Jo\u00e3o Darci Gon\u00e7alves, e o comandante do 3\u00ba RPMon, Tenente Coronel Fernando Bica, visitaram o Governo Luciano\/Juliano para apurar a possibilidade de implementar o Programa RS na Paz em Passo Fundo.<\/p>\n<p>O Programa de Seguran\u00e7a P\u00fablica com Cidadania do Estado do Rio Grande do Sul (RS na Paz) busca um novo conceito para o princ\u00edpio da seguran\u00e7a p\u00fablica, a ideia de que o termo n\u00e3o seja apenas sin\u00f4nimo de pol\u00edcia, mas sim um conjunto de pol\u00edticas p\u00fablicas baseadas no di\u00e1logo entre a\u00e7\u00f5es sociais e policiais. O Tenente Coronel Souto ressaltou que o primeiro contato \u00e9 o in\u00edcio para decidir a melhor forma de trazer as a\u00e7\u00f5es para o munic\u00edpio. A parceria com o Estado une Brigada Militar, Pol\u00edcia Civil e Guarda Municipal, al\u00e9m da integra\u00e7\u00e3o de diversas pastas das administra\u00e7\u00f5es estaduais e municipais, como Secretaria de Sa\u00fade, de Seguran\u00e7a P\u00fablica, de Educa\u00e7\u00e3o, de Meio Ambiente, bem como coordenadorias ligadas ao assunto.<\/p>\n<p>\u201cAntes de implementar o Programa, um estudo \u00e9 feito para avaliar as reais necessidades e a realidade de cada local onde ser\u00e1 instalada a base comunit\u00e1ria. Enquanto a parte policial realiza os procedimentos operacionais, todo o aporte de renova\u00e7\u00e3o dos padr\u00f5es da comunidade \u00e9 feito atrav\u00e9s dos programas apoiados e promovidos pelas secretarias envolvidas\u201d, explicou Souto.<\/p>\n<p>Em todo o Territ\u00f3rio da Paz haver\u00e1 uma base comunit\u00e1ria, um observat\u00f3rio da seguran\u00e7a p\u00fablica, uma ouvidoria e programas direcionados \u00e0 juventude. O objetivo \u00e9 unir for\u00e7as para n\u00e3o sobrecarregar o andamento das a\u00e7\u00f5es de policiamento. Na pr\u00e9via da reuni\u00e3o, Passo Fundo poder\u00e1 contar com duas bases do Programa RS na Paz. Os bairros ainda ser\u00e3o estudados para ver o melhor posicionamento estrat\u00e9gico das a\u00e7\u00f5es. A instala\u00e7\u00e3o de telecentros tamb\u00e9m est\u00e3o inclu\u00eddas no projeto e devem atender demandas das escolas que mais precisam.<\/p>\n<p>\u201cEste \u00e9 um Programa de muita relev\u00e2ncia e estamos muito honrados pelo convite. Realizaremos algumas reuni\u00f5es com as partes envolvidas para acharmos o melhor local para instalar os territ\u00f3rios e dar in\u00edcio as a\u00e7\u00f5es que, com certeza, trar\u00e3o melhorias significativas ao munic\u00edpio\u201d, afirmou o vice-prefeito Juliano Roso.<\/p>\n<p>O programa trabalha prioritariamente com jovens entre 12 e 24 anos, faixa et\u00e1ria em que \u00e9 poss\u00edvel trabalhar com a preven\u00e7\u00e3o do uso e depend\u00eancia de drogas e tamb\u00e9m envolvimento com o tr\u00e1fico de entorpecentes. Preven\u00e7\u00e3o, transversalidade e gest\u00e3o s\u00e3o alguns dos pontos relevantes do RS na Paz.<\/p>\n","protected":false},"excerpt":{"rendered":"<p>Governo do Estado convida Passo Fundo para integrar o RS na Paz<\/p>\n","protected":false},"author":1,"featured_media":332,"comment_status":"open","ping_status":"open","sticky":false,"template":"","format":"standard","meta":{"footnotes":""},"categories":[],"tags":[],"class_list":["post-331","post","type-post","status-publish","format-standard","has-post-thumbnail","hentry"],"yoast_head":"<!-- This site is optimized with the Yoast SEO plugin v23.8 - https:\/\/yoast.com\/wordpress\/plugins\/seo\/ -->\n<title>Governo do Estado convida Passo Fundo para integrar o RS na Paz - Secretaria de Seguran\u00e7a P\u00fablica e Transporte<\/title>\n<meta name=\"robots\" content=\"index, follow, max-snippet:-1, max-image-preview:large, max-video-preview:-1\" \/>\n<link rel=\"canonical\" href=\"https:\/\/www.pmpf.rs.gov.br\/secretaria-de-seguranca-publica\/2013\/03\/15\/governo-do-estado-convida-passo-fundo-para-integrar-o-rs-na-paz-6080\/\" \/>\n<meta property=\"og:locale\" content=\"pt_BR\" \/>\n<meta property=\"og:type\" content=\"article\" \/>\n<meta property=\"og:title\" content=\"Governo do Estado convida Passo Fundo para integrar o RS na Paz - Secretaria de Seguran\u00e7a P\u00fablica e Transporte\" \/>\n<meta property=\"og:description\" content=\"Governo do Estado convida Passo Fundo para integrar o RS na Paz\" \/>\n<meta property=\"og:url\" content=\"https:\/\/www.pmpf.rs.gov.br\/secretaria-de-seguranca-publica\/2013\/03\/15\/governo-do-estado-convida-passo-fundo-para-integrar-o-rs-na-paz-6080\/\" \/>\n<meta property=\"og:site_name\" content=\"Secretaria de Seguran\u00e7a P\u00fablica e Transporte\" \/>\n<meta property=\"article:published_time\" content=\"2013-03-15T06:00:00+00:00\" \/>\n<meta property=\"og:image\" content=\"https:\/\/www.pmpf.rs.gov.br\/secretaria-de-seguranca-publica\/wp-content\/uploads\/sites\/54\/2021\/12\/I2013-12-11_033846_c9647.jpg\" \/>\n\t<meta property=\"og:image:width\" content=\"1188\" \/>\n\t<meta property=\"og:image:height\" content=\"886\" \/>\n\t<meta property=\"og:image:type\" content=\"image\/jpeg\" \/>\n<meta name=\"author\" content=\"mosite\" \/>\n<meta name=\"twitter:card\" content=\"summary_large_image\" \/>\n<meta name=\"twitter:label1\" content=\"Escrito por\" \/>\n\t<meta name=\"twitter:data1\" content=\"mosite\" \/>\n\t<meta name=\"twitter:label2\" content=\"Est. tempo de leitura\" \/>\n\t<meta name=\"twitter:data2\" content=\"2 minutos\" \/>\n<script type=\"application\/ld+json\" class=\"yoast-schema-graph\">{\"@context\":\"https:\/\/schema.org\",\"@graph\":[{\"@type\":\"WebPage\",\"@id\":\"https:\/\/www.pmpf.rs.gov.br\/secretaria-de-seguranca-publica\/2013\/03\/15\/governo-do-estado-convida-passo-fundo-para-integrar-o-rs-na-paz-6080\/\",\"url\":\"https:\/\/www.pmpf.rs.gov.br\/secretaria-de-seguranca-publica\/2013\/03\/15\/governo-do-estado-convida-passo-fundo-para-integrar-o-rs-na-paz-6080\/\",\"name\":\"Governo do Estado convida Passo Fundo para integrar o RS na Paz - Secretaria de Seguran\u00e7a P\u00fablica e Transporte\",\"isPartOf\":{\"@id\":\"https:\/\/www.pmpf.rs.gov.br\/secretaria-de-seguranca-publica\/#website\"},\"primaryImageOfPage\":{\"@id\":\"https:\/\/www.pmpf.rs.gov.br\/secretaria-de-seguranca-publica\/2013\/03\/15\/governo-do-estado-convida-passo-fundo-para-integrar-o-rs-na-paz-6080\/#primaryimage\"},\"image\":{\"@id\":\"https:\/\/www.pmpf.rs.gov.br\/secretaria-de-seguranca-publica\/2013\/03\/15\/governo-do-estado-convida-passo-fundo-para-integrar-o-rs-na-paz-6080\/#primaryimage\"},\"thumbnailUrl\":\"https:\/\/www.pmpf.rs.gov.br\/secretaria-de-seguranca-publica\/wp-content\/uploads\/sites\/54\/2021\/12\/I2013-12-11_033846_c9647.jpg\",\"datePublished\":\"2013-03-15T06:00:00+00:00\",\"dateModified\":\"2013-03-15T06:00:00+00:00\",\"author\":{\"@id\":\"https:\/\/www.pmpf.rs.gov.br\/secretaria-de-seguranca-publica\/#\/schema\/person\/0c355b0fa68a7aa986c8594f7a60a2d7\"},\"breadcrumb\":{\"@id\":\"https:\/\/www.pmpf.rs.gov.br\/secretaria-de-seguranca-publica\/2013\/03\/15\/governo-do-estado-convida-passo-fundo-para-integrar-o-rs-na-paz-6080\/#breadcrumb\"},\"inLanguage\":\"pt-BR\",\"potentialAction\":[{\"@type\":\"ReadAction\",\"target\":[\"https:\/\/www.pmpf.rs.gov.br\/secretaria-de-seguranca-publica\/2013\/03\/15\/governo-do-estado-convida-passo-fundo-para-integrar-o-rs-na-paz-6080\/\"]}]},{\"@type\":\"ImageObject\",\"inLanguage\":\"pt-BR\",\"@id\":\"https:\/\/www.pmpf.rs.gov.br\/secretaria-de-seguranca-publica\/2013\/03\/15\/governo-do-estado-convida-passo-fundo-para-integrar-o-rs-na-paz-6080\/#primaryimage\",\"url\":\"https:\/\/www.pmpf.rs.gov.br\/secretaria-de-seguranca-publica\/wp-content\/uploads\/sites\/54\/2021\/12\/I2013-12-11_033846_c9647.jpg\",\"contentUrl\":\"https:\/\/www.pmpf.rs.gov.br\/secretaria-de-seguranca-publica\/wp-content\/uploads\/sites\/54\/2021\/12\/I2013-12-11_033846_c9647.jpg\",\"width\":1188,\"height\":886},{\"@type\":\"BreadcrumbList\",\"@id\":\"https:\/\/www.pmpf.rs.gov.br\/secretaria-de-seguranca-publica\/2013\/03\/15\/governo-do-estado-convida-passo-fundo-para-integrar-o-rs-na-paz-6080\/#breadcrumb\",\"itemListElement\":[{\"@type\":\"ListItem\",\"position\":1,\"name\":\"In\u00edcio\",\"item\":\"https:\/\/www.pmpf.rs.gov.br\/secretaria-de-seguranca-publica\/\"},{\"@type\":\"ListItem\",\"position\":2,\"name\":\"Governo do Estado convida Passo Fundo para integrar o RS na Paz\"}]},{\"@type\":\"WebSite\",\"@id\":\"https:\/\/www.pmpf.rs.gov.br\/secretaria-de-seguranca-publica\/#website\",\"url\":\"https:\/\/www.pmpf.rs.gov.br\/secretaria-de-seguranca-publica\/\",\"name\":\"Secretaria de Seguran\u00e7a P\u00fablica e Transporte\",\"description\":\"S\u00f3 mais um site Prefeitura de Passo Fundo\",\"potentialAction\":[{\"@type\":\"SearchAction\",\"target\":{\"@type\":\"EntryPoint\",\"urlTemplate\":\"https:\/\/www.pmpf.rs.gov.br\/secretaria-de-seguranca-publica\/?s={search_term_string}\"},\"query-input\":{\"@type\":\"PropertyValueSpecification\",\"valueRequired\":true,\"valueName\":\"search_term_string\"}}],\"inLanguage\":\"pt-BR\"},{\"@type\":\"Person\",\"@id\":\"https:\/\/www.pmpf.rs.gov.br\/secretaria-de-seguranca-publica\/#\/schema\/person\/0c355b0fa68a7aa986c8594f7a60a2d7\",\"name\":\"mosite\",\"image\":{\"@type\":\"ImageObject\",\"inLanguage\":\"pt-BR\",\"@id\":\"https:\/\/www.pmpf.rs.gov.br\/secretaria-de-seguranca-publica\/#\/schema\/person\/image\/\",\"url\":\"https:\/\/secure.gravatar.com\/avatar\/63d72595d6cecfe12bd8a94829d5a26c?s=96&d=mm&r=g\",\"contentUrl\":\"https:\/\/secure.gravatar.com\/avatar\/63d72595d6cecfe12bd8a94829d5a26c?s=96&d=mm&r=g\",\"caption\":\"mosite\"},\"sameAs\":[\"http:\/\/example.com\"],\"url\":\"https:\/\/www.pmpf.rs.gov.br\/secretaria-de-seguranca-publica\/author\/mosite\/\"}]}<\/script>\n<!-- \/ Yoast SEO plugin. -->","yoast_head_json":{"title":"Governo do Estado convida Passo Fundo para integrar o RS na Paz - Secretaria de Seguran\u00e7a P\u00fablica e Transporte","robots":{"index":"index","follow":"follow","max-snippet":"max-snippet:-1","max-image-preview":"max-image-preview:large","max-video-preview":"max-video-preview:-1"},"canonical":"https:\/\/www.pmpf.rs.gov.br\/secretaria-de-seguranca-publica\/2013\/03\/15\/governo-do-estado-convida-passo-fundo-para-integrar-o-rs-na-paz-6080\/","og_locale":"pt_BR","og_type":"article","og_title":"Governo do Estado convida Passo Fundo para integrar o RS na Paz - Secretaria de Seguran\u00e7a P\u00fablica e Transporte","og_description":"Governo do Estado convida Passo Fundo para integrar o RS na Paz","og_url":"https:\/\/www.pmpf.rs.gov.br\/secretaria-de-seguranca-publica\/2013\/03\/15\/governo-do-estado-convida-passo-fundo-para-integrar-o-rs-na-paz-6080\/","og_site_name":"Secretaria de Seguran\u00e7a P\u00fablica e Transporte","article_published_time":"2013-03-15T06:00:00+00:00","og_image":[{"width":1188,"height":886,"url":"https:\/\/www.pmpf.rs.gov.br\/secretaria-de-seguranca-publica\/wp-content\/uploads\/sites\/54\/2021\/12\/I2013-12-11_033846_c9647.jpg","type":"image\/jpeg"}],"author":"mosite","twitter_card":"summary_large_image","twitter_misc":{"Escrito por":"mosite","Est. tempo de leitura":"2 minutos"},"schema":{"@context":"https:\/\/schema.org","@graph":[{"@type":"WebPage","@id":"https:\/\/www.pmpf.rs.gov.br\/secretaria-de-seguranca-publica\/2013\/03\/15\/governo-do-estado-convida-passo-fundo-para-integrar-o-rs-na-paz-6080\/","url":"https:\/\/www.pmpf.rs.gov.br\/secretaria-de-seguranca-publica\/2013\/03\/15\/governo-do-estado-convida-passo-fundo-para-integrar-o-rs-na-paz-6080\/","name":"Governo do Estado convida Passo Fundo para integrar o RS na Paz - Secretaria de Seguran\u00e7a P\u00fablica e Transporte","isPartOf":{"@id":"https:\/\/www.pmpf.rs.gov.br\/secretaria-de-seguranca-publica\/#website"},"primaryImageOfPage":{"@id":"https:\/\/www.pmpf.rs.gov.br\/secretaria-de-seguranca-publica\/2013\/03\/15\/governo-do-estado-convida-passo-fundo-para-integrar-o-rs-na-paz-6080\/#primaryimage"},"image":{"@id":"https:\/\/www.pmpf.rs.gov.br\/secretaria-de-seguranca-publica\/2013\/03\/15\/governo-do-estado-convida-passo-fundo-para-integrar-o-rs-na-paz-6080\/#primaryimage"},"thumbnailUrl":"https:\/\/www.pmpf.rs.gov.br\/secretaria-de-seguranca-publica\/wp-content\/uploads\/sites\/54\/2021\/12\/I2013-12-11_033846_c9647.jpg","datePublished":"2013-03-15T06:00:00+00:00","dateModified":"2013-03-15T06:00:00+00:00","author":{"@id":"https:\/\/www.pmpf.rs.gov.br\/secretaria-de-seguranca-publica\/#\/schema\/person\/0c355b0fa68a7aa986c8594f7a60a2d7"},"breadcrumb":{"@id":"https:\/\/www.pmpf.rs.gov.br\/secretaria-de-seguranca-publica\/2013\/03\/15\/governo-do-estado-convida-passo-fundo-para-integrar-o-rs-na-paz-6080\/#breadcrumb"},"inLanguage":"pt-BR","potentialAction":[{"@type":"ReadAction","target":["https:\/\/www.pmpf.rs.gov.br\/secretaria-de-seguranca-publica\/2013\/03\/15\/governo-do-estado-convida-passo-fundo-para-integrar-o-rs-na-paz-6080\/"]}]},{"@type":"ImageObject","inLanguage":"pt-BR","@id":"https:\/\/www.pmpf.rs.gov.br\/secretaria-de-seguranca-publica\/2013\/03\/15\/governo-do-estado-convida-passo-fundo-para-integrar-o-rs-na-paz-6080\/#primaryimage","url":"https:\/\/www.pmpf.rs.gov.br\/secretaria-de-seguranca-publica\/wp-content\/uploads\/sites\/54\/2021\/12\/I2013-12-11_033846_c9647.jpg","contentUrl":"https:\/\/www.pmpf.rs.gov.br\/secretaria-de-seguranca-publica\/wp-content\/uploads\/sites\/54\/2021\/12\/I2013-12-11_033846_c9647.jpg","width":1188,"height":886},{"@type":"BreadcrumbList","@id":"https:\/\/www.pmpf.rs.gov.br\/secretaria-de-seguranca-publica\/2013\/03\/15\/governo-do-estado-convida-passo-fundo-para-integrar-o-rs-na-paz-6080\/#breadcrumb","itemListElement":[{"@type":"ListItem","position":1,"name":"In\u00edcio","item":"https:\/\/www.pmpf.rs.gov.br\/secretaria-de-seguranca-publica\/"},{"@type":"ListItem","position":2,"name":"Governo do Estado convida Passo Fundo para integrar o RS na Paz"}]},{"@type":"WebSite","@id":"https:\/\/www.pmpf.rs.gov.br\/secretaria-de-seguranca-publica\/#website","url":"https:\/\/www.pmpf.rs.gov.br\/secretaria-de-seguranca-publica\/","name":"Secretaria de Seguran\u00e7a P\u00fablica e Transporte","description":"S\u00f3 mais um site Prefeitura de Passo Fundo","potentialAction":[{"@type":"SearchAction","target":{"@type":"EntryPoint","urlTemplate":"https:\/\/www.pmpf.rs.gov.br\/secretaria-de-seguranca-publica\/?s={search_term_string}"},"query-input":{"@type":"PropertyValueSpecification","valueRequired":true,"valueName":"search_term_string"}}],"inLanguage":"pt-BR"},{"@type":"Person","@id":"https:\/\/www.pmpf.rs.gov.br\/secretaria-de-seguranca-publica\/#\/schema\/person\/0c355b0fa68a7aa986c8594f7a60a2d7","name":"mosite","image":{"@type":"ImageObject","inLanguage":"pt-BR","@id":"https:\/\/www.pmpf.rs.gov.br\/secretaria-de-seguranca-publica\/#\/schema\/person\/image\/","url":"https:\/\/secure.gravatar.com\/avatar\/63d72595d6cecfe12bd8a94829d5a26c?s=96&d=mm&r=g","contentUrl":"https:\/\/secure.gravatar.com\/avatar\/63d72595d6cecfe12bd8a94829d5a26c?s=96&d=mm&r=g","caption":"mosite"},"sameAs":["http:\/\/example.com"],"url":"https:\/\/www.pmpf.rs.gov.br\/secretaria-de-seguranca-publica\/author\/mosite\/"}]}},"_links":{"self":[{"href":"https:\/\/www.pmpf.rs.gov.br\/secretaria-de-seguranca-publica\/wp-json\/wp\/v2\/posts\/331"}],"collection":[{"href":"https:\/\/www.pmpf.rs.gov.br\/secretaria-de-seguranca-publica\/wp-json\/wp\/v2\/posts"}],"about":[{"href":"https:\/\/www.pmpf.rs.gov.br\/secretaria-de-seguranca-publica\/wp-json\/wp\/v2\/types\/post"}],"author":[{"embeddable":true,"href":"https:\/\/www.pmpf.rs.gov.br\/secretaria-de-seguranca-publica\/wp-json\/wp\/v2\/users\/1"}],"replies":[{"embeddable":true,"href":"https:\/\/www.pmpf.rs.gov.br\/secretaria-de-seguranca-publica\/wp-json\/wp\/v2\/comments?post=331"}],"version-history":[{"count":0,"href":"https:\/\/www.pmpf.rs.gov.br\/secretaria-de-seguranca-publica\/wp-json\/wp\/v2\/posts\/331\/revisions"}],"wp:featuredmedia":[{"embeddable":true,"href":"https:\/\/www.pmpf.rs.gov.br\/secretaria-de-seguranca-publica\/wp-json\/wp\/v2\/media\/332"}],"wp:attachment":[{"href":"https:\/\/www.pmpf.rs.gov.br\/secretaria-de-seguranca-publica\/wp-json\/wp\/v2\/media?parent=331"}],"wp:term":[{"taxonomy":"category","embeddable":true,"href":"https:\/\/www.pmpf.rs.gov.br\/secretaria-de-seguranca-publica\/wp-json\/wp\/v2\/categories?post=331"},{"taxonomy":"post_tag","embeddable":true,"href":"https:\/\/www.pmpf.rs.gov.br\/secretaria-de-seguranca-publica\/wp-json\/wp\/v2\/tags?post=331"}],"curies":[{"name":"wp","href":"https:\/\/api.w.org\/{rel}","templated":true}]}}