{"id":329,"date":"2012-06-14T03:00:00","date_gmt":"2012-06-14T06:00:00","guid":{"rendered":"https:\/\/www.pmpf.rs.gov.br\/secretaria-de-seguranca-publica\/2012\/06\/14\/mulheres-da-paz-partem-para-o-trabalho-de-campo-5620\/"},"modified":"2012-06-14T03:00:00","modified_gmt":"2012-06-14T06:00:00","slug":"mulheres-da-paz-partem-para-o-trabalho-de-campo-5620","status":"publish","type":"post","link":"https:\/\/www.pmpf.rs.gov.br\/secretaria-de-seguranca-publica\/2012\/06\/14\/mulheres-da-paz-partem-para-o-trabalho-de-campo-5620\/","title":{"rendered":"Mulheres da Paz partem para o trabalho de campo"},"content":{"rendered":"<p><\/p>\n<div style=\"text-align: justify;\">\n<p>\u00a0\u00a0 \u00a0Na tarde desta quinta-feira, a Prefeitura Municipal de Passo Fundo, atrav\u00e9s da\u00a0 Secretaria de Seguran\u00e7a P\u00fablica, reuniu na sala do Juri, no F\u00f3rum de Passo Fundo, as 200 mulheres integrantes do Projeto Mulheres da Paz. A atividade teve o objetivo de integrar e fortalecer os la\u00e7os entre as mulheres da paz, a equipe multidisciplinar e as entidades e autoridades parceiras Projeto.<br \/>\u00a0\u00a0 \u00a0A partir dos pr\u00f3ximos dias, elas come\u00e7am a atuar junto as suas comunidades no trabalho de campo. Ao todo a cidade foi dividida em quatro regi\u00f5es de atua\u00e7\u00e3o com 21 bairros inseridos, que obedeceram crit\u00e9rios de vulnerabilidade social.<br \/>\u00a0\u00a0 \u00a0O vice-prefeito municipal, Rene Cecconello, que na oportunidade representou o\u00a0 prefeito Dipp, falou da responsabilidade dessas mulheres, que foram\u00a0 selecionadas rigorosamente pela Comiss\u00e3o de Direitos Humanos, e ser\u00e3o respons\u00e1veis por difundirem uma cultura de paz nas regi\u00f5es mais carentes da cidade.<br \/>\u00a0\u00a0 \u00a0O Projeto Mulheres da Paz, parceria entre Governo Federal e Munic\u00edpio de Passo Fundo, coordenado pela Secretaria de Seguran\u00e7a P\u00fablica e executado pela Comiss\u00e3o de Direitos Humanos, compreende 150 horas de capacita\u00e7\u00e3o e acompanhamento. Cecconello disse que as mulheres v\u00e3o resgatar a cidadania dos bairros que est\u00e3o em situa\u00e7\u00e3o de risco e vulnerabilidade social, por meio de a\u00e7\u00f5es que est\u00e3o sendo planejadas. \u201cA vida do passo-fundense vem melhorando gradativamente via in\u00fameras a\u00e7\u00f5es p\u00fablicas realizadas nos \u00faltimos anos, e esse projeto vem ao encontro disso\u201d, disse.<br \/>\u00a0\u00a0 \u00a0Durante o evento, representantes de cada uma das regi\u00f5es de abrang\u00eancia do Mulheres da Paz se manisfestaram, explanando sobre o desafio de serem conselheiras e mediadoras de conflitos. Elas tamb\u00e9m entregaram \u00e0s autoridades uma \u201cCarta Aberta\u201d das Mulheres da Paz para Passo Fundo.<br \/>\u00a0\u00a0 \u00a0A\u00a0 secret\u00e1ria de Seguran\u00e7a P\u00fablica, Estelita Salton, destacou que essa foi mais uma etapa cumprida, resgatando que o Pronasci foi respons\u00e1vel por um investimento de 3 milh\u00f5es de reais em Passo Fundo, distribu\u00eddos nos projetos\u00a0 Mulheres da Paz, no Protejo, na Justi\u00e7a Comunit\u00e1ria e no video-monitoramento. Ela frisou que tem a certeza que com a experi\u00eancia e a viv\u00eancia dessas mulheres, vai reverter a situa\u00e7\u00e3o encontrada em Passo Fundo. \u201cEstamos otimistas e vamos conseguir os resultados em um m\u00e9dio e longo prazo\u201d, disse ela<br \/>\u00a0\u00a0 \u00a0Tamb\u00e9m se manifestaram no evento o vereador Rui Lorenzato, a representante do minist\u00e9rio p\u00fablico Estadual, Cleonice Aires, o juiz diretor do F\u00f3rum, Jo\u00e3o Marcelo de Vargas, e o coordenador dos Direitos Humanos em Passo Fundo, Jorge Gimenez.<\/div>\n","protected":false},"excerpt":{"rendered":"<p>Mulheres da Paz partem para o trabalho de campo<\/p>\n","protected":false},"author":1,"featured_media":330,"comment_status":"open","ping_status":"open","sticky":false,"template":"","format":"standard","meta":{"footnotes":""},"categories":[],"tags":[],"class_list":["post-329","post","type-post","status-publish","format-standard","has-post-thumbnail","hentry"],"yoast_head":"<!-- This site is optimized with the Yoast SEO plugin v23.8 - https:\/\/yoast.com\/wordpress\/plugins\/seo\/ -->\n<title>Mulheres da Paz partem para o trabalho de campo - Secretaria de Seguran\u00e7a P\u00fablica e Transporte<\/title>\n<meta name=\"robots\" content=\"index, follow, max-snippet:-1, max-image-preview:large, max-video-preview:-1\" \/>\n<link rel=\"canonical\" href=\"https:\/\/www.pmpf.rs.gov.br\/secretaria-de-seguranca-publica\/2012\/06\/14\/mulheres-da-paz-partem-para-o-trabalho-de-campo-5620\/\" \/>\n<meta property=\"og:locale\" content=\"pt_BR\" \/>\n<meta property=\"og:type\" content=\"article\" \/>\n<meta property=\"og:title\" content=\"Mulheres da Paz partem para o trabalho de campo - Secretaria de Seguran\u00e7a P\u00fablica e Transporte\" \/>\n<meta property=\"og:description\" content=\"Mulheres da Paz partem para o trabalho de campo\" \/>\n<meta property=\"og:url\" content=\"https:\/\/www.pmpf.rs.gov.br\/secretaria-de-seguranca-publica\/2012\/06\/14\/mulheres-da-paz-partem-para-o-trabalho-de-campo-5620\/\" \/>\n<meta property=\"og:site_name\" content=\"Secretaria de Seguran\u00e7a P\u00fablica e Transporte\" \/>\n<meta property=\"article:published_time\" content=\"2012-06-14T06:00:00+00:00\" \/>\n<meta property=\"og:image\" content=\"https:\/\/www.pmpf.rs.gov.br\/secretaria-de-seguranca-publica\/wp-content\/uploads\/sites\/54\/2021\/12\/I2013-05-07_062750_c8864.jpg\" \/>\n\t<meta property=\"og:image:width\" content=\"640\" \/>\n\t<meta property=\"og:image:height\" content=\"427\" \/>\n\t<meta property=\"og:image:type\" content=\"image\/jpeg\" \/>\n<meta name=\"author\" content=\"mosite\" \/>\n<meta name=\"twitter:card\" content=\"summary_large_image\" \/>\n<meta name=\"twitter:label1\" content=\"Escrito por\" \/>\n\t<meta name=\"twitter:data1\" content=\"mosite\" \/>\n\t<meta name=\"twitter:label2\" content=\"Est. tempo de leitura\" \/>\n\t<meta name=\"twitter:data2\" content=\"2 minutos\" \/>\n<script type=\"application\/ld+json\" class=\"yoast-schema-graph\">{\"@context\":\"https:\/\/schema.org\",\"@graph\":[{\"@type\":\"WebPage\",\"@id\":\"https:\/\/www.pmpf.rs.gov.br\/secretaria-de-seguranca-publica\/2012\/06\/14\/mulheres-da-paz-partem-para-o-trabalho-de-campo-5620\/\",\"url\":\"https:\/\/www.pmpf.rs.gov.br\/secretaria-de-seguranca-publica\/2012\/06\/14\/mulheres-da-paz-partem-para-o-trabalho-de-campo-5620\/\",\"name\":\"Mulheres da Paz partem para o trabalho de campo - Secretaria de Seguran\u00e7a P\u00fablica e Transporte\",\"isPartOf\":{\"@id\":\"https:\/\/www.pmpf.rs.gov.br\/secretaria-de-seguranca-publica\/#website\"},\"primaryImageOfPage\":{\"@id\":\"https:\/\/www.pmpf.rs.gov.br\/secretaria-de-seguranca-publica\/2012\/06\/14\/mulheres-da-paz-partem-para-o-trabalho-de-campo-5620\/#primaryimage\"},\"image\":{\"@id\":\"https:\/\/www.pmpf.rs.gov.br\/secretaria-de-seguranca-publica\/2012\/06\/14\/mulheres-da-paz-partem-para-o-trabalho-de-campo-5620\/#primaryimage\"},\"thumbnailUrl\":\"https:\/\/www.pmpf.rs.gov.br\/secretaria-de-seguranca-publica\/wp-content\/uploads\/sites\/54\/2021\/12\/I2013-05-07_062750_c8864.jpg\",\"datePublished\":\"2012-06-14T06:00:00+00:00\",\"dateModified\":\"2012-06-14T06:00:00+00:00\",\"author\":{\"@id\":\"https:\/\/www.pmpf.rs.gov.br\/secretaria-de-seguranca-publica\/#\/schema\/person\/0c355b0fa68a7aa986c8594f7a60a2d7\"},\"breadcrumb\":{\"@id\":\"https:\/\/www.pmpf.rs.gov.br\/secretaria-de-seguranca-publica\/2012\/06\/14\/mulheres-da-paz-partem-para-o-trabalho-de-campo-5620\/#breadcrumb\"},\"inLanguage\":\"pt-BR\",\"potentialAction\":[{\"@type\":\"ReadAction\",\"target\":[\"https:\/\/www.pmpf.rs.gov.br\/secretaria-de-seguranca-publica\/2012\/06\/14\/mulheres-da-paz-partem-para-o-trabalho-de-campo-5620\/\"]}]},{\"@type\":\"ImageObject\",\"inLanguage\":\"pt-BR\",\"@id\":\"https:\/\/www.pmpf.rs.gov.br\/secretaria-de-seguranca-publica\/2012\/06\/14\/mulheres-da-paz-partem-para-o-trabalho-de-campo-5620\/#primaryimage\",\"url\":\"https:\/\/www.pmpf.rs.gov.br\/secretaria-de-seguranca-publica\/wp-content\/uploads\/sites\/54\/2021\/12\/I2013-05-07_062750_c8864.jpg\",\"contentUrl\":\"https:\/\/www.pmpf.rs.gov.br\/secretaria-de-seguranca-publica\/wp-content\/uploads\/sites\/54\/2021\/12\/I2013-05-07_062750_c8864.jpg\",\"width\":640,\"height\":427},{\"@type\":\"BreadcrumbList\",\"@id\":\"https:\/\/www.pmpf.rs.gov.br\/secretaria-de-seguranca-publica\/2012\/06\/14\/mulheres-da-paz-partem-para-o-trabalho-de-campo-5620\/#breadcrumb\",\"itemListElement\":[{\"@type\":\"ListItem\",\"position\":1,\"name\":\"In\u00edcio\",\"item\":\"https:\/\/www.pmpf.rs.gov.br\/secretaria-de-seguranca-publica\/\"},{\"@type\":\"ListItem\",\"position\":2,\"name\":\"Mulheres da Paz partem para o trabalho de campo\"}]},{\"@type\":\"WebSite\",\"@id\":\"https:\/\/www.pmpf.rs.gov.br\/secretaria-de-seguranca-publica\/#website\",\"url\":\"https:\/\/www.pmpf.rs.gov.br\/secretaria-de-seguranca-publica\/\",\"name\":\"Secretaria de Seguran\u00e7a P\u00fablica e Transporte\",\"description\":\"S\u00f3 mais um site Prefeitura de Passo Fundo\",\"potentialAction\":[{\"@type\":\"SearchAction\",\"target\":{\"@type\":\"EntryPoint\",\"urlTemplate\":\"https:\/\/www.pmpf.rs.gov.br\/secretaria-de-seguranca-publica\/?s={search_term_string}\"},\"query-input\":{\"@type\":\"PropertyValueSpecification\",\"valueRequired\":true,\"valueName\":\"search_term_string\"}}],\"inLanguage\":\"pt-BR\"},{\"@type\":\"Person\",\"@id\":\"https:\/\/www.pmpf.rs.gov.br\/secretaria-de-seguranca-publica\/#\/schema\/person\/0c355b0fa68a7aa986c8594f7a60a2d7\",\"name\":\"mosite\",\"image\":{\"@type\":\"ImageObject\",\"inLanguage\":\"pt-BR\",\"@id\":\"https:\/\/www.pmpf.rs.gov.br\/secretaria-de-seguranca-publica\/#\/schema\/person\/image\/\",\"url\":\"https:\/\/secure.gravatar.com\/avatar\/63d72595d6cecfe12bd8a94829d5a26c?s=96&d=mm&r=g\",\"contentUrl\":\"https:\/\/secure.gravatar.com\/avatar\/63d72595d6cecfe12bd8a94829d5a26c?s=96&d=mm&r=g\",\"caption\":\"mosite\"},\"sameAs\":[\"http:\/\/example.com\"],\"url\":\"https:\/\/www.pmpf.rs.gov.br\/secretaria-de-seguranca-publica\/author\/mosite\/\"}]}<\/script>\n<!-- \/ Yoast SEO plugin. -->","yoast_head_json":{"title":"Mulheres da Paz partem para o trabalho de campo - Secretaria de Seguran\u00e7a P\u00fablica e Transporte","robots":{"index":"index","follow":"follow","max-snippet":"max-snippet:-1","max-image-preview":"max-image-preview:large","max-video-preview":"max-video-preview:-1"},"canonical":"https:\/\/www.pmpf.rs.gov.br\/secretaria-de-seguranca-publica\/2012\/06\/14\/mulheres-da-paz-partem-para-o-trabalho-de-campo-5620\/","og_locale":"pt_BR","og_type":"article","og_title":"Mulheres da Paz partem para o trabalho de campo - Secretaria de Seguran\u00e7a P\u00fablica e Transporte","og_description":"Mulheres da Paz partem para o trabalho de campo","og_url":"https:\/\/www.pmpf.rs.gov.br\/secretaria-de-seguranca-publica\/2012\/06\/14\/mulheres-da-paz-partem-para-o-trabalho-de-campo-5620\/","og_site_name":"Secretaria de Seguran\u00e7a P\u00fablica e Transporte","article_published_time":"2012-06-14T06:00:00+00:00","og_image":[{"width":640,"height":427,"url":"https:\/\/www.pmpf.rs.gov.br\/secretaria-de-seguranca-publica\/wp-content\/uploads\/sites\/54\/2021\/12\/I2013-05-07_062750_c8864.jpg","type":"image\/jpeg"}],"author":"mosite","twitter_card":"summary_large_image","twitter_misc":{"Escrito por":"mosite","Est. tempo de leitura":"2 minutos"},"schema":{"@context":"https:\/\/schema.org","@graph":[{"@type":"WebPage","@id":"https:\/\/www.pmpf.rs.gov.br\/secretaria-de-seguranca-publica\/2012\/06\/14\/mulheres-da-paz-partem-para-o-trabalho-de-campo-5620\/","url":"https:\/\/www.pmpf.rs.gov.br\/secretaria-de-seguranca-publica\/2012\/06\/14\/mulheres-da-paz-partem-para-o-trabalho-de-campo-5620\/","name":"Mulheres da Paz partem para o trabalho de campo - Secretaria de Seguran\u00e7a P\u00fablica e Transporte","isPartOf":{"@id":"https:\/\/www.pmpf.rs.gov.br\/secretaria-de-seguranca-publica\/#website"},"primaryImageOfPage":{"@id":"https:\/\/www.pmpf.rs.gov.br\/secretaria-de-seguranca-publica\/2012\/06\/14\/mulheres-da-paz-partem-para-o-trabalho-de-campo-5620\/#primaryimage"},"image":{"@id":"https:\/\/www.pmpf.rs.gov.br\/secretaria-de-seguranca-publica\/2012\/06\/14\/mulheres-da-paz-partem-para-o-trabalho-de-campo-5620\/#primaryimage"},"thumbnailUrl":"https:\/\/www.pmpf.rs.gov.br\/secretaria-de-seguranca-publica\/wp-content\/uploads\/sites\/54\/2021\/12\/I2013-05-07_062750_c8864.jpg","datePublished":"2012-06-14T06:00:00+00:00","dateModified":"2012-06-14T06:00:00+00:00","author":{"@id":"https:\/\/www.pmpf.rs.gov.br\/secretaria-de-seguranca-publica\/#\/schema\/person\/0c355b0fa68a7aa986c8594f7a60a2d7"},"breadcrumb":{"@id":"https:\/\/www.pmpf.rs.gov.br\/secretaria-de-seguranca-publica\/2012\/06\/14\/mulheres-da-paz-partem-para-o-trabalho-de-campo-5620\/#breadcrumb"},"inLanguage":"pt-BR","potentialAction":[{"@type":"ReadAction","target":["https:\/\/www.pmpf.rs.gov.br\/secretaria-de-seguranca-publica\/2012\/06\/14\/mulheres-da-paz-partem-para-o-trabalho-de-campo-5620\/"]}]},{"@type":"ImageObject","inLanguage":"pt-BR","@id":"https:\/\/www.pmpf.rs.gov.br\/secretaria-de-seguranca-publica\/2012\/06\/14\/mulheres-da-paz-partem-para-o-trabalho-de-campo-5620\/#primaryimage","url":"https:\/\/www.pmpf.rs.gov.br\/secretaria-de-seguranca-publica\/wp-content\/uploads\/sites\/54\/2021\/12\/I2013-05-07_062750_c8864.jpg","contentUrl":"https:\/\/www.pmpf.rs.gov.br\/secretaria-de-seguranca-publica\/wp-content\/uploads\/sites\/54\/2021\/12\/I2013-05-07_062750_c8864.jpg","width":640,"height":427},{"@type":"BreadcrumbList","@id":"https:\/\/www.pmpf.rs.gov.br\/secretaria-de-seguranca-publica\/2012\/06\/14\/mulheres-da-paz-partem-para-o-trabalho-de-campo-5620\/#breadcrumb","itemListElement":[{"@type":"ListItem","position":1,"name":"In\u00edcio","item":"https:\/\/www.pmpf.rs.gov.br\/secretaria-de-seguranca-publica\/"},{"@type":"ListItem","position":2,"name":"Mulheres da Paz partem para o trabalho de campo"}]},{"@type":"WebSite","@id":"https:\/\/www.pmpf.rs.gov.br\/secretaria-de-seguranca-publica\/#website","url":"https:\/\/www.pmpf.rs.gov.br\/secretaria-de-seguranca-publica\/","name":"Secretaria de Seguran\u00e7a P\u00fablica e Transporte","description":"S\u00f3 mais um site Prefeitura de Passo Fundo","potentialAction":[{"@type":"SearchAction","target":{"@type":"EntryPoint","urlTemplate":"https:\/\/www.pmpf.rs.gov.br\/secretaria-de-seguranca-publica\/?s={search_term_string}"},"query-input":{"@type":"PropertyValueSpecification","valueRequired":true,"valueName":"search_term_string"}}],"inLanguage":"pt-BR"},{"@type":"Person","@id":"https:\/\/www.pmpf.rs.gov.br\/secretaria-de-seguranca-publica\/#\/schema\/person\/0c355b0fa68a7aa986c8594f7a60a2d7","name":"mosite","image":{"@type":"ImageObject","inLanguage":"pt-BR","@id":"https:\/\/www.pmpf.rs.gov.br\/secretaria-de-seguranca-publica\/#\/schema\/person\/image\/","url":"https:\/\/secure.gravatar.com\/avatar\/63d72595d6cecfe12bd8a94829d5a26c?s=96&d=mm&r=g","contentUrl":"https:\/\/secure.gravatar.com\/avatar\/63d72595d6cecfe12bd8a94829d5a26c?s=96&d=mm&r=g","caption":"mosite"},"sameAs":["http:\/\/example.com"],"url":"https:\/\/www.pmpf.rs.gov.br\/secretaria-de-seguranca-publica\/author\/mosite\/"}]}},"_links":{"self":[{"href":"https:\/\/www.pmpf.rs.gov.br\/secretaria-de-seguranca-publica\/wp-json\/wp\/v2\/posts\/329"}],"collection":[{"href":"https:\/\/www.pmpf.rs.gov.br\/secretaria-de-seguranca-publica\/wp-json\/wp\/v2\/posts"}],"about":[{"href":"https:\/\/www.pmpf.rs.gov.br\/secretaria-de-seguranca-publica\/wp-json\/wp\/v2\/types\/post"}],"author":[{"embeddable":true,"href":"https:\/\/www.pmpf.rs.gov.br\/secretaria-de-seguranca-publica\/wp-json\/wp\/v2\/users\/1"}],"replies":[{"embeddable":true,"href":"https:\/\/www.pmpf.rs.gov.br\/secretaria-de-seguranca-publica\/wp-json\/wp\/v2\/comments?post=329"}],"version-history":[{"count":0,"href":"https:\/\/www.pmpf.rs.gov.br\/secretaria-de-seguranca-publica\/wp-json\/wp\/v2\/posts\/329\/revisions"}],"wp:featuredmedia":[{"embeddable":true,"href":"https:\/\/www.pmpf.rs.gov.br\/secretaria-de-seguranca-publica\/wp-json\/wp\/v2\/media\/330"}],"wp:attachment":[{"href":"https:\/\/www.pmpf.rs.gov.br\/secretaria-de-seguranca-publica\/wp-json\/wp\/v2\/media?parent=329"}],"wp:term":[{"taxonomy":"category","embeddable":true,"href":"https:\/\/www.pmpf.rs.gov.br\/secretaria-de-seguranca-publica\/wp-json\/wp\/v2\/categories?post=329"},{"taxonomy":"post_tag","embeddable":true,"href":"https:\/\/www.pmpf.rs.gov.br\/secretaria-de-seguranca-publica\/wp-json\/wp\/v2\/tags?post=329"}],"curies":[{"name":"wp","href":"https:\/\/api.w.org\/{rel}","templated":true}]}}